{"id":80664,"date":"2022-06-15T16:33:54","date_gmt":"2022-06-15T15:33:54","guid":{"rendered":"https:\/\/www.altominho.tv\/site\/?p=80664"},"modified":"2022-06-15T16:37:47","modified_gmt":"2022-06-15T15:37:47","slug":"cim-alto-minho-quer-reforcar-acesso-de-pessoas-com-deficiencias-a-arte-e-cultura","status":"publish","type":"post","link":"https:\/\/www.altominho.tv\/site\/2022\/06\/15\/cim-alto-minho-quer-reforcar-acesso-de-pessoas-com-deficiencias-a-arte-e-cultura\/","title":{"rendered":"CIM Alto Minho quer refor\u00e7ar acesso de pessoas com defici\u00eancias \u00e0 arte e cultura"},"content":{"rendered":"\n<p>A Comunidade Intermunicipal (CIM) do Alto Minho est\u00e1 a avaliar as condi\u00e7\u00f5es de acesso a equipamentos culturais, festivais de m\u00fasica ou eventos art\u00edsticos para refor\u00e7ar a participa\u00e7\u00e3o de pessoas com defici\u00eancia a essas iniciativas, foi hoje divulgado.<\/p>\n\n\n\n<p>Em comunicado hoje enviado \u00e0s reda\u00e7\u00f5es, a CIM do Alto Minho, que agrega os 10 concelhos do distrito de Viana do Castelo, explicou que o diagn\u00f3stico em curso abrange 50 equipamentos culturais, 10 festivais e eventos realizados naqueles munic\u00edpios.<br>O trabalho, integrado no projeto \u201cInclus\u00e3o pela Arte e Cultura no Alto Minho &#8211; Cultura para Todos\u201d, culminar\u00e1 com \u201ca apresenta\u00e7\u00e3o de um relat\u00f3rio com propostas de melhoria das acessibilidades deste p\u00fablico-alvo\u201d, aos eventos realizados na regi\u00e3o.<\/p>\n\n\n\n<p>O diagn\u00f3stico resultar\u00e1 ainda em \u201cum plano de a\u00e7\u00e3o para a implementa\u00e7\u00e3o das melhorias e a divulga\u00e7\u00e3o dos equipamento diagnosticados na plataforma Tour4all, uma plataforma de recursos tur\u00edsticos acess\u00edveis para todos, apoiada pelo Turismo de Portugal, pela Funda\u00e7\u00e3o Vodafone e pela European Network for Accessible Tourism\u201d.<br>O projeto \u201cvisa a estrutura\u00e7\u00e3o e dinamiza\u00e7\u00e3o de uma rede intermunicipal para a promo\u00e7\u00e3o e inclus\u00e3o pela arte e cultura de pessoas com diversidade funcional\u201d.<br>\u201cTrata-se de um projeto inovador que pretende promover estrat\u00e9gias de interven\u00e7\u00e3o social atrav\u00e9s de pr\u00e1ticas culturais e art\u00edsticas junto de grupos com particulares dificuldades de inclus\u00e3o social e, simultaneamente, capacitar e sensibilizar os agentes do territ\u00f3rio para o conceito e relev\u00e2ncia da cultura acess\u00edvel\u201d, destacou o presidente da CIM do Alto Minho, Manoel Batista, citado na nota.<\/p>\n\n\n\n<p>Al\u00e9m daquele diagn\u00f3stico, o projeto, com conclus\u00e3o em abril de 2023, est\u00e1 a promover \u2018workshops\u2019 e a\u00e7\u00f5es de sensibiliza\u00e7\u00e3o \u201csobre conceitos de cultura acess\u00edvel, com a presen\u00e7a de pessoas com necessidades especiais que partilham os seus exemplos e experi\u00eancias, a apresenta\u00e7\u00e3o de exemplos de boas pr\u00e1ticas em institui\u00e7\u00f5es p\u00fablicas e privadas nacionais em que o tema da inclus\u00e3o \u00e9 pr\u00e1tica regular, o contacto com uma experi\u00eancia internacional com projetos inovadores de integra\u00e7\u00e3o social pela cultura e visitas de \u2018benchmarking\u2019\u201d.<\/p>\n\n\n\n<p>As sess\u00f5es, que j\u00e1 se realizaram em Viana do Castelo, Vila Nova de Cerveira, Caminha, Ponte de Lima e Arcos de Valdevez e Ponte da Barca, v\u00e3o ainda decorrer em Melga\u00e7o, no dia 27, em Mon\u00e7\u00e3o, no dia 28, em Valen\u00e7a (dia 30 de junho) e em Paredes de Coura, no dia 1 de julho.<\/p>\n\n\n\n<p>A promo\u00e7\u00e3o de pr\u00e1ticas liter\u00e1rias inclusivas, \u00e9 outra das a\u00e7\u00f5es do projeto que j\u00e1 realizou encontros liter\u00e1rios com o tema \u201cAs palavras que nos unem\u201d, nas bibliotecas municipais de Valen\u00e7a, Arcos de Valdevez, Caminha, Ponte de Lima e Vila Nova de Cerveira, em colabora\u00e7\u00e3o com a Rede Intermunicipal das Bibliotecas P\u00fablicas Municipais do Alto Minho( RIBAM).<\/p>\n\n\n\n<p>Em outubro decorrer\u00e1 uma segunda etapa destas pr\u00e1ticas liter\u00e1rias inclusivas, abrangendo os concelhos de Melga\u00e7o, Ponte da Barca, Viana do Castelo, Mon\u00e7\u00e3o e Paredes de Coura, cuja programa\u00e7\u00e3o ser\u00e1, a seu tempo, divulgada.<\/p>\n\n\n\n<p>Estes encontros liter\u00e1rios privilegiam conte\u00fados em multiformato, como audiodescri\u00e7\u00f5es do programa, tradu\u00e7\u00f5es em braille e em l\u00edngua gestual, de forma a proporcionar a participa\u00e7\u00e3o e a integra\u00e7\u00e3o de diferentes p\u00fablicos.<\/p>\n\n\n\n<p>O projeto \u201cCultura para Todos\u201d ir\u00e1 envolver ainda as associa\u00e7\u00f5es de apoio social p\u00fablicas e privadas do territ\u00f3rio na dinamiza\u00e7\u00e3o de iniciativas de fotografia, v\u00eddeo, pintura, literatura e\u00a0m\u00fasica, com o objetivo de promover a inclus\u00e3o atrav\u00e9s da arte.<br>Est\u00e1 ainda tamb\u00e9m prevista a edi\u00e7\u00e3o de publica\u00e7\u00f5es em braille, a adapta\u00e7\u00e3o das plataformas digitais da CIM do Alto Minho aos requisitos de usabilidade e acessibilidade \u2018web\u2019 e a conce\u00e7\u00e3o de um manual de boas pr\u00e1ticas em mat\u00e9ria de implementa\u00e7\u00e3o de melhorias e monitoriza\u00e7\u00e3o da qualidade do acolhimento inclusivo em espa\u00e7os culturais da regi\u00e3o.<\/p>\n\n\n\n<p>Com sede instalada no edif\u00edcio Villa Moraes, em Ponte de Lima, a CIM do Alto Minho foi constitu\u00edda em outubro de 2008 e engloba os munic\u00edpios que correspondem \u00e0 Unidade Territorial Estat\u00edstica de N\u00edvel (NUT) III do Minho-Lima.<\/p>\n\n\n\n<p>Integram a associa\u00e7\u00e3o os concelhos de Arcos de Valdevez (PSD), Caminha (PS), Paredes de Coura (PS), Ponte de Lima (CDS-PP), Valen\u00e7a (PS), Viana do Castelo (PS), Vila Nova de Cerveira (PS), Ponte da Barca (PSD), Mon\u00e7\u00e3o (PSD) e Melga\u00e7o (PS).<\/p>\n","protected":false},"excerpt":{"rendered":"<p>A Comunidade Intermunicipal (CIM) do Alto Minho est\u00e1 a avaliar as condi\u00e7\u00f5es de acesso a equipamentos culturais, festivais de m\u00fasica ou eventos art\u00edsticos para refor\u00e7ar a participa\u00e7\u00e3o de pessoas com defici\u00eancia a essas iniciativas, foi hoje divulgado. Em comunicado hoje enviado \u00e0s reda\u00e7\u00f5es, a CIM do Alto Minho, que agrega os 10 concelhos do distrito [&hellip;]<\/p>\n","protected":false},"author":13,"featured_media":80665,"comment_status":"closed","ping_status":"closed","sticky":false,"template":"","format":"standard","meta":{"_exactmetrics_skip_tracking":false,"_exactmetrics_sitenote_active":false,"_exactmetrics_sitenote_note":"","_exactmetrics_sitenote_category":0,"footnotes":""},"categories":[73],"tags":[27],"class_list":["post-80664","post","type-post","status-publish","format-standard","has-post-thumbnail","hentry","category-alto-minho","tag-sociedade"],"yoast_head":"<!-- This site is optimized with the Yoast SEO Premium plugin v27.4 (Yoast SEO v27.4) - https:\/\/yoast.com\/product\/yoast-seo-premium-wordpress\/ -->\n<title>CIM Alto Minho quer refor\u00e7ar acesso de pessoas com defici\u00eancias \u00e0 arte e cultura<\/title>\n<meta name=\"robots\" content=\"index, follow, max-snippet:-1, max-image-preview:large, max-video-preview:-1\" \/>\n<link rel=\"canonical\" href=\"https:\/\/www.altominho.tv\/site\/2022\/06\/15\/cim-alto-minho-quer-reforcar-acesso-de-pessoas-com-deficiencias-a-arte-e-cultura\/\" \/>\n<meta property=\"og:locale\" content=\"pt_PT\" \/>\n<meta property=\"og:type\" content=\"article\" \/>\n<meta property=\"og:title\" content=\"CIM Alto Minho quer refor\u00e7ar acesso de pessoas com defici\u00eancias \u00e0 arte e cultura\" \/>\n<meta property=\"og:description\" content=\"A Comunidade Intermunicipal (CIM) do Alto Minho est\u00e1 a avaliar as condi\u00e7\u00f5es de acesso a equipamentos culturais, festivais de m\u00fasica ou eventos art\u00edsticos para refor\u00e7ar a participa\u00e7\u00e3o de pessoas com defici\u00eancia a essas iniciativas, foi hoje divulgado. Em comunicado hoje enviado \u00e0s reda\u00e7\u00f5es, a CIM do Alto Minho, que agrega os 10 concelhos do distrito [&hellip;]\" \/>\n<meta property=\"og:url\" content=\"https:\/\/www.altominho.tv\/site\/2022\/06\/15\/cim-alto-minho-quer-reforcar-acesso-de-pessoas-com-deficiencias-a-arte-e-cultura\/\" \/>\n<meta property=\"og:site_name\" content=\"Altominho.tv\" \/>\n<meta property=\"article:publisher\" content=\"https:\/\/www.facebook.com\/altominhotv\" \/>\n<meta property=\"article:published_time\" content=\"2022-06-15T15:33:54+00:00\" \/>\n<meta property=\"article:modified_time\" content=\"2022-06-15T15:37:47+00:00\" \/>\n<meta property=\"og:image\" content=\"https:\/\/www.altominho.tv\/site\/wp-content\/uploads\/2022\/06\/cultura-para-todos-.jpeg\" \/>\n\t<meta property=\"og:image:width\" content=\"800\" \/>\n\t<meta property=\"og:image:height\" content=\"600\" \/>\n\t<meta property=\"og:image:type\" content=\"image\/jpeg\" \/>\n<meta name=\"author\" content=\"Lusa\" \/>\n<meta name=\"twitter:card\" content=\"summary_large_image\" \/>\n<meta name=\"twitter:creator\" content=\"@altominhoTV\" \/>\n<meta name=\"twitter:site\" content=\"@altominhoTV\" \/>\n<meta name=\"twitter:label1\" content=\"Escrito por\" \/>\n\t<meta name=\"twitter:data1\" content=\"Lusa\" \/>\n\t<meta name=\"twitter:label2\" content=\"Tempo estimado de leitura\" \/>\n\t<meta name=\"twitter:data2\" content=\"4 minutos\" \/>\n<script type=\"application\/ld+json\" class=\"yoast-schema-graph\">{\"@context\":\"https:\\\/\\\/schema.org\",\"@graph\":[{\"@type\":\"Article\",\"@id\":\"https:\\\/\\\/www.altominho.tv\\\/site\\\/2022\\\/06\\\/15\\\/cim-alto-minho-quer-reforcar-acesso-de-pessoas-com-deficiencias-a-arte-e-cultura\\\/#article\",\"isPartOf\":{\"@id\":\"https:\\\/\\\/www.altominho.tv\\\/site\\\/2022\\\/06\\\/15\\\/cim-alto-minho-quer-reforcar-acesso-de-pessoas-com-deficiencias-a-arte-e-cultura\\\/\"},\"author\":{\"name\":\"Lusa\",\"@id\":\"https:\\\/\\\/www.altominho.tv\\\/site\\\/#\\\/schema\\\/person\\\/63f693da3e1899361cbe955c46f3232e\"},\"headline\":\"CIM Alto Minho quer refor\u00e7ar acesso de pessoas com defici\u00eancias \u00e0 arte e cultura\",\"datePublished\":\"2022-06-15T15:33:54+00:00\",\"dateModified\":\"2022-06-15T15:37:47+00:00\",\"mainEntityOfPage\":{\"@id\":\"https:\\\/\\\/www.altominho.tv\\\/site\\\/2022\\\/06\\\/15\\\/cim-alto-minho-quer-reforcar-acesso-de-pessoas-com-deficiencias-a-arte-e-cultura\\\/\"},\"wordCount\":773,\"image\":{\"@id\":\"https:\\\/\\\/www.altominho.tv\\\/site\\\/2022\\\/06\\\/15\\\/cim-alto-minho-quer-reforcar-acesso-de-pessoas-com-deficiencias-a-arte-e-cultura\\\/#primaryimage\"},\"thumbnailUrl\":\"https:\\\/\\\/www.altominho.tv\\\/site\\\/wp-content\\\/uploads\\\/2022\\\/06\\\/cultura-para-todos-.jpeg\",\"keywords\":[\"Sociedade\"],\"articleSection\":[\"Alto Minho\"],\"inLanguage\":\"pt-PT\",\"copyrightYear\":\"2022\",\"copyrightHolder\":{\"@id\":\"https:\\\/\\\/www.altominho.tv\\\/site\\\/#organization\"}},{\"@type\":\"WebPage\",\"@id\":\"https:\\\/\\\/www.altominho.tv\\\/site\\\/2022\\\/06\\\/15\\\/cim-alto-minho-quer-reforcar-acesso-de-pessoas-com-deficiencias-a-arte-e-cultura\\\/\",\"url\":\"https:\\\/\\\/www.altominho.tv\\\/site\\\/2022\\\/06\\\/15\\\/cim-alto-minho-quer-reforcar-acesso-de-pessoas-com-deficiencias-a-arte-e-cultura\\\/\",\"name\":\"CIM Alto Minho quer refor\u00e7ar acesso de pessoas com defici\u00eancias \u00e0 arte e cultura\",\"isPartOf\":{\"@id\":\"https:\\\/\\\/www.altominho.tv\\\/site\\\/#website\"},\"primaryImageOfPage\":{\"@id\":\"https:\\\/\\\/www.altominho.tv\\\/site\\\/2022\\\/06\\\/15\\\/cim-alto-minho-quer-reforcar-acesso-de-pessoas-com-deficiencias-a-arte-e-cultura\\\/#primaryimage\"},\"image\":{\"@id\":\"https:\\\/\\\/www.altominho.tv\\\/site\\\/2022\\\/06\\\/15\\\/cim-alto-minho-quer-reforcar-acesso-de-pessoas-com-deficiencias-a-arte-e-cultura\\\/#primaryimage\"},\"thumbnailUrl\":\"https:\\\/\\\/www.altominho.tv\\\/site\\\/wp-content\\\/uploads\\\/2022\\\/06\\\/cultura-para-todos-.jpeg\",\"datePublished\":\"2022-06-15T15:33:54+00:00\",\"dateModified\":\"2022-06-15T15:37:47+00:00\",\"author\":{\"@id\":\"https:\\\/\\\/www.altominho.tv\\\/site\\\/#\\\/schema\\\/person\\\/63f693da3e1899361cbe955c46f3232e\"},\"breadcrumb\":{\"@id\":\"https:\\\/\\\/www.altominho.tv\\\/site\\\/2022\\\/06\\\/15\\\/cim-alto-minho-quer-reforcar-acesso-de-pessoas-com-deficiencias-a-arte-e-cultura\\\/#breadcrumb\"},\"inLanguage\":\"pt-PT\",\"potentialAction\":[{\"@type\":\"ReadAction\",\"target\":[\"https:\\\/\\\/www.altominho.tv\\\/site\\\/2022\\\/06\\\/15\\\/cim-alto-minho-quer-reforcar-acesso-de-pessoas-com-deficiencias-a-arte-e-cultura\\\/\"]}]},{\"@type\":\"ImageObject\",\"inLanguage\":\"pt-PT\",\"@id\":\"https:\\\/\\\/www.altominho.tv\\\/site\\\/2022\\\/06\\\/15\\\/cim-alto-minho-quer-reforcar-acesso-de-pessoas-com-deficiencias-a-arte-e-cultura\\\/#primaryimage\",\"url\":\"https:\\\/\\\/www.altominho.tv\\\/site\\\/wp-content\\\/uploads\\\/2022\\\/06\\\/cultura-para-todos-.jpeg\",\"contentUrl\":\"https:\\\/\\\/www.altominho.tv\\\/site\\\/wp-content\\\/uploads\\\/2022\\\/06\\\/cultura-para-todos-.jpeg\",\"width\":800,\"height\":600},{\"@type\":\"BreadcrumbList\",\"@id\":\"https:\\\/\\\/www.altominho.tv\\\/site\\\/2022\\\/06\\\/15\\\/cim-alto-minho-quer-reforcar-acesso-de-pessoas-com-deficiencias-a-arte-e-cultura\\\/#breadcrumb\",\"itemListElement\":[{\"@type\":\"ListItem\",\"position\":1,\"name\":\"In\u00edcio\",\"item\":\"https:\\\/\\\/www.altominho.tv\\\/site\\\/\"},{\"@type\":\"ListItem\",\"position\":2,\"name\":\"CIM Alto Minho quer refor\u00e7ar acesso de pessoas com defici\u00eancias \u00e0 arte e cultura\"}]},{\"@type\":\"WebSite\",\"@id\":\"https:\\\/\\\/www.altominho.tv\\\/site\\\/#website\",\"url\":\"https:\\\/\\\/www.altominho.tv\\\/site\\\/\",\"name\":\"Altominho.tv\",\"description\":\"A sua regi\u00e3o \u00e0 dist\u00e2ncia de um clique...\",\"potentialAction\":[{\"@type\":\"SearchAction\",\"target\":{\"@type\":\"EntryPoint\",\"urlTemplate\":\"https:\\\/\\\/www.altominho.tv\\\/site\\\/?s={search_term_string}\"},\"query-input\":{\"@type\":\"PropertyValueSpecification\",\"valueRequired\":true,\"valueName\":\"search_term_string\"}}],\"inLanguage\":\"pt-PT\"},{\"@type\":\"Person\",\"@id\":\"https:\\\/\\\/www.altominho.tv\\\/site\\\/#\\\/schema\\\/person\\\/63f693da3e1899361cbe955c46f3232e\",\"name\":\"Lusa\",\"image\":{\"@type\":\"ImageObject\",\"inLanguage\":\"pt-PT\",\"@id\":\"https:\\\/\\\/www.altominho.tv\\\/site\\\/wp-content\\\/uploads\\\/2019\\\/08\\\/LUSA_Logo.gif\",\"url\":\"https:\\\/\\\/www.altominho.tv\\\/site\\\/wp-content\\\/uploads\\\/2019\\\/08\\\/LUSA_Logo.gif\",\"contentUrl\":\"https:\\\/\\\/www.altominho.tv\\\/site\\\/wp-content\\\/uploads\\\/2019\\\/08\\\/LUSA_Logo.gif\",\"caption\":\"Lusa\"},\"sameAs\":[\"http:\\\/\\\/\\\/\\\/www.altominho.tv\\\/site\"],\"url\":\"https:\\\/\\\/www.altominho.tv\\\/site\\\/author\\\/lusa\\\/\"}]}<\/script>\n<!-- \/ Yoast SEO Premium plugin. -->","yoast_head_json":{"title":"CIM Alto Minho quer refor\u00e7ar acesso de pessoas com defici\u00eancias \u00e0 arte e cultura","robots":{"index":"index","follow":"follow","max-snippet":"max-snippet:-1","max-image-preview":"max-image-preview:large","max-video-preview":"max-video-preview:-1"},"canonical":"https:\/\/www.altominho.tv\/site\/2022\/06\/15\/cim-alto-minho-quer-reforcar-acesso-de-pessoas-com-deficiencias-a-arte-e-cultura\/","og_locale":"pt_PT","og_type":"article","og_title":"CIM Alto Minho quer refor\u00e7ar acesso de pessoas com defici\u00eancias \u00e0 arte e cultura","og_description":"A Comunidade Intermunicipal (CIM) do Alto Minho est\u00e1 a avaliar as condi\u00e7\u00f5es de acesso a equipamentos culturais, festivais de m\u00fasica ou eventos art\u00edsticos para refor\u00e7ar a participa\u00e7\u00e3o de pessoas com defici\u00eancia a essas iniciativas, foi hoje divulgado. Em comunicado hoje enviado \u00e0s reda\u00e7\u00f5es, a CIM do Alto Minho, que agrega os 10 concelhos do distrito [&hellip;]","og_url":"https:\/\/www.altominho.tv\/site\/2022\/06\/15\/cim-alto-minho-quer-reforcar-acesso-de-pessoas-com-deficiencias-a-arte-e-cultura\/","og_site_name":"Altominho.tv","article_publisher":"https:\/\/www.facebook.com\/altominhotv","article_published_time":"2022-06-15T15:33:54+00:00","article_modified_time":"2022-06-15T15:37:47+00:00","og_image":[{"width":800,"height":600,"url":"https:\/\/www.altominho.tv\/site\/wp-content\/uploads\/2022\/06\/cultura-para-todos-.jpeg","type":"image\/jpeg"}],"author":"Lusa","twitter_card":"summary_large_image","twitter_creator":"@altominhoTV","twitter_site":"@altominhoTV","twitter_misc":{"Escrito por":"Lusa","Tempo estimado de leitura":"4 minutos"},"schema":{"@context":"https:\/\/schema.org","@graph":[{"@type":"Article","@id":"https:\/\/www.altominho.tv\/site\/2022\/06\/15\/cim-alto-minho-quer-reforcar-acesso-de-pessoas-com-deficiencias-a-arte-e-cultura\/#article","isPartOf":{"@id":"https:\/\/www.altominho.tv\/site\/2022\/06\/15\/cim-alto-minho-quer-reforcar-acesso-de-pessoas-com-deficiencias-a-arte-e-cultura\/"},"author":{"name":"Lusa","@id":"https:\/\/www.altominho.tv\/site\/#\/schema\/person\/63f693da3e1899361cbe955c46f3232e"},"headline":"CIM Alto Minho quer refor\u00e7ar acesso de pessoas com defici\u00eancias \u00e0 arte e cultura","datePublished":"2022-06-15T15:33:54+00:00","dateModified":"2022-06-15T15:37:47+00:00","mainEntityOfPage":{"@id":"https:\/\/www.altominho.tv\/site\/2022\/06\/15\/cim-alto-minho-quer-reforcar-acesso-de-pessoas-com-deficiencias-a-arte-e-cultura\/"},"wordCount":773,"image":{"@id":"https:\/\/www.altominho.tv\/site\/2022\/06\/15\/cim-alto-minho-quer-reforcar-acesso-de-pessoas-com-deficiencias-a-arte-e-cultura\/#primaryimage"},"thumbnailUrl":"https:\/\/www.altominho.tv\/site\/wp-content\/uploads\/2022\/06\/cultura-para-todos-.jpeg","keywords":["Sociedade"],"articleSection":["Alto Minho"],"inLanguage":"pt-PT","copyrightYear":"2022","copyrightHolder":{"@id":"https:\/\/www.altominho.tv\/site\/#organization"}},{"@type":"WebPage","@id":"https:\/\/www.altominho.tv\/site\/2022\/06\/15\/cim-alto-minho-quer-reforcar-acesso-de-pessoas-com-deficiencias-a-arte-e-cultura\/","url":"https:\/\/www.altominho.tv\/site\/2022\/06\/15\/cim-alto-minho-quer-reforcar-acesso-de-pessoas-com-deficiencias-a-arte-e-cultura\/","name":"CIM Alto Minho quer refor\u00e7ar acesso de pessoas com defici\u00eancias \u00e0 arte e cultura","isPartOf":{"@id":"https:\/\/www.altominho.tv\/site\/#website"},"primaryImageOfPage":{"@id":"https:\/\/www.altominho.tv\/site\/2022\/06\/15\/cim-alto-minho-quer-reforcar-acesso-de-pessoas-com-deficiencias-a-arte-e-cultura\/#primaryimage"},"image":{"@id":"https:\/\/www.altominho.tv\/site\/2022\/06\/15\/cim-alto-minho-quer-reforcar-acesso-de-pessoas-com-deficiencias-a-arte-e-cultura\/#primaryimage"},"thumbnailUrl":"https:\/\/www.altominho.tv\/site\/wp-content\/uploads\/2022\/06\/cultura-para-todos-.jpeg","datePublished":"2022-06-15T15:33:54+00:00","dateModified":"2022-06-15T15:37:47+00:00","author":{"@id":"https:\/\/www.altominho.tv\/site\/#\/schema\/person\/63f693da3e1899361cbe955c46f3232e"},"breadcrumb":{"@id":"https:\/\/www.altominho.tv\/site\/2022\/06\/15\/cim-alto-minho-quer-reforcar-acesso-de-pessoas-com-deficiencias-a-arte-e-cultura\/#breadcrumb"},"inLanguage":"pt-PT","potentialAction":[{"@type":"ReadAction","target":["https:\/\/www.altominho.tv\/site\/2022\/06\/15\/cim-alto-minho-quer-reforcar-acesso-de-pessoas-com-deficiencias-a-arte-e-cultura\/"]}]},{"@type":"ImageObject","inLanguage":"pt-PT","@id":"https:\/\/www.altominho.tv\/site\/2022\/06\/15\/cim-alto-minho-quer-reforcar-acesso-de-pessoas-com-deficiencias-a-arte-e-cultura\/#primaryimage","url":"https:\/\/www.altominho.tv\/site\/wp-content\/uploads\/2022\/06\/cultura-para-todos-.jpeg","contentUrl":"https:\/\/www.altominho.tv\/site\/wp-content\/uploads\/2022\/06\/cultura-para-todos-.jpeg","width":800,"height":600},{"@type":"BreadcrumbList","@id":"https:\/\/www.altominho.tv\/site\/2022\/06\/15\/cim-alto-minho-quer-reforcar-acesso-de-pessoas-com-deficiencias-a-arte-e-cultura\/#breadcrumb","itemListElement":[{"@type":"ListItem","position":1,"name":"In\u00edcio","item":"https:\/\/www.altominho.tv\/site\/"},{"@type":"ListItem","position":2,"name":"CIM Alto Minho quer refor\u00e7ar acesso de pessoas com defici\u00eancias \u00e0 arte e cultura"}]},{"@type":"WebSite","@id":"https:\/\/www.altominho.tv\/site\/#website","url":"https:\/\/www.altominho.tv\/site\/","name":"Altominho.tv","description":"A sua regi\u00e3o \u00e0 dist\u00e2ncia de um clique...","potentialAction":[{"@type":"SearchAction","target":{"@type":"EntryPoint","urlTemplate":"https:\/\/www.altominho.tv\/site\/?s={search_term_string}"},"query-input":{"@type":"PropertyValueSpecification","valueRequired":true,"valueName":"search_term_string"}}],"inLanguage":"pt-PT"},{"@type":"Person","@id":"https:\/\/www.altominho.tv\/site\/#\/schema\/person\/63f693da3e1899361cbe955c46f3232e","name":"Lusa","image":{"@type":"ImageObject","inLanguage":"pt-PT","@id":"https:\/\/www.altominho.tv\/site\/wp-content\/uploads\/2019\/08\/LUSA_Logo.gif","url":"https:\/\/www.altominho.tv\/site\/wp-content\/uploads\/2019\/08\/LUSA_Logo.gif","contentUrl":"https:\/\/www.altominho.tv\/site\/wp-content\/uploads\/2019\/08\/LUSA_Logo.gif","caption":"Lusa"},"sameAs":["http:\/\/\/\/www.altominho.tv\/site"],"url":"https:\/\/www.altominho.tv\/site\/author\/lusa\/"}]}},"_links":{"self":[{"href":"https:\/\/www.altominho.tv\/site\/wp-json\/wp\/v2\/posts\/80664","targetHints":{"allow":["GET"]}}],"collection":[{"href":"https:\/\/www.altominho.tv\/site\/wp-json\/wp\/v2\/posts"}],"about":[{"href":"https:\/\/www.altominho.tv\/site\/wp-json\/wp\/v2\/types\/post"}],"author":[{"embeddable":true,"href":"https:\/\/www.altominho.tv\/site\/wp-json\/wp\/v2\/users\/13"}],"replies":[{"embeddable":true,"href":"https:\/\/www.altominho.tv\/site\/wp-json\/wp\/v2\/comments?post=80664"}],"version-history":[{"count":0,"href":"https:\/\/www.altominho.tv\/site\/wp-json\/wp\/v2\/posts\/80664\/revisions"}],"wp:featuredmedia":[{"embeddable":true,"href":"https:\/\/www.altominho.tv\/site\/wp-json\/wp\/v2\/media\/80665"}],"wp:attachment":[{"href":"https:\/\/www.altominho.tv\/site\/wp-json\/wp\/v2\/media?parent=80664"}],"wp:term":[{"taxonomy":"category","embeddable":true,"href":"https:\/\/www.altominho.tv\/site\/wp-json\/wp\/v2\/categories?post=80664"},{"taxonomy":"post_tag","embeddable":true,"href":"https:\/\/www.altominho.tv\/site\/wp-json\/wp\/v2\/tags?post=80664"}],"curies":[{"name":"wp","href":"https:\/\/api.w.org\/{rel}","templated":true}]}}