{"id":80644,"date":"2022-06-14T15:51:58","date_gmt":"2022-06-14T14:51:58","guid":{"rendered":"https:\/\/www.altominho.tv\/site\/?p=80644"},"modified":"2022-06-14T15:52:02","modified_gmt":"2022-06-14T14:52:02","slug":"cim-alternativa-azul-oceanos-viana-do-castelo","status":"publish","type":"post","link":"https:\/\/www.altominho.tv\/site\/2022\/06\/14\/cim-alternativa-azul-oceanos-viana-do-castelo\/","title":{"rendered":"CIM promove Confer\u00eancia \u201cAlternativa Azul\u201d sobre literacia dos Oceanos e comportamentos mais respons\u00e1veis e sustent\u00e1veis"},"content":{"rendered":"\n<p>A Comunidade Intermunicipal do Alto Minho (CIM Alto Minho) realiza no pr\u00f3ximo dia 15 de junho, na Escola Secund\u00e1ria de Santa Maria Maior, em Viana do Castelo, a confer\u00eancia final do projeto \u201cAlternativa Azul\u201d, financiado no \u00e2mbito do programa Crescimento Azul do EEA Grants.<\/p>\n\n\n\n<p>Em nota divulgada hoje, a CIM Alto Minho disse que &#8220;o objetivo \u00e9 divulgar as atividades e os resultados obtidos com o desenvolvimento deste projeto e sensibilizar a comunidade escolar e o p\u00fablico em geral para comportamentos individuais e coletivos respons\u00e1veis e sustent\u00e1veis para com o Oceano, refor\u00e7ando a sua liga\u00e7\u00e3o emocional a este legado natural&#8221;.<\/p>\n\n\n\n<p>Este projeto englobou um conjunto de a\u00e7\u00f5es dinamizadas em parceria com o Agrupamento de Escolas de Santa Maria Maior, nomeadamente de dissemina\u00e7\u00e3o do conhecimento sobre o tema do Oceano e os problemas que este enfrenta, de promo\u00e7\u00e3o da cultura n\u00e1utica e das atividades associadas ao Oceano e de intera\u00e7\u00e3o entre alunos e a ind\u00fastria n\u00e1utica e mar\u00edtima, promovendo a consciencializa\u00e7\u00e3o para as chamadas \u201ccarreiras azuis\u201d.<\/p>\n\n\n\n<p>A confer\u00eancia \u201cAlternativa Azul\u201d, a decorrer entre as 9h e as 12h30, ser\u00e1 preenchida na sess\u00e3o de abertura com as interven\u00e7\u00f5es de Benjamim Moreira, diretor do Agrupamento de Escolas Santa Maria Maior; Bruno Caldas, primeiro secret\u00e1rio da CIM Alto Minho; e Fernanda Silva, do Programa Escola Azul, seguindo-se quatro pain\u00e9is para apresenta\u00e7\u00e3o de cada uma das atividades do projeto e principais resultados.<\/p>\n\n\n\n<p>Catarina Correia, representante da DGPM (Dire\u00e7\u00e3o Geral das Pol\u00edticas do Mar), operador do Programa Crescimento Azul EEA GRANTS, e Lu\u00eds Nobre, presidente da C\u00e2mara Municipal de Viana do Castelo, presidem \u00e0 sess\u00e3o de encerramento.<\/p>\n","protected":false},"excerpt":{"rendered":"<p>A Comunidade Intermunicipal do Alto Minho (CIM Alto Minho) realiza no pr\u00f3ximo dia 15 de junho, na Escola Secund\u00e1ria de Santa Maria Maior, em Viana do Castelo, a confer\u00eancia final do projeto \u201cAlternativa Azul\u201d, financiado no \u00e2mbito do programa Crescimento Azul do EEA Grants. Em nota divulgada hoje, a CIM Alto Minho disse que &#8220;o [&hellip;]<\/p>\n","protected":false},"author":7,"featured_media":80645,"comment_status":"closed","ping_status":"closed","sticky":false,"template":"","format":"standard","meta":{"_exactmetrics_skip_tracking":false,"_exactmetrics_sitenote_active":false,"_exactmetrics_sitenote_note":"","_exactmetrics_sitenote_category":0,"footnotes":""},"categories":[73],"tags":[27],"class_list":["post-80644","post","type-post","status-publish","format-standard","has-post-thumbnail","hentry","category-alto-minho","tag-sociedade"],"yoast_head":"<!-- This site is optimized with the Yoast SEO Premium plugin v27.4 (Yoast SEO v27.4) - https:\/\/yoast.com\/product\/yoast-seo-premium-wordpress\/ -->\n<title>CIM promove Confer\u00eancia \u201cAlternativa Azul\u201d sobre literacia dos Oceanos e comportamentos mais respons\u00e1veis e sustent\u00e1veis<\/title>\n<meta name=\"description\" content=\"A CIM Alto Minho vai promover a Confer\u00eancia \u201cAlternativa Azul\u201d sobre literacia dos Oceanos e comportamentos mais respons\u00e1veis e sustent\u00e1veis.\" \/>\n<meta name=\"robots\" content=\"index, follow, max-snippet:-1, max-image-preview:large, max-video-preview:-1\" \/>\n<link rel=\"canonical\" href=\"https:\/\/www.altominho.tv\/site\/2022\/06\/14\/cim-alternativa-azul-oceanos-viana-do-castelo\/\" \/>\n<meta property=\"og:locale\" content=\"pt_PT\" \/>\n<meta property=\"og:type\" content=\"article\" \/>\n<meta property=\"og:title\" content=\"CIM promove Confer\u00eancia \u201cAlternativa Azul\u201d sobre literacia dos Oceanos e comportamentos mais respons\u00e1veis e sustent\u00e1veis\" \/>\n<meta property=\"og:description\" content=\"A CIM Alto Minho vai promover a Confer\u00eancia \u201cAlternativa Azul\u201d sobre literacia dos Oceanos e comportamentos mais respons\u00e1veis e sustent\u00e1veis.\" \/>\n<meta property=\"og:url\" content=\"https:\/\/www.altominho.tv\/site\/2022\/06\/14\/cim-alternativa-azul-oceanos-viana-do-castelo\/\" \/>\n<meta property=\"og:site_name\" content=\"Altominho.tv\" \/>\n<meta property=\"article:publisher\" content=\"https:\/\/www.facebook.com\/altominhotv\" \/>\n<meta property=\"article:published_time\" content=\"2022-06-14T14:51:58+00:00\" \/>\n<meta property=\"article:modified_time\" content=\"2022-06-14T14:52:02+00:00\" \/>\n<meta property=\"og:image\" content=\"https:\/\/www.altominho.tv\/site\/wp-content\/uploads\/2022\/06\/oceanos.jpg\" \/>\n\t<meta property=\"og:image:width\" content=\"1600\" \/>\n\t<meta property=\"og:image:height\" content=\"1065\" \/>\n\t<meta property=\"og:image:type\" content=\"image\/jpeg\" \/>\n<meta name=\"author\" content=\"Andreia Cunha\" \/>\n<meta name=\"twitter:card\" content=\"summary_large_image\" \/>\n<meta name=\"twitter:creator\" content=\"@altominhoTV\" \/>\n<meta name=\"twitter:site\" content=\"@altominhoTV\" \/>\n<meta name=\"twitter:label1\" content=\"Escrito por\" \/>\n\t<meta name=\"twitter:data1\" content=\"Andreia Cunha\" \/>\n\t<meta name=\"twitter:label2\" content=\"Tempo estimado de leitura\" \/>\n\t<meta name=\"twitter:data2\" content=\"2 minutos\" \/>\n<script type=\"application\/ld+json\" class=\"yoast-schema-graph\">{\"@context\":\"https:\\\/\\\/schema.org\",\"@graph\":[{\"@type\":\"Article\",\"@id\":\"https:\\\/\\\/www.altominho.tv\\\/site\\\/2022\\\/06\\\/14\\\/cim-alternativa-azul-oceanos-viana-do-castelo\\\/#article\",\"isPartOf\":{\"@id\":\"https:\\\/\\\/www.altominho.tv\\\/site\\\/2022\\\/06\\\/14\\\/cim-alternativa-azul-oceanos-viana-do-castelo\\\/\"},\"author\":{\"name\":\"Andreia Cunha\",\"@id\":\"https:\\\/\\\/www.altominho.tv\\\/site\\\/#\\\/schema\\\/person\\\/a0e4ef6d041f98ca284393d8f1d97153\"},\"headline\":\"CIM promove Confer\u00eancia \u201cAlternativa Azul\u201d sobre literacia dos Oceanos e comportamentos mais respons\u00e1veis e sustent\u00e1veis\",\"datePublished\":\"2022-06-14T14:51:58+00:00\",\"dateModified\":\"2022-06-14T14:52:02+00:00\",\"mainEntityOfPage\":{\"@id\":\"https:\\\/\\\/www.altominho.tv\\\/site\\\/2022\\\/06\\\/14\\\/cim-alternativa-azul-oceanos-viana-do-castelo\\\/\"},\"wordCount\":304,\"image\":{\"@id\":\"https:\\\/\\\/www.altominho.tv\\\/site\\\/2022\\\/06\\\/14\\\/cim-alternativa-azul-oceanos-viana-do-castelo\\\/#primaryimage\"},\"thumbnailUrl\":\"https:\\\/\\\/www.altominho.tv\\\/site\\\/wp-content\\\/uploads\\\/2022\\\/06\\\/oceanos.jpg\",\"keywords\":[\"Sociedade\"],\"articleSection\":[\"Alto Minho\"],\"inLanguage\":\"pt-PT\",\"copyrightYear\":\"2022\",\"copyrightHolder\":{\"@id\":\"https:\\\/\\\/www.altominho.tv\\\/site\\\/#organization\"}},{\"@type\":\"WebPage\",\"@id\":\"https:\\\/\\\/www.altominho.tv\\\/site\\\/2022\\\/06\\\/14\\\/cim-alternativa-azul-oceanos-viana-do-castelo\\\/\",\"url\":\"https:\\\/\\\/www.altominho.tv\\\/site\\\/2022\\\/06\\\/14\\\/cim-alternativa-azul-oceanos-viana-do-castelo\\\/\",\"name\":\"CIM promove Confer\u00eancia \u201cAlternativa Azul\u201d sobre literacia dos Oceanos e comportamentos mais respons\u00e1veis e sustent\u00e1veis\",\"isPartOf\":{\"@id\":\"https:\\\/\\\/www.altominho.tv\\\/site\\\/#website\"},\"primaryImageOfPage\":{\"@id\":\"https:\\\/\\\/www.altominho.tv\\\/site\\\/2022\\\/06\\\/14\\\/cim-alternativa-azul-oceanos-viana-do-castelo\\\/#primaryimage\"},\"image\":{\"@id\":\"https:\\\/\\\/www.altominho.tv\\\/site\\\/2022\\\/06\\\/14\\\/cim-alternativa-azul-oceanos-viana-do-castelo\\\/#primaryimage\"},\"thumbnailUrl\":\"https:\\\/\\\/www.altominho.tv\\\/site\\\/wp-content\\\/uploads\\\/2022\\\/06\\\/oceanos.jpg\",\"datePublished\":\"2022-06-14T14:51:58+00:00\",\"dateModified\":\"2022-06-14T14:52:02+00:00\",\"author\":{\"@id\":\"https:\\\/\\\/www.altominho.tv\\\/site\\\/#\\\/schema\\\/person\\\/a0e4ef6d041f98ca284393d8f1d97153\"},\"description\":\"A CIM Alto Minho vai promover a Confer\u00eancia \u201cAlternativa Azul\u201d sobre literacia dos Oceanos e comportamentos mais respons\u00e1veis e sustent\u00e1veis.\",\"breadcrumb\":{\"@id\":\"https:\\\/\\\/www.altominho.tv\\\/site\\\/2022\\\/06\\\/14\\\/cim-alternativa-azul-oceanos-viana-do-castelo\\\/#breadcrumb\"},\"inLanguage\":\"pt-PT\",\"potentialAction\":[{\"@type\":\"ReadAction\",\"target\":[\"https:\\\/\\\/www.altominho.tv\\\/site\\\/2022\\\/06\\\/14\\\/cim-alternativa-azul-oceanos-viana-do-castelo\\\/\"]}]},{\"@type\":\"ImageObject\",\"inLanguage\":\"pt-PT\",\"@id\":\"https:\\\/\\\/www.altominho.tv\\\/site\\\/2022\\\/06\\\/14\\\/cim-alternativa-azul-oceanos-viana-do-castelo\\\/#primaryimage\",\"url\":\"https:\\\/\\\/www.altominho.tv\\\/site\\\/wp-content\\\/uploads\\\/2022\\\/06\\\/oceanos.jpg\",\"contentUrl\":\"https:\\\/\\\/www.altominho.tv\\\/site\\\/wp-content\\\/uploads\\\/2022\\\/06\\\/oceanos.jpg\",\"width\":1600,\"height\":1065},{\"@type\":\"BreadcrumbList\",\"@id\":\"https:\\\/\\\/www.altominho.tv\\\/site\\\/2022\\\/06\\\/14\\\/cim-alternativa-azul-oceanos-viana-do-castelo\\\/#breadcrumb\",\"itemListElement\":[{\"@type\":\"ListItem\",\"position\":1,\"name\":\"In\u00edcio\",\"item\":\"https:\\\/\\\/www.altominho.tv\\\/site\\\/\"},{\"@type\":\"ListItem\",\"position\":2,\"name\":\"CIM promove Confer\u00eancia \u201cAlternativa Azul\u201d sobre literacia dos Oceanos e comportamentos mais respons\u00e1veis e sustent\u00e1veis\"}]},{\"@type\":\"WebSite\",\"@id\":\"https:\\\/\\\/www.altominho.tv\\\/site\\\/#website\",\"url\":\"https:\\\/\\\/www.altominho.tv\\\/site\\\/\",\"name\":\"Altominho.tv\",\"description\":\"A sua regi\u00e3o \u00e0 dist\u00e2ncia de um clique...\",\"potentialAction\":[{\"@type\":\"SearchAction\",\"target\":{\"@type\":\"EntryPoint\",\"urlTemplate\":\"https:\\\/\\\/www.altominho.tv\\\/site\\\/?s={search_term_string}\"},\"query-input\":{\"@type\":\"PropertyValueSpecification\",\"valueRequired\":true,\"valueName\":\"search_term_string\"}}],\"inLanguage\":\"pt-PT\"},{\"@type\":\"Person\",\"@id\":\"https:\\\/\\\/www.altominho.tv\\\/site\\\/#\\\/schema\\\/person\\\/a0e4ef6d041f98ca284393d8f1d97153\",\"name\":\"Andreia Cunha\",\"image\":{\"@type\":\"ImageObject\",\"inLanguage\":\"pt-PT\",\"@id\":\"https:\\\/\\\/www.altominho.tv\\\/site\\\/wp-content\\\/uploads\\\/2017\\\/11\\\/Andreia_Cunha-1-150x150.jpg\",\"url\":\"https:\\\/\\\/www.altominho.tv\\\/site\\\/wp-content\\\/uploads\\\/2017\\\/11\\\/Andreia_Cunha-1-150x150.jpg\",\"contentUrl\":\"https:\\\/\\\/www.altominho.tv\\\/site\\\/wp-content\\\/uploads\\\/2017\\\/11\\\/Andreia_Cunha-1-150x150.jpg\",\"caption\":\"Andreia Cunha\"},\"url\":\"https:\\\/\\\/www.altominho.tv\\\/site\\\/author\\\/andreiacunha\\\/\"}]}<\/script>\n<!-- \/ Yoast SEO Premium plugin. -->","yoast_head_json":{"title":"CIM promove Confer\u00eancia \u201cAlternativa Azul\u201d sobre literacia dos Oceanos e comportamentos mais respons\u00e1veis e sustent\u00e1veis","description":"A CIM Alto Minho vai promover a Confer\u00eancia \u201cAlternativa Azul\u201d sobre literacia dos Oceanos e comportamentos mais respons\u00e1veis e sustent\u00e1veis.","robots":{"index":"index","follow":"follow","max-snippet":"max-snippet:-1","max-image-preview":"max-image-preview:large","max-video-preview":"max-video-preview:-1"},"canonical":"https:\/\/www.altominho.tv\/site\/2022\/06\/14\/cim-alternativa-azul-oceanos-viana-do-castelo\/","og_locale":"pt_PT","og_type":"article","og_title":"CIM promove Confer\u00eancia \u201cAlternativa Azul\u201d sobre literacia dos Oceanos e comportamentos mais respons\u00e1veis e sustent\u00e1veis","og_description":"A CIM Alto Minho vai promover a Confer\u00eancia \u201cAlternativa Azul\u201d sobre literacia dos Oceanos e comportamentos mais respons\u00e1veis e sustent\u00e1veis.","og_url":"https:\/\/www.altominho.tv\/site\/2022\/06\/14\/cim-alternativa-azul-oceanos-viana-do-castelo\/","og_site_name":"Altominho.tv","article_publisher":"https:\/\/www.facebook.com\/altominhotv","article_published_time":"2022-06-14T14:51:58+00:00","article_modified_time":"2022-06-14T14:52:02+00:00","og_image":[{"width":1600,"height":1065,"url":"https:\/\/www.altominho.tv\/site\/wp-content\/uploads\/2022\/06\/oceanos.jpg","type":"image\/jpeg"}],"author":"Andreia Cunha","twitter_card":"summary_large_image","twitter_creator":"@altominhoTV","twitter_site":"@altominhoTV","twitter_misc":{"Escrito por":"Andreia Cunha","Tempo estimado de leitura":"2 minutos"},"schema":{"@context":"https:\/\/schema.org","@graph":[{"@type":"Article","@id":"https:\/\/www.altominho.tv\/site\/2022\/06\/14\/cim-alternativa-azul-oceanos-viana-do-castelo\/#article","isPartOf":{"@id":"https:\/\/www.altominho.tv\/site\/2022\/06\/14\/cim-alternativa-azul-oceanos-viana-do-castelo\/"},"author":{"name":"Andreia Cunha","@id":"https:\/\/www.altominho.tv\/site\/#\/schema\/person\/a0e4ef6d041f98ca284393d8f1d97153"},"headline":"CIM promove Confer\u00eancia \u201cAlternativa Azul\u201d sobre literacia dos Oceanos e comportamentos mais respons\u00e1veis e sustent\u00e1veis","datePublished":"2022-06-14T14:51:58+00:00","dateModified":"2022-06-14T14:52:02+00:00","mainEntityOfPage":{"@id":"https:\/\/www.altominho.tv\/site\/2022\/06\/14\/cim-alternativa-azul-oceanos-viana-do-castelo\/"},"wordCount":304,"image":{"@id":"https:\/\/www.altominho.tv\/site\/2022\/06\/14\/cim-alternativa-azul-oceanos-viana-do-castelo\/#primaryimage"},"thumbnailUrl":"https:\/\/www.altominho.tv\/site\/wp-content\/uploads\/2022\/06\/oceanos.jpg","keywords":["Sociedade"],"articleSection":["Alto Minho"],"inLanguage":"pt-PT","copyrightYear":"2022","copyrightHolder":{"@id":"https:\/\/www.altominho.tv\/site\/#organization"}},{"@type":"WebPage","@id":"https:\/\/www.altominho.tv\/site\/2022\/06\/14\/cim-alternativa-azul-oceanos-viana-do-castelo\/","url":"https:\/\/www.altominho.tv\/site\/2022\/06\/14\/cim-alternativa-azul-oceanos-viana-do-castelo\/","name":"CIM promove Confer\u00eancia \u201cAlternativa Azul\u201d sobre literacia dos Oceanos e comportamentos mais respons\u00e1veis e sustent\u00e1veis","isPartOf":{"@id":"https:\/\/www.altominho.tv\/site\/#website"},"primaryImageOfPage":{"@id":"https:\/\/www.altominho.tv\/site\/2022\/06\/14\/cim-alternativa-azul-oceanos-viana-do-castelo\/#primaryimage"},"image":{"@id":"https:\/\/www.altominho.tv\/site\/2022\/06\/14\/cim-alternativa-azul-oceanos-viana-do-castelo\/#primaryimage"},"thumbnailUrl":"https:\/\/www.altominho.tv\/site\/wp-content\/uploads\/2022\/06\/oceanos.jpg","datePublished":"2022-06-14T14:51:58+00:00","dateModified":"2022-06-14T14:52:02+00:00","author":{"@id":"https:\/\/www.altominho.tv\/site\/#\/schema\/person\/a0e4ef6d041f98ca284393d8f1d97153"},"description":"A CIM Alto Minho vai promover a Confer\u00eancia \u201cAlternativa Azul\u201d sobre literacia dos Oceanos e comportamentos mais respons\u00e1veis e sustent\u00e1veis.","breadcrumb":{"@id":"https:\/\/www.altominho.tv\/site\/2022\/06\/14\/cim-alternativa-azul-oceanos-viana-do-castelo\/#breadcrumb"},"inLanguage":"pt-PT","potentialAction":[{"@type":"ReadAction","target":["https:\/\/www.altominho.tv\/site\/2022\/06\/14\/cim-alternativa-azul-oceanos-viana-do-castelo\/"]}]},{"@type":"ImageObject","inLanguage":"pt-PT","@id":"https:\/\/www.altominho.tv\/site\/2022\/06\/14\/cim-alternativa-azul-oceanos-viana-do-castelo\/#primaryimage","url":"https:\/\/www.altominho.tv\/site\/wp-content\/uploads\/2022\/06\/oceanos.jpg","contentUrl":"https:\/\/www.altominho.tv\/site\/wp-content\/uploads\/2022\/06\/oceanos.jpg","width":1600,"height":1065},{"@type":"BreadcrumbList","@id":"https:\/\/www.altominho.tv\/site\/2022\/06\/14\/cim-alternativa-azul-oceanos-viana-do-castelo\/#breadcrumb","itemListElement":[{"@type":"ListItem","position":1,"name":"In\u00edcio","item":"https:\/\/www.altominho.tv\/site\/"},{"@type":"ListItem","position":2,"name":"CIM promove Confer\u00eancia \u201cAlternativa Azul\u201d sobre literacia dos Oceanos e comportamentos mais respons\u00e1veis e sustent\u00e1veis"}]},{"@type":"WebSite","@id":"https:\/\/www.altominho.tv\/site\/#website","url":"https:\/\/www.altominho.tv\/site\/","name":"Altominho.tv","description":"A sua regi\u00e3o \u00e0 dist\u00e2ncia de um clique...","potentialAction":[{"@type":"SearchAction","target":{"@type":"EntryPoint","urlTemplate":"https:\/\/www.altominho.tv\/site\/?s={search_term_string}"},"query-input":{"@type":"PropertyValueSpecification","valueRequired":true,"valueName":"search_term_string"}}],"inLanguage":"pt-PT"},{"@type":"Person","@id":"https:\/\/www.altominho.tv\/site\/#\/schema\/person\/a0e4ef6d041f98ca284393d8f1d97153","name":"Andreia Cunha","image":{"@type":"ImageObject","inLanguage":"pt-PT","@id":"https:\/\/www.altominho.tv\/site\/wp-content\/uploads\/2017\/11\/Andreia_Cunha-1-150x150.jpg","url":"https:\/\/www.altominho.tv\/site\/wp-content\/uploads\/2017\/11\/Andreia_Cunha-1-150x150.jpg","contentUrl":"https:\/\/www.altominho.tv\/site\/wp-content\/uploads\/2017\/11\/Andreia_Cunha-1-150x150.jpg","caption":"Andreia Cunha"},"url":"https:\/\/www.altominho.tv\/site\/author\/andreiacunha\/"}]}},"_links":{"self":[{"href":"https:\/\/www.altominho.tv\/site\/wp-json\/wp\/v2\/posts\/80644","targetHints":{"allow":["GET"]}}],"collection":[{"href":"https:\/\/www.altominho.tv\/site\/wp-json\/wp\/v2\/posts"}],"about":[{"href":"https:\/\/www.altominho.tv\/site\/wp-json\/wp\/v2\/types\/post"}],"author":[{"embeddable":true,"href":"https:\/\/www.altominho.tv\/site\/wp-json\/wp\/v2\/users\/7"}],"replies":[{"embeddable":true,"href":"https:\/\/www.altominho.tv\/site\/wp-json\/wp\/v2\/comments?post=80644"}],"version-history":[{"count":0,"href":"https:\/\/www.altominho.tv\/site\/wp-json\/wp\/v2\/posts\/80644\/revisions"}],"wp:featuredmedia":[{"embeddable":true,"href":"https:\/\/www.altominho.tv\/site\/wp-json\/wp\/v2\/media\/80645"}],"wp:attachment":[{"href":"https:\/\/www.altominho.tv\/site\/wp-json\/wp\/v2\/media?parent=80644"}],"wp:term":[{"taxonomy":"category","embeddable":true,"href":"https:\/\/www.altominho.tv\/site\/wp-json\/wp\/v2\/categories?post=80644"},{"taxonomy":"post_tag","embeddable":true,"href":"https:\/\/www.altominho.tv\/site\/wp-json\/wp\/v2\/tags?post=80644"}],"curies":[{"name":"wp","href":"https:\/\/api.w.org\/{rel}","templated":true}]}}