{"id":80596,"date":"2022-06-13T14:40:52","date_gmt":"2022-06-13T13:40:52","guid":{"rendered":"https:\/\/www.altominho.tv\/site\/?p=80596"},"modified":"2022-06-13T14:40:57","modified_gmt":"2022-06-13T13:40:57","slug":"cim-alto-minho","status":"publish","type":"post","link":"https:\/\/www.altominho.tv\/site\/2022\/06\/13\/cim-alto-minho\/","title":{"rendered":"CIM lan\u00e7a vers\u00e3o curta de document\u00e1rio \u201cInfoRisk\u201d"},"content":{"rendered":"\n<p>A Comunidade Intermunicipal (CIM) do Alto Minho produziu e disponibiliza nos seus canais \u2018web\u2019 a vers\u00e3o curta do document\u00e1rio \u201cInfoRisk\u201d sobre as altera\u00e7\u00f5es clim\u00e1ticas, foi hoje divulgado.<\/p>\n\n\n\n<p>Em comunicado, a CIM, que integra os 10 concelhos do distrito de Viana do Castelo, adiantou que o document\u00e1rio pretende explicar o que s\u00e3o as altera\u00e7\u00f5es clim\u00e1ticas, porque acontecem, quais as consequ\u00eancias e como atuar, tanto para prevenir como para reagir.<\/p>\n\n\n\n<p>Com recurso \u201ca linguagem acess\u00edvel, infografias explicativas e imagens apelativas, beneficiando de importantes testemunhos de um vasto leque de agentes territoriais e de imagens do Alto Minho recolhidas \u2018in loco\u2019, o document\u00e1rio procura dar resposta a quest\u00f5es centrais relacionadas com as altera\u00e7\u00f5es clim\u00e1ticas\u201d.<\/p>\n\n\n\n<p>O document\u00e1rio foi produzido ao abrigo do projeto \u201cInfoRisk &#8211; Informar sobre os riscos associados \u00e0s altera\u00e7\u00f5es clim\u00e1ticas no Alto Minho\u201d, promovido pela CIM e apoiado pelo PO SEUR &#8211; Programa Operacional Sustentabilidade e Efici\u00eancia no Uso de Recursos.<\/p>\n","protected":false},"excerpt":{"rendered":"<p>A Comunidade Intermunicipal (CIM) do Alto Minho produziu e disponibiliza nos seus canais \u2018web\u2019 a vers\u00e3o curta do document\u00e1rio \u201cInfoRisk\u201d sobre as altera\u00e7\u00f5es clim\u00e1ticas, foi hoje divulgado. Em comunicado, a CIM, que integra os 10 concelhos do distrito de Viana do Castelo, adiantou que o document\u00e1rio pretende explicar o que s\u00e3o as altera\u00e7\u00f5es clim\u00e1ticas, porque [&hellip;]<\/p>\n","protected":false},"author":16,"featured_media":80597,"comment_status":"closed","ping_status":"closed","sticky":false,"template":"","format":"standard","meta":{"_exactmetrics_skip_tracking":false,"_exactmetrics_sitenote_active":false,"_exactmetrics_sitenote_note":"","_exactmetrics_sitenote_category":0,"footnotes":""},"categories":[73],"tags":[27],"class_list":["post-80596","post","type-post","status-publish","format-standard","has-post-thumbnail","hentry","category-alto-minho","tag-sociedade"],"yoast_head":"<!-- This site is optimized with the Yoast SEO Premium plugin v27.4 (Yoast SEO v27.4) - https:\/\/yoast.com\/product\/yoast-seo-premium-wordpress\/ -->\n<title>CIM lan\u00e7a vers\u00e3o curta de document\u00e1rio \u201cInfoRisk\u201d<\/title>\n<meta name=\"description\" content=\"A Comunidade Intermunicipal do Alto Minho produziu e disponibiliza nos seus canais \u2018web\u2019 a vers\u00e3o curta do document\u00e1rio \u201cInfoRisk\u201d.\" \/>\n<meta name=\"robots\" content=\"index, follow, max-snippet:-1, max-image-preview:large, max-video-preview:-1\" \/>\n<link rel=\"canonical\" href=\"https:\/\/www.altominho.tv\/site\/2022\/06\/13\/cim-alto-minho\/\" \/>\n<meta property=\"og:locale\" content=\"pt_PT\" \/>\n<meta property=\"og:type\" content=\"article\" \/>\n<meta property=\"og:title\" content=\"CIM lan\u00e7a vers\u00e3o curta de document\u00e1rio \u201cInfoRisk\u201d\" \/>\n<meta property=\"og:description\" content=\"A Comunidade Intermunicipal do Alto Minho produziu e disponibiliza nos seus canais \u2018web\u2019 a vers\u00e3o curta do document\u00e1rio \u201cInfoRisk\u201d.\" \/>\n<meta property=\"og:url\" content=\"https:\/\/www.altominho.tv\/site\/2022\/06\/13\/cim-alto-minho\/\" \/>\n<meta property=\"og:site_name\" content=\"Altominho.tv\" \/>\n<meta property=\"article:publisher\" content=\"https:\/\/www.facebook.com\/altominhotv\" \/>\n<meta property=\"article:published_time\" content=\"2022-06-13T13:40:52+00:00\" \/>\n<meta property=\"article:modified_time\" content=\"2022-06-13T13:40:57+00:00\" \/>\n<meta property=\"og:image\" content=\"https:\/\/www.altominho.tv\/site\/wp-content\/uploads\/2022\/06\/alteracoes-climaticas.jpg\" \/>\n\t<meta property=\"og:image:width\" content=\"1600\" \/>\n\t<meta property=\"og:image:height\" content=\"907\" \/>\n\t<meta property=\"og:image:type\" content=\"image\/jpeg\" \/>\n<meta name=\"author\" content=\"Andreia Cunha | Lusa\" \/>\n<meta name=\"twitter:card\" content=\"summary_large_image\" \/>\n<meta name=\"twitter:creator\" content=\"@altominhoTV\" \/>\n<meta name=\"twitter:site\" content=\"@altominhoTV\" \/>\n<meta name=\"twitter:label1\" content=\"Escrito por\" \/>\n\t<meta name=\"twitter:data1\" content=\"Andreia Cunha | Lusa\" \/>\n\t<meta name=\"twitter:label2\" content=\"Tempo estimado de leitura\" \/>\n\t<meta name=\"twitter:data2\" content=\"1 minuto\" \/>\n<script type=\"application\/ld+json\" class=\"yoast-schema-graph\">{\"@context\":\"https:\\\/\\\/schema.org\",\"@graph\":[{\"@type\":\"Article\",\"@id\":\"https:\\\/\\\/www.altominho.tv\\\/site\\\/2022\\\/06\\\/13\\\/cim-alto-minho\\\/#article\",\"isPartOf\":{\"@id\":\"https:\\\/\\\/www.altominho.tv\\\/site\\\/2022\\\/06\\\/13\\\/cim-alto-minho\\\/\"},\"author\":{\"name\":\"Andreia Cunha | Lusa\",\"@id\":\"https:\\\/\\\/www.altominho.tv\\\/site\\\/#\\\/schema\\\/person\\\/dbaf181c01b51ff40c9f461a905d321e\"},\"headline\":\"CIM lan\u00e7a vers\u00e3o curta de document\u00e1rio \u201cInfoRisk\u201d\",\"datePublished\":\"2022-06-13T13:40:52+00:00\",\"dateModified\":\"2022-06-13T13:40:57+00:00\",\"mainEntityOfPage\":{\"@id\":\"https:\\\/\\\/www.altominho.tv\\\/site\\\/2022\\\/06\\\/13\\\/cim-alto-minho\\\/\"},\"wordCount\":177,\"image\":{\"@id\":\"https:\\\/\\\/www.altominho.tv\\\/site\\\/2022\\\/06\\\/13\\\/cim-alto-minho\\\/#primaryimage\"},\"thumbnailUrl\":\"https:\\\/\\\/www.altominho.tv\\\/site\\\/wp-content\\\/uploads\\\/2022\\\/06\\\/alteracoes-climaticas.jpg\",\"keywords\":[\"Sociedade\"],\"articleSection\":[\"Alto Minho\"],\"inLanguage\":\"pt-PT\",\"copyrightYear\":\"2022\",\"copyrightHolder\":{\"@id\":\"https:\\\/\\\/www.altominho.tv\\\/site\\\/#organization\"}},{\"@type\":\"WebPage\",\"@id\":\"https:\\\/\\\/www.altominho.tv\\\/site\\\/2022\\\/06\\\/13\\\/cim-alto-minho\\\/\",\"url\":\"https:\\\/\\\/www.altominho.tv\\\/site\\\/2022\\\/06\\\/13\\\/cim-alto-minho\\\/\",\"name\":\"CIM lan\u00e7a vers\u00e3o curta de document\u00e1rio \u201cInfoRisk\u201d\",\"isPartOf\":{\"@id\":\"https:\\\/\\\/www.altominho.tv\\\/site\\\/#website\"},\"primaryImageOfPage\":{\"@id\":\"https:\\\/\\\/www.altominho.tv\\\/site\\\/2022\\\/06\\\/13\\\/cim-alto-minho\\\/#primaryimage\"},\"image\":{\"@id\":\"https:\\\/\\\/www.altominho.tv\\\/site\\\/2022\\\/06\\\/13\\\/cim-alto-minho\\\/#primaryimage\"},\"thumbnailUrl\":\"https:\\\/\\\/www.altominho.tv\\\/site\\\/wp-content\\\/uploads\\\/2022\\\/06\\\/alteracoes-climaticas.jpg\",\"datePublished\":\"2022-06-13T13:40:52+00:00\",\"dateModified\":\"2022-06-13T13:40:57+00:00\",\"author\":{\"@id\":\"https:\\\/\\\/www.altominho.tv\\\/site\\\/#\\\/schema\\\/person\\\/dbaf181c01b51ff40c9f461a905d321e\"},\"description\":\"A Comunidade Intermunicipal do Alto Minho produziu e disponibiliza nos seus canais \u2018web\u2019 a vers\u00e3o curta do document\u00e1rio \u201cInfoRisk\u201d.\",\"breadcrumb\":{\"@id\":\"https:\\\/\\\/www.altominho.tv\\\/site\\\/2022\\\/06\\\/13\\\/cim-alto-minho\\\/#breadcrumb\"},\"inLanguage\":\"pt-PT\",\"potentialAction\":[{\"@type\":\"ReadAction\",\"target\":[\"https:\\\/\\\/www.altominho.tv\\\/site\\\/2022\\\/06\\\/13\\\/cim-alto-minho\\\/\"]}]},{\"@type\":\"ImageObject\",\"inLanguage\":\"pt-PT\",\"@id\":\"https:\\\/\\\/www.altominho.tv\\\/site\\\/2022\\\/06\\\/13\\\/cim-alto-minho\\\/#primaryimage\",\"url\":\"https:\\\/\\\/www.altominho.tv\\\/site\\\/wp-content\\\/uploads\\\/2022\\\/06\\\/alteracoes-climaticas.jpg\",\"contentUrl\":\"https:\\\/\\\/www.altominho.tv\\\/site\\\/wp-content\\\/uploads\\\/2022\\\/06\\\/alteracoes-climaticas.jpg\",\"width\":1600,\"height\":907},{\"@type\":\"BreadcrumbList\",\"@id\":\"https:\\\/\\\/www.altominho.tv\\\/site\\\/2022\\\/06\\\/13\\\/cim-alto-minho\\\/#breadcrumb\",\"itemListElement\":[{\"@type\":\"ListItem\",\"position\":1,\"name\":\"In\u00edcio\",\"item\":\"https:\\\/\\\/www.altominho.tv\\\/site\\\/\"},{\"@type\":\"ListItem\",\"position\":2,\"name\":\"CIM lan\u00e7a vers\u00e3o curta de document\u00e1rio \u201cInfoRisk\u201d\"}]},{\"@type\":\"WebSite\",\"@id\":\"https:\\\/\\\/www.altominho.tv\\\/site\\\/#website\",\"url\":\"https:\\\/\\\/www.altominho.tv\\\/site\\\/\",\"name\":\"Altominho.tv\",\"description\":\"A sua regi\u00e3o \u00e0 dist\u00e2ncia de um clique...\",\"potentialAction\":[{\"@type\":\"SearchAction\",\"target\":{\"@type\":\"EntryPoint\",\"urlTemplate\":\"https:\\\/\\\/www.altominho.tv\\\/site\\\/?s={search_term_string}\"},\"query-input\":{\"@type\":\"PropertyValueSpecification\",\"valueRequired\":true,\"valueName\":\"search_term_string\"}}],\"inLanguage\":\"pt-PT\"},{\"@type\":\"Person\",\"@id\":\"https:\\\/\\\/www.altominho.tv\\\/site\\\/#\\\/schema\\\/person\\\/dbaf181c01b51ff40c9f461a905d321e\",\"name\":\"Andreia Cunha | Lusa\",\"image\":{\"@type\":\"ImageObject\",\"inLanguage\":\"pt-PT\",\"@id\":\"https:\\\/\\\/www.altominho.tv\\\/site\\\/wp-content\\\/uploads\\\/2017\\\/11\\\/Andreia_Cunha-1-150x150.jpg\",\"url\":\"https:\\\/\\\/www.altominho.tv\\\/site\\\/wp-content\\\/uploads\\\/2017\\\/11\\\/Andreia_Cunha-1-150x150.jpg\",\"contentUrl\":\"https:\\\/\\\/www.altominho.tv\\\/site\\\/wp-content\\\/uploads\\\/2017\\\/11\\\/Andreia_Cunha-1-150x150.jpg\",\"caption\":\"Andreia Cunha | Lusa\"},\"sameAs\":[\"https:\\\/\\\/www.altominho.tv\\\/site\"],\"url\":\"https:\\\/\\\/www.altominho.tv\\\/site\\\/author\\\/andreiacunhalusa\\\/\"}]}<\/script>\n<!-- \/ Yoast SEO Premium plugin. -->","yoast_head_json":{"title":"CIM lan\u00e7a vers\u00e3o curta de document\u00e1rio \u201cInfoRisk\u201d","description":"A Comunidade Intermunicipal do Alto Minho produziu e disponibiliza nos seus canais \u2018web\u2019 a vers\u00e3o curta do document\u00e1rio \u201cInfoRisk\u201d.","robots":{"index":"index","follow":"follow","max-snippet":"max-snippet:-1","max-image-preview":"max-image-preview:large","max-video-preview":"max-video-preview:-1"},"canonical":"https:\/\/www.altominho.tv\/site\/2022\/06\/13\/cim-alto-minho\/","og_locale":"pt_PT","og_type":"article","og_title":"CIM lan\u00e7a vers\u00e3o curta de document\u00e1rio \u201cInfoRisk\u201d","og_description":"A Comunidade Intermunicipal do Alto Minho produziu e disponibiliza nos seus canais \u2018web\u2019 a vers\u00e3o curta do document\u00e1rio \u201cInfoRisk\u201d.","og_url":"https:\/\/www.altominho.tv\/site\/2022\/06\/13\/cim-alto-minho\/","og_site_name":"Altominho.tv","article_publisher":"https:\/\/www.facebook.com\/altominhotv","article_published_time":"2022-06-13T13:40:52+00:00","article_modified_time":"2022-06-13T13:40:57+00:00","og_image":[{"width":1600,"height":907,"url":"https:\/\/www.altominho.tv\/site\/wp-content\/uploads\/2022\/06\/alteracoes-climaticas.jpg","type":"image\/jpeg"}],"author":"Andreia Cunha | Lusa","twitter_card":"summary_large_image","twitter_creator":"@altominhoTV","twitter_site":"@altominhoTV","twitter_misc":{"Escrito por":"Andreia Cunha | Lusa","Tempo estimado de leitura":"1 minuto"},"schema":{"@context":"https:\/\/schema.org","@graph":[{"@type":"Article","@id":"https:\/\/www.altominho.tv\/site\/2022\/06\/13\/cim-alto-minho\/#article","isPartOf":{"@id":"https:\/\/www.altominho.tv\/site\/2022\/06\/13\/cim-alto-minho\/"},"author":{"name":"Andreia Cunha | Lusa","@id":"https:\/\/www.altominho.tv\/site\/#\/schema\/person\/dbaf181c01b51ff40c9f461a905d321e"},"headline":"CIM lan\u00e7a vers\u00e3o curta de document\u00e1rio \u201cInfoRisk\u201d","datePublished":"2022-06-13T13:40:52+00:00","dateModified":"2022-06-13T13:40:57+00:00","mainEntityOfPage":{"@id":"https:\/\/www.altominho.tv\/site\/2022\/06\/13\/cim-alto-minho\/"},"wordCount":177,"image":{"@id":"https:\/\/www.altominho.tv\/site\/2022\/06\/13\/cim-alto-minho\/#primaryimage"},"thumbnailUrl":"https:\/\/www.altominho.tv\/site\/wp-content\/uploads\/2022\/06\/alteracoes-climaticas.jpg","keywords":["Sociedade"],"articleSection":["Alto Minho"],"inLanguage":"pt-PT","copyrightYear":"2022","copyrightHolder":{"@id":"https:\/\/www.altominho.tv\/site\/#organization"}},{"@type":"WebPage","@id":"https:\/\/www.altominho.tv\/site\/2022\/06\/13\/cim-alto-minho\/","url":"https:\/\/www.altominho.tv\/site\/2022\/06\/13\/cim-alto-minho\/","name":"CIM lan\u00e7a vers\u00e3o curta de document\u00e1rio \u201cInfoRisk\u201d","isPartOf":{"@id":"https:\/\/www.altominho.tv\/site\/#website"},"primaryImageOfPage":{"@id":"https:\/\/www.altominho.tv\/site\/2022\/06\/13\/cim-alto-minho\/#primaryimage"},"image":{"@id":"https:\/\/www.altominho.tv\/site\/2022\/06\/13\/cim-alto-minho\/#primaryimage"},"thumbnailUrl":"https:\/\/www.altominho.tv\/site\/wp-content\/uploads\/2022\/06\/alteracoes-climaticas.jpg","datePublished":"2022-06-13T13:40:52+00:00","dateModified":"2022-06-13T13:40:57+00:00","author":{"@id":"https:\/\/www.altominho.tv\/site\/#\/schema\/person\/dbaf181c01b51ff40c9f461a905d321e"},"description":"A Comunidade Intermunicipal do Alto Minho produziu e disponibiliza nos seus canais \u2018web\u2019 a vers\u00e3o curta do document\u00e1rio \u201cInfoRisk\u201d.","breadcrumb":{"@id":"https:\/\/www.altominho.tv\/site\/2022\/06\/13\/cim-alto-minho\/#breadcrumb"},"inLanguage":"pt-PT","potentialAction":[{"@type":"ReadAction","target":["https:\/\/www.altominho.tv\/site\/2022\/06\/13\/cim-alto-minho\/"]}]},{"@type":"ImageObject","inLanguage":"pt-PT","@id":"https:\/\/www.altominho.tv\/site\/2022\/06\/13\/cim-alto-minho\/#primaryimage","url":"https:\/\/www.altominho.tv\/site\/wp-content\/uploads\/2022\/06\/alteracoes-climaticas.jpg","contentUrl":"https:\/\/www.altominho.tv\/site\/wp-content\/uploads\/2022\/06\/alteracoes-climaticas.jpg","width":1600,"height":907},{"@type":"BreadcrumbList","@id":"https:\/\/www.altominho.tv\/site\/2022\/06\/13\/cim-alto-minho\/#breadcrumb","itemListElement":[{"@type":"ListItem","position":1,"name":"In\u00edcio","item":"https:\/\/www.altominho.tv\/site\/"},{"@type":"ListItem","position":2,"name":"CIM lan\u00e7a vers\u00e3o curta de document\u00e1rio \u201cInfoRisk\u201d"}]},{"@type":"WebSite","@id":"https:\/\/www.altominho.tv\/site\/#website","url":"https:\/\/www.altominho.tv\/site\/","name":"Altominho.tv","description":"A sua regi\u00e3o \u00e0 dist\u00e2ncia de um clique...","potentialAction":[{"@type":"SearchAction","target":{"@type":"EntryPoint","urlTemplate":"https:\/\/www.altominho.tv\/site\/?s={search_term_string}"},"query-input":{"@type":"PropertyValueSpecification","valueRequired":true,"valueName":"search_term_string"}}],"inLanguage":"pt-PT"},{"@type":"Person","@id":"https:\/\/www.altominho.tv\/site\/#\/schema\/person\/dbaf181c01b51ff40c9f461a905d321e","name":"Andreia Cunha | Lusa","image":{"@type":"ImageObject","inLanguage":"pt-PT","@id":"https:\/\/www.altominho.tv\/site\/wp-content\/uploads\/2017\/11\/Andreia_Cunha-1-150x150.jpg","url":"https:\/\/www.altominho.tv\/site\/wp-content\/uploads\/2017\/11\/Andreia_Cunha-1-150x150.jpg","contentUrl":"https:\/\/www.altominho.tv\/site\/wp-content\/uploads\/2017\/11\/Andreia_Cunha-1-150x150.jpg","caption":"Andreia Cunha | Lusa"},"sameAs":["https:\/\/www.altominho.tv\/site"],"url":"https:\/\/www.altominho.tv\/site\/author\/andreiacunhalusa\/"}]}},"_links":{"self":[{"href":"https:\/\/www.altominho.tv\/site\/wp-json\/wp\/v2\/posts\/80596","targetHints":{"allow":["GET"]}}],"collection":[{"href":"https:\/\/www.altominho.tv\/site\/wp-json\/wp\/v2\/posts"}],"about":[{"href":"https:\/\/www.altominho.tv\/site\/wp-json\/wp\/v2\/types\/post"}],"author":[{"embeddable":true,"href":"https:\/\/www.altominho.tv\/site\/wp-json\/wp\/v2\/users\/16"}],"replies":[{"embeddable":true,"href":"https:\/\/www.altominho.tv\/site\/wp-json\/wp\/v2\/comments?post=80596"}],"version-history":[{"count":0,"href":"https:\/\/www.altominho.tv\/site\/wp-json\/wp\/v2\/posts\/80596\/revisions"}],"wp:featuredmedia":[{"embeddable":true,"href":"https:\/\/www.altominho.tv\/site\/wp-json\/wp\/v2\/media\/80597"}],"wp:attachment":[{"href":"https:\/\/www.altominho.tv\/site\/wp-json\/wp\/v2\/media?parent=80596"}],"wp:term":[{"taxonomy":"category","embeddable":true,"href":"https:\/\/www.altominho.tv\/site\/wp-json\/wp\/v2\/categories?post=80596"},{"taxonomy":"post_tag","embeddable":true,"href":"https:\/\/www.altominho.tv\/site\/wp-json\/wp\/v2\/tags?post=80596"}],"curies":[{"name":"wp","href":"https:\/\/api.w.org\/{rel}","templated":true}]}}