{"id":8058,"date":"2018-01-09T11:04:39","date_gmt":"2018-01-09T11:04:39","guid":{"rendered":"http:\/\/www.altominho.tv\/site\/?p=8058"},"modified":"2018-01-09T11:04:39","modified_gmt":"2018-01-09T11:04:39","slug":"ponte-da-barca-inicia-estudo-arqueologico-de-igreja-consumida-pelo-fogo","status":"publish","type":"post","link":"https:\/\/www.altominho.tv\/site\/2018\/01\/09\/ponte-da-barca-inicia-estudo-arqueologico-de-igreja-consumida-pelo-fogo\/","title":{"rendered":"Ponte da Barca inicia estudo arqueol\u00f3gico de igreja consumida pelo fogo"},"content":{"rendered":"<p>O presidente da C\u00e2mara de Ponte da Barca disse hoje \u00e0 Lusa que a primeira fase da reconstru\u00e7\u00e3o da igreja de Lavradas, consumida por um inc\u00eandio em dezembro passado, vai come\u00e7ar na sexta-feira com o estudo arqueol\u00f3gico do templo.<\/p>\n<blockquote><p>\n&#8220;Numa primeira fase vamos fazer um estudo arqueol\u00f3gico para ver se existem vest\u00edgios hist\u00f3ricos naquele espa\u00e7o, nomeadamente uma pequena capela que existiria naquela zona. S\u00f3 depois desta fase conclu\u00edda poderemos avan\u00e7ar para o projeto de reconstru\u00e7\u00e3o&#8221;, explicou Augusto Marinho.<\/p><\/blockquote>\n<p>O autarca social-democrata acrescentou que &#8220;outra interven\u00e7\u00e3o priorit\u00e1ria prende-se com a necessidade de prote\u00e7\u00e3o das paredes que n\u00e3o foram destru\u00eddas pelas chamas&#8221;.<\/p>\n<p>&#8220;H\u00e1 necessidade de proteger as quatro paredes para evitar que a chuva cause infiltra\u00e7\u00f5es e crie mais problemas&#8221;, explicou o autarca.<\/p>\n<p>O apoio do munic\u00edpio aos trabalhos iniciais foi formalizado, em dezembro, num protocolo assinado com a f\u00e1brica da igreja.<\/p>\n<p>O presidente da C\u00e2mara de Ponte da Barca disse n\u00e3o estar ainda quantificado o montante do investimento na reconstru\u00e7\u00e3o da igreja, datada do s\u00e9culo XVII, afirmando apenas que se trata de um &#8220;valor muito elevado&#8221;.<\/p>\n<blockquote><p>\n&#8220;S\u00e3o obras de valor muito elevado, ainda n\u00e3o est\u00e1 quantificado. Tamb\u00e9m n\u00e3o temos uma previs\u00e3o para a conclus\u00e3o da reconstru\u00e7\u00e3o. Vai ser um trabalho longo, que vai exigir muito de todas as entidades envolvidas&#8221;, adiantou Augusto Marinho, destacando o apoio da Diocese de Viana do Castelo.<\/p><\/blockquote>\n<p>O autarca real\u00e7ou ainda o &#8220;empenho&#8221; da popula\u00e7\u00e3o no processo de reconstru\u00e7\u00e3o da igreja, manifestado atrav\u00e9s de uma &#8220;onda de solidariedade muito positiva&#8221;.<\/p>\n<blockquote><p>\n&#8220;J\u00e1 reunimos, em audi\u00eancia, com o Presidente da Rep\u00fablica que manifestou toda a disponibilidade em colaborar com iniciativas que venham a ser realizadas para angaria\u00e7\u00e3o de fundos e para manter a onda de solidariedade ativa e presente&#8221;, disse.<\/p><\/blockquote>\n<p>Ap\u00f3s o inc\u00eandio que destruiu a igreja, foi aberta uma conta solid\u00e1ria numa institui\u00e7\u00e3o banc\u00e1ria para recolha de donativos e criada uma p\u00e1gina nas redes sociais intitulada &#8220;Vamos reconstruir a nossa igreja seguida por 1.087 pessoas.<\/p>\n<p>Contactado pela ag\u00eancia Lusa, o padre de Lavradas, Filipe S\u00e1 afirmou que a onda de solidariedade tem sido &#8220;fant\u00e1stica&#8221;.<\/p>\n<p>O p\u00e1roco escusou-se a adiantar mais pormenores sobre o processo de reconstru\u00e7\u00e3o, aguardando pela conclus\u00e3o do estudo arqueol\u00f3gico que a autarquia vai realizar.<\/p>\n<p>O bispo de Viana do Castelo, Anacleto Oliveira, deslocou-se ao local no dia do inc\u00eandio e celebrou missa, no dia de Natal, na sede a Junta de Freguesia e da Associa\u00e7\u00e3o Lavradas, espa\u00e7o disponibilizado \u00e0 par\u00f3quia local, na sequ\u00eancia do fogo que destruiu a igreja.<\/p>\n<p>Anacleto Oliveira tamb\u00e9m apelou \u00e0 solidariedade de todas as par\u00f3quias da diocese, sugerindo que os donativos recolhidos durante as missas de Natal nas igrejas do Alto Minho fossem canalizados para a recupera\u00e7\u00e3o do templo.<\/p>\n","protected":false},"excerpt":{"rendered":"<p>O presidente da C\u00e2mara de Ponte da Barca disse hoje \u00e0 Lusa que a primeira fase da reconstru\u00e7\u00e3o da igreja de Lavradas, consumida por um inc\u00eandio em dezembro passado, vai come\u00e7ar na sexta-feira com o estudo arqueol\u00f3gico do templo. &#8220;Numa primeira fase vamos fazer um estudo arqueol\u00f3gico para ver se existem vest\u00edgios hist\u00f3ricos naquele espa\u00e7o, [&hellip;]<\/p>\n","protected":false},"author":6,"featured_media":8059,"comment_status":"closed","ping_status":"closed","sticky":false,"template":"","format":"standard","meta":{"_exactmetrics_skip_tracking":false,"_exactmetrics_sitenote_active":false,"_exactmetrics_sitenote_note":"","_exactmetrics_sitenote_category":0,"footnotes":""},"categories":[11],"tags":[27],"class_list":["post-8058","post","type-post","status-publish","format-standard","has-post-thumbnail","hentry","category-ponte-da-barca","tag-sociedade"],"yoast_head":"<!-- This site is optimized with the Yoast SEO Premium plugin v27.5 (Yoast SEO v27.5) - https:\/\/yoast.com\/product\/yoast-seo-premium-wordpress\/ -->\n<title>Ponte da Barca inicia estudo arqueol\u00f3gico de igreja consumida pelo fogo<\/title>\n<meta name=\"robots\" content=\"index, follow, max-snippet:-1, max-image-preview:large, max-video-preview:-1\" \/>\n<link rel=\"canonical\" href=\"https:\/\/www.altominho.tv\/site\/2018\/01\/09\/ponte-da-barca-inicia-estudo-arqueologico-de-igreja-consumida-pelo-fogo\/\" \/>\n<meta property=\"og:locale\" content=\"pt_PT\" \/>\n<meta property=\"og:type\" content=\"article\" \/>\n<meta property=\"og:title\" content=\"Ponte da Barca inicia estudo arqueol\u00f3gico de igreja consumida pelo fogo\" \/>\n<meta property=\"og:description\" content=\"O presidente da C\u00e2mara de Ponte da Barca disse hoje \u00e0 Lusa que a primeira fase da reconstru\u00e7\u00e3o da igreja de Lavradas, consumida por um inc\u00eandio em dezembro passado, vai come\u00e7ar na sexta-feira com o estudo arqueol\u00f3gico do templo. &#8220;Numa primeira fase vamos fazer um estudo arqueol\u00f3gico para ver se existem vest\u00edgios hist\u00f3ricos naquele espa\u00e7o, [&hellip;]\" \/>\n<meta property=\"og:url\" content=\"https:\/\/www.altominho.tv\/site\/2018\/01\/09\/ponte-da-barca-inicia-estudo-arqueologico-de-igreja-consumida-pelo-fogo\/\" \/>\n<meta property=\"og:site_name\" content=\"Altominho.tv\" \/>\n<meta property=\"article:publisher\" content=\"https:\/\/www.facebook.com\/altominhotv\" \/>\n<meta property=\"article:published_time\" content=\"2018-01-09T11:04:39+00:00\" \/>\n<meta property=\"og:image\" content=\"https:\/\/www.altominho.tv\/site\/wp-content\/uploads\/2018\/01\/igreja.jpg\" \/>\n\t<meta property=\"og:image:width\" content=\"800\" \/>\n\t<meta property=\"og:image:height\" content=\"600\" \/>\n\t<meta property=\"og:image:type\" content=\"image\/jpeg\" \/>\n<meta name=\"author\" content=\"C\u00e1tia Malheiro\" \/>\n<meta name=\"twitter:card\" content=\"summary_large_image\" \/>\n<meta name=\"twitter:creator\" content=\"@altominhoTV\" \/>\n<meta name=\"twitter:site\" content=\"@altominhoTV\" \/>\n<meta name=\"twitter:label1\" content=\"Escrito por\" \/>\n\t<meta name=\"twitter:data1\" content=\"C\u00e1tia Malheiro\" \/>\n\t<meta name=\"twitter:label2\" content=\"Tempo estimado de leitura\" \/>\n\t<meta name=\"twitter:data2\" content=\"2 minutos\" \/>\n<script type=\"application\/ld+json\" class=\"yoast-schema-graph\">{\"@context\":\"https:\\\/\\\/schema.org\",\"@graph\":[{\"@type\":\"Article\",\"@id\":\"https:\\\/\\\/www.altominho.tv\\\/site\\\/2018\\\/01\\\/09\\\/ponte-da-barca-inicia-estudo-arqueologico-de-igreja-consumida-pelo-fogo\\\/#article\",\"isPartOf\":{\"@id\":\"https:\\\/\\\/www.altominho.tv\\\/site\\\/2018\\\/01\\\/09\\\/ponte-da-barca-inicia-estudo-arqueologico-de-igreja-consumida-pelo-fogo\\\/\"},\"author\":{\"name\":\"C\u00e1tia Malheiro\",\"@id\":\"https:\\\/\\\/www.altominho.tv\\\/site\\\/#\\\/schema\\\/person\\\/5c9404a8b438614c93da6ca09db92574\"},\"headline\":\"Ponte da Barca inicia estudo arqueol\u00f3gico de igreja consumida pelo fogo\",\"datePublished\":\"2018-01-09T11:04:39+00:00\",\"mainEntityOfPage\":{\"@id\":\"https:\\\/\\\/www.altominho.tv\\\/site\\\/2018\\\/01\\\/09\\\/ponte-da-barca-inicia-estudo-arqueologico-de-igreja-consumida-pelo-fogo\\\/\"},\"wordCount\":505,\"image\":{\"@id\":\"https:\\\/\\\/www.altominho.tv\\\/site\\\/2018\\\/01\\\/09\\\/ponte-da-barca-inicia-estudo-arqueologico-de-igreja-consumida-pelo-fogo\\\/#primaryimage\"},\"thumbnailUrl\":\"https:\\\/\\\/www.altominho.tv\\\/site\\\/wp-content\\\/uploads\\\/2018\\\/01\\\/igreja.jpg\",\"keywords\":[\"Sociedade\"],\"articleSection\":[\"Ponte da Barca\"],\"inLanguage\":\"pt-PT\",\"copyrightYear\":\"2018\",\"copyrightHolder\":{\"@id\":\"https:\\\/\\\/www.altominho.tv\\\/site\\\/#organization\"}},{\"@type\":\"WebPage\",\"@id\":\"https:\\\/\\\/www.altominho.tv\\\/site\\\/2018\\\/01\\\/09\\\/ponte-da-barca-inicia-estudo-arqueologico-de-igreja-consumida-pelo-fogo\\\/\",\"url\":\"https:\\\/\\\/www.altominho.tv\\\/site\\\/2018\\\/01\\\/09\\\/ponte-da-barca-inicia-estudo-arqueologico-de-igreja-consumida-pelo-fogo\\\/\",\"name\":\"Ponte da Barca inicia estudo arqueol\u00f3gico de igreja consumida pelo fogo\",\"isPartOf\":{\"@id\":\"https:\\\/\\\/www.altominho.tv\\\/site\\\/#website\"},\"primaryImageOfPage\":{\"@id\":\"https:\\\/\\\/www.altominho.tv\\\/site\\\/2018\\\/01\\\/09\\\/ponte-da-barca-inicia-estudo-arqueologico-de-igreja-consumida-pelo-fogo\\\/#primaryimage\"},\"image\":{\"@id\":\"https:\\\/\\\/www.altominho.tv\\\/site\\\/2018\\\/01\\\/09\\\/ponte-da-barca-inicia-estudo-arqueologico-de-igreja-consumida-pelo-fogo\\\/#primaryimage\"},\"thumbnailUrl\":\"https:\\\/\\\/www.altominho.tv\\\/site\\\/wp-content\\\/uploads\\\/2018\\\/01\\\/igreja.jpg\",\"datePublished\":\"2018-01-09T11:04:39+00:00\",\"author\":{\"@id\":\"https:\\\/\\\/www.altominho.tv\\\/site\\\/#\\\/schema\\\/person\\\/5c9404a8b438614c93da6ca09db92574\"},\"breadcrumb\":{\"@id\":\"https:\\\/\\\/www.altominho.tv\\\/site\\\/2018\\\/01\\\/09\\\/ponte-da-barca-inicia-estudo-arqueologico-de-igreja-consumida-pelo-fogo\\\/#breadcrumb\"},\"inLanguage\":\"pt-PT\",\"potentialAction\":[{\"@type\":\"ReadAction\",\"target\":[\"https:\\\/\\\/www.altominho.tv\\\/site\\\/2018\\\/01\\\/09\\\/ponte-da-barca-inicia-estudo-arqueologico-de-igreja-consumida-pelo-fogo\\\/\"]}]},{\"@type\":\"ImageObject\",\"inLanguage\":\"pt-PT\",\"@id\":\"https:\\\/\\\/www.altominho.tv\\\/site\\\/2018\\\/01\\\/09\\\/ponte-da-barca-inicia-estudo-arqueologico-de-igreja-consumida-pelo-fogo\\\/#primaryimage\",\"url\":\"https:\\\/\\\/www.altominho.tv\\\/site\\\/wp-content\\\/uploads\\\/2018\\\/01\\\/igreja.jpg\",\"contentUrl\":\"https:\\\/\\\/www.altominho.tv\\\/site\\\/wp-content\\\/uploads\\\/2018\\\/01\\\/igreja.jpg\",\"width\":800,\"height\":600},{\"@type\":\"BreadcrumbList\",\"@id\":\"https:\\\/\\\/www.altominho.tv\\\/site\\\/2018\\\/01\\\/09\\\/ponte-da-barca-inicia-estudo-arqueologico-de-igreja-consumida-pelo-fogo\\\/#breadcrumb\",\"itemListElement\":[{\"@type\":\"ListItem\",\"position\":1,\"name\":\"In\u00edcio\",\"item\":\"https:\\\/\\\/www.altominho.tv\\\/site\\\/\"},{\"@type\":\"ListItem\",\"position\":2,\"name\":\"Ponte da Barca inicia estudo arqueol\u00f3gico de igreja consumida pelo fogo\"}]},{\"@type\":\"WebSite\",\"@id\":\"https:\\\/\\\/www.altominho.tv\\\/site\\\/#website\",\"url\":\"https:\\\/\\\/www.altominho.tv\\\/site\\\/\",\"name\":\"Altominho.tv\",\"description\":\"A sua regi\u00e3o \u00e0 dist\u00e2ncia de um clique...\",\"potentialAction\":[{\"@type\":\"SearchAction\",\"target\":{\"@type\":\"EntryPoint\",\"urlTemplate\":\"https:\\\/\\\/www.altominho.tv\\\/site\\\/?s={search_term_string}\"},\"query-input\":{\"@type\":\"PropertyValueSpecification\",\"valueRequired\":true,\"valueName\":\"search_term_string\"}}],\"inLanguage\":\"pt-PT\"},{\"@type\":\"Person\",\"@id\":\"https:\\\/\\\/www.altominho.tv\\\/site\\\/#\\\/schema\\\/person\\\/5c9404a8b438614c93da6ca09db92574\",\"name\":\"C\u00e1tia Malheiro\",\"image\":{\"@type\":\"ImageObject\",\"inLanguage\":\"pt-PT\",\"@id\":\"https:\\\/\\\/www.altominho.tv\\\/site\\\/wp-content\\\/uploads\\\/2017\\\/11\\\/Catia_Malheiro-150x150.jpg\",\"url\":\"https:\\\/\\\/www.altominho.tv\\\/site\\\/wp-content\\\/uploads\\\/2017\\\/11\\\/Catia_Malheiro-150x150.jpg\",\"contentUrl\":\"https:\\\/\\\/www.altominho.tv\\\/site\\\/wp-content\\\/uploads\\\/2017\\\/11\\\/Catia_Malheiro-150x150.jpg\",\"caption\":\"C\u00e1tia Malheiro\"},\"url\":\"https:\\\/\\\/www.altominho.tv\\\/site\\\/author\\\/catiamalheiro\\\/\"}]}<\/script>\n<!-- \/ Yoast SEO Premium plugin. -->","yoast_head_json":{"title":"Ponte da Barca inicia estudo arqueol\u00f3gico de igreja consumida pelo fogo","robots":{"index":"index","follow":"follow","max-snippet":"max-snippet:-1","max-image-preview":"max-image-preview:large","max-video-preview":"max-video-preview:-1"},"canonical":"https:\/\/www.altominho.tv\/site\/2018\/01\/09\/ponte-da-barca-inicia-estudo-arqueologico-de-igreja-consumida-pelo-fogo\/","og_locale":"pt_PT","og_type":"article","og_title":"Ponte da Barca inicia estudo arqueol\u00f3gico de igreja consumida pelo fogo","og_description":"O presidente da C\u00e2mara de Ponte da Barca disse hoje \u00e0 Lusa que a primeira fase da reconstru\u00e7\u00e3o da igreja de Lavradas, consumida por um inc\u00eandio em dezembro passado, vai come\u00e7ar na sexta-feira com o estudo arqueol\u00f3gico do templo. &#8220;Numa primeira fase vamos fazer um estudo arqueol\u00f3gico para ver se existem vest\u00edgios hist\u00f3ricos naquele espa\u00e7o, [&hellip;]","og_url":"https:\/\/www.altominho.tv\/site\/2018\/01\/09\/ponte-da-barca-inicia-estudo-arqueologico-de-igreja-consumida-pelo-fogo\/","og_site_name":"Altominho.tv","article_publisher":"https:\/\/www.facebook.com\/altominhotv","article_published_time":"2018-01-09T11:04:39+00:00","og_image":[{"width":800,"height":600,"url":"https:\/\/www.altominho.tv\/site\/wp-content\/uploads\/2018\/01\/igreja.jpg","type":"image\/jpeg"}],"author":"C\u00e1tia Malheiro","twitter_card":"summary_large_image","twitter_creator":"@altominhoTV","twitter_site":"@altominhoTV","twitter_misc":{"Escrito por":"C\u00e1tia Malheiro","Tempo estimado de leitura":"2 minutos"},"schema":{"@context":"https:\/\/schema.org","@graph":[{"@type":"Article","@id":"https:\/\/www.altominho.tv\/site\/2018\/01\/09\/ponte-da-barca-inicia-estudo-arqueologico-de-igreja-consumida-pelo-fogo\/#article","isPartOf":{"@id":"https:\/\/www.altominho.tv\/site\/2018\/01\/09\/ponte-da-barca-inicia-estudo-arqueologico-de-igreja-consumida-pelo-fogo\/"},"author":{"name":"C\u00e1tia Malheiro","@id":"https:\/\/www.altominho.tv\/site\/#\/schema\/person\/5c9404a8b438614c93da6ca09db92574"},"headline":"Ponte da Barca inicia estudo arqueol\u00f3gico de igreja consumida pelo fogo","datePublished":"2018-01-09T11:04:39+00:00","mainEntityOfPage":{"@id":"https:\/\/www.altominho.tv\/site\/2018\/01\/09\/ponte-da-barca-inicia-estudo-arqueologico-de-igreja-consumida-pelo-fogo\/"},"wordCount":505,"image":{"@id":"https:\/\/www.altominho.tv\/site\/2018\/01\/09\/ponte-da-barca-inicia-estudo-arqueologico-de-igreja-consumida-pelo-fogo\/#primaryimage"},"thumbnailUrl":"https:\/\/www.altominho.tv\/site\/wp-content\/uploads\/2018\/01\/igreja.jpg","keywords":["Sociedade"],"articleSection":["Ponte da Barca"],"inLanguage":"pt-PT","copyrightYear":"2018","copyrightHolder":{"@id":"https:\/\/www.altominho.tv\/site\/#organization"}},{"@type":"WebPage","@id":"https:\/\/www.altominho.tv\/site\/2018\/01\/09\/ponte-da-barca-inicia-estudo-arqueologico-de-igreja-consumida-pelo-fogo\/","url":"https:\/\/www.altominho.tv\/site\/2018\/01\/09\/ponte-da-barca-inicia-estudo-arqueologico-de-igreja-consumida-pelo-fogo\/","name":"Ponte da Barca inicia estudo arqueol\u00f3gico de igreja consumida pelo fogo","isPartOf":{"@id":"https:\/\/www.altominho.tv\/site\/#website"},"primaryImageOfPage":{"@id":"https:\/\/www.altominho.tv\/site\/2018\/01\/09\/ponte-da-barca-inicia-estudo-arqueologico-de-igreja-consumida-pelo-fogo\/#primaryimage"},"image":{"@id":"https:\/\/www.altominho.tv\/site\/2018\/01\/09\/ponte-da-barca-inicia-estudo-arqueologico-de-igreja-consumida-pelo-fogo\/#primaryimage"},"thumbnailUrl":"https:\/\/www.altominho.tv\/site\/wp-content\/uploads\/2018\/01\/igreja.jpg","datePublished":"2018-01-09T11:04:39+00:00","author":{"@id":"https:\/\/www.altominho.tv\/site\/#\/schema\/person\/5c9404a8b438614c93da6ca09db92574"},"breadcrumb":{"@id":"https:\/\/www.altominho.tv\/site\/2018\/01\/09\/ponte-da-barca-inicia-estudo-arqueologico-de-igreja-consumida-pelo-fogo\/#breadcrumb"},"inLanguage":"pt-PT","potentialAction":[{"@type":"ReadAction","target":["https:\/\/www.altominho.tv\/site\/2018\/01\/09\/ponte-da-barca-inicia-estudo-arqueologico-de-igreja-consumida-pelo-fogo\/"]}]},{"@type":"ImageObject","inLanguage":"pt-PT","@id":"https:\/\/www.altominho.tv\/site\/2018\/01\/09\/ponte-da-barca-inicia-estudo-arqueologico-de-igreja-consumida-pelo-fogo\/#primaryimage","url":"https:\/\/www.altominho.tv\/site\/wp-content\/uploads\/2018\/01\/igreja.jpg","contentUrl":"https:\/\/www.altominho.tv\/site\/wp-content\/uploads\/2018\/01\/igreja.jpg","width":800,"height":600},{"@type":"BreadcrumbList","@id":"https:\/\/www.altominho.tv\/site\/2018\/01\/09\/ponte-da-barca-inicia-estudo-arqueologico-de-igreja-consumida-pelo-fogo\/#breadcrumb","itemListElement":[{"@type":"ListItem","position":1,"name":"In\u00edcio","item":"https:\/\/www.altominho.tv\/site\/"},{"@type":"ListItem","position":2,"name":"Ponte da Barca inicia estudo arqueol\u00f3gico de igreja consumida pelo fogo"}]},{"@type":"WebSite","@id":"https:\/\/www.altominho.tv\/site\/#website","url":"https:\/\/www.altominho.tv\/site\/","name":"Altominho.tv","description":"A sua regi\u00e3o \u00e0 dist\u00e2ncia de um clique...","potentialAction":[{"@type":"SearchAction","target":{"@type":"EntryPoint","urlTemplate":"https:\/\/www.altominho.tv\/site\/?s={search_term_string}"},"query-input":{"@type":"PropertyValueSpecification","valueRequired":true,"valueName":"search_term_string"}}],"inLanguage":"pt-PT"},{"@type":"Person","@id":"https:\/\/www.altominho.tv\/site\/#\/schema\/person\/5c9404a8b438614c93da6ca09db92574","name":"C\u00e1tia Malheiro","image":{"@type":"ImageObject","inLanguage":"pt-PT","@id":"https:\/\/www.altominho.tv\/site\/wp-content\/uploads\/2017\/11\/Catia_Malheiro-150x150.jpg","url":"https:\/\/www.altominho.tv\/site\/wp-content\/uploads\/2017\/11\/Catia_Malheiro-150x150.jpg","contentUrl":"https:\/\/www.altominho.tv\/site\/wp-content\/uploads\/2017\/11\/Catia_Malheiro-150x150.jpg","caption":"C\u00e1tia Malheiro"},"url":"https:\/\/www.altominho.tv\/site\/author\/catiamalheiro\/"}]}},"_links":{"self":[{"href":"https:\/\/www.altominho.tv\/site\/wp-json\/wp\/v2\/posts\/8058","targetHints":{"allow":["GET"]}}],"collection":[{"href":"https:\/\/www.altominho.tv\/site\/wp-json\/wp\/v2\/posts"}],"about":[{"href":"https:\/\/www.altominho.tv\/site\/wp-json\/wp\/v2\/types\/post"}],"author":[{"embeddable":true,"href":"https:\/\/www.altominho.tv\/site\/wp-json\/wp\/v2\/users\/6"}],"replies":[{"embeddable":true,"href":"https:\/\/www.altominho.tv\/site\/wp-json\/wp\/v2\/comments?post=8058"}],"version-history":[{"count":0,"href":"https:\/\/www.altominho.tv\/site\/wp-json\/wp\/v2\/posts\/8058\/revisions"}],"wp:featuredmedia":[{"embeddable":true,"href":"https:\/\/www.altominho.tv\/site\/wp-json\/wp\/v2\/media\/8059"}],"wp:attachment":[{"href":"https:\/\/www.altominho.tv\/site\/wp-json\/wp\/v2\/media?parent=8058"}],"wp:term":[{"taxonomy":"category","embeddable":true,"href":"https:\/\/www.altominho.tv\/site\/wp-json\/wp\/v2\/categories?post=8058"},{"taxonomy":"post_tag","embeddable":true,"href":"https:\/\/www.altominho.tv\/site\/wp-json\/wp\/v2\/tags?post=8058"}],"curies":[{"name":"wp","href":"https:\/\/api.w.org\/{rel}","templated":true}]}}