{"id":80492,"date":"2022-06-08T09:28:42","date_gmt":"2022-06-08T08:28:42","guid":{"rendered":"https:\/\/www.altominho.tv\/site\/?p=80492"},"modified":"2022-06-08T09:28:45","modified_gmt":"2022-06-08T08:28:45","slug":"autarcas-de-moncao-e-melgaco-apelam-a-debate-sobre-denominacao-de-origem-para-alvarinho","status":"publish","type":"post","link":"https:\/\/www.altominho.tv\/site\/2022\/06\/08\/autarcas-de-moncao-e-melgaco-apelam-a-debate-sobre-denominacao-de-origem-para-alvarinho\/","title":{"rendered":"Autarcas de Mon\u00e7\u00e3o e Melga\u00e7o apelam a debate sobre Denomina\u00e7\u00e3o de Origem para Alvarinho"},"content":{"rendered":"<p>Os presidentes das C\u00e2maras de Mon\u00e7\u00e3o e Melga\u00e7o alertaram, em comunicado conjunto, para a \u201curg\u00eancia\u201d de um debate sobre a cria\u00e7\u00e3o de uma Denomina\u00e7\u00e3o de Origem (DO) para o vinho Alvarinho produzido naquela sub-regi\u00e3o.<\/p>\n<p>\u201c\u00c9 um tema que j\u00e1 \u00e9 assunto na regi\u00e3o h\u00e1 j\u00e1 algum tempo. \u00c9 hora de nos sentarmos \u00e0 mesa e debatermos e decidirmos, de forma convincente. Queremos continuar como estamos, queremos fazer o caminho da Denomina\u00e7\u00e3o de Origem\u201d, afirmou o autarca de Mon\u00e7\u00e3o, Ant\u00f3nio Barbosa.<\/p>\n<p>Contactado pela ag\u00eancia Lusa, a prop\u00f3sito do comunicado conjunto que assinalou, na ter\u00e7a-feira, o Dia de Mon\u00e7\u00e3o &amp; Melga\u00e7o, a \u201cOrigem do Alvarinho\u201d, o autarca explicou que \u201ca cria\u00e7\u00e3o de uma DO \u00fanica \u00e9 um pensamento comum de dois presidentes, mas que a decis\u00e3o final est\u00e1 na m\u00e3o dos produtores\u201d.<\/p>\n<p>\u201cO primeiro passo j\u00e1 foi dado quando foi criado o selo de origem pr\u00f3prio dentro da Regi\u00e3o dos Vinhos Verdes [RVV]. A nossa ideia \u00e9 continuar o caminho at\u00e9 \u00e0 DO. Se h\u00e1 essa vontade por parte de uma larga maioria de produtores, o setor deveria sentar-se \u00e0 mesa e falar de forma s\u00e9ria sobre este assunto e tomar decis\u00f5es\u201d, afirmou.<\/p>\n<p>Segundo Ant\u00f3nio Barbosa, a cria\u00e7\u00e3o da DO, \u201csempre dentro da RVV\u201d, \u00e9 \u201cum caminho aberto desde que a sub-regi\u00e3o perdeu a exclusividade da produ\u00e7\u00e3o do vinho Alvarinho, e da cria\u00e7\u00e3o do selo de origem ter refor\u00e7ado a afirma\u00e7\u00e3o do setor\u201d, com \u201cmais de meia centena de produtores\u201d.<\/p>\n<p>\u201cH\u00e1 uma larga maioria de produtores a querer fazer esse caminho, mas n\u00e3o \u00e9 uma quest\u00e3o consensual. Por isso \u00e9 que n\u00f3s, autarcas, enfatizamos que t\u00eam de ser os produtores a iniciar, com urg\u00eancia esse debate. A DO pretende dar express\u00e3o \u00e0 marca e \u00e0 regi\u00e3o, garantindo mais seguran\u00e7a ao consumidor, e autonomia na forma de comunicar essa DO. Tem os seus riscos. Deixar de ter o selo da RVV e passar a ser uma DO acarreta alguns riscos e alguns produtores t\u00eam receio por ser um caminho aut\u00f3nomo, sendo que apesar da cria\u00e7\u00e3o da DO, o produtor pode escolher se quer colocar na garrafa o selo da DO ou o selo da RVV. N\u00e3o h\u00e1 nenhuma obrigatoriedade de usar a DO\u201d, especificou.<\/p>\n<p>Ant\u00f3nio Barbosa disse ainda que os dois concelhos \u201cbeneficiam e muito com o Alvarinho, mas em \u00faltima inst\u00e2ncia os mais interessados s\u00e3o os produtores, que s\u00e3o os agentes econ\u00f3micos que dinamizam esta atividade\u201d.<\/p>\n<p>Em abril, tamb\u00e9m em declara\u00e7\u00f5es \u00e0 Lusa, o presidente da C\u00e2mara de Melga\u00e7o, Manoel Batista, defendeu igualmente a cria\u00e7\u00e3o da DO pela sua import\u00e2ncia na \u201cafirma\u00e7\u00e3o de um territ\u00f3rio\u201d integrado na regi\u00e3o vitivin\u00edcola dos vinhos verdes, demarcada desde 1908.<\/p>\n<p>\u201cClaramente estamos a falar da regi\u00e3o dos vinhos verdes com mais dinamismo, maior afirma\u00e7\u00e3o, maior diferencia\u00e7\u00e3o, que puxa pelo pre\u00e7o dos vinhos verdes e da regi\u00e3o. N\u00e3o h\u00e1 nenhuma outra que tenha, neste momento, valor acrescentado como t\u00eam Mon\u00e7\u00e3o e Melga\u00e7o. Portanto, estamos \u00e0 frente, faz sentido que sejamos reconhecidos e tenhamos uma DO pr\u00f3pria nos pr\u00f3ximos anos\u201d, referiu o autarca.<\/p>\n<p>Segundo dados da Comiss\u00e3o de Viticultura da Regi\u00e3o dos Vinhos Verdes (CVRVV), a sub-regi\u00e3o de Mon\u00e7\u00e3o e Melga\u00e7o tem uma \u00e1rea total de 45 mil hectares, 1.730 dos quais cultivados com vinha, sendo que a casta Alvarinho ocupa cerca de 1.340 hectares.<\/p>\n<p>A sub-regi\u00e3o tem no mercado 253 marcas de verde, produzidas por 2.085 viticultores e 67 engarrafadores. Por ano, os dois concelhos produzem 10,2 milh\u00f5es de litros de vinho verde (74% branco, 10% tinto e 3% ros\u00e9).<\/p>\n<p>Desde 2015, a produ\u00e7\u00e3o de Alvarinho foi alargada a outras zonas do pa\u00eds, fora dos dois concelhos do Alto Minho, em resultado de acordo alcan\u00e7ado pelo Grupo de Trabalho do Alvarinho (GTA), constitu\u00eddo pelo anterior Governo PSD\/CDS-PP e liderado pela CVRVV, defensora do alargamento da produ\u00e7\u00e3o daquele vinho aos 47 munic\u00edpios que a integram.<\/p>\n<p>O acordo foi aceite pelo munic\u00edpio de Mon\u00e7\u00e3o. J\u00e1 os produtores de Melga\u00e7o, acionistas da empresa &#8220;Quintas de Melga\u00e7o&#8221;, cuja maioria do capital \u00e9 detido pela autarquia, contestam o acordo, considerando que &#8220;prejudica&#8221; a sub-regi\u00e3o.<\/p>\n","protected":false},"excerpt":{"rendered":"<p>Os presidentes das C\u00e2maras de Mon\u00e7\u00e3o e Melga\u00e7o alertaram, em comunicado conjunto, para a \u201curg\u00eancia\u201d de um debate sobre a cria\u00e7\u00e3o de uma Denomina\u00e7\u00e3o de Origem (DO) para o vinho Alvarinho produzido naquela sub-regi\u00e3o. \u201c\u00c9 um tema que j\u00e1 \u00e9 assunto na regi\u00e3o h\u00e1 j\u00e1 algum tempo. \u00c9 hora de nos sentarmos \u00e0 mesa e [&hellip;]<\/p>\n","protected":false},"author":13,"featured_media":80493,"comment_status":"closed","ping_status":"closed","sticky":false,"template":"","format":"standard","meta":{"_exactmetrics_skip_tracking":false,"_exactmetrics_sitenote_active":false,"_exactmetrics_sitenote_note":"","_exactmetrics_sitenote_category":0,"footnotes":""},"categories":[73],"tags":[21],"class_list":["post-80492","post","type-post","status-publish","format-standard","has-post-thumbnail","hentry","category-alto-minho","tag-economia"],"yoast_head":"<!-- This site is optimized with the Yoast SEO Premium plugin v27.4 (Yoast SEO v27.4) - https:\/\/yoast.com\/product\/yoast-seo-premium-wordpress\/ -->\n<title>Autarcas de Mon\u00e7\u00e3o e Melga\u00e7o apelam a debate sobre Denomina\u00e7\u00e3o de Origem para Alvarinho<\/title>\n<meta name=\"description\" content=\"Os presidentes das C\u00e2maras de Mon\u00e7\u00e3o e Melga\u00e7o alertaram para a \u201curg\u00eancia\u201d de um debate sobre a cria\u00e7\u00e3o de uma Denomina\u00e7\u00e3o de Origem para o vinho Alvarinho produzido naquela sub-regi\u00e3o.\" \/>\n<meta name=\"robots\" content=\"index, follow, max-snippet:-1, max-image-preview:large, max-video-preview:-1\" \/>\n<link rel=\"canonical\" href=\"https:\/\/www.altominho.tv\/site\/2022\/06\/08\/autarcas-de-moncao-e-melgaco-apelam-a-debate-sobre-denominacao-de-origem-para-alvarinho\/\" \/>\n<meta property=\"og:locale\" content=\"pt_PT\" \/>\n<meta property=\"og:type\" content=\"article\" \/>\n<meta property=\"og:title\" content=\"Autarcas de Mon\u00e7\u00e3o e Melga\u00e7o apelam a debate sobre Denomina\u00e7\u00e3o de Origem para Alvarinho\" \/>\n<meta property=\"og:description\" content=\"Os presidentes das C\u00e2maras de Mon\u00e7\u00e3o e Melga\u00e7o alertaram para a \u201curg\u00eancia\u201d de um debate sobre a cria\u00e7\u00e3o de uma Denomina\u00e7\u00e3o de Origem para o vinho Alvarinho produzido naquela sub-regi\u00e3o.\" \/>\n<meta property=\"og:url\" content=\"https:\/\/www.altominho.tv\/site\/2022\/06\/08\/autarcas-de-moncao-e-melgaco-apelam-a-debate-sobre-denominacao-de-origem-para-alvarinho\/\" \/>\n<meta property=\"og:site_name\" content=\"Altominho.tv\" \/>\n<meta property=\"article:publisher\" content=\"https:\/\/www.facebook.com\/altominhotv\" \/>\n<meta property=\"article:published_time\" content=\"2022-06-08T08:28:42+00:00\" \/>\n<meta property=\"article:modified_time\" content=\"2022-06-08T08:28:45+00:00\" \/>\n<meta property=\"og:image\" content=\"https:\/\/www.altominho.tv\/site\/wp-content\/uploads\/2022\/06\/Vinha-Alvarinho.jpg\" \/>\n\t<meta property=\"og:image:width\" content=\"1166\" \/>\n\t<meta property=\"og:image:height\" content=\"656\" \/>\n\t<meta property=\"og:image:type\" content=\"image\/jpeg\" \/>\n<meta name=\"author\" content=\"Lusa\" \/>\n<meta name=\"twitter:card\" content=\"summary_large_image\" \/>\n<meta name=\"twitter:creator\" content=\"@altominhoTV\" \/>\n<meta name=\"twitter:site\" content=\"@altominhoTV\" \/>\n<meta name=\"twitter:label1\" content=\"Escrito por\" \/>\n\t<meta name=\"twitter:data1\" content=\"Lusa\" \/>\n\t<meta name=\"twitter:label2\" content=\"Tempo estimado de leitura\" \/>\n\t<meta name=\"twitter:data2\" content=\"4 minutos\" \/>\n<script type=\"application\/ld+json\" class=\"yoast-schema-graph\">{\"@context\":\"https:\\\/\\\/schema.org\",\"@graph\":[{\"@type\":\"Article\",\"@id\":\"https:\\\/\\\/www.altominho.tv\\\/site\\\/2022\\\/06\\\/08\\\/autarcas-de-moncao-e-melgaco-apelam-a-debate-sobre-denominacao-de-origem-para-alvarinho\\\/#article\",\"isPartOf\":{\"@id\":\"https:\\\/\\\/www.altominho.tv\\\/site\\\/2022\\\/06\\\/08\\\/autarcas-de-moncao-e-melgaco-apelam-a-debate-sobre-denominacao-de-origem-para-alvarinho\\\/\"},\"author\":{\"name\":\"Lusa\",\"@id\":\"https:\\\/\\\/www.altominho.tv\\\/site\\\/#\\\/schema\\\/person\\\/63f693da3e1899361cbe955c46f3232e\"},\"headline\":\"Autarcas de Mon\u00e7\u00e3o e Melga\u00e7o apelam a debate sobre Denomina\u00e7\u00e3o de Origem para Alvarinho\",\"datePublished\":\"2022-06-08T08:28:42+00:00\",\"dateModified\":\"2022-06-08T08:28:45+00:00\",\"mainEntityOfPage\":{\"@id\":\"https:\\\/\\\/www.altominho.tv\\\/site\\\/2022\\\/06\\\/08\\\/autarcas-de-moncao-e-melgaco-apelam-a-debate-sobre-denominacao-de-origem-para-alvarinho\\\/\"},\"wordCount\":736,\"image\":{\"@id\":\"https:\\\/\\\/www.altominho.tv\\\/site\\\/2022\\\/06\\\/08\\\/autarcas-de-moncao-e-melgaco-apelam-a-debate-sobre-denominacao-de-origem-para-alvarinho\\\/#primaryimage\"},\"thumbnailUrl\":\"https:\\\/\\\/www.altominho.tv\\\/site\\\/wp-content\\\/uploads\\\/2022\\\/06\\\/Vinha-Alvarinho.jpg\",\"keywords\":[\"Economia\"],\"articleSection\":[\"Alto Minho\"],\"inLanguage\":\"pt-PT\",\"copyrightYear\":\"2022\",\"copyrightHolder\":{\"@id\":\"https:\\\/\\\/www.altominho.tv\\\/site\\\/#organization\"}},{\"@type\":\"WebPage\",\"@id\":\"https:\\\/\\\/www.altominho.tv\\\/site\\\/2022\\\/06\\\/08\\\/autarcas-de-moncao-e-melgaco-apelam-a-debate-sobre-denominacao-de-origem-para-alvarinho\\\/\",\"url\":\"https:\\\/\\\/www.altominho.tv\\\/site\\\/2022\\\/06\\\/08\\\/autarcas-de-moncao-e-melgaco-apelam-a-debate-sobre-denominacao-de-origem-para-alvarinho\\\/\",\"name\":\"Autarcas de Mon\u00e7\u00e3o e Melga\u00e7o apelam a debate sobre Denomina\u00e7\u00e3o de Origem para Alvarinho\",\"isPartOf\":{\"@id\":\"https:\\\/\\\/www.altominho.tv\\\/site\\\/#website\"},\"primaryImageOfPage\":{\"@id\":\"https:\\\/\\\/www.altominho.tv\\\/site\\\/2022\\\/06\\\/08\\\/autarcas-de-moncao-e-melgaco-apelam-a-debate-sobre-denominacao-de-origem-para-alvarinho\\\/#primaryimage\"},\"image\":{\"@id\":\"https:\\\/\\\/www.altominho.tv\\\/site\\\/2022\\\/06\\\/08\\\/autarcas-de-moncao-e-melgaco-apelam-a-debate-sobre-denominacao-de-origem-para-alvarinho\\\/#primaryimage\"},\"thumbnailUrl\":\"https:\\\/\\\/www.altominho.tv\\\/site\\\/wp-content\\\/uploads\\\/2022\\\/06\\\/Vinha-Alvarinho.jpg\",\"datePublished\":\"2022-06-08T08:28:42+00:00\",\"dateModified\":\"2022-06-08T08:28:45+00:00\",\"author\":{\"@id\":\"https:\\\/\\\/www.altominho.tv\\\/site\\\/#\\\/schema\\\/person\\\/63f693da3e1899361cbe955c46f3232e\"},\"description\":\"Os presidentes das C\u00e2maras de Mon\u00e7\u00e3o e Melga\u00e7o alertaram para a \u201curg\u00eancia\u201d de um debate sobre a cria\u00e7\u00e3o de uma Denomina\u00e7\u00e3o de Origem para o vinho Alvarinho produzido naquela sub-regi\u00e3o.\",\"breadcrumb\":{\"@id\":\"https:\\\/\\\/www.altominho.tv\\\/site\\\/2022\\\/06\\\/08\\\/autarcas-de-moncao-e-melgaco-apelam-a-debate-sobre-denominacao-de-origem-para-alvarinho\\\/#breadcrumb\"},\"inLanguage\":\"pt-PT\",\"potentialAction\":[{\"@type\":\"ReadAction\",\"target\":[\"https:\\\/\\\/www.altominho.tv\\\/site\\\/2022\\\/06\\\/08\\\/autarcas-de-moncao-e-melgaco-apelam-a-debate-sobre-denominacao-de-origem-para-alvarinho\\\/\"]}]},{\"@type\":\"ImageObject\",\"inLanguage\":\"pt-PT\",\"@id\":\"https:\\\/\\\/www.altominho.tv\\\/site\\\/2022\\\/06\\\/08\\\/autarcas-de-moncao-e-melgaco-apelam-a-debate-sobre-denominacao-de-origem-para-alvarinho\\\/#primaryimage\",\"url\":\"https:\\\/\\\/www.altominho.tv\\\/site\\\/wp-content\\\/uploads\\\/2022\\\/06\\\/Vinha-Alvarinho.jpg\",\"contentUrl\":\"https:\\\/\\\/www.altominho.tv\\\/site\\\/wp-content\\\/uploads\\\/2022\\\/06\\\/Vinha-Alvarinho.jpg\",\"width\":1166,\"height\":656},{\"@type\":\"BreadcrumbList\",\"@id\":\"https:\\\/\\\/www.altominho.tv\\\/site\\\/2022\\\/06\\\/08\\\/autarcas-de-moncao-e-melgaco-apelam-a-debate-sobre-denominacao-de-origem-para-alvarinho\\\/#breadcrumb\",\"itemListElement\":[{\"@type\":\"ListItem\",\"position\":1,\"name\":\"In\u00edcio\",\"item\":\"https:\\\/\\\/www.altominho.tv\\\/site\\\/\"},{\"@type\":\"ListItem\",\"position\":2,\"name\":\"Autarcas de Mon\u00e7\u00e3o e Melga\u00e7o apelam a debate sobre Denomina\u00e7\u00e3o de Origem para Alvarinho\"}]},{\"@type\":\"WebSite\",\"@id\":\"https:\\\/\\\/www.altominho.tv\\\/site\\\/#website\",\"url\":\"https:\\\/\\\/www.altominho.tv\\\/site\\\/\",\"name\":\"Altominho.tv\",\"description\":\"A sua regi\u00e3o \u00e0 dist\u00e2ncia de um clique...\",\"potentialAction\":[{\"@type\":\"SearchAction\",\"target\":{\"@type\":\"EntryPoint\",\"urlTemplate\":\"https:\\\/\\\/www.altominho.tv\\\/site\\\/?s={search_term_string}\"},\"query-input\":{\"@type\":\"PropertyValueSpecification\",\"valueRequired\":true,\"valueName\":\"search_term_string\"}}],\"inLanguage\":\"pt-PT\"},{\"@type\":\"Person\",\"@id\":\"https:\\\/\\\/www.altominho.tv\\\/site\\\/#\\\/schema\\\/person\\\/63f693da3e1899361cbe955c46f3232e\",\"name\":\"Lusa\",\"image\":{\"@type\":\"ImageObject\",\"inLanguage\":\"pt-PT\",\"@id\":\"https:\\\/\\\/www.altominho.tv\\\/site\\\/wp-content\\\/uploads\\\/2019\\\/08\\\/LUSA_Logo.gif\",\"url\":\"https:\\\/\\\/www.altominho.tv\\\/site\\\/wp-content\\\/uploads\\\/2019\\\/08\\\/LUSA_Logo.gif\",\"contentUrl\":\"https:\\\/\\\/www.altominho.tv\\\/site\\\/wp-content\\\/uploads\\\/2019\\\/08\\\/LUSA_Logo.gif\",\"caption\":\"Lusa\"},\"sameAs\":[\"http:\\\/\\\/\\\/\\\/www.altominho.tv\\\/site\"],\"url\":\"https:\\\/\\\/www.altominho.tv\\\/site\\\/author\\\/lusa\\\/\"}]}<\/script>\n<!-- \/ Yoast SEO Premium plugin. -->","yoast_head_json":{"title":"Autarcas de Mon\u00e7\u00e3o e Melga\u00e7o apelam a debate sobre Denomina\u00e7\u00e3o de Origem para Alvarinho","description":"Os presidentes das C\u00e2maras de Mon\u00e7\u00e3o e Melga\u00e7o alertaram para a \u201curg\u00eancia\u201d de um debate sobre a cria\u00e7\u00e3o de uma Denomina\u00e7\u00e3o de Origem para o vinho Alvarinho produzido naquela sub-regi\u00e3o.","robots":{"index":"index","follow":"follow","max-snippet":"max-snippet:-1","max-image-preview":"max-image-preview:large","max-video-preview":"max-video-preview:-1"},"canonical":"https:\/\/www.altominho.tv\/site\/2022\/06\/08\/autarcas-de-moncao-e-melgaco-apelam-a-debate-sobre-denominacao-de-origem-para-alvarinho\/","og_locale":"pt_PT","og_type":"article","og_title":"Autarcas de Mon\u00e7\u00e3o e Melga\u00e7o apelam a debate sobre Denomina\u00e7\u00e3o de Origem para Alvarinho","og_description":"Os presidentes das C\u00e2maras de Mon\u00e7\u00e3o e Melga\u00e7o alertaram para a \u201curg\u00eancia\u201d de um debate sobre a cria\u00e7\u00e3o de uma Denomina\u00e7\u00e3o de Origem para o vinho Alvarinho produzido naquela sub-regi\u00e3o.","og_url":"https:\/\/www.altominho.tv\/site\/2022\/06\/08\/autarcas-de-moncao-e-melgaco-apelam-a-debate-sobre-denominacao-de-origem-para-alvarinho\/","og_site_name":"Altominho.tv","article_publisher":"https:\/\/www.facebook.com\/altominhotv","article_published_time":"2022-06-08T08:28:42+00:00","article_modified_time":"2022-06-08T08:28:45+00:00","og_image":[{"width":1166,"height":656,"url":"https:\/\/www.altominho.tv\/site\/wp-content\/uploads\/2022\/06\/Vinha-Alvarinho.jpg","type":"image\/jpeg"}],"author":"Lusa","twitter_card":"summary_large_image","twitter_creator":"@altominhoTV","twitter_site":"@altominhoTV","twitter_misc":{"Escrito por":"Lusa","Tempo estimado de leitura":"4 minutos"},"schema":{"@context":"https:\/\/schema.org","@graph":[{"@type":"Article","@id":"https:\/\/www.altominho.tv\/site\/2022\/06\/08\/autarcas-de-moncao-e-melgaco-apelam-a-debate-sobre-denominacao-de-origem-para-alvarinho\/#article","isPartOf":{"@id":"https:\/\/www.altominho.tv\/site\/2022\/06\/08\/autarcas-de-moncao-e-melgaco-apelam-a-debate-sobre-denominacao-de-origem-para-alvarinho\/"},"author":{"name":"Lusa","@id":"https:\/\/www.altominho.tv\/site\/#\/schema\/person\/63f693da3e1899361cbe955c46f3232e"},"headline":"Autarcas de Mon\u00e7\u00e3o e Melga\u00e7o apelam a debate sobre Denomina\u00e7\u00e3o de Origem para Alvarinho","datePublished":"2022-06-08T08:28:42+00:00","dateModified":"2022-06-08T08:28:45+00:00","mainEntityOfPage":{"@id":"https:\/\/www.altominho.tv\/site\/2022\/06\/08\/autarcas-de-moncao-e-melgaco-apelam-a-debate-sobre-denominacao-de-origem-para-alvarinho\/"},"wordCount":736,"image":{"@id":"https:\/\/www.altominho.tv\/site\/2022\/06\/08\/autarcas-de-moncao-e-melgaco-apelam-a-debate-sobre-denominacao-de-origem-para-alvarinho\/#primaryimage"},"thumbnailUrl":"https:\/\/www.altominho.tv\/site\/wp-content\/uploads\/2022\/06\/Vinha-Alvarinho.jpg","keywords":["Economia"],"articleSection":["Alto Minho"],"inLanguage":"pt-PT","copyrightYear":"2022","copyrightHolder":{"@id":"https:\/\/www.altominho.tv\/site\/#organization"}},{"@type":"WebPage","@id":"https:\/\/www.altominho.tv\/site\/2022\/06\/08\/autarcas-de-moncao-e-melgaco-apelam-a-debate-sobre-denominacao-de-origem-para-alvarinho\/","url":"https:\/\/www.altominho.tv\/site\/2022\/06\/08\/autarcas-de-moncao-e-melgaco-apelam-a-debate-sobre-denominacao-de-origem-para-alvarinho\/","name":"Autarcas de Mon\u00e7\u00e3o e Melga\u00e7o apelam a debate sobre Denomina\u00e7\u00e3o de Origem para Alvarinho","isPartOf":{"@id":"https:\/\/www.altominho.tv\/site\/#website"},"primaryImageOfPage":{"@id":"https:\/\/www.altominho.tv\/site\/2022\/06\/08\/autarcas-de-moncao-e-melgaco-apelam-a-debate-sobre-denominacao-de-origem-para-alvarinho\/#primaryimage"},"image":{"@id":"https:\/\/www.altominho.tv\/site\/2022\/06\/08\/autarcas-de-moncao-e-melgaco-apelam-a-debate-sobre-denominacao-de-origem-para-alvarinho\/#primaryimage"},"thumbnailUrl":"https:\/\/www.altominho.tv\/site\/wp-content\/uploads\/2022\/06\/Vinha-Alvarinho.jpg","datePublished":"2022-06-08T08:28:42+00:00","dateModified":"2022-06-08T08:28:45+00:00","author":{"@id":"https:\/\/www.altominho.tv\/site\/#\/schema\/person\/63f693da3e1899361cbe955c46f3232e"},"description":"Os presidentes das C\u00e2maras de Mon\u00e7\u00e3o e Melga\u00e7o alertaram para a \u201curg\u00eancia\u201d de um debate sobre a cria\u00e7\u00e3o de uma Denomina\u00e7\u00e3o de Origem para o vinho Alvarinho produzido naquela sub-regi\u00e3o.","breadcrumb":{"@id":"https:\/\/www.altominho.tv\/site\/2022\/06\/08\/autarcas-de-moncao-e-melgaco-apelam-a-debate-sobre-denominacao-de-origem-para-alvarinho\/#breadcrumb"},"inLanguage":"pt-PT","potentialAction":[{"@type":"ReadAction","target":["https:\/\/www.altominho.tv\/site\/2022\/06\/08\/autarcas-de-moncao-e-melgaco-apelam-a-debate-sobre-denominacao-de-origem-para-alvarinho\/"]}]},{"@type":"ImageObject","inLanguage":"pt-PT","@id":"https:\/\/www.altominho.tv\/site\/2022\/06\/08\/autarcas-de-moncao-e-melgaco-apelam-a-debate-sobre-denominacao-de-origem-para-alvarinho\/#primaryimage","url":"https:\/\/www.altominho.tv\/site\/wp-content\/uploads\/2022\/06\/Vinha-Alvarinho.jpg","contentUrl":"https:\/\/www.altominho.tv\/site\/wp-content\/uploads\/2022\/06\/Vinha-Alvarinho.jpg","width":1166,"height":656},{"@type":"BreadcrumbList","@id":"https:\/\/www.altominho.tv\/site\/2022\/06\/08\/autarcas-de-moncao-e-melgaco-apelam-a-debate-sobre-denominacao-de-origem-para-alvarinho\/#breadcrumb","itemListElement":[{"@type":"ListItem","position":1,"name":"In\u00edcio","item":"https:\/\/www.altominho.tv\/site\/"},{"@type":"ListItem","position":2,"name":"Autarcas de Mon\u00e7\u00e3o e Melga\u00e7o apelam a debate sobre Denomina\u00e7\u00e3o de Origem para Alvarinho"}]},{"@type":"WebSite","@id":"https:\/\/www.altominho.tv\/site\/#website","url":"https:\/\/www.altominho.tv\/site\/","name":"Altominho.tv","description":"A sua regi\u00e3o \u00e0 dist\u00e2ncia de um clique...","potentialAction":[{"@type":"SearchAction","target":{"@type":"EntryPoint","urlTemplate":"https:\/\/www.altominho.tv\/site\/?s={search_term_string}"},"query-input":{"@type":"PropertyValueSpecification","valueRequired":true,"valueName":"search_term_string"}}],"inLanguage":"pt-PT"},{"@type":"Person","@id":"https:\/\/www.altominho.tv\/site\/#\/schema\/person\/63f693da3e1899361cbe955c46f3232e","name":"Lusa","image":{"@type":"ImageObject","inLanguage":"pt-PT","@id":"https:\/\/www.altominho.tv\/site\/wp-content\/uploads\/2019\/08\/LUSA_Logo.gif","url":"https:\/\/www.altominho.tv\/site\/wp-content\/uploads\/2019\/08\/LUSA_Logo.gif","contentUrl":"https:\/\/www.altominho.tv\/site\/wp-content\/uploads\/2019\/08\/LUSA_Logo.gif","caption":"Lusa"},"sameAs":["http:\/\/\/\/www.altominho.tv\/site"],"url":"https:\/\/www.altominho.tv\/site\/author\/lusa\/"}]}},"_links":{"self":[{"href":"https:\/\/www.altominho.tv\/site\/wp-json\/wp\/v2\/posts\/80492","targetHints":{"allow":["GET"]}}],"collection":[{"href":"https:\/\/www.altominho.tv\/site\/wp-json\/wp\/v2\/posts"}],"about":[{"href":"https:\/\/www.altominho.tv\/site\/wp-json\/wp\/v2\/types\/post"}],"author":[{"embeddable":true,"href":"https:\/\/www.altominho.tv\/site\/wp-json\/wp\/v2\/users\/13"}],"replies":[{"embeddable":true,"href":"https:\/\/www.altominho.tv\/site\/wp-json\/wp\/v2\/comments?post=80492"}],"version-history":[{"count":0,"href":"https:\/\/www.altominho.tv\/site\/wp-json\/wp\/v2\/posts\/80492\/revisions"}],"wp:featuredmedia":[{"embeddable":true,"href":"https:\/\/www.altominho.tv\/site\/wp-json\/wp\/v2\/media\/80493"}],"wp:attachment":[{"href":"https:\/\/www.altominho.tv\/site\/wp-json\/wp\/v2\/media?parent=80492"}],"wp:term":[{"taxonomy":"category","embeddable":true,"href":"https:\/\/www.altominho.tv\/site\/wp-json\/wp\/v2\/categories?post=80492"},{"taxonomy":"post_tag","embeddable":true,"href":"https:\/\/www.altominho.tv\/site\/wp-json\/wp\/v2\/tags?post=80492"}],"curies":[{"name":"wp","href":"https:\/\/api.w.org\/{rel}","templated":true}]}}