{"id":80480,"date":"2022-06-07T16:17:49","date_gmt":"2022-06-07T15:17:49","guid":{"rendered":"https:\/\/www.altominho.tv\/site\/?p=80480"},"modified":"2022-06-07T16:17:54","modified_gmt":"2022-06-07T15:17:54","slug":"pescadores-viana-caminha","status":"publish","type":"post","link":"https:\/\/www.altominho.tv\/site\/2022\/06\/07\/pescadores-viana-caminha\/","title":{"rendered":"Pescadores de Viana do Castelo e Caminha exigem apoio igual para barcos a gasolina"},"content":{"rendered":"\n<p>Os pescadores de Viana do Castelo e Caminha organizam na quarta-feira uma a\u00e7\u00e3o de den\u00fancia para exigir o mesmo tratamento para embarca\u00e7\u00f5es a gasolina, como o prestado aos barcos a gas\u00f3leo, foi hoje divulgado.<\/p>\n\n\n\n<p>Em declara\u00e7\u00f5es \u00e0 ag\u00eancia Lusa, o coordenador do Sindicato dos Trabalhadores da Pesca do Norte, Nuno Teixeira, explicou que a a\u00e7\u00e3o, que vai decorrer a partir das 11h00, com uma concentra\u00e7\u00e3o na Rua dos Mareantes, em Viana do Castelo, pretende alertar para a situa\u00e7\u00e3o \u201cinsuport\u00e1vel\u201d da pequena pesca, \u201cface ao aumento brutal do pre\u00e7o dos combust\u00edveis\u201d.<\/p>\n\n\n\n<p>\u201cO Or\u00e7amento de Estado para 2022 mant\u00e9m a disparidade nos apoios a embarca\u00e7\u00f5es a gas\u00f3leo e gasolina. As embarca\u00e7\u00f5es a gas\u00f3leo t\u00eam um desconto direto no Imposto Sobre os Produtos Petrol\u00edferos (ISP) na compra do gas\u00f3leo. As embarca\u00e7\u00f5es a gasolina t\u00eam de pagar ao pre\u00e7o que qualquer portugu\u00eas paga, e depois t\u00eam de se candidatar a um apoio para colmatar os custos dos combust\u00edveis.\u00a0Sabemos como s\u00e3o os apoios em Portugal, que tardam sempre em chegar\u201d, afirmou Nuno Teixeira.<\/p>\n\n\n\n<p>O protesto por \u201cigualdade de tratamento\u201d prev\u00ea, ap\u00f3s a concentra\u00e7\u00e3o, uma desloca\u00e7\u00e3o at\u00e9 \u00e0 capitania do porto de pesca de Viana do Castelo.<\/p>\n\n\n\n<p>Na a\u00e7\u00e3o v\u00e3o participar a Associa\u00e7\u00e3o de Pescadores Ribeirinha de Viana do Castelo, a Associa\u00e7\u00e3o de Pescadores de Castelo de Neiva (Viana do Castelo) e a Associa\u00e7\u00e3o de Pescadores Profissionais e Desportivos de Vila Praia de \u00c2ncora, no concelho de Caminha.<\/p>\n\n\n\n<p>\u201cA pequena pesca \u00e9 t\u00e3o importante. O n\u00famero de embarca\u00e7\u00f5es da pequena pesca \u00e9 completamente superior ao resto do setor. E n\u00e3o estamos a falar s\u00f3 em termos de pescadores, estamos a falar de fam\u00edlias. Porque toda a fam\u00edlia trabalha em torno do barco, na venda do peixe. Estamos a falar de centenas de fam\u00edlias\u201d, refor\u00e7ou Nuno Teixeira.<\/p>\n\n\n\n<p>O coordenador do Sindicato dos Trabalhadores da Pesca do Norte indicou que se forem contabilizadas as comunidades piscat\u00f3rias de Viana do Castelo e Vila Praia de \u00c2ncora existem 100 ou mais embarca\u00e7\u00f5es de pequena pesca.<\/p>\n\n\n\n<p>\u201cEste n\u00famero aumenta se contabilizarmos as fam\u00edlias envolvidas no setor\u201d, frisou, garantindo que o problema dos combust\u00edveis \u201cn\u00e3o se resolve na base fiscal\u201d.<\/p>\n\n\n\n<p>\u201cO Governo tem condi\u00e7\u00f5es, mesmo atrav\u00e9s da import\u00e2ncia que a Docapesca tem no setor, de criar, como faz para o gas\u00f3leo, locais de abastecimento\u201d, referiu.<\/p>\n\n\n\n<p>Al\u00e9m da igualdade de tratamento para as embarca\u00e7\u00f5es a gasolina, o protesto visa ainda exigir ao Governo que \u201cresolva rapidamente o pagamento atrasado do subs\u00eddio, apoios imediatos que resolvam o problema do custo do combust\u00edvel\u201d.<\/p>\n\n\n\n<p>\u201c\u00c9 um caminho que temos de fazer. Iremos continuar a fazer press\u00e3o para que esta quest\u00e3o de igualdade para o setor se concretize\u201d, garantiu Nuno Teixeira.<\/p>\n","protected":false},"excerpt":{"rendered":"<p>Os pescadores de Viana do Castelo e Caminha organizam na quarta-feira uma a\u00e7\u00e3o de den\u00fancia para exigir o mesmo tratamento para embarca\u00e7\u00f5es a gasolina, como o prestado aos barcos a gas\u00f3leo, foi hoje divulgado. Em declara\u00e7\u00f5es \u00e0 ag\u00eancia Lusa, o coordenador do Sindicato dos Trabalhadores da Pesca do Norte, Nuno Teixeira, explicou que a a\u00e7\u00e3o, [&hellip;]<\/p>\n","protected":false},"author":16,"featured_media":80481,"comment_status":"closed","ping_status":"closed","sticky":false,"template":"","format":"standard","meta":{"_exactmetrics_skip_tracking":false,"_exactmetrics_sitenote_active":false,"_exactmetrics_sitenote_note":"","_exactmetrics_sitenote_category":0,"footnotes":""},"categories":[73],"tags":[27],"class_list":["post-80480","post","type-post","status-publish","format-standard","has-post-thumbnail","hentry","category-alto-minho","tag-sociedade"],"yoast_head":"<!-- This site is optimized with the Yoast SEO Premium plugin v27.4 (Yoast SEO v27.4) - https:\/\/yoast.com\/product\/yoast-seo-premium-wordpress\/ -->\n<title>Pescadores de Viana do Castelo e Caminha exigem apoio igual para barcos a gasolina<\/title>\n<meta name=\"description\" content=\"Os pescadores de Viana do Castelo e Caminha organizam na quarta-feira uma a\u00e7\u00e3o de den\u00fancia para exigir o mesmo tratamento.\" \/>\n<meta name=\"robots\" content=\"index, follow, max-snippet:-1, max-image-preview:large, max-video-preview:-1\" \/>\n<link rel=\"canonical\" href=\"https:\/\/www.altominho.tv\/site\/2022\/06\/07\/pescadores-viana-caminha\/\" \/>\n<meta property=\"og:locale\" content=\"pt_PT\" \/>\n<meta property=\"og:type\" content=\"article\" \/>\n<meta property=\"og:title\" content=\"Pescadores de Viana do Castelo e Caminha exigem apoio igual para barcos a gasolina\" \/>\n<meta property=\"og:description\" content=\"Os pescadores de Viana do Castelo e Caminha organizam na quarta-feira uma a\u00e7\u00e3o de den\u00fancia para exigir o mesmo tratamento.\" \/>\n<meta property=\"og:url\" content=\"https:\/\/www.altominho.tv\/site\/2022\/06\/07\/pescadores-viana-caminha\/\" \/>\n<meta property=\"og:site_name\" content=\"Altominho.tv\" \/>\n<meta property=\"article:publisher\" content=\"https:\/\/www.facebook.com\/altominhotv\" \/>\n<meta property=\"article:published_time\" content=\"2022-06-07T15:17:49+00:00\" \/>\n<meta property=\"article:modified_time\" content=\"2022-06-07T15:17:54+00:00\" \/>\n<meta property=\"og:image\" content=\"https:\/\/www.altominho.tv\/site\/wp-content\/uploads\/2022\/06\/pescadores.png\" \/>\n\t<meta property=\"og:image:width\" content=\"1273\" \/>\n\t<meta property=\"og:image:height\" content=\"673\" \/>\n\t<meta property=\"og:image:type\" content=\"image\/png\" \/>\n<meta name=\"author\" content=\"Andreia Cunha | Lusa\" \/>\n<meta name=\"twitter:card\" content=\"summary_large_image\" \/>\n<meta name=\"twitter:creator\" content=\"@altominhoTV\" \/>\n<meta name=\"twitter:site\" content=\"@altominhoTV\" \/>\n<meta name=\"twitter:label1\" content=\"Escrito por\" \/>\n\t<meta name=\"twitter:data1\" content=\"Andreia Cunha | Lusa\" \/>\n\t<meta name=\"twitter:label2\" content=\"Tempo estimado de leitura\" \/>\n\t<meta name=\"twitter:data2\" content=\"3 minutos\" \/>\n<script type=\"application\/ld+json\" class=\"yoast-schema-graph\">{\"@context\":\"https:\\\/\\\/schema.org\",\"@graph\":[{\"@type\":\"Article\",\"@id\":\"https:\\\/\\\/www.altominho.tv\\\/site\\\/2022\\\/06\\\/07\\\/pescadores-viana-caminha\\\/#article\",\"isPartOf\":{\"@id\":\"https:\\\/\\\/www.altominho.tv\\\/site\\\/2022\\\/06\\\/07\\\/pescadores-viana-caminha\\\/\"},\"author\":{\"name\":\"Andreia Cunha | Lusa\",\"@id\":\"https:\\\/\\\/www.altominho.tv\\\/site\\\/#\\\/schema\\\/person\\\/dbaf181c01b51ff40c9f461a905d321e\"},\"headline\":\"Pescadores de Viana do Castelo e Caminha exigem apoio igual para barcos a gasolina\",\"datePublished\":\"2022-06-07T15:17:49+00:00\",\"dateModified\":\"2022-06-07T15:17:54+00:00\",\"mainEntityOfPage\":{\"@id\":\"https:\\\/\\\/www.altominho.tv\\\/site\\\/2022\\\/06\\\/07\\\/pescadores-viana-caminha\\\/\"},\"wordCount\":502,\"image\":{\"@id\":\"https:\\\/\\\/www.altominho.tv\\\/site\\\/2022\\\/06\\\/07\\\/pescadores-viana-caminha\\\/#primaryimage\"},\"thumbnailUrl\":\"https:\\\/\\\/www.altominho.tv\\\/site\\\/wp-content\\\/uploads\\\/2022\\\/06\\\/pescadores.png\",\"keywords\":[\"Sociedade\"],\"articleSection\":[\"Alto Minho\"],\"inLanguage\":\"pt-PT\",\"copyrightYear\":\"2022\",\"copyrightHolder\":{\"@id\":\"https:\\\/\\\/www.altominho.tv\\\/site\\\/#organization\"}},{\"@type\":\"WebPage\",\"@id\":\"https:\\\/\\\/www.altominho.tv\\\/site\\\/2022\\\/06\\\/07\\\/pescadores-viana-caminha\\\/\",\"url\":\"https:\\\/\\\/www.altominho.tv\\\/site\\\/2022\\\/06\\\/07\\\/pescadores-viana-caminha\\\/\",\"name\":\"Pescadores de Viana do Castelo e Caminha exigem apoio igual para barcos a gasolina\",\"isPartOf\":{\"@id\":\"https:\\\/\\\/www.altominho.tv\\\/site\\\/#website\"},\"primaryImageOfPage\":{\"@id\":\"https:\\\/\\\/www.altominho.tv\\\/site\\\/2022\\\/06\\\/07\\\/pescadores-viana-caminha\\\/#primaryimage\"},\"image\":{\"@id\":\"https:\\\/\\\/www.altominho.tv\\\/site\\\/2022\\\/06\\\/07\\\/pescadores-viana-caminha\\\/#primaryimage\"},\"thumbnailUrl\":\"https:\\\/\\\/www.altominho.tv\\\/site\\\/wp-content\\\/uploads\\\/2022\\\/06\\\/pescadores.png\",\"datePublished\":\"2022-06-07T15:17:49+00:00\",\"dateModified\":\"2022-06-07T15:17:54+00:00\",\"author\":{\"@id\":\"https:\\\/\\\/www.altominho.tv\\\/site\\\/#\\\/schema\\\/person\\\/dbaf181c01b51ff40c9f461a905d321e\"},\"description\":\"Os pescadores de Viana do Castelo e Caminha organizam na quarta-feira uma a\u00e7\u00e3o de den\u00fancia para exigir o mesmo tratamento.\",\"breadcrumb\":{\"@id\":\"https:\\\/\\\/www.altominho.tv\\\/site\\\/2022\\\/06\\\/07\\\/pescadores-viana-caminha\\\/#breadcrumb\"},\"inLanguage\":\"pt-PT\",\"potentialAction\":[{\"@type\":\"ReadAction\",\"target\":[\"https:\\\/\\\/www.altominho.tv\\\/site\\\/2022\\\/06\\\/07\\\/pescadores-viana-caminha\\\/\"]}]},{\"@type\":\"ImageObject\",\"inLanguage\":\"pt-PT\",\"@id\":\"https:\\\/\\\/www.altominho.tv\\\/site\\\/2022\\\/06\\\/07\\\/pescadores-viana-caminha\\\/#primaryimage\",\"url\":\"https:\\\/\\\/www.altominho.tv\\\/site\\\/wp-content\\\/uploads\\\/2022\\\/06\\\/pescadores.png\",\"contentUrl\":\"https:\\\/\\\/www.altominho.tv\\\/site\\\/wp-content\\\/uploads\\\/2022\\\/06\\\/pescadores.png\",\"width\":1273,\"height\":673},{\"@type\":\"BreadcrumbList\",\"@id\":\"https:\\\/\\\/www.altominho.tv\\\/site\\\/2022\\\/06\\\/07\\\/pescadores-viana-caminha\\\/#breadcrumb\",\"itemListElement\":[{\"@type\":\"ListItem\",\"position\":1,\"name\":\"In\u00edcio\",\"item\":\"https:\\\/\\\/www.altominho.tv\\\/site\\\/\"},{\"@type\":\"ListItem\",\"position\":2,\"name\":\"Pescadores de Viana do Castelo e Caminha exigem apoio igual para barcos a gasolina\"}]},{\"@type\":\"WebSite\",\"@id\":\"https:\\\/\\\/www.altominho.tv\\\/site\\\/#website\",\"url\":\"https:\\\/\\\/www.altominho.tv\\\/site\\\/\",\"name\":\"Altominho.tv\",\"description\":\"A sua regi\u00e3o \u00e0 dist\u00e2ncia de um clique...\",\"potentialAction\":[{\"@type\":\"SearchAction\",\"target\":{\"@type\":\"EntryPoint\",\"urlTemplate\":\"https:\\\/\\\/www.altominho.tv\\\/site\\\/?s={search_term_string}\"},\"query-input\":{\"@type\":\"PropertyValueSpecification\",\"valueRequired\":true,\"valueName\":\"search_term_string\"}}],\"inLanguage\":\"pt-PT\"},{\"@type\":\"Person\",\"@id\":\"https:\\\/\\\/www.altominho.tv\\\/site\\\/#\\\/schema\\\/person\\\/dbaf181c01b51ff40c9f461a905d321e\",\"name\":\"Andreia Cunha | Lusa\",\"image\":{\"@type\":\"ImageObject\",\"inLanguage\":\"pt-PT\",\"@id\":\"https:\\\/\\\/www.altominho.tv\\\/site\\\/wp-content\\\/uploads\\\/2017\\\/11\\\/Andreia_Cunha-1-150x150.jpg\",\"url\":\"https:\\\/\\\/www.altominho.tv\\\/site\\\/wp-content\\\/uploads\\\/2017\\\/11\\\/Andreia_Cunha-1-150x150.jpg\",\"contentUrl\":\"https:\\\/\\\/www.altominho.tv\\\/site\\\/wp-content\\\/uploads\\\/2017\\\/11\\\/Andreia_Cunha-1-150x150.jpg\",\"caption\":\"Andreia Cunha | Lusa\"},\"sameAs\":[\"https:\\\/\\\/www.altominho.tv\\\/site\"],\"url\":\"https:\\\/\\\/www.altominho.tv\\\/site\\\/author\\\/andreiacunhalusa\\\/\"}]}<\/script>\n<!-- \/ Yoast SEO Premium plugin. -->","yoast_head_json":{"title":"Pescadores de Viana do Castelo e Caminha exigem apoio igual para barcos a gasolina","description":"Os pescadores de Viana do Castelo e Caminha organizam na quarta-feira uma a\u00e7\u00e3o de den\u00fancia para exigir o mesmo tratamento.","robots":{"index":"index","follow":"follow","max-snippet":"max-snippet:-1","max-image-preview":"max-image-preview:large","max-video-preview":"max-video-preview:-1"},"canonical":"https:\/\/www.altominho.tv\/site\/2022\/06\/07\/pescadores-viana-caminha\/","og_locale":"pt_PT","og_type":"article","og_title":"Pescadores de Viana do Castelo e Caminha exigem apoio igual para barcos a gasolina","og_description":"Os pescadores de Viana do Castelo e Caminha organizam na quarta-feira uma a\u00e7\u00e3o de den\u00fancia para exigir o mesmo tratamento.","og_url":"https:\/\/www.altominho.tv\/site\/2022\/06\/07\/pescadores-viana-caminha\/","og_site_name":"Altominho.tv","article_publisher":"https:\/\/www.facebook.com\/altominhotv","article_published_time":"2022-06-07T15:17:49+00:00","article_modified_time":"2022-06-07T15:17:54+00:00","og_image":[{"width":1273,"height":673,"url":"https:\/\/www.altominho.tv\/site\/wp-content\/uploads\/2022\/06\/pescadores.png","type":"image\/png"}],"author":"Andreia Cunha | Lusa","twitter_card":"summary_large_image","twitter_creator":"@altominhoTV","twitter_site":"@altominhoTV","twitter_misc":{"Escrito por":"Andreia Cunha | Lusa","Tempo estimado de leitura":"3 minutos"},"schema":{"@context":"https:\/\/schema.org","@graph":[{"@type":"Article","@id":"https:\/\/www.altominho.tv\/site\/2022\/06\/07\/pescadores-viana-caminha\/#article","isPartOf":{"@id":"https:\/\/www.altominho.tv\/site\/2022\/06\/07\/pescadores-viana-caminha\/"},"author":{"name":"Andreia Cunha | Lusa","@id":"https:\/\/www.altominho.tv\/site\/#\/schema\/person\/dbaf181c01b51ff40c9f461a905d321e"},"headline":"Pescadores de Viana do Castelo e Caminha exigem apoio igual para barcos a gasolina","datePublished":"2022-06-07T15:17:49+00:00","dateModified":"2022-06-07T15:17:54+00:00","mainEntityOfPage":{"@id":"https:\/\/www.altominho.tv\/site\/2022\/06\/07\/pescadores-viana-caminha\/"},"wordCount":502,"image":{"@id":"https:\/\/www.altominho.tv\/site\/2022\/06\/07\/pescadores-viana-caminha\/#primaryimage"},"thumbnailUrl":"https:\/\/www.altominho.tv\/site\/wp-content\/uploads\/2022\/06\/pescadores.png","keywords":["Sociedade"],"articleSection":["Alto Minho"],"inLanguage":"pt-PT","copyrightYear":"2022","copyrightHolder":{"@id":"https:\/\/www.altominho.tv\/site\/#organization"}},{"@type":"WebPage","@id":"https:\/\/www.altominho.tv\/site\/2022\/06\/07\/pescadores-viana-caminha\/","url":"https:\/\/www.altominho.tv\/site\/2022\/06\/07\/pescadores-viana-caminha\/","name":"Pescadores de Viana do Castelo e Caminha exigem apoio igual para barcos a gasolina","isPartOf":{"@id":"https:\/\/www.altominho.tv\/site\/#website"},"primaryImageOfPage":{"@id":"https:\/\/www.altominho.tv\/site\/2022\/06\/07\/pescadores-viana-caminha\/#primaryimage"},"image":{"@id":"https:\/\/www.altominho.tv\/site\/2022\/06\/07\/pescadores-viana-caminha\/#primaryimage"},"thumbnailUrl":"https:\/\/www.altominho.tv\/site\/wp-content\/uploads\/2022\/06\/pescadores.png","datePublished":"2022-06-07T15:17:49+00:00","dateModified":"2022-06-07T15:17:54+00:00","author":{"@id":"https:\/\/www.altominho.tv\/site\/#\/schema\/person\/dbaf181c01b51ff40c9f461a905d321e"},"description":"Os pescadores de Viana do Castelo e Caminha organizam na quarta-feira uma a\u00e7\u00e3o de den\u00fancia para exigir o mesmo tratamento.","breadcrumb":{"@id":"https:\/\/www.altominho.tv\/site\/2022\/06\/07\/pescadores-viana-caminha\/#breadcrumb"},"inLanguage":"pt-PT","potentialAction":[{"@type":"ReadAction","target":["https:\/\/www.altominho.tv\/site\/2022\/06\/07\/pescadores-viana-caminha\/"]}]},{"@type":"ImageObject","inLanguage":"pt-PT","@id":"https:\/\/www.altominho.tv\/site\/2022\/06\/07\/pescadores-viana-caminha\/#primaryimage","url":"https:\/\/www.altominho.tv\/site\/wp-content\/uploads\/2022\/06\/pescadores.png","contentUrl":"https:\/\/www.altominho.tv\/site\/wp-content\/uploads\/2022\/06\/pescadores.png","width":1273,"height":673},{"@type":"BreadcrumbList","@id":"https:\/\/www.altominho.tv\/site\/2022\/06\/07\/pescadores-viana-caminha\/#breadcrumb","itemListElement":[{"@type":"ListItem","position":1,"name":"In\u00edcio","item":"https:\/\/www.altominho.tv\/site\/"},{"@type":"ListItem","position":2,"name":"Pescadores de Viana do Castelo e Caminha exigem apoio igual para barcos a gasolina"}]},{"@type":"WebSite","@id":"https:\/\/www.altominho.tv\/site\/#website","url":"https:\/\/www.altominho.tv\/site\/","name":"Altominho.tv","description":"A sua regi\u00e3o \u00e0 dist\u00e2ncia de um clique...","potentialAction":[{"@type":"SearchAction","target":{"@type":"EntryPoint","urlTemplate":"https:\/\/www.altominho.tv\/site\/?s={search_term_string}"},"query-input":{"@type":"PropertyValueSpecification","valueRequired":true,"valueName":"search_term_string"}}],"inLanguage":"pt-PT"},{"@type":"Person","@id":"https:\/\/www.altominho.tv\/site\/#\/schema\/person\/dbaf181c01b51ff40c9f461a905d321e","name":"Andreia Cunha | Lusa","image":{"@type":"ImageObject","inLanguage":"pt-PT","@id":"https:\/\/www.altominho.tv\/site\/wp-content\/uploads\/2017\/11\/Andreia_Cunha-1-150x150.jpg","url":"https:\/\/www.altominho.tv\/site\/wp-content\/uploads\/2017\/11\/Andreia_Cunha-1-150x150.jpg","contentUrl":"https:\/\/www.altominho.tv\/site\/wp-content\/uploads\/2017\/11\/Andreia_Cunha-1-150x150.jpg","caption":"Andreia Cunha | Lusa"},"sameAs":["https:\/\/www.altominho.tv\/site"],"url":"https:\/\/www.altominho.tv\/site\/author\/andreiacunhalusa\/"}]}},"_links":{"self":[{"href":"https:\/\/www.altominho.tv\/site\/wp-json\/wp\/v2\/posts\/80480","targetHints":{"allow":["GET"]}}],"collection":[{"href":"https:\/\/www.altominho.tv\/site\/wp-json\/wp\/v2\/posts"}],"about":[{"href":"https:\/\/www.altominho.tv\/site\/wp-json\/wp\/v2\/types\/post"}],"author":[{"embeddable":true,"href":"https:\/\/www.altominho.tv\/site\/wp-json\/wp\/v2\/users\/16"}],"replies":[{"embeddable":true,"href":"https:\/\/www.altominho.tv\/site\/wp-json\/wp\/v2\/comments?post=80480"}],"version-history":[{"count":0,"href":"https:\/\/www.altominho.tv\/site\/wp-json\/wp\/v2\/posts\/80480\/revisions"}],"wp:featuredmedia":[{"embeddable":true,"href":"https:\/\/www.altominho.tv\/site\/wp-json\/wp\/v2\/media\/80481"}],"wp:attachment":[{"href":"https:\/\/www.altominho.tv\/site\/wp-json\/wp\/v2\/media?parent=80480"}],"wp:term":[{"taxonomy":"category","embeddable":true,"href":"https:\/\/www.altominho.tv\/site\/wp-json\/wp\/v2\/categories?post=80480"},{"taxonomy":"post_tag","embeddable":true,"href":"https:\/\/www.altominho.tv\/site\/wp-json\/wp\/v2\/tags?post=80480"}],"curies":[{"name":"wp","href":"https:\/\/api.w.org\/{rel}","templated":true}]}}