{"id":80470,"date":"2022-06-07T10:20:42","date_gmt":"2022-06-07T09:20:42","guid":{"rendered":"https:\/\/www.altominho.tv\/site\/?p=80470"},"modified":"2022-06-07T10:20:46","modified_gmt":"2022-06-07T09:20:46","slug":"comunidades-piscatorias-e-o-mar-dao-mote-a-seminario-promovido-pela-cim-alto-minho","status":"publish","type":"post","link":"https:\/\/www.altominho.tv\/site\/2022\/06\/07\/comunidades-piscatorias-e-o-mar-dao-mote-a-seminario-promovido-pela-cim-alto-minho\/","title":{"rendered":"Comunidades piscat\u00f3rias e o mar d\u00e3o mote a semin\u00e1rio promovido pela CIM Alto Minho"},"content":{"rendered":"\n<p>\u201cComunidades Piscat\u00f3rias e o Mar &#8211; Uma rela\u00e7\u00e3o para al\u00e9m das pescas\u201d \u00e9 o tema do semin\u00e1rio que a Comunidade Intermunicipal do Alto Minho (CIM Alto Minho) promove na pr\u00f3xima quinta-feira, dia 9 de junho, em Viana do Castelo, com o apoio dos munic\u00edpios do Alto Minho no \u00e2mbito do projeto de coopera\u00e7\u00e3o inter-regional CHERISH.<\/p>\n\n\n\n<p>A CIM-Alto Minho deu nota que &#8220;este semin\u00e1rio, a ter lugar na Biblioteca Municipal de Viana do Castelo, a partir das 14h30, est\u00e1 integrado no programa do cruzeiro inaugural do Caminho Mar\u00edtimo de Santiago, que passa esta semana por Viana do Castelo. Ter\u00e1 como tema central as comunidades piscat\u00f3rias e, sobretudo, o potencial do recurso natural associado ao Mar&#8221;.<\/p>\n\n\n\n<p>A sess\u00e3o de abertura ser\u00e1 presidida por Jos\u00e9 Maria Costa, secret\u00e1rio de Estado do Mar, e Lu\u00eds Nobre, presidente da C\u00e2mara Municipal de Viana do Castelo.<\/p>\n\n\n\n<p>Conta ainda com um conjunto de oradores convidados, entre especialistas, investigadores e atores da chamada \u201ceconomia azul\u201d, como Isabel Estrada Carvalhais, deputada no Parlamento Europeu e membro da Comiss\u00e3o das Pescas, Agricultura e Desenvolvimento Rural; Ant\u00f3nio Jos\u00e9 Correia, da F\u00f3rum Oceano \u2013 Esta\u00e7\u00f5es N\u00e1uticas de Portugal; Jos\u00e9 Manuel Carpinteira, presidente do GAL Costeiro do Litoral Norte; Portela Rosa, presidente da Vianapesca &#8211; Cooperativa de Produtores de Peixe de Viana do Castelo; e David Sanches, presidente da Associa\u00e7\u00e3o de Pescadores da Ribeira Minho. Paulo Monteiro, diretor do Correio do Minho, ser\u00e1 o moderador do semin\u00e1rio e o presidente da CIM Alto Minho, Manoel Batista, far\u00e1 a sess\u00e3o de encerramento.<\/p>\n\n\n\n<p>O programa termina com uma visita \u00e0 Caravela Vera Cruz, marcada para as 17h, que a partir de quarta-feira \u00e0 tarde estar\u00e1 ancorada na doca comercial de Viana do Castelo, junto ao Navio Gil Eannes.<\/p>\n\n\n\n<p>A inscri\u00e7\u00e3o no semin\u00e1rio \u00e9 gratuita, mas deve ser realizada antecipadamente atrav\u00e9s do formul\u00e1rio dispon\u00edvel no site da CIM Alto Minho em&nbsp;<a href=\"http:\/\/www.cim-altominho.pt\/\" target=\"_blank\" rel=\"noreferrer noopener\">www.cim-altominho.pt<\/a>.<\/p>\n\n\n\n<p>O projeto CHERISH (Creating opportunities for regional growth through promoting Cultural HERitage of fiSHing communities in Europe), cofinanciado pelo programa INTERREG Europe, tem como objetivo principal a melhoria de pol\u00edticas p\u00fablicas de desenvolvimento regional relacionadas com a prote\u00e7\u00e3o e promo\u00e7\u00e3o do patrim\u00f3nio cultural nas comunidades piscat\u00f3rias, a fim de aumentar a atratividade dessas regi\u00f5es para as empresas, cidad\u00e3os e turistas.<\/p>\n","protected":false},"excerpt":{"rendered":"<p>\u201cComunidades Piscat\u00f3rias e o Mar &#8211; Uma rela\u00e7\u00e3o para al\u00e9m das pescas\u201d \u00e9 o tema do semin\u00e1rio que a Comunidade Intermunicipal do Alto Minho (CIM Alto Minho) promove na pr\u00f3xima quinta-feira, dia 9 de junho, em Viana do Castelo, com o apoio dos munic\u00edpios do Alto Minho no \u00e2mbito do projeto de coopera\u00e7\u00e3o inter-regional CHERISH. [&hellip;]<\/p>\n","protected":false},"author":7,"featured_media":80471,"comment_status":"closed","ping_status":"closed","sticky":false,"template":"","format":"standard","meta":{"_exactmetrics_skip_tracking":false,"_exactmetrics_sitenote_active":false,"_exactmetrics_sitenote_note":"","_exactmetrics_sitenote_category":0,"footnotes":""},"categories":[73],"tags":[27],"class_list":["post-80470","post","type-post","status-publish","format-standard","has-post-thumbnail","hentry","category-alto-minho","tag-sociedade"],"yoast_head":"<!-- This site is optimized with the Yoast SEO Premium plugin v27.4 (Yoast SEO v27.4) - https:\/\/yoast.com\/product\/yoast-seo-premium-wordpress\/ -->\n<title>Comunidades piscat\u00f3rias e o mar d\u00e3o mote a semin\u00e1rio promovido pela CIM Alto Minho<\/title>\n<meta name=\"description\" content=\"As comunidades piscat\u00f3rias e o mar d\u00e3o mote a um semin\u00e1rio promovido pela Comunidade Intermunicipal do Alto Minho.\" \/>\n<meta name=\"robots\" content=\"index, follow, max-snippet:-1, max-image-preview:large, max-video-preview:-1\" \/>\n<link rel=\"canonical\" href=\"https:\/\/www.altominho.tv\/site\/2022\/06\/07\/comunidades-piscatorias-e-o-mar-dao-mote-a-seminario-promovido-pela-cim-alto-minho\/\" \/>\n<meta property=\"og:locale\" content=\"pt_PT\" \/>\n<meta property=\"og:type\" content=\"article\" \/>\n<meta property=\"og:title\" content=\"Comunidades piscat\u00f3rias e o mar d\u00e3o mote a semin\u00e1rio promovido pela CIM Alto Minho\" \/>\n<meta property=\"og:description\" content=\"As comunidades piscat\u00f3rias e o mar d\u00e3o mote a um semin\u00e1rio promovido pela Comunidade Intermunicipal do Alto Minho.\" \/>\n<meta property=\"og:url\" content=\"https:\/\/www.altominho.tv\/site\/2022\/06\/07\/comunidades-piscatorias-e-o-mar-dao-mote-a-seminario-promovido-pela-cim-alto-minho\/\" \/>\n<meta property=\"og:site_name\" content=\"Altominho.tv\" \/>\n<meta property=\"article:publisher\" content=\"https:\/\/www.facebook.com\/altominhotv\" \/>\n<meta property=\"article:published_time\" content=\"2022-06-07T09:20:42+00:00\" \/>\n<meta property=\"article:modified_time\" content=\"2022-06-07T09:20:46+00:00\" \/>\n<meta property=\"og:image\" content=\"https:\/\/www.altominho.tv\/site\/wp-content\/uploads\/2022\/06\/image.jpg\" \/>\n\t<meta property=\"og:image:width\" content=\"1167\" \/>\n\t<meta property=\"og:image:height\" content=\"657\" \/>\n\t<meta property=\"og:image:type\" content=\"image\/jpeg\" \/>\n<meta name=\"author\" content=\"Andreia Cunha\" \/>\n<meta name=\"twitter:card\" content=\"summary_large_image\" \/>\n<meta name=\"twitter:creator\" content=\"@altominhoTV\" \/>\n<meta name=\"twitter:site\" content=\"@altominhoTV\" \/>\n<meta name=\"twitter:label1\" content=\"Escrito por\" \/>\n\t<meta name=\"twitter:data1\" content=\"Andreia Cunha\" \/>\n\t<meta name=\"twitter:label2\" content=\"Tempo estimado de leitura\" \/>\n\t<meta name=\"twitter:data2\" content=\"3 minutos\" \/>\n<script type=\"application\/ld+json\" class=\"yoast-schema-graph\">{\"@context\":\"https:\\\/\\\/schema.org\",\"@graph\":[{\"@type\":\"Article\",\"@id\":\"https:\\\/\\\/www.altominho.tv\\\/site\\\/2022\\\/06\\\/07\\\/comunidades-piscatorias-e-o-mar-dao-mote-a-seminario-promovido-pela-cim-alto-minho\\\/#article\",\"isPartOf\":{\"@id\":\"https:\\\/\\\/www.altominho.tv\\\/site\\\/2022\\\/06\\\/07\\\/comunidades-piscatorias-e-o-mar-dao-mote-a-seminario-promovido-pela-cim-alto-minho\\\/\"},\"author\":{\"name\":\"Andreia Cunha\",\"@id\":\"https:\\\/\\\/www.altominho.tv\\\/site\\\/#\\\/schema\\\/person\\\/a0e4ef6d041f98ca284393d8f1d97153\"},\"headline\":\"Comunidades piscat\u00f3rias e o mar d\u00e3o mote a semin\u00e1rio promovido pela CIM Alto Minho\",\"datePublished\":\"2022-06-07T09:20:42+00:00\",\"dateModified\":\"2022-06-07T09:20:46+00:00\",\"mainEntityOfPage\":{\"@id\":\"https:\\\/\\\/www.altominho.tv\\\/site\\\/2022\\\/06\\\/07\\\/comunidades-piscatorias-e-o-mar-dao-mote-a-seminario-promovido-pela-cim-alto-minho\\\/\"},\"wordCount\":415,\"image\":{\"@id\":\"https:\\\/\\\/www.altominho.tv\\\/site\\\/2022\\\/06\\\/07\\\/comunidades-piscatorias-e-o-mar-dao-mote-a-seminario-promovido-pela-cim-alto-minho\\\/#primaryimage\"},\"thumbnailUrl\":\"https:\\\/\\\/www.altominho.tv\\\/site\\\/wp-content\\\/uploads\\\/2022\\\/06\\\/image.jpg\",\"keywords\":[\"Sociedade\"],\"articleSection\":[\"Alto Minho\"],\"inLanguage\":\"pt-PT\",\"copyrightYear\":\"2022\",\"copyrightHolder\":{\"@id\":\"https:\\\/\\\/www.altominho.tv\\\/site\\\/#organization\"}},{\"@type\":\"WebPage\",\"@id\":\"https:\\\/\\\/www.altominho.tv\\\/site\\\/2022\\\/06\\\/07\\\/comunidades-piscatorias-e-o-mar-dao-mote-a-seminario-promovido-pela-cim-alto-minho\\\/\",\"url\":\"https:\\\/\\\/www.altominho.tv\\\/site\\\/2022\\\/06\\\/07\\\/comunidades-piscatorias-e-o-mar-dao-mote-a-seminario-promovido-pela-cim-alto-minho\\\/\",\"name\":\"Comunidades piscat\u00f3rias e o mar d\u00e3o mote a semin\u00e1rio promovido pela CIM Alto Minho\",\"isPartOf\":{\"@id\":\"https:\\\/\\\/www.altominho.tv\\\/site\\\/#website\"},\"primaryImageOfPage\":{\"@id\":\"https:\\\/\\\/www.altominho.tv\\\/site\\\/2022\\\/06\\\/07\\\/comunidades-piscatorias-e-o-mar-dao-mote-a-seminario-promovido-pela-cim-alto-minho\\\/#primaryimage\"},\"image\":{\"@id\":\"https:\\\/\\\/www.altominho.tv\\\/site\\\/2022\\\/06\\\/07\\\/comunidades-piscatorias-e-o-mar-dao-mote-a-seminario-promovido-pela-cim-alto-minho\\\/#primaryimage\"},\"thumbnailUrl\":\"https:\\\/\\\/www.altominho.tv\\\/site\\\/wp-content\\\/uploads\\\/2022\\\/06\\\/image.jpg\",\"datePublished\":\"2022-06-07T09:20:42+00:00\",\"dateModified\":\"2022-06-07T09:20:46+00:00\",\"author\":{\"@id\":\"https:\\\/\\\/www.altominho.tv\\\/site\\\/#\\\/schema\\\/person\\\/a0e4ef6d041f98ca284393d8f1d97153\"},\"description\":\"As comunidades piscat\u00f3rias e o mar d\u00e3o mote a um semin\u00e1rio promovido pela Comunidade Intermunicipal do Alto Minho.\",\"breadcrumb\":{\"@id\":\"https:\\\/\\\/www.altominho.tv\\\/site\\\/2022\\\/06\\\/07\\\/comunidades-piscatorias-e-o-mar-dao-mote-a-seminario-promovido-pela-cim-alto-minho\\\/#breadcrumb\"},\"inLanguage\":\"pt-PT\",\"potentialAction\":[{\"@type\":\"ReadAction\",\"target\":[\"https:\\\/\\\/www.altominho.tv\\\/site\\\/2022\\\/06\\\/07\\\/comunidades-piscatorias-e-o-mar-dao-mote-a-seminario-promovido-pela-cim-alto-minho\\\/\"]}]},{\"@type\":\"ImageObject\",\"inLanguage\":\"pt-PT\",\"@id\":\"https:\\\/\\\/www.altominho.tv\\\/site\\\/2022\\\/06\\\/07\\\/comunidades-piscatorias-e-o-mar-dao-mote-a-seminario-promovido-pela-cim-alto-minho\\\/#primaryimage\",\"url\":\"https:\\\/\\\/www.altominho.tv\\\/site\\\/wp-content\\\/uploads\\\/2022\\\/06\\\/image.jpg\",\"contentUrl\":\"https:\\\/\\\/www.altominho.tv\\\/site\\\/wp-content\\\/uploads\\\/2022\\\/06\\\/image.jpg\",\"width\":1167,\"height\":657},{\"@type\":\"BreadcrumbList\",\"@id\":\"https:\\\/\\\/www.altominho.tv\\\/site\\\/2022\\\/06\\\/07\\\/comunidades-piscatorias-e-o-mar-dao-mote-a-seminario-promovido-pela-cim-alto-minho\\\/#breadcrumb\",\"itemListElement\":[{\"@type\":\"ListItem\",\"position\":1,\"name\":\"In\u00edcio\",\"item\":\"https:\\\/\\\/www.altominho.tv\\\/site\\\/\"},{\"@type\":\"ListItem\",\"position\":2,\"name\":\"Comunidades piscat\u00f3rias e o mar d\u00e3o mote a semin\u00e1rio promovido pela CIM Alto Minho\"}]},{\"@type\":\"WebSite\",\"@id\":\"https:\\\/\\\/www.altominho.tv\\\/site\\\/#website\",\"url\":\"https:\\\/\\\/www.altominho.tv\\\/site\\\/\",\"name\":\"Altominho.tv\",\"description\":\"A sua regi\u00e3o \u00e0 dist\u00e2ncia de um clique...\",\"potentialAction\":[{\"@type\":\"SearchAction\",\"target\":{\"@type\":\"EntryPoint\",\"urlTemplate\":\"https:\\\/\\\/www.altominho.tv\\\/site\\\/?s={search_term_string}\"},\"query-input\":{\"@type\":\"PropertyValueSpecification\",\"valueRequired\":true,\"valueName\":\"search_term_string\"}}],\"inLanguage\":\"pt-PT\"},{\"@type\":\"Person\",\"@id\":\"https:\\\/\\\/www.altominho.tv\\\/site\\\/#\\\/schema\\\/person\\\/a0e4ef6d041f98ca284393d8f1d97153\",\"name\":\"Andreia Cunha\",\"image\":{\"@type\":\"ImageObject\",\"inLanguage\":\"pt-PT\",\"@id\":\"https:\\\/\\\/www.altominho.tv\\\/site\\\/wp-content\\\/uploads\\\/2017\\\/11\\\/Andreia_Cunha-1-150x150.jpg\",\"url\":\"https:\\\/\\\/www.altominho.tv\\\/site\\\/wp-content\\\/uploads\\\/2017\\\/11\\\/Andreia_Cunha-1-150x150.jpg\",\"contentUrl\":\"https:\\\/\\\/www.altominho.tv\\\/site\\\/wp-content\\\/uploads\\\/2017\\\/11\\\/Andreia_Cunha-1-150x150.jpg\",\"caption\":\"Andreia Cunha\"},\"url\":\"https:\\\/\\\/www.altominho.tv\\\/site\\\/author\\\/andreiacunha\\\/\"}]}<\/script>\n<!-- \/ Yoast SEO Premium plugin. -->","yoast_head_json":{"title":"Comunidades piscat\u00f3rias e o mar d\u00e3o mote a semin\u00e1rio promovido pela CIM Alto Minho","description":"As comunidades piscat\u00f3rias e o mar d\u00e3o mote a um semin\u00e1rio promovido pela Comunidade Intermunicipal do Alto Minho.","robots":{"index":"index","follow":"follow","max-snippet":"max-snippet:-1","max-image-preview":"max-image-preview:large","max-video-preview":"max-video-preview:-1"},"canonical":"https:\/\/www.altominho.tv\/site\/2022\/06\/07\/comunidades-piscatorias-e-o-mar-dao-mote-a-seminario-promovido-pela-cim-alto-minho\/","og_locale":"pt_PT","og_type":"article","og_title":"Comunidades piscat\u00f3rias e o mar d\u00e3o mote a semin\u00e1rio promovido pela CIM Alto Minho","og_description":"As comunidades piscat\u00f3rias e o mar d\u00e3o mote a um semin\u00e1rio promovido pela Comunidade Intermunicipal do Alto Minho.","og_url":"https:\/\/www.altominho.tv\/site\/2022\/06\/07\/comunidades-piscatorias-e-o-mar-dao-mote-a-seminario-promovido-pela-cim-alto-minho\/","og_site_name":"Altominho.tv","article_publisher":"https:\/\/www.facebook.com\/altominhotv","article_published_time":"2022-06-07T09:20:42+00:00","article_modified_time":"2022-06-07T09:20:46+00:00","og_image":[{"width":1167,"height":657,"url":"https:\/\/www.altominho.tv\/site\/wp-content\/uploads\/2022\/06\/image.jpg","type":"image\/jpeg"}],"author":"Andreia Cunha","twitter_card":"summary_large_image","twitter_creator":"@altominhoTV","twitter_site":"@altominhoTV","twitter_misc":{"Escrito por":"Andreia Cunha","Tempo estimado de leitura":"3 minutos"},"schema":{"@context":"https:\/\/schema.org","@graph":[{"@type":"Article","@id":"https:\/\/www.altominho.tv\/site\/2022\/06\/07\/comunidades-piscatorias-e-o-mar-dao-mote-a-seminario-promovido-pela-cim-alto-minho\/#article","isPartOf":{"@id":"https:\/\/www.altominho.tv\/site\/2022\/06\/07\/comunidades-piscatorias-e-o-mar-dao-mote-a-seminario-promovido-pela-cim-alto-minho\/"},"author":{"name":"Andreia Cunha","@id":"https:\/\/www.altominho.tv\/site\/#\/schema\/person\/a0e4ef6d041f98ca284393d8f1d97153"},"headline":"Comunidades piscat\u00f3rias e o mar d\u00e3o mote a semin\u00e1rio promovido pela CIM Alto Minho","datePublished":"2022-06-07T09:20:42+00:00","dateModified":"2022-06-07T09:20:46+00:00","mainEntityOfPage":{"@id":"https:\/\/www.altominho.tv\/site\/2022\/06\/07\/comunidades-piscatorias-e-o-mar-dao-mote-a-seminario-promovido-pela-cim-alto-minho\/"},"wordCount":415,"image":{"@id":"https:\/\/www.altominho.tv\/site\/2022\/06\/07\/comunidades-piscatorias-e-o-mar-dao-mote-a-seminario-promovido-pela-cim-alto-minho\/#primaryimage"},"thumbnailUrl":"https:\/\/www.altominho.tv\/site\/wp-content\/uploads\/2022\/06\/image.jpg","keywords":["Sociedade"],"articleSection":["Alto Minho"],"inLanguage":"pt-PT","copyrightYear":"2022","copyrightHolder":{"@id":"https:\/\/www.altominho.tv\/site\/#organization"}},{"@type":"WebPage","@id":"https:\/\/www.altominho.tv\/site\/2022\/06\/07\/comunidades-piscatorias-e-o-mar-dao-mote-a-seminario-promovido-pela-cim-alto-minho\/","url":"https:\/\/www.altominho.tv\/site\/2022\/06\/07\/comunidades-piscatorias-e-o-mar-dao-mote-a-seminario-promovido-pela-cim-alto-minho\/","name":"Comunidades piscat\u00f3rias e o mar d\u00e3o mote a semin\u00e1rio promovido pela CIM Alto Minho","isPartOf":{"@id":"https:\/\/www.altominho.tv\/site\/#website"},"primaryImageOfPage":{"@id":"https:\/\/www.altominho.tv\/site\/2022\/06\/07\/comunidades-piscatorias-e-o-mar-dao-mote-a-seminario-promovido-pela-cim-alto-minho\/#primaryimage"},"image":{"@id":"https:\/\/www.altominho.tv\/site\/2022\/06\/07\/comunidades-piscatorias-e-o-mar-dao-mote-a-seminario-promovido-pela-cim-alto-minho\/#primaryimage"},"thumbnailUrl":"https:\/\/www.altominho.tv\/site\/wp-content\/uploads\/2022\/06\/image.jpg","datePublished":"2022-06-07T09:20:42+00:00","dateModified":"2022-06-07T09:20:46+00:00","author":{"@id":"https:\/\/www.altominho.tv\/site\/#\/schema\/person\/a0e4ef6d041f98ca284393d8f1d97153"},"description":"As comunidades piscat\u00f3rias e o mar d\u00e3o mote a um semin\u00e1rio promovido pela Comunidade Intermunicipal do Alto Minho.","breadcrumb":{"@id":"https:\/\/www.altominho.tv\/site\/2022\/06\/07\/comunidades-piscatorias-e-o-mar-dao-mote-a-seminario-promovido-pela-cim-alto-minho\/#breadcrumb"},"inLanguage":"pt-PT","potentialAction":[{"@type":"ReadAction","target":["https:\/\/www.altominho.tv\/site\/2022\/06\/07\/comunidades-piscatorias-e-o-mar-dao-mote-a-seminario-promovido-pela-cim-alto-minho\/"]}]},{"@type":"ImageObject","inLanguage":"pt-PT","@id":"https:\/\/www.altominho.tv\/site\/2022\/06\/07\/comunidades-piscatorias-e-o-mar-dao-mote-a-seminario-promovido-pela-cim-alto-minho\/#primaryimage","url":"https:\/\/www.altominho.tv\/site\/wp-content\/uploads\/2022\/06\/image.jpg","contentUrl":"https:\/\/www.altominho.tv\/site\/wp-content\/uploads\/2022\/06\/image.jpg","width":1167,"height":657},{"@type":"BreadcrumbList","@id":"https:\/\/www.altominho.tv\/site\/2022\/06\/07\/comunidades-piscatorias-e-o-mar-dao-mote-a-seminario-promovido-pela-cim-alto-minho\/#breadcrumb","itemListElement":[{"@type":"ListItem","position":1,"name":"In\u00edcio","item":"https:\/\/www.altominho.tv\/site\/"},{"@type":"ListItem","position":2,"name":"Comunidades piscat\u00f3rias e o mar d\u00e3o mote a semin\u00e1rio promovido pela CIM Alto Minho"}]},{"@type":"WebSite","@id":"https:\/\/www.altominho.tv\/site\/#website","url":"https:\/\/www.altominho.tv\/site\/","name":"Altominho.tv","description":"A sua regi\u00e3o \u00e0 dist\u00e2ncia de um clique...","potentialAction":[{"@type":"SearchAction","target":{"@type":"EntryPoint","urlTemplate":"https:\/\/www.altominho.tv\/site\/?s={search_term_string}"},"query-input":{"@type":"PropertyValueSpecification","valueRequired":true,"valueName":"search_term_string"}}],"inLanguage":"pt-PT"},{"@type":"Person","@id":"https:\/\/www.altominho.tv\/site\/#\/schema\/person\/a0e4ef6d041f98ca284393d8f1d97153","name":"Andreia Cunha","image":{"@type":"ImageObject","inLanguage":"pt-PT","@id":"https:\/\/www.altominho.tv\/site\/wp-content\/uploads\/2017\/11\/Andreia_Cunha-1-150x150.jpg","url":"https:\/\/www.altominho.tv\/site\/wp-content\/uploads\/2017\/11\/Andreia_Cunha-1-150x150.jpg","contentUrl":"https:\/\/www.altominho.tv\/site\/wp-content\/uploads\/2017\/11\/Andreia_Cunha-1-150x150.jpg","caption":"Andreia Cunha"},"url":"https:\/\/www.altominho.tv\/site\/author\/andreiacunha\/"}]}},"_links":{"self":[{"href":"https:\/\/www.altominho.tv\/site\/wp-json\/wp\/v2\/posts\/80470","targetHints":{"allow":["GET"]}}],"collection":[{"href":"https:\/\/www.altominho.tv\/site\/wp-json\/wp\/v2\/posts"}],"about":[{"href":"https:\/\/www.altominho.tv\/site\/wp-json\/wp\/v2\/types\/post"}],"author":[{"embeddable":true,"href":"https:\/\/www.altominho.tv\/site\/wp-json\/wp\/v2\/users\/7"}],"replies":[{"embeddable":true,"href":"https:\/\/www.altominho.tv\/site\/wp-json\/wp\/v2\/comments?post=80470"}],"version-history":[{"count":0,"href":"https:\/\/www.altominho.tv\/site\/wp-json\/wp\/v2\/posts\/80470\/revisions"}],"wp:featuredmedia":[{"embeddable":true,"href":"https:\/\/www.altominho.tv\/site\/wp-json\/wp\/v2\/media\/80471"}],"wp:attachment":[{"href":"https:\/\/www.altominho.tv\/site\/wp-json\/wp\/v2\/media?parent=80470"}],"wp:term":[{"taxonomy":"category","embeddable":true,"href":"https:\/\/www.altominho.tv\/site\/wp-json\/wp\/v2\/categories?post=80470"},{"taxonomy":"post_tag","embeddable":true,"href":"https:\/\/www.altominho.tv\/site\/wp-json\/wp\/v2\/tags?post=80470"}],"curies":[{"name":"wp","href":"https:\/\/api.w.org\/{rel}","templated":true}]}}