{"id":80403,"date":"2022-06-03T16:29:55","date_gmt":"2022-06-03T15:29:55","guid":{"rendered":"https:\/\/www.altominho.tv\/site\/?p=80403"},"modified":"2022-06-03T16:29:59","modified_gmt":"2022-06-03T15:29:59","slug":"alto-minho-regista-4309-casos-ativos-de-covid-19-uma-descida-face-a-semana-anterior","status":"publish","type":"post","link":"https:\/\/www.altominho.tv\/site\/2022\/06\/03\/alto-minho-regista-4309-casos-ativos-de-covid-19-uma-descida-face-a-semana-anterior\/","title":{"rendered":"Alto Minho regista 4309 casos ativos de covid-19, uma descida face \u00e0 semana anterior"},"content":{"rendered":"\n<p>A regi\u00e3o do Alto Minho registou, desde a semana passada, mais 2568 casos confirmados de covid-19, 4033 recuperados e 11 mortes.<\/p>\n\n\n\n<p>No total, h\u00e1 4309 casos ativos, uma descida face aos 5785 da semana passada.<\/p>\n\n\n\n<p>Viana do Castelo concentra o mais n\u00famero de casos ativos, com 1724. Foram registados 983 novos casos, 1624 recuperados e duas mortes, na \u00faltima semana.<\/p>\n\n\n\n<p>Ponte de Lima soma 548 novos casos, 809 recuperados e duas mortes associadas \u00e0 covid-19. Em Ponte de Lima h\u00e1 930 casos ativos.<\/p>\n\n\n\n<p>Arcos de Valdevez regista 293 novos casos, 362 recuperados e duas mortes associadas \u00e0 covid-19. No concelho h\u00e1 430 casos ativos.<\/p>\n\n\n\n<p>Caminha segue com 192 novos casos, 257 recuperados e n\u00e3o h\u00e1 registo de mortes nos \u00faltimos dias. O concelho tem 328 casos ativos.<\/p>\n\n\n\n<p>Ponte da Barca tem 125 novos casos e 201 recuperados. O concelho tem 214 casos ativos.<\/p>\n\n\n\n<p>Mon\u00e7\u00e3o regista 98 novos casos, 184 recuperados e uma morte. O concelho conta com 173 casos ativos de covid-19.<\/p>\n\n\n\n<p>Valen\u00e7a segue com mais 107 novos casos, 187 recuperados e uma morte. H\u00e1 171 casos ativos neste momento.<\/p>\n\n\n\n<p>Vila Nova de Cerveira conta com 83 novos casos de covid-19, 174 recuperados e duas mortes. O concelho tem 139 casos ativos.<\/p>\n\n\n\n<p>Em Paredes de Coura, foram registados mais 66 novos casos, 137 recuperados e uma morte. H\u00e1 102 casos ativos neste concelho.<\/p>\n\n\n\n<p>Melga\u00e7o conta com 73 novos casos e 98 recuperados. H\u00e1 98 casos ativos.<\/p>\n\n\n\n<p>No total, o Alto Minho regista, desde o in\u00edcio da pandemia, 93.906 casos confirmados, 89.037 recuperados e 560 mortes.<\/p>\n\n\n\n<p>H\u00e1, agora, 4309 casos ativos. <\/p>\n","protected":false},"excerpt":{"rendered":"<p>A regi\u00e3o do Alto Minho registou, desde a semana passada, mais 2568 casos confirmados de covid-19, 4033 recuperados e 11 mortes. No total, h\u00e1 4309 casos ativos, uma descida face aos 5785 da semana passada. Viana do Castelo concentra o mais n\u00famero de casos ativos, com 1724. Foram registados 983 novos casos, 1624 recuperados e [&hellip;]<\/p>\n","protected":false},"author":7,"featured_media":80404,"comment_status":"closed","ping_status":"closed","sticky":false,"template":"","format":"standard","meta":{"_exactmetrics_skip_tracking":false,"_exactmetrics_sitenote_active":false,"_exactmetrics_sitenote_note":"","_exactmetrics_sitenote_category":0,"footnotes":""},"categories":[73],"tags":[26],"class_list":["post-80403","post","type-post","status-publish","format-standard","has-post-thumbnail","hentry","category-alto-minho","tag-saude"],"yoast_head":"<!-- This site is optimized with the Yoast SEO Premium plugin v27.4 (Yoast SEO v27.4) - https:\/\/yoast.com\/product\/yoast-seo-premium-wordpress\/ -->\n<title>Alto Minho regista 4309 casos ativos de covid-19, uma descida face \u00e0 semana anterior<\/title>\n<meta name=\"robots\" content=\"index, follow, max-snippet:-1, max-image-preview:large, max-video-preview:-1\" \/>\n<link rel=\"canonical\" href=\"https:\/\/www.altominho.tv\/site\/2022\/06\/03\/alto-minho-regista-4309-casos-ativos-de-covid-19-uma-descida-face-a-semana-anterior\/\" \/>\n<meta property=\"og:locale\" content=\"pt_PT\" \/>\n<meta property=\"og:type\" content=\"article\" \/>\n<meta property=\"og:title\" content=\"Alto Minho regista 4309 casos ativos de covid-19, uma descida face \u00e0 semana anterior\" \/>\n<meta property=\"og:description\" content=\"A regi\u00e3o do Alto Minho registou, desde a semana passada, mais 2568 casos confirmados de covid-19, 4033 recuperados e 11 mortes. No total, h\u00e1 4309 casos ativos, uma descida face aos 5785 da semana passada. Viana do Castelo concentra o mais n\u00famero de casos ativos, com 1724. Foram registados 983 novos casos, 1624 recuperados e [&hellip;]\" \/>\n<meta property=\"og:url\" content=\"https:\/\/www.altominho.tv\/site\/2022\/06\/03\/alto-minho-regista-4309-casos-ativos-de-covid-19-uma-descida-face-a-semana-anterior\/\" \/>\n<meta property=\"og:site_name\" content=\"Altominho.tv\" \/>\n<meta property=\"article:publisher\" content=\"https:\/\/www.facebook.com\/altominhotv\" \/>\n<meta property=\"article:published_time\" content=\"2022-06-03T15:29:55+00:00\" \/>\n<meta property=\"article:modified_time\" content=\"2022-06-03T15:29:59+00:00\" \/>\n<meta property=\"og:image\" content=\"https:\/\/www.altominho.tv\/site\/wp-content\/uploads\/2022\/06\/ulsam_ATV-1.jpg\" \/>\n\t<meta property=\"og:image:width\" content=\"940\" \/>\n\t<meta property=\"og:image:height\" content=\"490\" \/>\n\t<meta property=\"og:image:type\" content=\"image\/jpeg\" \/>\n<meta name=\"author\" content=\"Andreia Cunha\" \/>\n<meta name=\"twitter:card\" content=\"summary_large_image\" \/>\n<meta name=\"twitter:creator\" content=\"@altominhoTV\" \/>\n<meta name=\"twitter:site\" content=\"@altominhoTV\" \/>\n<meta name=\"twitter:label1\" content=\"Escrito por\" \/>\n\t<meta name=\"twitter:data1\" content=\"Andreia Cunha\" \/>\n\t<meta name=\"twitter:label2\" content=\"Tempo estimado de leitura\" \/>\n\t<meta name=\"twitter:data2\" content=\"2 minutos\" \/>\n<script type=\"application\/ld+json\" class=\"yoast-schema-graph\">{\"@context\":\"https:\\\/\\\/schema.org\",\"@graph\":[{\"@type\":\"Article\",\"@id\":\"https:\\\/\\\/www.altominho.tv\\\/site\\\/2022\\\/06\\\/03\\\/alto-minho-regista-4309-casos-ativos-de-covid-19-uma-descida-face-a-semana-anterior\\\/#article\",\"isPartOf\":{\"@id\":\"https:\\\/\\\/www.altominho.tv\\\/site\\\/2022\\\/06\\\/03\\\/alto-minho-regista-4309-casos-ativos-de-covid-19-uma-descida-face-a-semana-anterior\\\/\"},\"author\":{\"name\":\"Andreia Cunha\",\"@id\":\"https:\\\/\\\/www.altominho.tv\\\/site\\\/#\\\/schema\\\/person\\\/a0e4ef6d041f98ca284393d8f1d97153\"},\"headline\":\"Alto Minho regista 4309 casos ativos de covid-19, uma descida face \u00e0 semana anterior\",\"datePublished\":\"2022-06-03T15:29:55+00:00\",\"dateModified\":\"2022-06-03T15:29:59+00:00\",\"mainEntityOfPage\":{\"@id\":\"https:\\\/\\\/www.altominho.tv\\\/site\\\/2022\\\/06\\\/03\\\/alto-minho-regista-4309-casos-ativos-de-covid-19-uma-descida-face-a-semana-anterior\\\/\"},\"wordCount\":238,\"image\":{\"@id\":\"https:\\\/\\\/www.altominho.tv\\\/site\\\/2022\\\/06\\\/03\\\/alto-minho-regista-4309-casos-ativos-de-covid-19-uma-descida-face-a-semana-anterior\\\/#primaryimage\"},\"thumbnailUrl\":\"https:\\\/\\\/www.altominho.tv\\\/site\\\/wp-content\\\/uploads\\\/2022\\\/06\\\/ulsam_ATV-1.jpg\",\"keywords\":[\"Sa\u00fade\"],\"articleSection\":[\"Alto Minho\"],\"inLanguage\":\"pt-PT\",\"copyrightYear\":\"2022\",\"copyrightHolder\":{\"@id\":\"https:\\\/\\\/www.altominho.tv\\\/site\\\/#organization\"}},{\"@type\":\"WebPage\",\"@id\":\"https:\\\/\\\/www.altominho.tv\\\/site\\\/2022\\\/06\\\/03\\\/alto-minho-regista-4309-casos-ativos-de-covid-19-uma-descida-face-a-semana-anterior\\\/\",\"url\":\"https:\\\/\\\/www.altominho.tv\\\/site\\\/2022\\\/06\\\/03\\\/alto-minho-regista-4309-casos-ativos-de-covid-19-uma-descida-face-a-semana-anterior\\\/\",\"name\":\"Alto Minho regista 4309 casos ativos de covid-19, uma descida face \u00e0 semana anterior\",\"isPartOf\":{\"@id\":\"https:\\\/\\\/www.altominho.tv\\\/site\\\/#website\"},\"primaryImageOfPage\":{\"@id\":\"https:\\\/\\\/www.altominho.tv\\\/site\\\/2022\\\/06\\\/03\\\/alto-minho-regista-4309-casos-ativos-de-covid-19-uma-descida-face-a-semana-anterior\\\/#primaryimage\"},\"image\":{\"@id\":\"https:\\\/\\\/www.altominho.tv\\\/site\\\/2022\\\/06\\\/03\\\/alto-minho-regista-4309-casos-ativos-de-covid-19-uma-descida-face-a-semana-anterior\\\/#primaryimage\"},\"thumbnailUrl\":\"https:\\\/\\\/www.altominho.tv\\\/site\\\/wp-content\\\/uploads\\\/2022\\\/06\\\/ulsam_ATV-1.jpg\",\"datePublished\":\"2022-06-03T15:29:55+00:00\",\"dateModified\":\"2022-06-03T15:29:59+00:00\",\"author\":{\"@id\":\"https:\\\/\\\/www.altominho.tv\\\/site\\\/#\\\/schema\\\/person\\\/a0e4ef6d041f98ca284393d8f1d97153\"},\"breadcrumb\":{\"@id\":\"https:\\\/\\\/www.altominho.tv\\\/site\\\/2022\\\/06\\\/03\\\/alto-minho-regista-4309-casos-ativos-de-covid-19-uma-descida-face-a-semana-anterior\\\/#breadcrumb\"},\"inLanguage\":\"pt-PT\",\"potentialAction\":[{\"@type\":\"ReadAction\",\"target\":[\"https:\\\/\\\/www.altominho.tv\\\/site\\\/2022\\\/06\\\/03\\\/alto-minho-regista-4309-casos-ativos-de-covid-19-uma-descida-face-a-semana-anterior\\\/\"]}]},{\"@type\":\"ImageObject\",\"inLanguage\":\"pt-PT\",\"@id\":\"https:\\\/\\\/www.altominho.tv\\\/site\\\/2022\\\/06\\\/03\\\/alto-minho-regista-4309-casos-ativos-de-covid-19-uma-descida-face-a-semana-anterior\\\/#primaryimage\",\"url\":\"https:\\\/\\\/www.altominho.tv\\\/site\\\/wp-content\\\/uploads\\\/2022\\\/06\\\/ulsam_ATV-1.jpg\",\"contentUrl\":\"https:\\\/\\\/www.altominho.tv\\\/site\\\/wp-content\\\/uploads\\\/2022\\\/06\\\/ulsam_ATV-1.jpg\",\"width\":940,\"height\":490},{\"@type\":\"BreadcrumbList\",\"@id\":\"https:\\\/\\\/www.altominho.tv\\\/site\\\/2022\\\/06\\\/03\\\/alto-minho-regista-4309-casos-ativos-de-covid-19-uma-descida-face-a-semana-anterior\\\/#breadcrumb\",\"itemListElement\":[{\"@type\":\"ListItem\",\"position\":1,\"name\":\"In\u00edcio\",\"item\":\"https:\\\/\\\/www.altominho.tv\\\/site\\\/\"},{\"@type\":\"ListItem\",\"position\":2,\"name\":\"Alto Minho regista 4309 casos ativos de covid-19, uma descida face \u00e0 semana anterior\"}]},{\"@type\":\"WebSite\",\"@id\":\"https:\\\/\\\/www.altominho.tv\\\/site\\\/#website\",\"url\":\"https:\\\/\\\/www.altominho.tv\\\/site\\\/\",\"name\":\"Altominho.tv\",\"description\":\"A sua regi\u00e3o \u00e0 dist\u00e2ncia de um clique...\",\"potentialAction\":[{\"@type\":\"SearchAction\",\"target\":{\"@type\":\"EntryPoint\",\"urlTemplate\":\"https:\\\/\\\/www.altominho.tv\\\/site\\\/?s={search_term_string}\"},\"query-input\":{\"@type\":\"PropertyValueSpecification\",\"valueRequired\":true,\"valueName\":\"search_term_string\"}}],\"inLanguage\":\"pt-PT\"},{\"@type\":\"Person\",\"@id\":\"https:\\\/\\\/www.altominho.tv\\\/site\\\/#\\\/schema\\\/person\\\/a0e4ef6d041f98ca284393d8f1d97153\",\"name\":\"Andreia Cunha\",\"image\":{\"@type\":\"ImageObject\",\"inLanguage\":\"pt-PT\",\"@id\":\"https:\\\/\\\/www.altominho.tv\\\/site\\\/wp-content\\\/uploads\\\/2017\\\/11\\\/Andreia_Cunha-1-150x150.jpg\",\"url\":\"https:\\\/\\\/www.altominho.tv\\\/site\\\/wp-content\\\/uploads\\\/2017\\\/11\\\/Andreia_Cunha-1-150x150.jpg\",\"contentUrl\":\"https:\\\/\\\/www.altominho.tv\\\/site\\\/wp-content\\\/uploads\\\/2017\\\/11\\\/Andreia_Cunha-1-150x150.jpg\",\"caption\":\"Andreia Cunha\"},\"url\":\"https:\\\/\\\/www.altominho.tv\\\/site\\\/author\\\/andreiacunha\\\/\"}]}<\/script>\n<!-- \/ Yoast SEO Premium plugin. -->","yoast_head_json":{"title":"Alto Minho regista 4309 casos ativos de covid-19, uma descida face \u00e0 semana anterior","robots":{"index":"index","follow":"follow","max-snippet":"max-snippet:-1","max-image-preview":"max-image-preview:large","max-video-preview":"max-video-preview:-1"},"canonical":"https:\/\/www.altominho.tv\/site\/2022\/06\/03\/alto-minho-regista-4309-casos-ativos-de-covid-19-uma-descida-face-a-semana-anterior\/","og_locale":"pt_PT","og_type":"article","og_title":"Alto Minho regista 4309 casos ativos de covid-19, uma descida face \u00e0 semana anterior","og_description":"A regi\u00e3o do Alto Minho registou, desde a semana passada, mais 2568 casos confirmados de covid-19, 4033 recuperados e 11 mortes. No total, h\u00e1 4309 casos ativos, uma descida face aos 5785 da semana passada. Viana do Castelo concentra o mais n\u00famero de casos ativos, com 1724. Foram registados 983 novos casos, 1624 recuperados e [&hellip;]","og_url":"https:\/\/www.altominho.tv\/site\/2022\/06\/03\/alto-minho-regista-4309-casos-ativos-de-covid-19-uma-descida-face-a-semana-anterior\/","og_site_name":"Altominho.tv","article_publisher":"https:\/\/www.facebook.com\/altominhotv","article_published_time":"2022-06-03T15:29:55+00:00","article_modified_time":"2022-06-03T15:29:59+00:00","og_image":[{"width":940,"height":490,"url":"https:\/\/www.altominho.tv\/site\/wp-content\/uploads\/2022\/06\/ulsam_ATV-1.jpg","type":"image\/jpeg"}],"author":"Andreia Cunha","twitter_card":"summary_large_image","twitter_creator":"@altominhoTV","twitter_site":"@altominhoTV","twitter_misc":{"Escrito por":"Andreia Cunha","Tempo estimado de leitura":"2 minutos"},"schema":{"@context":"https:\/\/schema.org","@graph":[{"@type":"Article","@id":"https:\/\/www.altominho.tv\/site\/2022\/06\/03\/alto-minho-regista-4309-casos-ativos-de-covid-19-uma-descida-face-a-semana-anterior\/#article","isPartOf":{"@id":"https:\/\/www.altominho.tv\/site\/2022\/06\/03\/alto-minho-regista-4309-casos-ativos-de-covid-19-uma-descida-face-a-semana-anterior\/"},"author":{"name":"Andreia Cunha","@id":"https:\/\/www.altominho.tv\/site\/#\/schema\/person\/a0e4ef6d041f98ca284393d8f1d97153"},"headline":"Alto Minho regista 4309 casos ativos de covid-19, uma descida face \u00e0 semana anterior","datePublished":"2022-06-03T15:29:55+00:00","dateModified":"2022-06-03T15:29:59+00:00","mainEntityOfPage":{"@id":"https:\/\/www.altominho.tv\/site\/2022\/06\/03\/alto-minho-regista-4309-casos-ativos-de-covid-19-uma-descida-face-a-semana-anterior\/"},"wordCount":238,"image":{"@id":"https:\/\/www.altominho.tv\/site\/2022\/06\/03\/alto-minho-regista-4309-casos-ativos-de-covid-19-uma-descida-face-a-semana-anterior\/#primaryimage"},"thumbnailUrl":"https:\/\/www.altominho.tv\/site\/wp-content\/uploads\/2022\/06\/ulsam_ATV-1.jpg","keywords":["Sa\u00fade"],"articleSection":["Alto Minho"],"inLanguage":"pt-PT","copyrightYear":"2022","copyrightHolder":{"@id":"https:\/\/www.altominho.tv\/site\/#organization"}},{"@type":"WebPage","@id":"https:\/\/www.altominho.tv\/site\/2022\/06\/03\/alto-minho-regista-4309-casos-ativos-de-covid-19-uma-descida-face-a-semana-anterior\/","url":"https:\/\/www.altominho.tv\/site\/2022\/06\/03\/alto-minho-regista-4309-casos-ativos-de-covid-19-uma-descida-face-a-semana-anterior\/","name":"Alto Minho regista 4309 casos ativos de covid-19, uma descida face \u00e0 semana anterior","isPartOf":{"@id":"https:\/\/www.altominho.tv\/site\/#website"},"primaryImageOfPage":{"@id":"https:\/\/www.altominho.tv\/site\/2022\/06\/03\/alto-minho-regista-4309-casos-ativos-de-covid-19-uma-descida-face-a-semana-anterior\/#primaryimage"},"image":{"@id":"https:\/\/www.altominho.tv\/site\/2022\/06\/03\/alto-minho-regista-4309-casos-ativos-de-covid-19-uma-descida-face-a-semana-anterior\/#primaryimage"},"thumbnailUrl":"https:\/\/www.altominho.tv\/site\/wp-content\/uploads\/2022\/06\/ulsam_ATV-1.jpg","datePublished":"2022-06-03T15:29:55+00:00","dateModified":"2022-06-03T15:29:59+00:00","author":{"@id":"https:\/\/www.altominho.tv\/site\/#\/schema\/person\/a0e4ef6d041f98ca284393d8f1d97153"},"breadcrumb":{"@id":"https:\/\/www.altominho.tv\/site\/2022\/06\/03\/alto-minho-regista-4309-casos-ativos-de-covid-19-uma-descida-face-a-semana-anterior\/#breadcrumb"},"inLanguage":"pt-PT","potentialAction":[{"@type":"ReadAction","target":["https:\/\/www.altominho.tv\/site\/2022\/06\/03\/alto-minho-regista-4309-casos-ativos-de-covid-19-uma-descida-face-a-semana-anterior\/"]}]},{"@type":"ImageObject","inLanguage":"pt-PT","@id":"https:\/\/www.altominho.tv\/site\/2022\/06\/03\/alto-minho-regista-4309-casos-ativos-de-covid-19-uma-descida-face-a-semana-anterior\/#primaryimage","url":"https:\/\/www.altominho.tv\/site\/wp-content\/uploads\/2022\/06\/ulsam_ATV-1.jpg","contentUrl":"https:\/\/www.altominho.tv\/site\/wp-content\/uploads\/2022\/06\/ulsam_ATV-1.jpg","width":940,"height":490},{"@type":"BreadcrumbList","@id":"https:\/\/www.altominho.tv\/site\/2022\/06\/03\/alto-minho-regista-4309-casos-ativos-de-covid-19-uma-descida-face-a-semana-anterior\/#breadcrumb","itemListElement":[{"@type":"ListItem","position":1,"name":"In\u00edcio","item":"https:\/\/www.altominho.tv\/site\/"},{"@type":"ListItem","position":2,"name":"Alto Minho regista 4309 casos ativos de covid-19, uma descida face \u00e0 semana anterior"}]},{"@type":"WebSite","@id":"https:\/\/www.altominho.tv\/site\/#website","url":"https:\/\/www.altominho.tv\/site\/","name":"Altominho.tv","description":"A sua regi\u00e3o \u00e0 dist\u00e2ncia de um clique...","potentialAction":[{"@type":"SearchAction","target":{"@type":"EntryPoint","urlTemplate":"https:\/\/www.altominho.tv\/site\/?s={search_term_string}"},"query-input":{"@type":"PropertyValueSpecification","valueRequired":true,"valueName":"search_term_string"}}],"inLanguage":"pt-PT"},{"@type":"Person","@id":"https:\/\/www.altominho.tv\/site\/#\/schema\/person\/a0e4ef6d041f98ca284393d8f1d97153","name":"Andreia Cunha","image":{"@type":"ImageObject","inLanguage":"pt-PT","@id":"https:\/\/www.altominho.tv\/site\/wp-content\/uploads\/2017\/11\/Andreia_Cunha-1-150x150.jpg","url":"https:\/\/www.altominho.tv\/site\/wp-content\/uploads\/2017\/11\/Andreia_Cunha-1-150x150.jpg","contentUrl":"https:\/\/www.altominho.tv\/site\/wp-content\/uploads\/2017\/11\/Andreia_Cunha-1-150x150.jpg","caption":"Andreia Cunha"},"url":"https:\/\/www.altominho.tv\/site\/author\/andreiacunha\/"}]}},"_links":{"self":[{"href":"https:\/\/www.altominho.tv\/site\/wp-json\/wp\/v2\/posts\/80403","targetHints":{"allow":["GET"]}}],"collection":[{"href":"https:\/\/www.altominho.tv\/site\/wp-json\/wp\/v2\/posts"}],"about":[{"href":"https:\/\/www.altominho.tv\/site\/wp-json\/wp\/v2\/types\/post"}],"author":[{"embeddable":true,"href":"https:\/\/www.altominho.tv\/site\/wp-json\/wp\/v2\/users\/7"}],"replies":[{"embeddable":true,"href":"https:\/\/www.altominho.tv\/site\/wp-json\/wp\/v2\/comments?post=80403"}],"version-history":[{"count":0,"href":"https:\/\/www.altominho.tv\/site\/wp-json\/wp\/v2\/posts\/80403\/revisions"}],"wp:featuredmedia":[{"embeddable":true,"href":"https:\/\/www.altominho.tv\/site\/wp-json\/wp\/v2\/media\/80404"}],"wp:attachment":[{"href":"https:\/\/www.altominho.tv\/site\/wp-json\/wp\/v2\/media?parent=80403"}],"wp:term":[{"taxonomy":"category","embeddable":true,"href":"https:\/\/www.altominho.tv\/site\/wp-json\/wp\/v2\/categories?post=80403"},{"taxonomy":"post_tag","embeddable":true,"href":"https:\/\/www.altominho.tv\/site\/wp-json\/wp\/v2\/tags?post=80403"}],"curies":[{"name":"wp","href":"https:\/\/api.w.org\/{rel}","templated":true}]}}