{"id":8034,"date":"2018-01-08T17:36:37","date_gmt":"2018-01-08T17:36:37","guid":{"rendered":"http:\/\/www.altominho.tv\/site\/?p=8034"},"modified":"2018-01-08T17:36:37","modified_gmt":"2018-01-08T17:36:37","slug":"ren-diz-que-normas-foram-seguidas-em-obra-de-moncao-onde-trabalhador-ficou-ferido","status":"publish","type":"post","link":"https:\/\/www.altominho.tv\/site\/2018\/01\/08\/ren-diz-que-normas-foram-seguidas-em-obra-de-moncao-onde-trabalhador-ficou-ferido\/","title":{"rendered":"REN diz que &#8220;normas foram seguidas&#8221; em obra de Mon\u00e7\u00e3o onde trabalhador ficou ferido"},"content":{"rendered":"<p>A Rede El\u00e9trica Nacional (REN) disse hoje \u00e0 Lusa que \u201ctodas as normas e requisitos de seguran\u00e7a foram seguidos\u201d nos trabalhos de manuten\u00e7\u00e3o em curso em Mon\u00e7\u00e3o, onde um trabalhador de 33 anos ficou gravemente ferido.<\/p>\n<p>Em resposta escrita a um pedido de esclarecimento enviado pela ag\u00eancia Lusa, a REN explicou que a v\u00edtima \u201c\u00e9 um prestador de servi\u00e7os, que efetuava trabalhos de manuten\u00e7\u00e3o da rede el\u00e9trica na zona de Mon\u00e7\u00e3o\u201d.<\/p>\n<blockquote><p>\n\u201cTodas as normas e requisitos de seguran\u00e7a foram seguidos nos trabalhos em quest\u00e3o e os procedimentos de emerg\u00eancia foram imediatamente acionados no momento do acidente, tendo o trabalhador sido socorrido prontamente\u201d, frisou a REN, adiantando que os trabalhos em curso envolviam o abate de \u00e1rvores.<\/p><\/blockquote>\n<p>Contactada pela ag\u00eancia Lusa, fonte da Unidade Local de Sa\u00fade do Alto Minho (ULSAM), em Viana do Castelo, onde o trabalhador deu entrada ao final da manh\u00e3, revelou que o homem de 33 anos foi transferido para o hospital de Braga.<\/p>\n<p>Um homem ficou em estado muito grave quando \u201cuma \u00e1rvore lhe caiu em cima\u201d num acidente de trabalho que ocorreu no parque e\u00f3lico da Anh\u00f5es, em Mon\u00e7\u00e3o, disse a prote\u00e7\u00e3o civil.<br \/>\nSegundo fonte do Comando de Opera\u00e7\u00f5es de Socorro (CDOS) de Viana do Castelo, o acidente ocorreu cerca das 10:15 quando o homem, funcion\u00e1rio da empresa local, &#8220;se encontrava a trabalhar numa obra da REN\u201d.<\/p>\n<p>A mesma fonte adiantou que o homem \u201csofreu m\u00faltiplas fraturas e foi transportado pelo helic\u00f3ptero do INEM para o hospital de Viana do Castelo\u201d.<\/p>\n<p>Ao local compareceram uma viatura de bombeiros volunt\u00e1rios de Mon\u00e7\u00e3o, com dois homens, a ambul\u00e2ncia de Suporte Imediato de Vida (SIV) de Melga\u00e7o e o meio a\u00e9reo do INEM.<\/p>\n","protected":false},"excerpt":{"rendered":"<p>A Rede El\u00e9trica Nacional (REN) disse hoje \u00e0 Lusa que \u201ctodas as normas e requisitos de seguran\u00e7a foram seguidos\u201d nos trabalhos de manuten\u00e7\u00e3o em curso em Mon\u00e7\u00e3o, onde um trabalhador de 33 anos ficou gravemente ferido. Em resposta escrita a um pedido de esclarecimento enviado pela ag\u00eancia Lusa, a REN explicou que a v\u00edtima \u201c\u00e9 [&hellip;]<\/p>\n","protected":false},"author":6,"featured_media":8035,"comment_status":"closed","ping_status":"closed","sticky":false,"template":"","format":"standard","meta":{"_exactmetrics_skip_tracking":false,"footnotes":""},"categories":[9],"tags":[27],"class_list":["post-8034","post","type-post","status-publish","format-standard","has-post-thumbnail","hentry","category-moncao","tag-sociedade"],"yoast_head":"<!-- This site is optimized with the Yoast SEO Premium plugin v28.3 (Yoast SEO v28.3) - https:\/\/yoast.com\/product\/yoast-seo-premium-wordpress\/ -->\n<title>REN diz que &quot;normas foram seguidas&quot; em obra de Mon\u00e7\u00e3o onde trabalhador ficou ferido<\/title>\n<meta name=\"robots\" content=\"index, follow, max-snippet:-1, max-image-preview:large, max-video-preview:-1\" \/>\n<link rel=\"canonical\" href=\"https:\/\/www.altominho.tv\/site\/2018\/01\/08\/ren-diz-que-normas-foram-seguidas-em-obra-de-moncao-onde-trabalhador-ficou-ferido\/\" \/>\n<meta property=\"og:locale\" content=\"pt_PT\" \/>\n<meta property=\"og:type\" content=\"article\" \/>\n<meta property=\"og:title\" content=\"REN diz que &quot;normas foram seguidas&quot; em obra de Mon\u00e7\u00e3o onde trabalhador ficou ferido\" \/>\n<meta property=\"og:description\" content=\"A Rede El\u00e9trica Nacional (REN) disse hoje \u00e0 Lusa que \u201ctodas as normas e requisitos de seguran\u00e7a foram seguidos\u201d nos trabalhos de manuten\u00e7\u00e3o em curso em Mon\u00e7\u00e3o, onde um trabalhador de 33 anos ficou gravemente ferido. Em resposta escrita a um pedido de esclarecimento enviado pela ag\u00eancia Lusa, a REN explicou que a v\u00edtima \u201c\u00e9 [&hellip;]\" \/>\n<meta property=\"og:url\" content=\"https:\/\/www.altominho.tv\/site\/2018\/01\/08\/ren-diz-que-normas-foram-seguidas-em-obra-de-moncao-onde-trabalhador-ficou-ferido\/\" \/>\n<meta property=\"og:site_name\" content=\"Altominho.tv\" \/>\n<meta property=\"article:publisher\" content=\"https:\/\/www.facebook.com\/altominhotv\" \/>\n<meta property=\"article:published_time\" content=\"2018-01-08T17:36:37+00:00\" \/>\n<meta property=\"og:image\" content=\"https:\/\/www.altominho.tv\/site\/wp-content\/uploads\/2018\/01\/ren.jpg\" \/>\n\t<meta property=\"og:image:width\" content=\"767\" \/>\n\t<meta property=\"og:image:height\" content=\"511\" \/>\n\t<meta property=\"og:image:type\" content=\"image\/jpeg\" \/>\n<meta name=\"author\" content=\"C\u00e1tia Malheiro\" \/>\n<meta name=\"twitter:card\" content=\"summary_large_image\" \/>\n<meta name=\"twitter:creator\" content=\"@altominhoTV\" \/>\n<meta name=\"twitter:site\" content=\"@altominhoTV\" \/>\n<meta name=\"twitter:label1\" content=\"Escrito por\" \/>\n\t<meta name=\"twitter:data1\" content=\"C\u00e1tia Malheiro\" \/>\n\t<meta name=\"twitter:label2\" content=\"Tempo estimado de leitura\" \/>\n\t<meta name=\"twitter:data2\" content=\"1 minuto\" \/>\n<script type=\"application\/ld+json\" class=\"yoast-schema-graph\">{\"@context\":\"https:\\\/\\\/schema.org\",\"@graph\":[{\"@type\":\"Article\",\"@id\":\"https:\\\/\\\/www.altominho.tv\\\/site\\\/2018\\\/01\\\/08\\\/ren-diz-que-normas-foram-seguidas-em-obra-de-moncao-onde-trabalhador-ficou-ferido\\\/#article\",\"isPartOf\":{\"@id\":\"https:\\\/\\\/www.altominho.tv\\\/site\\\/2018\\\/01\\\/08\\\/ren-diz-que-normas-foram-seguidas-em-obra-de-moncao-onde-trabalhador-ficou-ferido\\\/\"},\"author\":{\"name\":\"C\u00e1tia Malheiro\",\"@id\":\"https:\\\/\\\/www.altominho.tv\\\/site\\\/#\\\/schema\\\/person\\\/5c9404a8b438614c93da6ca09db92574\"},\"headline\":\"REN diz que &#8220;normas foram seguidas&#8221; em obra de Mon\u00e7\u00e3o onde trabalhador ficou ferido\",\"datePublished\":\"2018-01-08T17:36:37+00:00\",\"mainEntityOfPage\":{\"@id\":\"https:\\\/\\\/www.altominho.tv\\\/site\\\/2018\\\/01\\\/08\\\/ren-diz-que-normas-foram-seguidas-em-obra-de-moncao-onde-trabalhador-ficou-ferido\\\/\"},\"wordCount\":313,\"image\":{\"@id\":\"https:\\\/\\\/www.altominho.tv\\\/site\\\/2018\\\/01\\\/08\\\/ren-diz-que-normas-foram-seguidas-em-obra-de-moncao-onde-trabalhador-ficou-ferido\\\/#primaryimage\"},\"thumbnailUrl\":\"https:\\\/\\\/www.altominho.tv\\\/site\\\/wp-content\\\/uploads\\\/2018\\\/01\\\/ren.jpg\",\"keywords\":[\"Sociedade\"],\"articleSection\":[\"Mon\u00e7\u00e3o\"],\"inLanguage\":\"pt-PT\",\"copyrightYear\":\"2018\",\"copyrightHolder\":{\"@id\":\"https:\\\/\\\/www.altominho.tv\\\/site\\\/#organization\"}},{\"@type\":\"WebPage\",\"@id\":\"https:\\\/\\\/www.altominho.tv\\\/site\\\/2018\\\/01\\\/08\\\/ren-diz-que-normas-foram-seguidas-em-obra-de-moncao-onde-trabalhador-ficou-ferido\\\/\",\"url\":\"https:\\\/\\\/www.altominho.tv\\\/site\\\/2018\\\/01\\\/08\\\/ren-diz-que-normas-foram-seguidas-em-obra-de-moncao-onde-trabalhador-ficou-ferido\\\/\",\"name\":\"REN diz que \\\"normas foram seguidas\\\" em obra de Mon\u00e7\u00e3o onde trabalhador ficou ferido\",\"isPartOf\":{\"@id\":\"https:\\\/\\\/www.altominho.tv\\\/site\\\/#website\"},\"primaryImageOfPage\":{\"@id\":\"https:\\\/\\\/www.altominho.tv\\\/site\\\/2018\\\/01\\\/08\\\/ren-diz-que-normas-foram-seguidas-em-obra-de-moncao-onde-trabalhador-ficou-ferido\\\/#primaryimage\"},\"image\":{\"@id\":\"https:\\\/\\\/www.altominho.tv\\\/site\\\/2018\\\/01\\\/08\\\/ren-diz-que-normas-foram-seguidas-em-obra-de-moncao-onde-trabalhador-ficou-ferido\\\/#primaryimage\"},\"thumbnailUrl\":\"https:\\\/\\\/www.altominho.tv\\\/site\\\/wp-content\\\/uploads\\\/2018\\\/01\\\/ren.jpg\",\"datePublished\":\"2018-01-08T17:36:37+00:00\",\"author\":{\"@id\":\"https:\\\/\\\/www.altominho.tv\\\/site\\\/#\\\/schema\\\/person\\\/5c9404a8b438614c93da6ca09db92574\"},\"breadcrumb\":{\"@id\":\"https:\\\/\\\/www.altominho.tv\\\/site\\\/2018\\\/01\\\/08\\\/ren-diz-que-normas-foram-seguidas-em-obra-de-moncao-onde-trabalhador-ficou-ferido\\\/#breadcrumb\"},\"inLanguage\":\"pt-PT\",\"potentialAction\":[{\"@type\":\"ReadAction\",\"target\":[\"https:\\\/\\\/www.altominho.tv\\\/site\\\/2018\\\/01\\\/08\\\/ren-diz-que-normas-foram-seguidas-em-obra-de-moncao-onde-trabalhador-ficou-ferido\\\/\"]}]},{\"@type\":\"ImageObject\",\"inLanguage\":\"pt-PT\",\"@id\":\"https:\\\/\\\/www.altominho.tv\\\/site\\\/2018\\\/01\\\/08\\\/ren-diz-que-normas-foram-seguidas-em-obra-de-moncao-onde-trabalhador-ficou-ferido\\\/#primaryimage\",\"url\":\"https:\\\/\\\/www.altominho.tv\\\/site\\\/wp-content\\\/uploads\\\/2018\\\/01\\\/ren.jpg\",\"contentUrl\":\"https:\\\/\\\/www.altominho.tv\\\/site\\\/wp-content\\\/uploads\\\/2018\\\/01\\\/ren.jpg\",\"width\":767,\"height\":511},{\"@type\":\"BreadcrumbList\",\"@id\":\"https:\\\/\\\/www.altominho.tv\\\/site\\\/2018\\\/01\\\/08\\\/ren-diz-que-normas-foram-seguidas-em-obra-de-moncao-onde-trabalhador-ficou-ferido\\\/#breadcrumb\",\"itemListElement\":[{\"@type\":\"ListItem\",\"position\":1,\"name\":\"In\u00edcio\",\"item\":\"https:\\\/\\\/www.altominho.tv\\\/site\\\/\"},{\"@type\":\"ListItem\",\"position\":2,\"name\":\"REN diz que &#8220;normas foram seguidas&#8221; em obra de Mon\u00e7\u00e3o onde trabalhador ficou ferido\"}]},{\"@type\":\"WebSite\",\"@id\":\"https:\\\/\\\/www.altominho.tv\\\/site\\\/#website\",\"url\":\"https:\\\/\\\/www.altominho.tv\\\/site\\\/\",\"name\":\"Altominho.tv\",\"description\":\"A sua regi\u00e3o \u00e0 dist\u00e2ncia de um clique...\",\"potentialAction\":[{\"@type\":\"SearchAction\",\"target\":{\"@type\":\"EntryPoint\",\"urlTemplate\":\"https:\\\/\\\/www.altominho.tv\\\/site\\\/?s={search_term_string}\"},\"query-input\":{\"@type\":\"PropertyValueSpecification\",\"valueRequired\":true,\"valueName\":\"search_term_string\"}}],\"inLanguage\":\"pt-PT\"},{\"@type\":\"Person\",\"@id\":\"https:\\\/\\\/www.altominho.tv\\\/site\\\/#\\\/schema\\\/person\\\/5c9404a8b438614c93da6ca09db92574\",\"name\":\"C\u00e1tia Malheiro\",\"image\":{\"@type\":\"ImageObject\",\"inLanguage\":\"pt-PT\",\"@id\":\"https:\\\/\\\/www.altominho.tv\\\/site\\\/wp-content\\\/uploads\\\/2017\\\/11\\\/Catia_Malheiro-150x150.jpg\",\"url\":\"https:\\\/\\\/www.altominho.tv\\\/site\\\/wp-content\\\/uploads\\\/2017\\\/11\\\/Catia_Malheiro-150x150.jpg\",\"contentUrl\":\"https:\\\/\\\/www.altominho.tv\\\/site\\\/wp-content\\\/uploads\\\/2017\\\/11\\\/Catia_Malheiro-150x150.jpg\",\"caption\":\"C\u00e1tia Malheiro\"},\"url\":\"https:\\\/\\\/www.altominho.tv\\\/site\\\/author\\\/catiamalheiro\\\/\"}]}<\/script>\n<!-- \/ Yoast SEO Premium plugin. -->","yoast_head_json":{"title":"REN diz que \"normas foram seguidas\" em obra de Mon\u00e7\u00e3o onde trabalhador ficou ferido","robots":{"index":"index","follow":"follow","max-snippet":"max-snippet:-1","max-image-preview":"max-image-preview:large","max-video-preview":"max-video-preview:-1"},"canonical":"https:\/\/www.altominho.tv\/site\/2018\/01\/08\/ren-diz-que-normas-foram-seguidas-em-obra-de-moncao-onde-trabalhador-ficou-ferido\/","og_locale":"pt_PT","og_type":"article","og_title":"REN diz que \"normas foram seguidas\" em obra de Mon\u00e7\u00e3o onde trabalhador ficou ferido","og_description":"A Rede El\u00e9trica Nacional (REN) disse hoje \u00e0 Lusa que \u201ctodas as normas e requisitos de seguran\u00e7a foram seguidos\u201d nos trabalhos de manuten\u00e7\u00e3o em curso em Mon\u00e7\u00e3o, onde um trabalhador de 33 anos ficou gravemente ferido. Em resposta escrita a um pedido de esclarecimento enviado pela ag\u00eancia Lusa, a REN explicou que a v\u00edtima \u201c\u00e9 [&hellip;]","og_url":"https:\/\/www.altominho.tv\/site\/2018\/01\/08\/ren-diz-que-normas-foram-seguidas-em-obra-de-moncao-onde-trabalhador-ficou-ferido\/","og_site_name":"Altominho.tv","article_publisher":"https:\/\/www.facebook.com\/altominhotv","article_published_time":"2018-01-08T17:36:37+00:00","og_image":[{"width":767,"height":511,"url":"https:\/\/www.altominho.tv\/site\/wp-content\/uploads\/2018\/01\/ren.jpg","type":"image\/jpeg"}],"author":"C\u00e1tia Malheiro","twitter_card":"summary_large_image","twitter_creator":"@altominhoTV","twitter_site":"@altominhoTV","twitter_misc":{"Escrito por":"C\u00e1tia Malheiro","Tempo estimado de leitura":"1 minuto"},"schema":{"@context":"https:\/\/schema.org","@graph":[{"@type":"Article","@id":"https:\/\/www.altominho.tv\/site\/2018\/01\/08\/ren-diz-que-normas-foram-seguidas-em-obra-de-moncao-onde-trabalhador-ficou-ferido\/#article","isPartOf":{"@id":"https:\/\/www.altominho.tv\/site\/2018\/01\/08\/ren-diz-que-normas-foram-seguidas-em-obra-de-moncao-onde-trabalhador-ficou-ferido\/"},"author":{"name":"C\u00e1tia Malheiro","@id":"https:\/\/www.altominho.tv\/site\/#\/schema\/person\/5c9404a8b438614c93da6ca09db92574"},"headline":"REN diz que &#8220;normas foram seguidas&#8221; em obra de Mon\u00e7\u00e3o onde trabalhador ficou ferido","datePublished":"2018-01-08T17:36:37+00:00","mainEntityOfPage":{"@id":"https:\/\/www.altominho.tv\/site\/2018\/01\/08\/ren-diz-que-normas-foram-seguidas-em-obra-de-moncao-onde-trabalhador-ficou-ferido\/"},"wordCount":313,"image":{"@id":"https:\/\/www.altominho.tv\/site\/2018\/01\/08\/ren-diz-que-normas-foram-seguidas-em-obra-de-moncao-onde-trabalhador-ficou-ferido\/#primaryimage"},"thumbnailUrl":"https:\/\/www.altominho.tv\/site\/wp-content\/uploads\/2018\/01\/ren.jpg","keywords":["Sociedade"],"articleSection":["Mon\u00e7\u00e3o"],"inLanguage":"pt-PT","copyrightYear":"2018","copyrightHolder":{"@id":"https:\/\/www.altominho.tv\/site\/#organization"}},{"@type":"WebPage","@id":"https:\/\/www.altominho.tv\/site\/2018\/01\/08\/ren-diz-que-normas-foram-seguidas-em-obra-de-moncao-onde-trabalhador-ficou-ferido\/","url":"https:\/\/www.altominho.tv\/site\/2018\/01\/08\/ren-diz-que-normas-foram-seguidas-em-obra-de-moncao-onde-trabalhador-ficou-ferido\/","name":"REN diz que \"normas foram seguidas\" em obra de Mon\u00e7\u00e3o onde trabalhador ficou ferido","isPartOf":{"@id":"https:\/\/www.altominho.tv\/site\/#website"},"primaryImageOfPage":{"@id":"https:\/\/www.altominho.tv\/site\/2018\/01\/08\/ren-diz-que-normas-foram-seguidas-em-obra-de-moncao-onde-trabalhador-ficou-ferido\/#primaryimage"},"image":{"@id":"https:\/\/www.altominho.tv\/site\/2018\/01\/08\/ren-diz-que-normas-foram-seguidas-em-obra-de-moncao-onde-trabalhador-ficou-ferido\/#primaryimage"},"thumbnailUrl":"https:\/\/www.altominho.tv\/site\/wp-content\/uploads\/2018\/01\/ren.jpg","datePublished":"2018-01-08T17:36:37+00:00","author":{"@id":"https:\/\/www.altominho.tv\/site\/#\/schema\/person\/5c9404a8b438614c93da6ca09db92574"},"breadcrumb":{"@id":"https:\/\/www.altominho.tv\/site\/2018\/01\/08\/ren-diz-que-normas-foram-seguidas-em-obra-de-moncao-onde-trabalhador-ficou-ferido\/#breadcrumb"},"inLanguage":"pt-PT","potentialAction":[{"@type":"ReadAction","target":["https:\/\/www.altominho.tv\/site\/2018\/01\/08\/ren-diz-que-normas-foram-seguidas-em-obra-de-moncao-onde-trabalhador-ficou-ferido\/"]}]},{"@type":"ImageObject","inLanguage":"pt-PT","@id":"https:\/\/www.altominho.tv\/site\/2018\/01\/08\/ren-diz-que-normas-foram-seguidas-em-obra-de-moncao-onde-trabalhador-ficou-ferido\/#primaryimage","url":"https:\/\/www.altominho.tv\/site\/wp-content\/uploads\/2018\/01\/ren.jpg","contentUrl":"https:\/\/www.altominho.tv\/site\/wp-content\/uploads\/2018\/01\/ren.jpg","width":767,"height":511},{"@type":"BreadcrumbList","@id":"https:\/\/www.altominho.tv\/site\/2018\/01\/08\/ren-diz-que-normas-foram-seguidas-em-obra-de-moncao-onde-trabalhador-ficou-ferido\/#breadcrumb","itemListElement":[{"@type":"ListItem","position":1,"name":"In\u00edcio","item":"https:\/\/www.altominho.tv\/site\/"},{"@type":"ListItem","position":2,"name":"REN diz que &#8220;normas foram seguidas&#8221; em obra de Mon\u00e7\u00e3o onde trabalhador ficou ferido"}]},{"@type":"WebSite","@id":"https:\/\/www.altominho.tv\/site\/#website","url":"https:\/\/www.altominho.tv\/site\/","name":"Altominho.tv","description":"A sua regi\u00e3o \u00e0 dist\u00e2ncia de um clique...","potentialAction":[{"@type":"SearchAction","target":{"@type":"EntryPoint","urlTemplate":"https:\/\/www.altominho.tv\/site\/?s={search_term_string}"},"query-input":{"@type":"PropertyValueSpecification","valueRequired":true,"valueName":"search_term_string"}}],"inLanguage":"pt-PT"},{"@type":"Person","@id":"https:\/\/www.altominho.tv\/site\/#\/schema\/person\/5c9404a8b438614c93da6ca09db92574","name":"C\u00e1tia Malheiro","image":{"@type":"ImageObject","inLanguage":"pt-PT","@id":"https:\/\/www.altominho.tv\/site\/wp-content\/uploads\/2017\/11\/Catia_Malheiro-150x150.jpg","url":"https:\/\/www.altominho.tv\/site\/wp-content\/uploads\/2017\/11\/Catia_Malheiro-150x150.jpg","contentUrl":"https:\/\/www.altominho.tv\/site\/wp-content\/uploads\/2017\/11\/Catia_Malheiro-150x150.jpg","caption":"C\u00e1tia Malheiro"},"url":"https:\/\/www.altominho.tv\/site\/author\/catiamalheiro\/"}]}},"_links":{"self":[{"href":"https:\/\/www.altominho.tv\/site\/wp-json\/wp\/v2\/posts\/8034","targetHints":{"allow":["GET"]}}],"collection":[{"href":"https:\/\/www.altominho.tv\/site\/wp-json\/wp\/v2\/posts"}],"about":[{"href":"https:\/\/www.altominho.tv\/site\/wp-json\/wp\/v2\/types\/post"}],"author":[{"embeddable":true,"href":"https:\/\/www.altominho.tv\/site\/wp-json\/wp\/v2\/users\/6"}],"replies":[{"embeddable":true,"href":"https:\/\/www.altominho.tv\/site\/wp-json\/wp\/v2\/comments?post=8034"}],"version-history":[{"count":0,"href":"https:\/\/www.altominho.tv\/site\/wp-json\/wp\/v2\/posts\/8034\/revisions"}],"wp:featuredmedia":[{"embeddable":true,"href":"https:\/\/www.altominho.tv\/site\/wp-json\/wp\/v2\/media\/8035"}],"wp:attachment":[{"href":"https:\/\/www.altominho.tv\/site\/wp-json\/wp\/v2\/media?parent=8034"}],"wp:term":[{"taxonomy":"category","embeddable":true,"href":"https:\/\/www.altominho.tv\/site\/wp-json\/wp\/v2\/categories?post=8034"},{"taxonomy":"post_tag","embeddable":true,"href":"https:\/\/www.altominho.tv\/site\/wp-json\/wp\/v2\/tags?post=8034"}],"curies":[{"name":"wp","href":"https:\/\/api.w.org\/{rel}","templated":true}]}}