{"id":80337,"date":"2022-06-01T17:24:42","date_gmt":"2022-06-01T16:24:42","guid":{"rendered":"https:\/\/www.altominho.tv\/site\/?p=80337"},"modified":"2022-06-01T17:24:59","modified_gmt":"2022-06-01T16:24:59","slug":"nova-campanha-solidaria-no-alto-minho-de-recolha-de-bens-essenciais-para-a-ucrania","status":"publish","type":"post","link":"https:\/\/www.altominho.tv\/site\/2022\/06\/01\/nova-campanha-solidaria-no-alto-minho-de-recolha-de-bens-essenciais-para-a-ucrania\/","title":{"rendered":"Nova campanha solid\u00e1ria no Alto Minho de recolha de bens essenciais para a Ucr\u00e2nia"},"content":{"rendered":"\n<p>A Comunidade Intermunicipal do Alto Minho (CIM Alto Minho) promove, entre 1 e 30 de junho, uma nova campanha intermunicipal de recolha de bens essenciais para envio para a Ucr\u00e2nia, em colabora\u00e7\u00e3o com os seus 10 munic\u00edpios associados, o Banco Alimentar de Viana do Castelo e o CDOS (Comando Distrital de Opera\u00e7\u00f5es e Socorro) de Viana do Castelo.<\/p>\n\n\n\n<p>A CIM deu nota que &#8220;a ajuda humanit\u00e1ria ao povo ucraniano \u201ccontinua a ser urgente\u201d, segundo informa\u00e7\u00e3o do Consulado da Ucr\u00e2nia no Porto, pelo que manter-se-\u00e1 a mesma listagem de bens utilizada aquando da primeira campanha de solidariedade, que decorreu entre 9 e 31 de mar\u00e7o, e que permitiu recolher mais de 19 toneladas de ajuda humanit\u00e1ria, tendo esta CIM recebido informa\u00e7\u00e3o sobre a entrega desses bens essenciais no passado dia 4 de maio ap\u00f3s articula\u00e7\u00e3o com a Associa\u00e7\u00e3o Cristo Rei. Assim, nesta segunda campanha, d\u00e1-se prefer\u00eancia a bens alimentares (n\u00e3o perec\u00edveis), a medicamentos (sugere-se de venda livre) e a artigos de higiene e de sa\u00fade&#8221;.<\/p>\n\n\n\n<p>Os donativos podem ser entregues nos seguintes locais: no quartel dos Bombeiros Volunt\u00e1rios de Arcos de Valdevez; na Loja Social da Cruz Vermelha de Melga\u00e7o; no Mercado Municipal de Mon\u00e7\u00e3o \u2013 Banco de Recursos, no edif\u00edcio da Junta de Freguesia em Vilarelho, em Caminha, ou no edif\u00edcio da Junta de Freguesia de Vila Praia de \u00c2ncora; nos Bombeiros Volunt\u00e1rios de Paredes de Coura; no Quartel dos Bombeiros Volunt\u00e1rios de Ponte de Lima; na Casa da Cultura de Ponte da Barca; no Quartel dos Bombeiros Volunt\u00e1rios de Valen\u00e7a; no Servi\u00e7o de Atendimento ao Mun\u00edcipe \u2013 SAM, no edif\u00edcio da C\u00e2mara Municipal de Viana do Castelo; e nas sedes das juntas de freguesia do concelho de Vila Nova de Cerveira. A listagem de bens, os pontos de recolha e respetivos hor\u00e1rios de funcionamento, est\u00e3o dispon\u00edveis no site da CIM Alto Minho em&nbsp;<a href=\"http:\/\/www.cim-altominho.pt\/\" target=\"_blank\" rel=\"noreferrer noopener\">www.cim-altominho.pt<\/a>.<\/p>\n\n\n\n<p>Esta campanha de solidariedade compreende igualmente outras a\u00e7\u00f5es que est\u00e3o a ser dinamizadas em articula\u00e7\u00e3o com outras entidades sub-regionais do Alto Minho (Unidade Local de Sa\u00fade do Alto Minho &#8211; ULSAM, Delega\u00e7\u00e3o do SEF de Viana do Castelo, Centro Distrital de Seguran\u00e7a Social, IEFP &#8211; Instituto de Emprego e Forma\u00e7\u00e3o Profissional de Viana do Castelo, IPVC &#8211; Instituto Polit\u00e9cnico de Viana do Castelo e Delega\u00e7\u00e3o de Viana do Castelo da Cruz Vermelha Portuguesa) para uma resposta concertada entre todos ao n\u00edvel do acolhimento, integra\u00e7\u00e3o, alojamento e cuidados de sa\u00fade a\u00a0<a>cidad\u00e3os ucranianos<\/a>.<\/p>\n\n\n\n<p>De acordo com informa\u00e7\u00e3o do SEF de Viana do Castelo, o Alto Minho j\u00e1 acolheu um total de&nbsp;434 cidad\u00e3os ucranianos, nomeadamente 15 em Arcos de Valdevez, 90 em Caminha, 17 em Melga\u00e7o, 31 em Mon\u00e7\u00e3o, 1 em Paredes de Coura, 12 em Ponte da Barca, 78 em Ponte de Lima, 27 em Valen\u00e7a, 146 em Viana do Castelo e 17 em Vila Nova de Cerveira.<\/p>\n","protected":false},"excerpt":{"rendered":"<p>A Comunidade Intermunicipal do Alto Minho (CIM Alto Minho) promove, entre 1 e 30 de junho, uma nova campanha intermunicipal de recolha de bens essenciais para envio para a Ucr\u00e2nia, em colabora\u00e7\u00e3o com os seus 10 munic\u00edpios associados, o Banco Alimentar de Viana do Castelo e o CDOS (Comando Distrital de Opera\u00e7\u00f5es e Socorro) de [&hellip;]<\/p>\n","protected":false},"author":7,"featured_media":80338,"comment_status":"closed","ping_status":"closed","sticky":false,"template":"","format":"standard","meta":{"_exactmetrics_skip_tracking":false,"_exactmetrics_sitenote_active":false,"_exactmetrics_sitenote_note":"","_exactmetrics_sitenote_category":0,"footnotes":""},"categories":[73],"tags":[27],"class_list":["post-80337","post","type-post","status-publish","format-standard","has-post-thumbnail","hentry","category-alto-minho","tag-sociedade"],"yoast_head":"<!-- This site is optimized with the Yoast SEO Premium plugin v27.4 (Yoast SEO v27.4) - https:\/\/yoast.com\/product\/yoast-seo-premium-wordpress\/ -->\n<title>Nova campanha solid\u00e1ria no Alto Minho de recolha de bens essenciais para a Ucr\u00e2nia<\/title>\n<meta name=\"description\" content=\"O Alto Minho est\u00e1 a promover novamente uma campanha solid\u00e1ria de recolha de bens essenciais para a Ucr\u00e2nia.\" \/>\n<meta name=\"robots\" content=\"index, follow, max-snippet:-1, max-image-preview:large, max-video-preview:-1\" \/>\n<link rel=\"canonical\" href=\"https:\/\/www.altominho.tv\/site\/2022\/06\/01\/nova-campanha-solidaria-no-alto-minho-de-recolha-de-bens-essenciais-para-a-ucrania\/\" \/>\n<meta property=\"og:locale\" content=\"pt_PT\" \/>\n<meta property=\"og:type\" content=\"article\" \/>\n<meta property=\"og:title\" content=\"Nova campanha solid\u00e1ria no Alto Minho de recolha de bens essenciais para a Ucr\u00e2nia\" \/>\n<meta property=\"og:description\" content=\"O Alto Minho est\u00e1 a promover novamente uma campanha solid\u00e1ria de recolha de bens essenciais para a Ucr\u00e2nia.\" \/>\n<meta property=\"og:url\" content=\"https:\/\/www.altominho.tv\/site\/2022\/06\/01\/nova-campanha-solidaria-no-alto-minho-de-recolha-de-bens-essenciais-para-a-ucrania\/\" \/>\n<meta property=\"og:site_name\" content=\"Altominho.tv\" \/>\n<meta property=\"article:publisher\" content=\"https:\/\/www.facebook.com\/altominhotv\" \/>\n<meta property=\"article:published_time\" content=\"2022-06-01T16:24:42+00:00\" \/>\n<meta property=\"article:modified_time\" content=\"2022-06-01T16:24:59+00:00\" \/>\n<meta property=\"og:image\" content=\"https:\/\/www.altominho.tv\/site\/wp-content\/uploads\/2022\/06\/Ucrania.jpg\" \/>\n\t<meta property=\"og:image:width\" content=\"836\" \/>\n\t<meta property=\"og:image:height\" content=\"448\" \/>\n\t<meta property=\"og:image:type\" content=\"image\/jpeg\" \/>\n<meta name=\"author\" content=\"Andreia Cunha\" \/>\n<meta name=\"twitter:card\" content=\"summary_large_image\" \/>\n<meta name=\"twitter:creator\" content=\"@altominhoTV\" \/>\n<meta name=\"twitter:site\" content=\"@altominhoTV\" \/>\n<meta name=\"twitter:label1\" content=\"Escrito por\" \/>\n\t<meta name=\"twitter:data1\" content=\"Andreia Cunha\" \/>\n\t<meta name=\"twitter:label2\" content=\"Tempo estimado de leitura\" \/>\n\t<meta name=\"twitter:data2\" content=\"3 minutos\" \/>\n<script type=\"application\/ld+json\" class=\"yoast-schema-graph\">{\"@context\":\"https:\\\/\\\/schema.org\",\"@graph\":[{\"@type\":\"Article\",\"@id\":\"https:\\\/\\\/www.altominho.tv\\\/site\\\/2022\\\/06\\\/01\\\/nova-campanha-solidaria-no-alto-minho-de-recolha-de-bens-essenciais-para-a-ucrania\\\/#article\",\"isPartOf\":{\"@id\":\"https:\\\/\\\/www.altominho.tv\\\/site\\\/2022\\\/06\\\/01\\\/nova-campanha-solidaria-no-alto-minho-de-recolha-de-bens-essenciais-para-a-ucrania\\\/\"},\"author\":{\"name\":\"Andreia Cunha\",\"@id\":\"https:\\\/\\\/www.altominho.tv\\\/site\\\/#\\\/schema\\\/person\\\/a0e4ef6d041f98ca284393d8f1d97153\"},\"headline\":\"Nova campanha solid\u00e1ria no Alto Minho de recolha de bens essenciais para a Ucr\u00e2nia\",\"datePublished\":\"2022-06-01T16:24:42+00:00\",\"dateModified\":\"2022-06-01T16:24:59+00:00\",\"mainEntityOfPage\":{\"@id\":\"https:\\\/\\\/www.altominho.tv\\\/site\\\/2022\\\/06\\\/01\\\/nova-campanha-solidaria-no-alto-minho-de-recolha-de-bens-essenciais-para-a-ucrania\\\/\"},\"wordCount\":515,\"image\":{\"@id\":\"https:\\\/\\\/www.altominho.tv\\\/site\\\/2022\\\/06\\\/01\\\/nova-campanha-solidaria-no-alto-minho-de-recolha-de-bens-essenciais-para-a-ucrania\\\/#primaryimage\"},\"thumbnailUrl\":\"https:\\\/\\\/www.altominho.tv\\\/site\\\/wp-content\\\/uploads\\\/2022\\\/06\\\/Ucrania.jpg\",\"keywords\":[\"Sociedade\"],\"articleSection\":[\"Alto Minho\"],\"inLanguage\":\"pt-PT\",\"copyrightYear\":\"2022\",\"copyrightHolder\":{\"@id\":\"https:\\\/\\\/www.altominho.tv\\\/site\\\/#organization\"}},{\"@type\":\"WebPage\",\"@id\":\"https:\\\/\\\/www.altominho.tv\\\/site\\\/2022\\\/06\\\/01\\\/nova-campanha-solidaria-no-alto-minho-de-recolha-de-bens-essenciais-para-a-ucrania\\\/\",\"url\":\"https:\\\/\\\/www.altominho.tv\\\/site\\\/2022\\\/06\\\/01\\\/nova-campanha-solidaria-no-alto-minho-de-recolha-de-bens-essenciais-para-a-ucrania\\\/\",\"name\":\"Nova campanha solid\u00e1ria no Alto Minho de recolha de bens essenciais para a Ucr\u00e2nia\",\"isPartOf\":{\"@id\":\"https:\\\/\\\/www.altominho.tv\\\/site\\\/#website\"},\"primaryImageOfPage\":{\"@id\":\"https:\\\/\\\/www.altominho.tv\\\/site\\\/2022\\\/06\\\/01\\\/nova-campanha-solidaria-no-alto-minho-de-recolha-de-bens-essenciais-para-a-ucrania\\\/#primaryimage\"},\"image\":{\"@id\":\"https:\\\/\\\/www.altominho.tv\\\/site\\\/2022\\\/06\\\/01\\\/nova-campanha-solidaria-no-alto-minho-de-recolha-de-bens-essenciais-para-a-ucrania\\\/#primaryimage\"},\"thumbnailUrl\":\"https:\\\/\\\/www.altominho.tv\\\/site\\\/wp-content\\\/uploads\\\/2022\\\/06\\\/Ucrania.jpg\",\"datePublished\":\"2022-06-01T16:24:42+00:00\",\"dateModified\":\"2022-06-01T16:24:59+00:00\",\"author\":{\"@id\":\"https:\\\/\\\/www.altominho.tv\\\/site\\\/#\\\/schema\\\/person\\\/a0e4ef6d041f98ca284393d8f1d97153\"},\"description\":\"O Alto Minho est\u00e1 a promover novamente uma campanha solid\u00e1ria de recolha de bens essenciais para a Ucr\u00e2nia.\",\"breadcrumb\":{\"@id\":\"https:\\\/\\\/www.altominho.tv\\\/site\\\/2022\\\/06\\\/01\\\/nova-campanha-solidaria-no-alto-minho-de-recolha-de-bens-essenciais-para-a-ucrania\\\/#breadcrumb\"},\"inLanguage\":\"pt-PT\",\"potentialAction\":[{\"@type\":\"ReadAction\",\"target\":[\"https:\\\/\\\/www.altominho.tv\\\/site\\\/2022\\\/06\\\/01\\\/nova-campanha-solidaria-no-alto-minho-de-recolha-de-bens-essenciais-para-a-ucrania\\\/\"]}]},{\"@type\":\"ImageObject\",\"inLanguage\":\"pt-PT\",\"@id\":\"https:\\\/\\\/www.altominho.tv\\\/site\\\/2022\\\/06\\\/01\\\/nova-campanha-solidaria-no-alto-minho-de-recolha-de-bens-essenciais-para-a-ucrania\\\/#primaryimage\",\"url\":\"https:\\\/\\\/www.altominho.tv\\\/site\\\/wp-content\\\/uploads\\\/2022\\\/06\\\/Ucrania.jpg\",\"contentUrl\":\"https:\\\/\\\/www.altominho.tv\\\/site\\\/wp-content\\\/uploads\\\/2022\\\/06\\\/Ucrania.jpg\",\"width\":836,\"height\":448},{\"@type\":\"BreadcrumbList\",\"@id\":\"https:\\\/\\\/www.altominho.tv\\\/site\\\/2022\\\/06\\\/01\\\/nova-campanha-solidaria-no-alto-minho-de-recolha-de-bens-essenciais-para-a-ucrania\\\/#breadcrumb\",\"itemListElement\":[{\"@type\":\"ListItem\",\"position\":1,\"name\":\"In\u00edcio\",\"item\":\"https:\\\/\\\/www.altominho.tv\\\/site\\\/\"},{\"@type\":\"ListItem\",\"position\":2,\"name\":\"Nova campanha solid\u00e1ria no Alto Minho de recolha de bens essenciais para a Ucr\u00e2nia\"}]},{\"@type\":\"WebSite\",\"@id\":\"https:\\\/\\\/www.altominho.tv\\\/site\\\/#website\",\"url\":\"https:\\\/\\\/www.altominho.tv\\\/site\\\/\",\"name\":\"Altominho.tv\",\"description\":\"A sua regi\u00e3o \u00e0 dist\u00e2ncia de um clique...\",\"potentialAction\":[{\"@type\":\"SearchAction\",\"target\":{\"@type\":\"EntryPoint\",\"urlTemplate\":\"https:\\\/\\\/www.altominho.tv\\\/site\\\/?s={search_term_string}\"},\"query-input\":{\"@type\":\"PropertyValueSpecification\",\"valueRequired\":true,\"valueName\":\"search_term_string\"}}],\"inLanguage\":\"pt-PT\"},{\"@type\":\"Person\",\"@id\":\"https:\\\/\\\/www.altominho.tv\\\/site\\\/#\\\/schema\\\/person\\\/a0e4ef6d041f98ca284393d8f1d97153\",\"name\":\"Andreia Cunha\",\"image\":{\"@type\":\"ImageObject\",\"inLanguage\":\"pt-PT\",\"@id\":\"https:\\\/\\\/www.altominho.tv\\\/site\\\/wp-content\\\/uploads\\\/2017\\\/11\\\/Andreia_Cunha-1-150x150.jpg\",\"url\":\"https:\\\/\\\/www.altominho.tv\\\/site\\\/wp-content\\\/uploads\\\/2017\\\/11\\\/Andreia_Cunha-1-150x150.jpg\",\"contentUrl\":\"https:\\\/\\\/www.altominho.tv\\\/site\\\/wp-content\\\/uploads\\\/2017\\\/11\\\/Andreia_Cunha-1-150x150.jpg\",\"caption\":\"Andreia Cunha\"},\"url\":\"https:\\\/\\\/www.altominho.tv\\\/site\\\/author\\\/andreiacunha\\\/\"}]}<\/script>\n<!-- \/ Yoast SEO Premium plugin. -->","yoast_head_json":{"title":"Nova campanha solid\u00e1ria no Alto Minho de recolha de bens essenciais para a Ucr\u00e2nia","description":"O Alto Minho est\u00e1 a promover novamente uma campanha solid\u00e1ria de recolha de bens essenciais para a Ucr\u00e2nia.","robots":{"index":"index","follow":"follow","max-snippet":"max-snippet:-1","max-image-preview":"max-image-preview:large","max-video-preview":"max-video-preview:-1"},"canonical":"https:\/\/www.altominho.tv\/site\/2022\/06\/01\/nova-campanha-solidaria-no-alto-minho-de-recolha-de-bens-essenciais-para-a-ucrania\/","og_locale":"pt_PT","og_type":"article","og_title":"Nova campanha solid\u00e1ria no Alto Minho de recolha de bens essenciais para a Ucr\u00e2nia","og_description":"O Alto Minho est\u00e1 a promover novamente uma campanha solid\u00e1ria de recolha de bens essenciais para a Ucr\u00e2nia.","og_url":"https:\/\/www.altominho.tv\/site\/2022\/06\/01\/nova-campanha-solidaria-no-alto-minho-de-recolha-de-bens-essenciais-para-a-ucrania\/","og_site_name":"Altominho.tv","article_publisher":"https:\/\/www.facebook.com\/altominhotv","article_published_time":"2022-06-01T16:24:42+00:00","article_modified_time":"2022-06-01T16:24:59+00:00","og_image":[{"width":836,"height":448,"url":"https:\/\/www.altominho.tv\/site\/wp-content\/uploads\/2022\/06\/Ucrania.jpg","type":"image\/jpeg"}],"author":"Andreia Cunha","twitter_card":"summary_large_image","twitter_creator":"@altominhoTV","twitter_site":"@altominhoTV","twitter_misc":{"Escrito por":"Andreia Cunha","Tempo estimado de leitura":"3 minutos"},"schema":{"@context":"https:\/\/schema.org","@graph":[{"@type":"Article","@id":"https:\/\/www.altominho.tv\/site\/2022\/06\/01\/nova-campanha-solidaria-no-alto-minho-de-recolha-de-bens-essenciais-para-a-ucrania\/#article","isPartOf":{"@id":"https:\/\/www.altominho.tv\/site\/2022\/06\/01\/nova-campanha-solidaria-no-alto-minho-de-recolha-de-bens-essenciais-para-a-ucrania\/"},"author":{"name":"Andreia Cunha","@id":"https:\/\/www.altominho.tv\/site\/#\/schema\/person\/a0e4ef6d041f98ca284393d8f1d97153"},"headline":"Nova campanha solid\u00e1ria no Alto Minho de recolha de bens essenciais para a Ucr\u00e2nia","datePublished":"2022-06-01T16:24:42+00:00","dateModified":"2022-06-01T16:24:59+00:00","mainEntityOfPage":{"@id":"https:\/\/www.altominho.tv\/site\/2022\/06\/01\/nova-campanha-solidaria-no-alto-minho-de-recolha-de-bens-essenciais-para-a-ucrania\/"},"wordCount":515,"image":{"@id":"https:\/\/www.altominho.tv\/site\/2022\/06\/01\/nova-campanha-solidaria-no-alto-minho-de-recolha-de-bens-essenciais-para-a-ucrania\/#primaryimage"},"thumbnailUrl":"https:\/\/www.altominho.tv\/site\/wp-content\/uploads\/2022\/06\/Ucrania.jpg","keywords":["Sociedade"],"articleSection":["Alto Minho"],"inLanguage":"pt-PT","copyrightYear":"2022","copyrightHolder":{"@id":"https:\/\/www.altominho.tv\/site\/#organization"}},{"@type":"WebPage","@id":"https:\/\/www.altominho.tv\/site\/2022\/06\/01\/nova-campanha-solidaria-no-alto-minho-de-recolha-de-bens-essenciais-para-a-ucrania\/","url":"https:\/\/www.altominho.tv\/site\/2022\/06\/01\/nova-campanha-solidaria-no-alto-minho-de-recolha-de-bens-essenciais-para-a-ucrania\/","name":"Nova campanha solid\u00e1ria no Alto Minho de recolha de bens essenciais para a Ucr\u00e2nia","isPartOf":{"@id":"https:\/\/www.altominho.tv\/site\/#website"},"primaryImageOfPage":{"@id":"https:\/\/www.altominho.tv\/site\/2022\/06\/01\/nova-campanha-solidaria-no-alto-minho-de-recolha-de-bens-essenciais-para-a-ucrania\/#primaryimage"},"image":{"@id":"https:\/\/www.altominho.tv\/site\/2022\/06\/01\/nova-campanha-solidaria-no-alto-minho-de-recolha-de-bens-essenciais-para-a-ucrania\/#primaryimage"},"thumbnailUrl":"https:\/\/www.altominho.tv\/site\/wp-content\/uploads\/2022\/06\/Ucrania.jpg","datePublished":"2022-06-01T16:24:42+00:00","dateModified":"2022-06-01T16:24:59+00:00","author":{"@id":"https:\/\/www.altominho.tv\/site\/#\/schema\/person\/a0e4ef6d041f98ca284393d8f1d97153"},"description":"O Alto Minho est\u00e1 a promover novamente uma campanha solid\u00e1ria de recolha de bens essenciais para a Ucr\u00e2nia.","breadcrumb":{"@id":"https:\/\/www.altominho.tv\/site\/2022\/06\/01\/nova-campanha-solidaria-no-alto-minho-de-recolha-de-bens-essenciais-para-a-ucrania\/#breadcrumb"},"inLanguage":"pt-PT","potentialAction":[{"@type":"ReadAction","target":["https:\/\/www.altominho.tv\/site\/2022\/06\/01\/nova-campanha-solidaria-no-alto-minho-de-recolha-de-bens-essenciais-para-a-ucrania\/"]}]},{"@type":"ImageObject","inLanguage":"pt-PT","@id":"https:\/\/www.altominho.tv\/site\/2022\/06\/01\/nova-campanha-solidaria-no-alto-minho-de-recolha-de-bens-essenciais-para-a-ucrania\/#primaryimage","url":"https:\/\/www.altominho.tv\/site\/wp-content\/uploads\/2022\/06\/Ucrania.jpg","contentUrl":"https:\/\/www.altominho.tv\/site\/wp-content\/uploads\/2022\/06\/Ucrania.jpg","width":836,"height":448},{"@type":"BreadcrumbList","@id":"https:\/\/www.altominho.tv\/site\/2022\/06\/01\/nova-campanha-solidaria-no-alto-minho-de-recolha-de-bens-essenciais-para-a-ucrania\/#breadcrumb","itemListElement":[{"@type":"ListItem","position":1,"name":"In\u00edcio","item":"https:\/\/www.altominho.tv\/site\/"},{"@type":"ListItem","position":2,"name":"Nova campanha solid\u00e1ria no Alto Minho de recolha de bens essenciais para a Ucr\u00e2nia"}]},{"@type":"WebSite","@id":"https:\/\/www.altominho.tv\/site\/#website","url":"https:\/\/www.altominho.tv\/site\/","name":"Altominho.tv","description":"A sua regi\u00e3o \u00e0 dist\u00e2ncia de um clique...","potentialAction":[{"@type":"SearchAction","target":{"@type":"EntryPoint","urlTemplate":"https:\/\/www.altominho.tv\/site\/?s={search_term_string}"},"query-input":{"@type":"PropertyValueSpecification","valueRequired":true,"valueName":"search_term_string"}}],"inLanguage":"pt-PT"},{"@type":"Person","@id":"https:\/\/www.altominho.tv\/site\/#\/schema\/person\/a0e4ef6d041f98ca284393d8f1d97153","name":"Andreia Cunha","image":{"@type":"ImageObject","inLanguage":"pt-PT","@id":"https:\/\/www.altominho.tv\/site\/wp-content\/uploads\/2017\/11\/Andreia_Cunha-1-150x150.jpg","url":"https:\/\/www.altominho.tv\/site\/wp-content\/uploads\/2017\/11\/Andreia_Cunha-1-150x150.jpg","contentUrl":"https:\/\/www.altominho.tv\/site\/wp-content\/uploads\/2017\/11\/Andreia_Cunha-1-150x150.jpg","caption":"Andreia Cunha"},"url":"https:\/\/www.altominho.tv\/site\/author\/andreiacunha\/"}]}},"_links":{"self":[{"href":"https:\/\/www.altominho.tv\/site\/wp-json\/wp\/v2\/posts\/80337","targetHints":{"allow":["GET"]}}],"collection":[{"href":"https:\/\/www.altominho.tv\/site\/wp-json\/wp\/v2\/posts"}],"about":[{"href":"https:\/\/www.altominho.tv\/site\/wp-json\/wp\/v2\/types\/post"}],"author":[{"embeddable":true,"href":"https:\/\/www.altominho.tv\/site\/wp-json\/wp\/v2\/users\/7"}],"replies":[{"embeddable":true,"href":"https:\/\/www.altominho.tv\/site\/wp-json\/wp\/v2\/comments?post=80337"}],"version-history":[{"count":0,"href":"https:\/\/www.altominho.tv\/site\/wp-json\/wp\/v2\/posts\/80337\/revisions"}],"wp:featuredmedia":[{"embeddable":true,"href":"https:\/\/www.altominho.tv\/site\/wp-json\/wp\/v2\/media\/80338"}],"wp:attachment":[{"href":"https:\/\/www.altominho.tv\/site\/wp-json\/wp\/v2\/media?parent=80337"}],"wp:term":[{"taxonomy":"category","embeddable":true,"href":"https:\/\/www.altominho.tv\/site\/wp-json\/wp\/v2\/categories?post=80337"},{"taxonomy":"post_tag","embeddable":true,"href":"https:\/\/www.altominho.tv\/site\/wp-json\/wp\/v2\/tags?post=80337"}],"curies":[{"name":"wp","href":"https:\/\/api.w.org\/{rel}","templated":true}]}}