{"id":80299,"date":"2022-06-01T11:02:23","date_gmt":"2022-06-01T10:02:23","guid":{"rendered":"https:\/\/www.altominho.tv\/site\/?p=80299"},"modified":"2022-06-01T11:02:29","modified_gmt":"2022-06-01T10:02:29","slug":"alto-minho-alteracoes-climaticas","status":"publish","type":"post","link":"https:\/\/www.altominho.tv\/site\/2022\/06\/01\/alto-minho-alteracoes-climaticas\/","title":{"rendered":"CIM promoveu reflex\u00e3o conjunta em torno da tem\u00e1tica dos riscos num contexto de mudan\u00e7a clim\u00e1tica no Alto Minho"},"content":{"rendered":"\n<p>Realizou-se ontem, dia 31 de maio, em Caminha, o segundo semin\u00e1rio do projeto &#8220;INFORISK: Informar sobre os riscos associados \u00e0s altera\u00e7\u00f5es clim\u00e1ticas no Alto Minho&#8221;, subordinado \u00e0 tem\u00e1tica &#8220;Altera\u00e7\u00f5es Clim\u00e1ticas no Alto Minho: Informar para (re)agir&#8221;.<\/p>\n\n\n\n<p>Dinamizado pela Comunidade Intermunicipal do Alto Minho (CIM Alto Minho), em colabora\u00e7\u00e3o com os munic\u00edpios seus associados, no \u00e2mbito do Programa Operacional Sustentabilidade e Efici\u00eancia no Uso de Recursos (PO SEUR), &#8220;o INFORISK \u00e9 um projeto inovador em termos de comunica\u00e7\u00e3o, capacita\u00e7\u00e3o de agentes do territ\u00f3rio e sensibiliza\u00e7\u00e3o do p\u00fablico em geral, no qual se inclui a comunidade escolar, para os riscos associados \u00e0s altera\u00e7\u00f5es clim\u00e1ticas no Alto Minho&#8221;.<\/p>\n\n\n\n<p>Por este motivo o palco escolhido para este segundo semin\u00e1rio foi a Escola B\u00e1sica e Secund\u00e1ria de Caminha, onde Rui Miguel Lages, vice-presidente da C\u00e2mara Municipal de Caminha, come\u00e7ou por enaltecer a CIM Alto Minho pela iniciativa e refor\u00e7ou a import\u00e2ncia deste tipo de projetos.<\/p>\n\n\n\n<p>De acordo com Bruno Caldas, primeiro secret\u00e1rio da CIM Alto Minho, este projeto tem como \u201cfinalidade informar sobre os riscos potenciados pelas altera\u00e7\u00f5es clim\u00e1ticas no territ\u00f3rio do Alto Minho, pretendendo descodificar o conhecimento t\u00e9cnico e transform\u00e1-lo em informa\u00e7\u00e3o acess\u00edvel e percet\u00edvel a todos, para que fiquem capacitados para atuar enquanto agentes de mudan\u00e7a no atual contexto de emerg\u00eancia clim\u00e1tica\u201d. \u201cO objetivo \u00e9 capacitar e disponibilizar informa\u00e7\u00e3o e ferramentas para que todos possam agir como agentes da prote\u00e7\u00e3o civil\u201d, refor\u00e7ou.<\/p>\n\n\n\n<p>Isabel Estrada Carvalhais, deputada no Parlamento Europeu, foi uma das oradoras convidadas para este semin\u00e1rio, sublinhando tamb\u00e9m a import\u00e2ncia de projetos como este na \u201ccria\u00e7\u00e3o de uma consci\u00eancia ampla e esclarecida sobre os riscos decorrentes das altera\u00e7\u00f5es clim\u00e1ticas e o modo como podem ser mitigados e contrariados\u201d.<\/p>\n\n\n\n<p>O programa do semin\u00e1rio incluiu uma apresenta\u00e7\u00e3o sobre a Estrat\u00e9gia Nacional para uma Prote\u00e7\u00e3o Civil Preventiva 2030, proferida por Carlos Mendes, diretor de Servi\u00e7os de Riscos e Planeamento da Autoridade Nacional de Emerg\u00eancia e Prote\u00e7\u00e3o Civil (ANEPC), e um painel que contou com as interven\u00e7\u00f5es e testemunhos de Bruno Caldas; Isabel&nbsp; Sousa, s\u00f3cia cooperante da Explore Iberia; Joana Nogueira, docente\/ investigadora da Escola Superior Agr\u00e1ria de Ponte de Lima (ESAPL\/IPVC) e Rafael Oliveira, curador do grupo de trabalho da gastronomia da Carta Europeia do Turismo Sustent\u00e1vel do Alto Minho (CETS do Alto Minho). Durante mais de duas horas, num debate moderado por Rui Miguel Gra\u00e7a, diretor da R\u00e1dio Antena Minho e chefe de reda\u00e7\u00e3o do Correio do Minho, estes intervenientes afloraram a tem\u00e1tica dos riscos potenciados pelas altera\u00e7\u00f5es clim\u00e1ticas na \u00f3tica das comunidades, das empresas de turismo, da gastronomia e da enologia.<\/p>\n\n\n\n<p>Para al\u00e9m do enquadramento, prop\u00f3sito e&nbsp;<em>outputs<\/em>&nbsp;deste projeto, foi refor\u00e7ada a import\u00e2ncia do indiv\u00edduo, enquanto agente de mudan\u00e7a e de prote\u00e7\u00e3o civil; da valora\u00e7\u00e3o, valoriza\u00e7\u00e3o e consumo de produtos end\u00f3genos\/aut\u00f3ctones, como formas de a\u00e7\u00e3o clim\u00e1tica, potenciadoras de uma maior diferencia\u00e7\u00e3o, demarca\u00e7\u00e3o e desenvolvimento territoriais; da efici\u00eancia do uso dos recursos (\u00e1gua, mat\u00e9ria e energia), enquanto garantia da sustentabilidade e resili\u00eancia do territ\u00f3rio; e da valoriza\u00e7\u00e3o dos servi\u00e7os de ecossistema, enquanto mecanismo indutor de uma maior coes\u00e3o, equidade e competitividade territorial.<\/p>\n\n\n\n<p>De acordo com o comunicado da CIM Alto Minho, &#8220;os alunos da escola anfitri\u00e3 colaboraram ativamente na organiza\u00e7\u00e3o e log\u00edstica associada a este semin\u00e1rio, tendo inclusivamente questionado os presentes acerca do impacto econ\u00f3mico das altera\u00e7\u00f5es clim\u00e1ticas no territ\u00f3rio do Alto Minho e sobre qual seria o papel dos jovens em mat\u00e9ria de a\u00e7\u00e3o clim\u00e1tica&#8221;.<\/p>\n\n\n\n<p>A jornada de trabalho terminou com a interven\u00e7\u00e3o de Maria Esteves, diretora do agrupamento de escolas do concelho de Caminha, &#8220;cujo testemunho permitiu corroborar o papel de relevo que a comunidade escolar desempenha e desempenhar\u00e1, tamb\u00e9m, em mat\u00e9ria de a\u00e7\u00e3o clim\u00e1tica&#8221;.<\/p>\n","protected":false},"excerpt":{"rendered":"<p>Realizou-se ontem, dia 31 de maio, em Caminha, o segundo semin\u00e1rio do projeto &#8220;INFORISK: Informar sobre os riscos associados \u00e0s altera\u00e7\u00f5es clim\u00e1ticas no Alto Minho&#8221;, subordinado \u00e0 tem\u00e1tica &#8220;Altera\u00e7\u00f5es Clim\u00e1ticas no Alto Minho: Informar para (re)agir&#8221;. Dinamizado pela Comunidade Intermunicipal do Alto Minho (CIM Alto Minho), em colabora\u00e7\u00e3o com os munic\u00edpios seus associados, no \u00e2mbito [&hellip;]<\/p>\n","protected":false},"author":7,"featured_media":80300,"comment_status":"closed","ping_status":"closed","sticky":false,"template":"","format":"standard","meta":{"_exactmetrics_skip_tracking":false,"_exactmetrics_sitenote_active":false,"_exactmetrics_sitenote_note":"","_exactmetrics_sitenote_category":0,"footnotes":""},"categories":[73],"tags":[27],"class_list":["post-80299","post","type-post","status-publish","format-standard","has-post-thumbnail","hentry","category-alto-minho","tag-sociedade"],"yoast_head":"<!-- This site is optimized with the Yoast SEO Premium plugin v27.4 (Yoast SEO v27.4) - https:\/\/yoast.com\/product\/yoast-seo-premium-wordpress\/ -->\n<title>CIM promoveu reflex\u00e3o conjunta em torno da tem\u00e1tica dos riscos num contexto de mudan\u00e7a clim\u00e1tica no Alto Minho<\/title>\n<meta name=\"description\" content=\"A CIM promoveu uma reflex\u00e3o conjunta em torno da tem\u00e1tica dos riscos num contexto de mudan\u00e7a clim\u00e1tica no Alto Minho.\" \/>\n<meta name=\"robots\" content=\"index, follow, max-snippet:-1, max-image-preview:large, max-video-preview:-1\" \/>\n<link rel=\"canonical\" href=\"https:\/\/www.altominho.tv\/site\/2022\/06\/01\/alto-minho-alteracoes-climaticas\/\" \/>\n<meta property=\"og:locale\" content=\"pt_PT\" \/>\n<meta property=\"og:type\" content=\"article\" \/>\n<meta property=\"og:title\" content=\"CIM promoveu reflex\u00e3o conjunta em torno da tem\u00e1tica dos riscos num contexto de mudan\u00e7a clim\u00e1tica no Alto Minho\" \/>\n<meta property=\"og:description\" content=\"A CIM promoveu uma reflex\u00e3o conjunta em torno da tem\u00e1tica dos riscos num contexto de mudan\u00e7a clim\u00e1tica no Alto Minho.\" \/>\n<meta property=\"og:url\" content=\"https:\/\/www.altominho.tv\/site\/2022\/06\/01\/alto-minho-alteracoes-climaticas\/\" \/>\n<meta property=\"og:site_name\" content=\"Altominho.tv\" \/>\n<meta property=\"article:publisher\" content=\"https:\/\/www.facebook.com\/altominhotv\" \/>\n<meta property=\"article:published_time\" content=\"2022-06-01T10:02:23+00:00\" \/>\n<meta property=\"article:modified_time\" content=\"2022-06-01T10:02:29+00:00\" \/>\n<meta property=\"og:image\" content=\"https:\/\/www.altominho.tv\/site\/wp-content\/uploads\/2022\/06\/e9771c24-b5c6-4c71-90cb-7e65feace198.jpeg\" \/>\n\t<meta property=\"og:image:width\" content=\"2048\" \/>\n\t<meta property=\"og:image:height\" content=\"1536\" \/>\n\t<meta property=\"og:image:type\" content=\"image\/jpeg\" \/>\n<meta name=\"author\" content=\"Andreia Cunha\" \/>\n<meta name=\"twitter:card\" content=\"summary_large_image\" \/>\n<meta name=\"twitter:creator\" content=\"@altominhoTV\" \/>\n<meta name=\"twitter:site\" content=\"@altominhoTV\" \/>\n<meta name=\"twitter:label1\" content=\"Escrito por\" \/>\n\t<meta name=\"twitter:data1\" content=\"Andreia Cunha\" \/>\n\t<meta name=\"twitter:label2\" content=\"Tempo estimado de leitura\" \/>\n\t<meta name=\"twitter:data2\" content=\"4 minutos\" \/>\n<script type=\"application\/ld+json\" class=\"yoast-schema-graph\">{\"@context\":\"https:\\\/\\\/schema.org\",\"@graph\":[{\"@type\":\"Article\",\"@id\":\"https:\\\/\\\/www.altominho.tv\\\/site\\\/2022\\\/06\\\/01\\\/alto-minho-alteracoes-climaticas\\\/#article\",\"isPartOf\":{\"@id\":\"https:\\\/\\\/www.altominho.tv\\\/site\\\/2022\\\/06\\\/01\\\/alto-minho-alteracoes-climaticas\\\/\"},\"author\":{\"name\":\"Andreia Cunha\",\"@id\":\"https:\\\/\\\/www.altominho.tv\\\/site\\\/#\\\/schema\\\/person\\\/a0e4ef6d041f98ca284393d8f1d97153\"},\"headline\":\"CIM promoveu reflex\u00e3o conjunta em torno da tem\u00e1tica dos riscos num contexto de mudan\u00e7a clim\u00e1tica no Alto Minho\",\"datePublished\":\"2022-06-01T10:02:23+00:00\",\"dateModified\":\"2022-06-01T10:02:29+00:00\",\"mainEntityOfPage\":{\"@id\":\"https:\\\/\\\/www.altominho.tv\\\/site\\\/2022\\\/06\\\/01\\\/alto-minho-alteracoes-climaticas\\\/\"},\"wordCount\":716,\"image\":{\"@id\":\"https:\\\/\\\/www.altominho.tv\\\/site\\\/2022\\\/06\\\/01\\\/alto-minho-alteracoes-climaticas\\\/#primaryimage\"},\"thumbnailUrl\":\"https:\\\/\\\/www.altominho.tv\\\/site\\\/wp-content\\\/uploads\\\/2022\\\/06\\\/e9771c24-b5c6-4c71-90cb-7e65feace198.jpeg\",\"keywords\":[\"Sociedade\"],\"articleSection\":[\"Alto Minho\"],\"inLanguage\":\"pt-PT\",\"copyrightYear\":\"2022\",\"copyrightHolder\":{\"@id\":\"https:\\\/\\\/www.altominho.tv\\\/site\\\/#organization\"}},{\"@type\":\"WebPage\",\"@id\":\"https:\\\/\\\/www.altominho.tv\\\/site\\\/2022\\\/06\\\/01\\\/alto-minho-alteracoes-climaticas\\\/\",\"url\":\"https:\\\/\\\/www.altominho.tv\\\/site\\\/2022\\\/06\\\/01\\\/alto-minho-alteracoes-climaticas\\\/\",\"name\":\"CIM promoveu reflex\u00e3o conjunta em torno da tem\u00e1tica dos riscos num contexto de mudan\u00e7a clim\u00e1tica no Alto Minho\",\"isPartOf\":{\"@id\":\"https:\\\/\\\/www.altominho.tv\\\/site\\\/#website\"},\"primaryImageOfPage\":{\"@id\":\"https:\\\/\\\/www.altominho.tv\\\/site\\\/2022\\\/06\\\/01\\\/alto-minho-alteracoes-climaticas\\\/#primaryimage\"},\"image\":{\"@id\":\"https:\\\/\\\/www.altominho.tv\\\/site\\\/2022\\\/06\\\/01\\\/alto-minho-alteracoes-climaticas\\\/#primaryimage\"},\"thumbnailUrl\":\"https:\\\/\\\/www.altominho.tv\\\/site\\\/wp-content\\\/uploads\\\/2022\\\/06\\\/e9771c24-b5c6-4c71-90cb-7e65feace198.jpeg\",\"datePublished\":\"2022-06-01T10:02:23+00:00\",\"dateModified\":\"2022-06-01T10:02:29+00:00\",\"author\":{\"@id\":\"https:\\\/\\\/www.altominho.tv\\\/site\\\/#\\\/schema\\\/person\\\/a0e4ef6d041f98ca284393d8f1d97153\"},\"description\":\"A CIM promoveu uma reflex\u00e3o conjunta em torno da tem\u00e1tica dos riscos num contexto de mudan\u00e7a clim\u00e1tica no Alto Minho.\",\"breadcrumb\":{\"@id\":\"https:\\\/\\\/www.altominho.tv\\\/site\\\/2022\\\/06\\\/01\\\/alto-minho-alteracoes-climaticas\\\/#breadcrumb\"},\"inLanguage\":\"pt-PT\",\"potentialAction\":[{\"@type\":\"ReadAction\",\"target\":[\"https:\\\/\\\/www.altominho.tv\\\/site\\\/2022\\\/06\\\/01\\\/alto-minho-alteracoes-climaticas\\\/\"]}]},{\"@type\":\"ImageObject\",\"inLanguage\":\"pt-PT\",\"@id\":\"https:\\\/\\\/www.altominho.tv\\\/site\\\/2022\\\/06\\\/01\\\/alto-minho-alteracoes-climaticas\\\/#primaryimage\",\"url\":\"https:\\\/\\\/www.altominho.tv\\\/site\\\/wp-content\\\/uploads\\\/2022\\\/06\\\/e9771c24-b5c6-4c71-90cb-7e65feace198.jpeg\",\"contentUrl\":\"https:\\\/\\\/www.altominho.tv\\\/site\\\/wp-content\\\/uploads\\\/2022\\\/06\\\/e9771c24-b5c6-4c71-90cb-7e65feace198.jpeg\",\"width\":2048,\"height\":1536},{\"@type\":\"BreadcrumbList\",\"@id\":\"https:\\\/\\\/www.altominho.tv\\\/site\\\/2022\\\/06\\\/01\\\/alto-minho-alteracoes-climaticas\\\/#breadcrumb\",\"itemListElement\":[{\"@type\":\"ListItem\",\"position\":1,\"name\":\"In\u00edcio\",\"item\":\"https:\\\/\\\/www.altominho.tv\\\/site\\\/\"},{\"@type\":\"ListItem\",\"position\":2,\"name\":\"CIM promoveu reflex\u00e3o conjunta em torno da tem\u00e1tica dos riscos num contexto de mudan\u00e7a clim\u00e1tica no Alto Minho\"}]},{\"@type\":\"WebSite\",\"@id\":\"https:\\\/\\\/www.altominho.tv\\\/site\\\/#website\",\"url\":\"https:\\\/\\\/www.altominho.tv\\\/site\\\/\",\"name\":\"Altominho.tv\",\"description\":\"A sua regi\u00e3o \u00e0 dist\u00e2ncia de um clique...\",\"potentialAction\":[{\"@type\":\"SearchAction\",\"target\":{\"@type\":\"EntryPoint\",\"urlTemplate\":\"https:\\\/\\\/www.altominho.tv\\\/site\\\/?s={search_term_string}\"},\"query-input\":{\"@type\":\"PropertyValueSpecification\",\"valueRequired\":true,\"valueName\":\"search_term_string\"}}],\"inLanguage\":\"pt-PT\"},{\"@type\":\"Person\",\"@id\":\"https:\\\/\\\/www.altominho.tv\\\/site\\\/#\\\/schema\\\/person\\\/a0e4ef6d041f98ca284393d8f1d97153\",\"name\":\"Andreia Cunha\",\"image\":{\"@type\":\"ImageObject\",\"inLanguage\":\"pt-PT\",\"@id\":\"https:\\\/\\\/www.altominho.tv\\\/site\\\/wp-content\\\/uploads\\\/2017\\\/11\\\/Andreia_Cunha-1-150x150.jpg\",\"url\":\"https:\\\/\\\/www.altominho.tv\\\/site\\\/wp-content\\\/uploads\\\/2017\\\/11\\\/Andreia_Cunha-1-150x150.jpg\",\"contentUrl\":\"https:\\\/\\\/www.altominho.tv\\\/site\\\/wp-content\\\/uploads\\\/2017\\\/11\\\/Andreia_Cunha-1-150x150.jpg\",\"caption\":\"Andreia Cunha\"},\"url\":\"https:\\\/\\\/www.altominho.tv\\\/site\\\/author\\\/andreiacunha\\\/\"}]}<\/script>\n<!-- \/ Yoast SEO Premium plugin. -->","yoast_head_json":{"title":"CIM promoveu reflex\u00e3o conjunta em torno da tem\u00e1tica dos riscos num contexto de mudan\u00e7a clim\u00e1tica no Alto Minho","description":"A CIM promoveu uma reflex\u00e3o conjunta em torno da tem\u00e1tica dos riscos num contexto de mudan\u00e7a clim\u00e1tica no Alto Minho.","robots":{"index":"index","follow":"follow","max-snippet":"max-snippet:-1","max-image-preview":"max-image-preview:large","max-video-preview":"max-video-preview:-1"},"canonical":"https:\/\/www.altominho.tv\/site\/2022\/06\/01\/alto-minho-alteracoes-climaticas\/","og_locale":"pt_PT","og_type":"article","og_title":"CIM promoveu reflex\u00e3o conjunta em torno da tem\u00e1tica dos riscos num contexto de mudan\u00e7a clim\u00e1tica no Alto Minho","og_description":"A CIM promoveu uma reflex\u00e3o conjunta em torno da tem\u00e1tica dos riscos num contexto de mudan\u00e7a clim\u00e1tica no Alto Minho.","og_url":"https:\/\/www.altominho.tv\/site\/2022\/06\/01\/alto-minho-alteracoes-climaticas\/","og_site_name":"Altominho.tv","article_publisher":"https:\/\/www.facebook.com\/altominhotv","article_published_time":"2022-06-01T10:02:23+00:00","article_modified_time":"2022-06-01T10:02:29+00:00","og_image":[{"width":2048,"height":1536,"url":"https:\/\/www.altominho.tv\/site\/wp-content\/uploads\/2022\/06\/e9771c24-b5c6-4c71-90cb-7e65feace198.jpeg","type":"image\/jpeg"}],"author":"Andreia Cunha","twitter_card":"summary_large_image","twitter_creator":"@altominhoTV","twitter_site":"@altominhoTV","twitter_misc":{"Escrito por":"Andreia Cunha","Tempo estimado de leitura":"4 minutos"},"schema":{"@context":"https:\/\/schema.org","@graph":[{"@type":"Article","@id":"https:\/\/www.altominho.tv\/site\/2022\/06\/01\/alto-minho-alteracoes-climaticas\/#article","isPartOf":{"@id":"https:\/\/www.altominho.tv\/site\/2022\/06\/01\/alto-minho-alteracoes-climaticas\/"},"author":{"name":"Andreia Cunha","@id":"https:\/\/www.altominho.tv\/site\/#\/schema\/person\/a0e4ef6d041f98ca284393d8f1d97153"},"headline":"CIM promoveu reflex\u00e3o conjunta em torno da tem\u00e1tica dos riscos num contexto de mudan\u00e7a clim\u00e1tica no Alto Minho","datePublished":"2022-06-01T10:02:23+00:00","dateModified":"2022-06-01T10:02:29+00:00","mainEntityOfPage":{"@id":"https:\/\/www.altominho.tv\/site\/2022\/06\/01\/alto-minho-alteracoes-climaticas\/"},"wordCount":716,"image":{"@id":"https:\/\/www.altominho.tv\/site\/2022\/06\/01\/alto-minho-alteracoes-climaticas\/#primaryimage"},"thumbnailUrl":"https:\/\/www.altominho.tv\/site\/wp-content\/uploads\/2022\/06\/e9771c24-b5c6-4c71-90cb-7e65feace198.jpeg","keywords":["Sociedade"],"articleSection":["Alto Minho"],"inLanguage":"pt-PT","copyrightYear":"2022","copyrightHolder":{"@id":"https:\/\/www.altominho.tv\/site\/#organization"}},{"@type":"WebPage","@id":"https:\/\/www.altominho.tv\/site\/2022\/06\/01\/alto-minho-alteracoes-climaticas\/","url":"https:\/\/www.altominho.tv\/site\/2022\/06\/01\/alto-minho-alteracoes-climaticas\/","name":"CIM promoveu reflex\u00e3o conjunta em torno da tem\u00e1tica dos riscos num contexto de mudan\u00e7a clim\u00e1tica no Alto Minho","isPartOf":{"@id":"https:\/\/www.altominho.tv\/site\/#website"},"primaryImageOfPage":{"@id":"https:\/\/www.altominho.tv\/site\/2022\/06\/01\/alto-minho-alteracoes-climaticas\/#primaryimage"},"image":{"@id":"https:\/\/www.altominho.tv\/site\/2022\/06\/01\/alto-minho-alteracoes-climaticas\/#primaryimage"},"thumbnailUrl":"https:\/\/www.altominho.tv\/site\/wp-content\/uploads\/2022\/06\/e9771c24-b5c6-4c71-90cb-7e65feace198.jpeg","datePublished":"2022-06-01T10:02:23+00:00","dateModified":"2022-06-01T10:02:29+00:00","author":{"@id":"https:\/\/www.altominho.tv\/site\/#\/schema\/person\/a0e4ef6d041f98ca284393d8f1d97153"},"description":"A CIM promoveu uma reflex\u00e3o conjunta em torno da tem\u00e1tica dos riscos num contexto de mudan\u00e7a clim\u00e1tica no Alto Minho.","breadcrumb":{"@id":"https:\/\/www.altominho.tv\/site\/2022\/06\/01\/alto-minho-alteracoes-climaticas\/#breadcrumb"},"inLanguage":"pt-PT","potentialAction":[{"@type":"ReadAction","target":["https:\/\/www.altominho.tv\/site\/2022\/06\/01\/alto-minho-alteracoes-climaticas\/"]}]},{"@type":"ImageObject","inLanguage":"pt-PT","@id":"https:\/\/www.altominho.tv\/site\/2022\/06\/01\/alto-minho-alteracoes-climaticas\/#primaryimage","url":"https:\/\/www.altominho.tv\/site\/wp-content\/uploads\/2022\/06\/e9771c24-b5c6-4c71-90cb-7e65feace198.jpeg","contentUrl":"https:\/\/www.altominho.tv\/site\/wp-content\/uploads\/2022\/06\/e9771c24-b5c6-4c71-90cb-7e65feace198.jpeg","width":2048,"height":1536},{"@type":"BreadcrumbList","@id":"https:\/\/www.altominho.tv\/site\/2022\/06\/01\/alto-minho-alteracoes-climaticas\/#breadcrumb","itemListElement":[{"@type":"ListItem","position":1,"name":"In\u00edcio","item":"https:\/\/www.altominho.tv\/site\/"},{"@type":"ListItem","position":2,"name":"CIM promoveu reflex\u00e3o conjunta em torno da tem\u00e1tica dos riscos num contexto de mudan\u00e7a clim\u00e1tica no Alto Minho"}]},{"@type":"WebSite","@id":"https:\/\/www.altominho.tv\/site\/#website","url":"https:\/\/www.altominho.tv\/site\/","name":"Altominho.tv","description":"A sua regi\u00e3o \u00e0 dist\u00e2ncia de um clique...","potentialAction":[{"@type":"SearchAction","target":{"@type":"EntryPoint","urlTemplate":"https:\/\/www.altominho.tv\/site\/?s={search_term_string}"},"query-input":{"@type":"PropertyValueSpecification","valueRequired":true,"valueName":"search_term_string"}}],"inLanguage":"pt-PT"},{"@type":"Person","@id":"https:\/\/www.altominho.tv\/site\/#\/schema\/person\/a0e4ef6d041f98ca284393d8f1d97153","name":"Andreia Cunha","image":{"@type":"ImageObject","inLanguage":"pt-PT","@id":"https:\/\/www.altominho.tv\/site\/wp-content\/uploads\/2017\/11\/Andreia_Cunha-1-150x150.jpg","url":"https:\/\/www.altominho.tv\/site\/wp-content\/uploads\/2017\/11\/Andreia_Cunha-1-150x150.jpg","contentUrl":"https:\/\/www.altominho.tv\/site\/wp-content\/uploads\/2017\/11\/Andreia_Cunha-1-150x150.jpg","caption":"Andreia Cunha"},"url":"https:\/\/www.altominho.tv\/site\/author\/andreiacunha\/"}]}},"_links":{"self":[{"href":"https:\/\/www.altominho.tv\/site\/wp-json\/wp\/v2\/posts\/80299","targetHints":{"allow":["GET"]}}],"collection":[{"href":"https:\/\/www.altominho.tv\/site\/wp-json\/wp\/v2\/posts"}],"about":[{"href":"https:\/\/www.altominho.tv\/site\/wp-json\/wp\/v2\/types\/post"}],"author":[{"embeddable":true,"href":"https:\/\/www.altominho.tv\/site\/wp-json\/wp\/v2\/users\/7"}],"replies":[{"embeddable":true,"href":"https:\/\/www.altominho.tv\/site\/wp-json\/wp\/v2\/comments?post=80299"}],"version-history":[{"count":0,"href":"https:\/\/www.altominho.tv\/site\/wp-json\/wp\/v2\/posts\/80299\/revisions"}],"wp:featuredmedia":[{"embeddable":true,"href":"https:\/\/www.altominho.tv\/site\/wp-json\/wp\/v2\/media\/80300"}],"wp:attachment":[{"href":"https:\/\/www.altominho.tv\/site\/wp-json\/wp\/v2\/media?parent=80299"}],"wp:term":[{"taxonomy":"category","embeddable":true,"href":"https:\/\/www.altominho.tv\/site\/wp-json\/wp\/v2\/categories?post=80299"},{"taxonomy":"post_tag","embeddable":true,"href":"https:\/\/www.altominho.tv\/site\/wp-json\/wp\/v2\/tags?post=80299"}],"curies":[{"name":"wp","href":"https:\/\/api.w.org\/{rel}","templated":true}]}}