{"id":80259,"date":"2022-05-31T09:17:01","date_gmt":"2022-05-31T08:17:01","guid":{"rendered":"https:\/\/www.altominho.tv\/site\/?p=80259"},"modified":"2022-05-31T09:17:10","modified_gmt":"2022-05-31T08:17:10","slug":"municipios-norte","status":"publish","type":"post","link":"https:\/\/www.altominho.tv\/site\/2022\/05\/31\/municipios-norte\/","title":{"rendered":"Presidente Conselho Regional do Norte diz que Porto ficar\u00e1 &#8220;menos forte&#8221; sem ANMP"},"content":{"rendered":"\n<p>O presidente do Conselho Regional do Norte considerou hoje que o Porto \u201ca muito curto prazo ficar\u00e1 menos forte\u201d sem a Associa\u00e7\u00e3o Nacional de Munic\u00edpios e que n\u00e3o \u00e9 altura de \u201centrar em aventureirismos nem em carreiras mais particulares\u201d.<\/p>\n\n\n\n<p>Em declara\u00e7\u00f5es \u00e0 Lusa, a prop\u00f3sito da sa\u00edda do Porto da Associa\u00e7\u00e3o Nacional de Munic\u00edpios Portugueses (ANMP) aprovada pela Assembleia Municipal do concelho, na segunda-feira \u00e0 noite, Miguel Alves defendeu ser necess\u00e1rio \u201cfomentar o esp\u00edrito de grupo\u201d para que os munic\u00edpios sejam \u201cmais fortes e mais capazes de estar na mesa de negocia\u00e7\u00f5es como Governo da Rep\u00fablica\u201d o processo de descentraliza\u00e7\u00e3o de compet\u00eancias.<\/p>\n\n\n\n<p>\u201cN\u00e3o h\u00e1 nenhum ganho para o Porto [em sair da ANMP]. A ANMP sem o Porto fica menos forte, mas o Porto, a muito curto prazo, ficar\u00e1 tamb\u00e9m menos forte sem a ANMP. Perdemos coes\u00e3o e perdemos escala de reivindica\u00e7\u00e3o\u201d, alertou Miguel Alves.<\/p>\n\n\n\n<p>O tamb\u00e9m presidente da C\u00e2mara Municipal de Caminha reconheceu que o autarca do Porto, Rui Moreira, \u201c\u00e9 um autarca de m\u00e3o cheia, \u00e9 um homem com muito talento\u201d, mas deixou um aviso: \u201ccomo ele tamb\u00e9m gosta de futebol, ele sabe que o talento permite ganhar alguns jogos e permite marcar alguns golos, mas os campeonatos s\u00f3 se ganham com as equipas fortes e equipas coesas. N\u00e3o nos podemos dar ao luxo de ganhar um jogo para fazer perder todo o campeonato\u201d.<\/p>\n\n\n\n<p>Miguel Alves apontou ainda que \u201cquando a Assembleia Municipal do Porto decide que o Porto deve sair da ANMP isso pressup\u00f5e que haja uma inst\u00e2ncia a dialogar com o Governo sobre os mais variados temas, n\u00e3o \u00e9 vi\u00e1vel que 308 munic\u00edpios dialoguem bilateralmente com o Governo e n\u00e3o \u00e9 vi\u00e1vel que haja regras espec\u00edficas para uns munic\u00edpios e regras diferentes\u201d.<\/p>\n\n\n\n<p>\u201cN\u00e3o acredito que o Governo agora ceda e dialogue agora diretamente com o Porto sobre esta mat\u00e9ria e ao lado estar a dialogar com a ANMP e criar regras e crit\u00e9rios diferentes\u201d, concluiu.<\/p>\n\n\n\n<p>A Assembleia Municipal do Porto aprovou, na segunda-feira \u00e0 noite, a sa\u00edda da autarquia da ANMP com os votos favor\u00e1veis dos independentes liderados por Rui Moreira, CHEGA e PSD e contra de BE, PS, CDU e PAN.<\/p>\n\n\n\n<p>O presidente da C\u00e2mara do Porto, Rui Moreira, fez conhecer a sua vontade de abandonar este organismo a 12 de abril, altura em que disse que n\u00e3o se sentia em &#8220;condi\u00e7\u00f5es&#8221; para passar &#8220;um cheque em branco&#8221; \u00e0 ANMP para negociar com o Governo a transfer\u00eancia de compet\u00eancias.<\/p>\n\n\n\n<p>Destacando que, na sequ\u00eancia de v\u00e1rias reuni\u00f5es, se &#8220;alcan\u00e7ou um entendimento quanto ao modelo de descentraliza\u00e7\u00e3o&#8221;, com o consenso dos 35 munic\u00edpios que integram as duas \u00e1reas metropolitanas (Porto e Lisboa), o autarca afirma ter existido, ao mesmo tempo, um &#8220;ato de absoluto boicote&#8221; por parte da ANMP ao trabalho realizado.<\/p>\n\n\n\n<p>&#8220;A ANMP fez acordos com o Governo sem ouvir os munic\u00edpios e sem estar para tal mandatada, ignorando os seus interesses e preocupa\u00e7\u00f5es leg\u00edtimas&#8221;, salienta, acrescentando que o modelo de descentraliza\u00e7\u00e3o implementado ficou &#8220;manifestamente aqu\u00e9m do que era esperado&#8221;.<\/p>\n\n\n\n<p>Assim sendo, o munic\u00edpio vai assumir de forma &#8220;independente e aut\u00f3noma&#8221; todas as negocia\u00e7\u00f5es com o Estado em rela\u00e7\u00e3o \u00e0 descentraliza\u00e7\u00e3o de compet\u00eancias, &#8220;sem qualquer representa\u00e7\u00e3o&#8221;.<\/p>\n\n\n\n<p>O processo de transfer\u00eancia de compet\u00eancias em mais de 20 \u00e1reas da administra\u00e7\u00e3o central para os munic\u00edpios decorre desde 2019.<\/p>\n","protected":false},"excerpt":{"rendered":"<p>O presidente do Conselho Regional do Norte considerou hoje que o Porto \u201ca muito curto prazo ficar\u00e1 menos forte\u201d sem a Associa\u00e7\u00e3o Nacional de Munic\u00edpios e que n\u00e3o \u00e9 altura de \u201centrar em aventureirismos nem em carreiras mais particulares\u201d. Em declara\u00e7\u00f5es \u00e0 Lusa, a prop\u00f3sito da sa\u00edda do Porto da Associa\u00e7\u00e3o Nacional de Munic\u00edpios Portugueses [&hellip;]<\/p>\n","protected":false},"author":16,"featured_media":80261,"comment_status":"closed","ping_status":"closed","sticky":false,"template":"","format":"standard","meta":{"_exactmetrics_skip_tracking":false,"_exactmetrics_sitenote_active":false,"_exactmetrics_sitenote_note":"","_exactmetrics_sitenote_category":0,"footnotes":""},"categories":[73],"tags":[27],"class_list":["post-80259","post","type-post","status-publish","format-standard","has-post-thumbnail","hentry","category-alto-minho","tag-sociedade"],"yoast_head":"<!-- This site is optimized with the Yoast SEO Premium plugin v27.4 (Yoast SEO v27.4) - https:\/\/yoast.com\/product\/yoast-seo-premium-wordpress\/ -->\n<title>Presidente Conselho Regional do Norte diz que Porto ficar\u00e1 &quot;menos forte&quot; sem ANMP<\/title>\n<meta name=\"description\" content=\"O presidente do Conselho Regional do Norte considerou que o Porto \u201ca muito curto prazo ficar\u00e1 menos forte\u201d sem a Associa\u00e7\u00e3o Nacional de Munic\u00edpios.\" \/>\n<meta name=\"robots\" content=\"index, follow, max-snippet:-1, max-image-preview:large, max-video-preview:-1\" \/>\n<link rel=\"canonical\" href=\"https:\/\/www.altominho.tv\/site\/2022\/05\/31\/municipios-norte\/\" \/>\n<meta property=\"og:locale\" content=\"pt_PT\" \/>\n<meta property=\"og:type\" content=\"article\" \/>\n<meta property=\"og:title\" content=\"Presidente Conselho Regional do Norte diz que Porto ficar\u00e1 &quot;menos forte&quot; sem ANMP\" \/>\n<meta property=\"og:description\" content=\"O presidente do Conselho Regional do Norte considerou que o Porto \u201ca muito curto prazo ficar\u00e1 menos forte\u201d sem a Associa\u00e7\u00e3o Nacional de Munic\u00edpios.\" \/>\n<meta property=\"og:url\" content=\"https:\/\/www.altominho.tv\/site\/2022\/05\/31\/municipios-norte\/\" \/>\n<meta property=\"og:site_name\" content=\"Altominho.tv\" \/>\n<meta property=\"article:publisher\" content=\"https:\/\/www.facebook.com\/altominhotv\" \/>\n<meta property=\"article:published_time\" content=\"2022-05-31T08:17:01+00:00\" \/>\n<meta property=\"article:modified_time\" content=\"2022-05-31T08:17:10+00:00\" \/>\n<meta property=\"og:image\" content=\"https:\/\/www.altominho.tv\/site\/wp-content\/uploads\/2022\/05\/miguel-alves-caminha.jpg\" \/>\n\t<meta property=\"og:image:width\" content=\"1275\" \/>\n\t<meta property=\"og:image:height\" content=\"718\" \/>\n\t<meta property=\"og:image:type\" content=\"image\/jpeg\" \/>\n<meta name=\"author\" content=\"Andreia Cunha | Lusa\" \/>\n<meta name=\"twitter:card\" content=\"summary_large_image\" \/>\n<meta name=\"twitter:creator\" content=\"@altominhoTV\" \/>\n<meta name=\"twitter:site\" content=\"@altominhoTV\" \/>\n<meta name=\"twitter:label1\" content=\"Escrito por\" \/>\n\t<meta name=\"twitter:data1\" content=\"Andreia Cunha | Lusa\" \/>\n\t<meta name=\"twitter:label2\" content=\"Tempo estimado de leitura\" \/>\n\t<meta name=\"twitter:data2\" content=\"3 minutos\" \/>\n<script type=\"application\/ld+json\" class=\"yoast-schema-graph\">{\"@context\":\"https:\\\/\\\/schema.org\",\"@graph\":[{\"@type\":\"Article\",\"@id\":\"https:\\\/\\\/www.altominho.tv\\\/site\\\/2022\\\/05\\\/31\\\/municipios-norte\\\/#article\",\"isPartOf\":{\"@id\":\"https:\\\/\\\/www.altominho.tv\\\/site\\\/2022\\\/05\\\/31\\\/municipios-norte\\\/\"},\"author\":{\"name\":\"Andreia Cunha | Lusa\",\"@id\":\"https:\\\/\\\/www.altominho.tv\\\/site\\\/#\\\/schema\\\/person\\\/dbaf181c01b51ff40c9f461a905d321e\"},\"headline\":\"Presidente Conselho Regional do Norte diz que Porto ficar\u00e1 &#8220;menos forte&#8221; sem ANMP\",\"datePublished\":\"2022-05-31T08:17:01+00:00\",\"dateModified\":\"2022-05-31T08:17:10+00:00\",\"mainEntityOfPage\":{\"@id\":\"https:\\\/\\\/www.altominho.tv\\\/site\\\/2022\\\/05\\\/31\\\/municipios-norte\\\/\"},\"wordCount\":603,\"image\":{\"@id\":\"https:\\\/\\\/www.altominho.tv\\\/site\\\/2022\\\/05\\\/31\\\/municipios-norte\\\/#primaryimage\"},\"thumbnailUrl\":\"https:\\\/\\\/www.altominho.tv\\\/site\\\/wp-content\\\/uploads\\\/2022\\\/05\\\/miguel-alves-caminha.jpg\",\"keywords\":[\"Sociedade\"],\"articleSection\":[\"Alto Minho\"],\"inLanguage\":\"pt-PT\",\"copyrightYear\":\"2022\",\"copyrightHolder\":{\"@id\":\"https:\\\/\\\/www.altominho.tv\\\/site\\\/#organization\"}},{\"@type\":\"WebPage\",\"@id\":\"https:\\\/\\\/www.altominho.tv\\\/site\\\/2022\\\/05\\\/31\\\/municipios-norte\\\/\",\"url\":\"https:\\\/\\\/www.altominho.tv\\\/site\\\/2022\\\/05\\\/31\\\/municipios-norte\\\/\",\"name\":\"Presidente Conselho Regional do Norte diz que Porto ficar\u00e1 \\\"menos forte\\\" sem ANMP\",\"isPartOf\":{\"@id\":\"https:\\\/\\\/www.altominho.tv\\\/site\\\/#website\"},\"primaryImageOfPage\":{\"@id\":\"https:\\\/\\\/www.altominho.tv\\\/site\\\/2022\\\/05\\\/31\\\/municipios-norte\\\/#primaryimage\"},\"image\":{\"@id\":\"https:\\\/\\\/www.altominho.tv\\\/site\\\/2022\\\/05\\\/31\\\/municipios-norte\\\/#primaryimage\"},\"thumbnailUrl\":\"https:\\\/\\\/www.altominho.tv\\\/site\\\/wp-content\\\/uploads\\\/2022\\\/05\\\/miguel-alves-caminha.jpg\",\"datePublished\":\"2022-05-31T08:17:01+00:00\",\"dateModified\":\"2022-05-31T08:17:10+00:00\",\"author\":{\"@id\":\"https:\\\/\\\/www.altominho.tv\\\/site\\\/#\\\/schema\\\/person\\\/dbaf181c01b51ff40c9f461a905d321e\"},\"description\":\"O presidente do Conselho Regional do Norte considerou que o Porto \u201ca muito curto prazo ficar\u00e1 menos forte\u201d sem a Associa\u00e7\u00e3o Nacional de Munic\u00edpios.\",\"breadcrumb\":{\"@id\":\"https:\\\/\\\/www.altominho.tv\\\/site\\\/2022\\\/05\\\/31\\\/municipios-norte\\\/#breadcrumb\"},\"inLanguage\":\"pt-PT\",\"potentialAction\":[{\"@type\":\"ReadAction\",\"target\":[\"https:\\\/\\\/www.altominho.tv\\\/site\\\/2022\\\/05\\\/31\\\/municipios-norte\\\/\"]}]},{\"@type\":\"ImageObject\",\"inLanguage\":\"pt-PT\",\"@id\":\"https:\\\/\\\/www.altominho.tv\\\/site\\\/2022\\\/05\\\/31\\\/municipios-norte\\\/#primaryimage\",\"url\":\"https:\\\/\\\/www.altominho.tv\\\/site\\\/wp-content\\\/uploads\\\/2022\\\/05\\\/miguel-alves-caminha.jpg\",\"contentUrl\":\"https:\\\/\\\/www.altominho.tv\\\/site\\\/wp-content\\\/uploads\\\/2022\\\/05\\\/miguel-alves-caminha.jpg\",\"width\":1275,\"height\":718},{\"@type\":\"BreadcrumbList\",\"@id\":\"https:\\\/\\\/www.altominho.tv\\\/site\\\/2022\\\/05\\\/31\\\/municipios-norte\\\/#breadcrumb\",\"itemListElement\":[{\"@type\":\"ListItem\",\"position\":1,\"name\":\"In\u00edcio\",\"item\":\"https:\\\/\\\/www.altominho.tv\\\/site\\\/\"},{\"@type\":\"ListItem\",\"position\":2,\"name\":\"Presidente Conselho Regional do Norte diz que Porto ficar\u00e1 &#8220;menos forte&#8221; sem ANMP\"}]},{\"@type\":\"WebSite\",\"@id\":\"https:\\\/\\\/www.altominho.tv\\\/site\\\/#website\",\"url\":\"https:\\\/\\\/www.altominho.tv\\\/site\\\/\",\"name\":\"Altominho.tv\",\"description\":\"A sua regi\u00e3o \u00e0 dist\u00e2ncia de um clique...\",\"potentialAction\":[{\"@type\":\"SearchAction\",\"target\":{\"@type\":\"EntryPoint\",\"urlTemplate\":\"https:\\\/\\\/www.altominho.tv\\\/site\\\/?s={search_term_string}\"},\"query-input\":{\"@type\":\"PropertyValueSpecification\",\"valueRequired\":true,\"valueName\":\"search_term_string\"}}],\"inLanguage\":\"pt-PT\"},{\"@type\":\"Person\",\"@id\":\"https:\\\/\\\/www.altominho.tv\\\/site\\\/#\\\/schema\\\/person\\\/dbaf181c01b51ff40c9f461a905d321e\",\"name\":\"Andreia Cunha | Lusa\",\"image\":{\"@type\":\"ImageObject\",\"inLanguage\":\"pt-PT\",\"@id\":\"https:\\\/\\\/www.altominho.tv\\\/site\\\/wp-content\\\/uploads\\\/2017\\\/11\\\/Andreia_Cunha-1-150x150.jpg\",\"url\":\"https:\\\/\\\/www.altominho.tv\\\/site\\\/wp-content\\\/uploads\\\/2017\\\/11\\\/Andreia_Cunha-1-150x150.jpg\",\"contentUrl\":\"https:\\\/\\\/www.altominho.tv\\\/site\\\/wp-content\\\/uploads\\\/2017\\\/11\\\/Andreia_Cunha-1-150x150.jpg\",\"caption\":\"Andreia Cunha | Lusa\"},\"sameAs\":[\"https:\\\/\\\/www.altominho.tv\\\/site\"],\"url\":\"https:\\\/\\\/www.altominho.tv\\\/site\\\/author\\\/andreiacunhalusa\\\/\"}]}<\/script>\n<!-- \/ Yoast SEO Premium plugin. -->","yoast_head_json":{"title":"Presidente Conselho Regional do Norte diz que Porto ficar\u00e1 \"menos forte\" sem ANMP","description":"O presidente do Conselho Regional do Norte considerou que o Porto \u201ca muito curto prazo ficar\u00e1 menos forte\u201d sem a Associa\u00e7\u00e3o Nacional de Munic\u00edpios.","robots":{"index":"index","follow":"follow","max-snippet":"max-snippet:-1","max-image-preview":"max-image-preview:large","max-video-preview":"max-video-preview:-1"},"canonical":"https:\/\/www.altominho.tv\/site\/2022\/05\/31\/municipios-norte\/","og_locale":"pt_PT","og_type":"article","og_title":"Presidente Conselho Regional do Norte diz que Porto ficar\u00e1 \"menos forte\" sem ANMP","og_description":"O presidente do Conselho Regional do Norte considerou que o Porto \u201ca muito curto prazo ficar\u00e1 menos forte\u201d sem a Associa\u00e7\u00e3o Nacional de Munic\u00edpios.","og_url":"https:\/\/www.altominho.tv\/site\/2022\/05\/31\/municipios-norte\/","og_site_name":"Altominho.tv","article_publisher":"https:\/\/www.facebook.com\/altominhotv","article_published_time":"2022-05-31T08:17:01+00:00","article_modified_time":"2022-05-31T08:17:10+00:00","og_image":[{"width":1275,"height":718,"url":"https:\/\/www.altominho.tv\/site\/wp-content\/uploads\/2022\/05\/miguel-alves-caminha.jpg","type":"image\/jpeg"}],"author":"Andreia Cunha | Lusa","twitter_card":"summary_large_image","twitter_creator":"@altominhoTV","twitter_site":"@altominhoTV","twitter_misc":{"Escrito por":"Andreia Cunha | Lusa","Tempo estimado de leitura":"3 minutos"},"schema":{"@context":"https:\/\/schema.org","@graph":[{"@type":"Article","@id":"https:\/\/www.altominho.tv\/site\/2022\/05\/31\/municipios-norte\/#article","isPartOf":{"@id":"https:\/\/www.altominho.tv\/site\/2022\/05\/31\/municipios-norte\/"},"author":{"name":"Andreia Cunha | Lusa","@id":"https:\/\/www.altominho.tv\/site\/#\/schema\/person\/dbaf181c01b51ff40c9f461a905d321e"},"headline":"Presidente Conselho Regional do Norte diz que Porto ficar\u00e1 &#8220;menos forte&#8221; sem ANMP","datePublished":"2022-05-31T08:17:01+00:00","dateModified":"2022-05-31T08:17:10+00:00","mainEntityOfPage":{"@id":"https:\/\/www.altominho.tv\/site\/2022\/05\/31\/municipios-norte\/"},"wordCount":603,"image":{"@id":"https:\/\/www.altominho.tv\/site\/2022\/05\/31\/municipios-norte\/#primaryimage"},"thumbnailUrl":"https:\/\/www.altominho.tv\/site\/wp-content\/uploads\/2022\/05\/miguel-alves-caminha.jpg","keywords":["Sociedade"],"articleSection":["Alto Minho"],"inLanguage":"pt-PT","copyrightYear":"2022","copyrightHolder":{"@id":"https:\/\/www.altominho.tv\/site\/#organization"}},{"@type":"WebPage","@id":"https:\/\/www.altominho.tv\/site\/2022\/05\/31\/municipios-norte\/","url":"https:\/\/www.altominho.tv\/site\/2022\/05\/31\/municipios-norte\/","name":"Presidente Conselho Regional do Norte diz que Porto ficar\u00e1 \"menos forte\" sem ANMP","isPartOf":{"@id":"https:\/\/www.altominho.tv\/site\/#website"},"primaryImageOfPage":{"@id":"https:\/\/www.altominho.tv\/site\/2022\/05\/31\/municipios-norte\/#primaryimage"},"image":{"@id":"https:\/\/www.altominho.tv\/site\/2022\/05\/31\/municipios-norte\/#primaryimage"},"thumbnailUrl":"https:\/\/www.altominho.tv\/site\/wp-content\/uploads\/2022\/05\/miguel-alves-caminha.jpg","datePublished":"2022-05-31T08:17:01+00:00","dateModified":"2022-05-31T08:17:10+00:00","author":{"@id":"https:\/\/www.altominho.tv\/site\/#\/schema\/person\/dbaf181c01b51ff40c9f461a905d321e"},"description":"O presidente do Conselho Regional do Norte considerou que o Porto \u201ca muito curto prazo ficar\u00e1 menos forte\u201d sem a Associa\u00e7\u00e3o Nacional de Munic\u00edpios.","breadcrumb":{"@id":"https:\/\/www.altominho.tv\/site\/2022\/05\/31\/municipios-norte\/#breadcrumb"},"inLanguage":"pt-PT","potentialAction":[{"@type":"ReadAction","target":["https:\/\/www.altominho.tv\/site\/2022\/05\/31\/municipios-norte\/"]}]},{"@type":"ImageObject","inLanguage":"pt-PT","@id":"https:\/\/www.altominho.tv\/site\/2022\/05\/31\/municipios-norte\/#primaryimage","url":"https:\/\/www.altominho.tv\/site\/wp-content\/uploads\/2022\/05\/miguel-alves-caminha.jpg","contentUrl":"https:\/\/www.altominho.tv\/site\/wp-content\/uploads\/2022\/05\/miguel-alves-caminha.jpg","width":1275,"height":718},{"@type":"BreadcrumbList","@id":"https:\/\/www.altominho.tv\/site\/2022\/05\/31\/municipios-norte\/#breadcrumb","itemListElement":[{"@type":"ListItem","position":1,"name":"In\u00edcio","item":"https:\/\/www.altominho.tv\/site\/"},{"@type":"ListItem","position":2,"name":"Presidente Conselho Regional do Norte diz que Porto ficar\u00e1 &#8220;menos forte&#8221; sem ANMP"}]},{"@type":"WebSite","@id":"https:\/\/www.altominho.tv\/site\/#website","url":"https:\/\/www.altominho.tv\/site\/","name":"Altominho.tv","description":"A sua regi\u00e3o \u00e0 dist\u00e2ncia de um clique...","potentialAction":[{"@type":"SearchAction","target":{"@type":"EntryPoint","urlTemplate":"https:\/\/www.altominho.tv\/site\/?s={search_term_string}"},"query-input":{"@type":"PropertyValueSpecification","valueRequired":true,"valueName":"search_term_string"}}],"inLanguage":"pt-PT"},{"@type":"Person","@id":"https:\/\/www.altominho.tv\/site\/#\/schema\/person\/dbaf181c01b51ff40c9f461a905d321e","name":"Andreia Cunha | Lusa","image":{"@type":"ImageObject","inLanguage":"pt-PT","@id":"https:\/\/www.altominho.tv\/site\/wp-content\/uploads\/2017\/11\/Andreia_Cunha-1-150x150.jpg","url":"https:\/\/www.altominho.tv\/site\/wp-content\/uploads\/2017\/11\/Andreia_Cunha-1-150x150.jpg","contentUrl":"https:\/\/www.altominho.tv\/site\/wp-content\/uploads\/2017\/11\/Andreia_Cunha-1-150x150.jpg","caption":"Andreia Cunha | Lusa"},"sameAs":["https:\/\/www.altominho.tv\/site"],"url":"https:\/\/www.altominho.tv\/site\/author\/andreiacunhalusa\/"}]}},"_links":{"self":[{"href":"https:\/\/www.altominho.tv\/site\/wp-json\/wp\/v2\/posts\/80259","targetHints":{"allow":["GET"]}}],"collection":[{"href":"https:\/\/www.altominho.tv\/site\/wp-json\/wp\/v2\/posts"}],"about":[{"href":"https:\/\/www.altominho.tv\/site\/wp-json\/wp\/v2\/types\/post"}],"author":[{"embeddable":true,"href":"https:\/\/www.altominho.tv\/site\/wp-json\/wp\/v2\/users\/16"}],"replies":[{"embeddable":true,"href":"https:\/\/www.altominho.tv\/site\/wp-json\/wp\/v2\/comments?post=80259"}],"version-history":[{"count":0,"href":"https:\/\/www.altominho.tv\/site\/wp-json\/wp\/v2\/posts\/80259\/revisions"}],"wp:featuredmedia":[{"embeddable":true,"href":"https:\/\/www.altominho.tv\/site\/wp-json\/wp\/v2\/media\/80261"}],"wp:attachment":[{"href":"https:\/\/www.altominho.tv\/site\/wp-json\/wp\/v2\/media?parent=80259"}],"wp:term":[{"taxonomy":"category","embeddable":true,"href":"https:\/\/www.altominho.tv\/site\/wp-json\/wp\/v2\/categories?post=80259"},{"taxonomy":"post_tag","embeddable":true,"href":"https:\/\/www.altominho.tv\/site\/wp-json\/wp\/v2\/tags?post=80259"}],"curies":[{"name":"wp","href":"https:\/\/api.w.org\/{rel}","templated":true}]}}