{"id":80227,"date":"2022-05-30T14:44:55","date_gmt":"2022-05-30T13:44:55","guid":{"rendered":"https:\/\/www.altominho.tv\/site\/?p=80227"},"modified":"2022-05-30T14:44:56","modified_gmt":"2022-05-30T13:44:56","slug":"mais-de-260-infracoes-e-44-acidentes-na-ultima-semana-no-alto-minho","status":"publish","type":"post","link":"https:\/\/www.altominho.tv\/site\/2022\/05\/30\/mais-de-260-infracoes-e-44-acidentes-na-ultima-semana-no-alto-minho\/","title":{"rendered":"Mais de 260 infra\u00e7\u00f5es e 44 acidentes na \u00faltima semana no Alto Minho"},"content":{"rendered":"<p>A Guarda Nacional Republicana (GNR) detetou, na \u00faltima semana, nas estradas do distrito de Viana do Castelo, 266 infra\u00e7\u00f5es e registou 44 acidentes.<\/p>\n<p>No comunicado de balan\u00e7o da atividade operacional da semana entre os dias 23 e 29 de maio, o Comando Territorial de Viana do Castelo destaca, entre as 266 infra\u00e7\u00f5es, 49 por falta de inspe\u00e7\u00e3o peri\u00f3dica obrigat\u00f3ria, 40 por uso indevido do telem\u00f3vel durante a condu\u00e7\u00e3o, 37 por excesso de velocidade, 10 por condu\u00e7\u00e3o com taxa de \u00e1lcool no sangue superior ao permitido por lei, nove por falta ou incorreta utiliza\u00e7\u00e3o do cinto de seguran\u00e7a e sistema de reten\u00e7\u00e3o para crian\u00e7as e nove por falta de seguro de responsabilidade civil.<\/p>\n<p>Dos 44 acidentes registados naquele per\u00edodo, resultaram um ferido grave e 16 ligeiros.<u><\/u>\u00a0<u><\/u><u><\/u>\u00a0<u><\/u><\/p>\n<p>A for\u00e7a policial indica que foram ainda detidas nove pessoas em flagrante delito, oito por condu\u00e7\u00e3o sob o efeito do \u00e1lcool e uma por viol\u00eancia dom\u00e9stica.<\/p>\n<div class=\"entry-content\">\n<div class=\"entry-content\">\n<p>Nas a\u00e7\u00f5es, os militares da GNR apreenderam duas armas de fogo, 70 muni\u00e7\u00f5es e quatro telem\u00f3veis.<\/p>\n<\/div>\n<\/div>\n","protected":false},"excerpt":{"rendered":"<p>A Guarda Nacional Republicana (GNR) detetou, na \u00faltima semana, nas estradas do distrito de Viana do Castelo, 266 infra\u00e7\u00f5es e registou 44 acidentes. No comunicado de balan\u00e7o da atividade operacional da semana entre os dias 23 e 29 de maio, o Comando Territorial de Viana do Castelo destaca, entre as 266 infra\u00e7\u00f5es, 49 por falta [&hellip;]<\/p>\n","protected":false},"author":12,"featured_media":71945,"comment_status":"closed","ping_status":"closed","sticky":false,"template":"","format":"standard","meta":{"_exactmetrics_skip_tracking":false,"_exactmetrics_sitenote_active":false,"_exactmetrics_sitenote_note":"","_exactmetrics_sitenote_category":0,"footnotes":""},"categories":[73],"tags":[27],"class_list":["post-80227","post","type-post","status-publish","format-standard","has-post-thumbnail","hentry","category-alto-minho","tag-sociedade"],"yoast_head":"<!-- This site is optimized with the Yoast SEO Premium plugin v27.4 (Yoast SEO v27.4) - https:\/\/yoast.com\/product\/yoast-seo-premium-wordpress\/ -->\n<title>Mais de 260 infra\u00e7\u00f5es e 44 acidentes na \u00faltima semana no Alto Minho<\/title>\n<meta name=\"description\" content=\"A Guarda Nacional Republicana detetou, na \u00faltima semana, nas estradas do distrito de Viana do Castelo, 266 infra\u00e7\u00f5es e registou 44 acidentes.\" \/>\n<meta name=\"robots\" content=\"index, follow, max-snippet:-1, max-image-preview:large, max-video-preview:-1\" \/>\n<link rel=\"canonical\" href=\"https:\/\/www.altominho.tv\/site\/2022\/05\/30\/mais-de-260-infracoes-e-44-acidentes-na-ultima-semana-no-alto-minho\/\" \/>\n<meta property=\"og:locale\" content=\"pt_PT\" \/>\n<meta property=\"og:type\" content=\"article\" \/>\n<meta property=\"og:title\" content=\"Mais de 260 infra\u00e7\u00f5es e 44 acidentes na \u00faltima semana no Alto Minho\" \/>\n<meta property=\"og:description\" content=\"A Guarda Nacional Republicana detetou, na \u00faltima semana, nas estradas do distrito de Viana do Castelo, 266 infra\u00e7\u00f5es e registou 44 acidentes.\" \/>\n<meta property=\"og:url\" content=\"https:\/\/www.altominho.tv\/site\/2022\/05\/30\/mais-de-260-infracoes-e-44-acidentes-na-ultima-semana-no-alto-minho\/\" \/>\n<meta property=\"og:site_name\" content=\"Altominho.tv\" \/>\n<meta property=\"article:publisher\" content=\"https:\/\/www.facebook.com\/altominhotv\" \/>\n<meta property=\"article:published_time\" content=\"2022-05-30T13:44:55+00:00\" \/>\n<meta property=\"article:modified_time\" content=\"2022-05-30T13:44:56+00:00\" \/>\n<meta property=\"og:image\" content=\"https:\/\/www.altominho.tv\/site\/wp-content\/uploads\/2021\/10\/GNR.jpg\" \/>\n\t<meta property=\"og:image:width\" content=\"712\" \/>\n\t<meta property=\"og:image:height\" content=\"534\" \/>\n\t<meta property=\"og:image:type\" content=\"image\/jpeg\" \/>\n<meta name=\"author\" content=\"Andreia Ferreira\" \/>\n<meta name=\"twitter:card\" content=\"summary_large_image\" \/>\n<meta name=\"twitter:creator\" content=\"@altominhoTV\" \/>\n<meta name=\"twitter:site\" content=\"@altominhoTV\" \/>\n<meta name=\"twitter:label1\" content=\"Escrito por\" \/>\n\t<meta name=\"twitter:data1\" content=\"Andreia Ferreira\" \/>\n\t<meta name=\"twitter:label2\" content=\"Tempo estimado de leitura\" \/>\n\t<meta name=\"twitter:data2\" content=\"1 minuto\" \/>\n<script type=\"application\/ld+json\" class=\"yoast-schema-graph\">{\"@context\":\"https:\\\/\\\/schema.org\",\"@graph\":[{\"@type\":\"Article\",\"@id\":\"https:\\\/\\\/www.altominho.tv\\\/site\\\/2022\\\/05\\\/30\\\/mais-de-260-infracoes-e-44-acidentes-na-ultima-semana-no-alto-minho\\\/#article\",\"isPartOf\":{\"@id\":\"https:\\\/\\\/www.altominho.tv\\\/site\\\/2022\\\/05\\\/30\\\/mais-de-260-infracoes-e-44-acidentes-na-ultima-semana-no-alto-minho\\\/\"},\"author\":{\"name\":\"Andreia Ferreira\",\"@id\":\"https:\\\/\\\/www.altominho.tv\\\/site\\\/#\\\/schema\\\/person\\\/d9be4265364723f14ea8e0d56a1d38cd\"},\"headline\":\"Mais de 260 infra\u00e7\u00f5es e 44 acidentes na \u00faltima semana no Alto Minho\",\"datePublished\":\"2022-05-30T13:44:55+00:00\",\"dateModified\":\"2022-05-30T13:44:56+00:00\",\"mainEntityOfPage\":{\"@id\":\"https:\\\/\\\/www.altominho.tv\\\/site\\\/2022\\\/05\\\/30\\\/mais-de-260-infracoes-e-44-acidentes-na-ultima-semana-no-alto-minho\\\/\"},\"wordCount\":188,\"image\":{\"@id\":\"https:\\\/\\\/www.altominho.tv\\\/site\\\/2022\\\/05\\\/30\\\/mais-de-260-infracoes-e-44-acidentes-na-ultima-semana-no-alto-minho\\\/#primaryimage\"},\"thumbnailUrl\":\"https:\\\/\\\/www.altominho.tv\\\/site\\\/wp-content\\\/uploads\\\/2021\\\/10\\\/GNR.jpg\",\"keywords\":[\"Sociedade\"],\"articleSection\":[\"Alto Minho\"],\"inLanguage\":\"pt-PT\",\"copyrightYear\":\"2022\",\"copyrightHolder\":{\"@id\":\"https:\\\/\\\/www.altominho.tv\\\/site\\\/#organization\"}},{\"@type\":\"WebPage\",\"@id\":\"https:\\\/\\\/www.altominho.tv\\\/site\\\/2022\\\/05\\\/30\\\/mais-de-260-infracoes-e-44-acidentes-na-ultima-semana-no-alto-minho\\\/\",\"url\":\"https:\\\/\\\/www.altominho.tv\\\/site\\\/2022\\\/05\\\/30\\\/mais-de-260-infracoes-e-44-acidentes-na-ultima-semana-no-alto-minho\\\/\",\"name\":\"Mais de 260 infra\u00e7\u00f5es e 44 acidentes na \u00faltima semana no Alto Minho\",\"isPartOf\":{\"@id\":\"https:\\\/\\\/www.altominho.tv\\\/site\\\/#website\"},\"primaryImageOfPage\":{\"@id\":\"https:\\\/\\\/www.altominho.tv\\\/site\\\/2022\\\/05\\\/30\\\/mais-de-260-infracoes-e-44-acidentes-na-ultima-semana-no-alto-minho\\\/#primaryimage\"},\"image\":{\"@id\":\"https:\\\/\\\/www.altominho.tv\\\/site\\\/2022\\\/05\\\/30\\\/mais-de-260-infracoes-e-44-acidentes-na-ultima-semana-no-alto-minho\\\/#primaryimage\"},\"thumbnailUrl\":\"https:\\\/\\\/www.altominho.tv\\\/site\\\/wp-content\\\/uploads\\\/2021\\\/10\\\/GNR.jpg\",\"datePublished\":\"2022-05-30T13:44:55+00:00\",\"dateModified\":\"2022-05-30T13:44:56+00:00\",\"author\":{\"@id\":\"https:\\\/\\\/www.altominho.tv\\\/site\\\/#\\\/schema\\\/person\\\/d9be4265364723f14ea8e0d56a1d38cd\"},\"description\":\"A Guarda Nacional Republicana detetou, na \u00faltima semana, nas estradas do distrito de Viana do Castelo, 266 infra\u00e7\u00f5es e registou 44 acidentes.\",\"breadcrumb\":{\"@id\":\"https:\\\/\\\/www.altominho.tv\\\/site\\\/2022\\\/05\\\/30\\\/mais-de-260-infracoes-e-44-acidentes-na-ultima-semana-no-alto-minho\\\/#breadcrumb\"},\"inLanguage\":\"pt-PT\",\"potentialAction\":[{\"@type\":\"ReadAction\",\"target\":[\"https:\\\/\\\/www.altominho.tv\\\/site\\\/2022\\\/05\\\/30\\\/mais-de-260-infracoes-e-44-acidentes-na-ultima-semana-no-alto-minho\\\/\"]}]},{\"@type\":\"ImageObject\",\"inLanguage\":\"pt-PT\",\"@id\":\"https:\\\/\\\/www.altominho.tv\\\/site\\\/2022\\\/05\\\/30\\\/mais-de-260-infracoes-e-44-acidentes-na-ultima-semana-no-alto-minho\\\/#primaryimage\",\"url\":\"https:\\\/\\\/www.altominho.tv\\\/site\\\/wp-content\\\/uploads\\\/2021\\\/10\\\/GNR.jpg\",\"contentUrl\":\"https:\\\/\\\/www.altominho.tv\\\/site\\\/wp-content\\\/uploads\\\/2021\\\/10\\\/GNR.jpg\",\"width\":712,\"height\":534},{\"@type\":\"BreadcrumbList\",\"@id\":\"https:\\\/\\\/www.altominho.tv\\\/site\\\/2022\\\/05\\\/30\\\/mais-de-260-infracoes-e-44-acidentes-na-ultima-semana-no-alto-minho\\\/#breadcrumb\",\"itemListElement\":[{\"@type\":\"ListItem\",\"position\":1,\"name\":\"In\u00edcio\",\"item\":\"https:\\\/\\\/www.altominho.tv\\\/site\\\/\"},{\"@type\":\"ListItem\",\"position\":2,\"name\":\"Mais de 260 infra\u00e7\u00f5es e 44 acidentes na \u00faltima semana no Alto Minho\"}]},{\"@type\":\"WebSite\",\"@id\":\"https:\\\/\\\/www.altominho.tv\\\/site\\\/#website\",\"url\":\"https:\\\/\\\/www.altominho.tv\\\/site\\\/\",\"name\":\"Altominho.tv\",\"description\":\"A sua regi\u00e3o \u00e0 dist\u00e2ncia de um clique...\",\"potentialAction\":[{\"@type\":\"SearchAction\",\"target\":{\"@type\":\"EntryPoint\",\"urlTemplate\":\"https:\\\/\\\/www.altominho.tv\\\/site\\\/?s={search_term_string}\"},\"query-input\":{\"@type\":\"PropertyValueSpecification\",\"valueRequired\":true,\"valueName\":\"search_term_string\"}}],\"inLanguage\":\"pt-PT\"},{\"@type\":\"Person\",\"@id\":\"https:\\\/\\\/www.altominho.tv\\\/site\\\/#\\\/schema\\\/person\\\/d9be4265364723f14ea8e0d56a1d38cd\",\"name\":\"Andreia Ferreira\",\"image\":{\"@type\":\"ImageObject\",\"inLanguage\":\"pt-PT\",\"@id\":\"https:\\\/\\\/www.altominho.tv\\\/site\\\/wp-content\\\/uploads\\\/2021\\\/01\\\/AndreiaFerreira-150x150.jpg\",\"url\":\"https:\\\/\\\/www.altominho.tv\\\/site\\\/wp-content\\\/uploads\\\/2021\\\/01\\\/AndreiaFerreira-150x150.jpg\",\"contentUrl\":\"https:\\\/\\\/www.altominho.tv\\\/site\\\/wp-content\\\/uploads\\\/2021\\\/01\\\/AndreiaFerreira-150x150.jpg\",\"caption\":\"Andreia Ferreira\"},\"url\":\"https:\\\/\\\/www.altominho.tv\\\/site\\\/author\\\/andreiaferreira\\\/\"}]}<\/script>\n<!-- \/ Yoast SEO Premium plugin. -->","yoast_head_json":{"title":"Mais de 260 infra\u00e7\u00f5es e 44 acidentes na \u00faltima semana no Alto Minho","description":"A Guarda Nacional Republicana detetou, na \u00faltima semana, nas estradas do distrito de Viana do Castelo, 266 infra\u00e7\u00f5es e registou 44 acidentes.","robots":{"index":"index","follow":"follow","max-snippet":"max-snippet:-1","max-image-preview":"max-image-preview:large","max-video-preview":"max-video-preview:-1"},"canonical":"https:\/\/www.altominho.tv\/site\/2022\/05\/30\/mais-de-260-infracoes-e-44-acidentes-na-ultima-semana-no-alto-minho\/","og_locale":"pt_PT","og_type":"article","og_title":"Mais de 260 infra\u00e7\u00f5es e 44 acidentes na \u00faltima semana no Alto Minho","og_description":"A Guarda Nacional Republicana detetou, na \u00faltima semana, nas estradas do distrito de Viana do Castelo, 266 infra\u00e7\u00f5es e registou 44 acidentes.","og_url":"https:\/\/www.altominho.tv\/site\/2022\/05\/30\/mais-de-260-infracoes-e-44-acidentes-na-ultima-semana-no-alto-minho\/","og_site_name":"Altominho.tv","article_publisher":"https:\/\/www.facebook.com\/altominhotv","article_published_time":"2022-05-30T13:44:55+00:00","article_modified_time":"2022-05-30T13:44:56+00:00","og_image":[{"width":712,"height":534,"url":"https:\/\/www.altominho.tv\/site\/wp-content\/uploads\/2021\/10\/GNR.jpg","type":"image\/jpeg"}],"author":"Andreia Ferreira","twitter_card":"summary_large_image","twitter_creator":"@altominhoTV","twitter_site":"@altominhoTV","twitter_misc":{"Escrito por":"Andreia Ferreira","Tempo estimado de leitura":"1 minuto"},"schema":{"@context":"https:\/\/schema.org","@graph":[{"@type":"Article","@id":"https:\/\/www.altominho.tv\/site\/2022\/05\/30\/mais-de-260-infracoes-e-44-acidentes-na-ultima-semana-no-alto-minho\/#article","isPartOf":{"@id":"https:\/\/www.altominho.tv\/site\/2022\/05\/30\/mais-de-260-infracoes-e-44-acidentes-na-ultima-semana-no-alto-minho\/"},"author":{"name":"Andreia Ferreira","@id":"https:\/\/www.altominho.tv\/site\/#\/schema\/person\/d9be4265364723f14ea8e0d56a1d38cd"},"headline":"Mais de 260 infra\u00e7\u00f5es e 44 acidentes na \u00faltima semana no Alto Minho","datePublished":"2022-05-30T13:44:55+00:00","dateModified":"2022-05-30T13:44:56+00:00","mainEntityOfPage":{"@id":"https:\/\/www.altominho.tv\/site\/2022\/05\/30\/mais-de-260-infracoes-e-44-acidentes-na-ultima-semana-no-alto-minho\/"},"wordCount":188,"image":{"@id":"https:\/\/www.altominho.tv\/site\/2022\/05\/30\/mais-de-260-infracoes-e-44-acidentes-na-ultima-semana-no-alto-minho\/#primaryimage"},"thumbnailUrl":"https:\/\/www.altominho.tv\/site\/wp-content\/uploads\/2021\/10\/GNR.jpg","keywords":["Sociedade"],"articleSection":["Alto Minho"],"inLanguage":"pt-PT","copyrightYear":"2022","copyrightHolder":{"@id":"https:\/\/www.altominho.tv\/site\/#organization"}},{"@type":"WebPage","@id":"https:\/\/www.altominho.tv\/site\/2022\/05\/30\/mais-de-260-infracoes-e-44-acidentes-na-ultima-semana-no-alto-minho\/","url":"https:\/\/www.altominho.tv\/site\/2022\/05\/30\/mais-de-260-infracoes-e-44-acidentes-na-ultima-semana-no-alto-minho\/","name":"Mais de 260 infra\u00e7\u00f5es e 44 acidentes na \u00faltima semana no Alto Minho","isPartOf":{"@id":"https:\/\/www.altominho.tv\/site\/#website"},"primaryImageOfPage":{"@id":"https:\/\/www.altominho.tv\/site\/2022\/05\/30\/mais-de-260-infracoes-e-44-acidentes-na-ultima-semana-no-alto-minho\/#primaryimage"},"image":{"@id":"https:\/\/www.altominho.tv\/site\/2022\/05\/30\/mais-de-260-infracoes-e-44-acidentes-na-ultima-semana-no-alto-minho\/#primaryimage"},"thumbnailUrl":"https:\/\/www.altominho.tv\/site\/wp-content\/uploads\/2021\/10\/GNR.jpg","datePublished":"2022-05-30T13:44:55+00:00","dateModified":"2022-05-30T13:44:56+00:00","author":{"@id":"https:\/\/www.altominho.tv\/site\/#\/schema\/person\/d9be4265364723f14ea8e0d56a1d38cd"},"description":"A Guarda Nacional Republicana detetou, na \u00faltima semana, nas estradas do distrito de Viana do Castelo, 266 infra\u00e7\u00f5es e registou 44 acidentes.","breadcrumb":{"@id":"https:\/\/www.altominho.tv\/site\/2022\/05\/30\/mais-de-260-infracoes-e-44-acidentes-na-ultima-semana-no-alto-minho\/#breadcrumb"},"inLanguage":"pt-PT","potentialAction":[{"@type":"ReadAction","target":["https:\/\/www.altominho.tv\/site\/2022\/05\/30\/mais-de-260-infracoes-e-44-acidentes-na-ultima-semana-no-alto-minho\/"]}]},{"@type":"ImageObject","inLanguage":"pt-PT","@id":"https:\/\/www.altominho.tv\/site\/2022\/05\/30\/mais-de-260-infracoes-e-44-acidentes-na-ultima-semana-no-alto-minho\/#primaryimage","url":"https:\/\/www.altominho.tv\/site\/wp-content\/uploads\/2021\/10\/GNR.jpg","contentUrl":"https:\/\/www.altominho.tv\/site\/wp-content\/uploads\/2021\/10\/GNR.jpg","width":712,"height":534},{"@type":"BreadcrumbList","@id":"https:\/\/www.altominho.tv\/site\/2022\/05\/30\/mais-de-260-infracoes-e-44-acidentes-na-ultima-semana-no-alto-minho\/#breadcrumb","itemListElement":[{"@type":"ListItem","position":1,"name":"In\u00edcio","item":"https:\/\/www.altominho.tv\/site\/"},{"@type":"ListItem","position":2,"name":"Mais de 260 infra\u00e7\u00f5es e 44 acidentes na \u00faltima semana no Alto Minho"}]},{"@type":"WebSite","@id":"https:\/\/www.altominho.tv\/site\/#website","url":"https:\/\/www.altominho.tv\/site\/","name":"Altominho.tv","description":"A sua regi\u00e3o \u00e0 dist\u00e2ncia de um clique...","potentialAction":[{"@type":"SearchAction","target":{"@type":"EntryPoint","urlTemplate":"https:\/\/www.altominho.tv\/site\/?s={search_term_string}"},"query-input":{"@type":"PropertyValueSpecification","valueRequired":true,"valueName":"search_term_string"}}],"inLanguage":"pt-PT"},{"@type":"Person","@id":"https:\/\/www.altominho.tv\/site\/#\/schema\/person\/d9be4265364723f14ea8e0d56a1d38cd","name":"Andreia Ferreira","image":{"@type":"ImageObject","inLanguage":"pt-PT","@id":"https:\/\/www.altominho.tv\/site\/wp-content\/uploads\/2021\/01\/AndreiaFerreira-150x150.jpg","url":"https:\/\/www.altominho.tv\/site\/wp-content\/uploads\/2021\/01\/AndreiaFerreira-150x150.jpg","contentUrl":"https:\/\/www.altominho.tv\/site\/wp-content\/uploads\/2021\/01\/AndreiaFerreira-150x150.jpg","caption":"Andreia Ferreira"},"url":"https:\/\/www.altominho.tv\/site\/author\/andreiaferreira\/"}]}},"_links":{"self":[{"href":"https:\/\/www.altominho.tv\/site\/wp-json\/wp\/v2\/posts\/80227","targetHints":{"allow":["GET"]}}],"collection":[{"href":"https:\/\/www.altominho.tv\/site\/wp-json\/wp\/v2\/posts"}],"about":[{"href":"https:\/\/www.altominho.tv\/site\/wp-json\/wp\/v2\/types\/post"}],"author":[{"embeddable":true,"href":"https:\/\/www.altominho.tv\/site\/wp-json\/wp\/v2\/users\/12"}],"replies":[{"embeddable":true,"href":"https:\/\/www.altominho.tv\/site\/wp-json\/wp\/v2\/comments?post=80227"}],"version-history":[{"count":0,"href":"https:\/\/www.altominho.tv\/site\/wp-json\/wp\/v2\/posts\/80227\/revisions"}],"wp:featuredmedia":[{"embeddable":true,"href":"https:\/\/www.altominho.tv\/site\/wp-json\/wp\/v2\/media\/71945"}],"wp:attachment":[{"href":"https:\/\/www.altominho.tv\/site\/wp-json\/wp\/v2\/media?parent=80227"}],"wp:term":[{"taxonomy":"category","embeddable":true,"href":"https:\/\/www.altominho.tv\/site\/wp-json\/wp\/v2\/categories?post=80227"},{"taxonomy":"post_tag","embeddable":true,"href":"https:\/\/www.altominho.tv\/site\/wp-json\/wp\/v2\/tags?post=80227"}],"curies":[{"name":"wp","href":"https:\/\/api.w.org\/{rel}","templated":true}]}}