{"id":80200,"date":"2022-05-27T13:59:12","date_gmt":"2022-05-27T12:59:12","guid":{"rendered":"https:\/\/www.altominho.tv\/site\/?p=80200"},"modified":"2022-05-27T13:59:16","modified_gmt":"2022-05-27T12:59:16","slug":"encontrado-corpo-do-homem-desaparecido-ha-oito-dias-no-rio-minho","status":"publish","type":"post","link":"https:\/\/www.altominho.tv\/site\/2022\/05\/27\/encontrado-corpo-do-homem-desaparecido-ha-oito-dias-no-rio-minho\/","title":{"rendered":"Encontrado corpo do homem desaparecido h\u00e1 oito dias no rio Minho"},"content":{"rendered":"<p>O corpo do homem dado como desaparecido h\u00e1 oito dias no rio Minho, em Barbeita, em Mon\u00e7\u00e3o, foi encontrado hoje a mais de um quil\u00f3metro do local onde pescava, revelou o capit\u00e3o do porto de Caminha, Pedro Santos Jorge.<\/p>\n<p>Contactado pela ag\u00eancia Lusa, Pedro Santos Jorge, que \u00e9 tamb\u00e9m comandante da Pol\u00edcia Mar\u00edtima (PM) de Caminha, informou que o corpo foi encontrado na margem portuguesa do rio, na freguesia de Bela, no concelho de Mon\u00e7\u00e3o, distrito de Viana do Castelo.<\/p>\n<p>Pedro Santos Jorge adiantou que a fam\u00edlia fez o reconhecimento do corpo e, por n\u00e3o terem sido detetados ind\u00edcios de crime, ap\u00f3s autoriza\u00e7\u00e3o do Minist\u00e9rio P\u00fablico (MP), o corpo foi encaminhado para o Instituto de Medicina Legal (IML) de Viana do Castelo.<br \/>\nO homem de 65 anos foi dado como desparecido no passado dia 20, cerca das 15:00. A fam\u00edlia deu o alerta depois do homem ter sa\u00eddo de casa, na manh\u00e3 daquele dia, para pescar e n\u00e3o ter regressado.<\/p>\n<p>Durante as opera\u00e7\u00f5es de busca foram encontrados um chap\u00e9u e um utens\u00edlio de pesca, ambos reconhecidos pela fam\u00edlia como sendo do homem desaparecido.<\/p>\n","protected":false},"excerpt":{"rendered":"<p>O corpo do homem dado como desaparecido h\u00e1 oito dias no rio Minho, em Barbeita, em Mon\u00e7\u00e3o, foi encontrado hoje a mais de um quil\u00f3metro do local onde pescava, revelou o capit\u00e3o do porto de Caminha, Pedro Santos Jorge. Contactado pela ag\u00eancia Lusa, Pedro Santos Jorge, que \u00e9 tamb\u00e9m comandante da Pol\u00edcia Mar\u00edtima (PM) de [&hellip;]<\/p>\n","protected":false},"author":13,"featured_media":80074,"comment_status":"closed","ping_status":"closed","sticky":false,"template":"","format":"standard","meta":{"_exactmetrics_skip_tracking":false,"footnotes":""},"categories":[9],"tags":[27],"class_list":["post-80200","post","type-post","status-publish","format-standard","has-post-thumbnail","hentry","category-moncao","tag-sociedade"],"yoast_head":"<!-- This site is optimized with the Yoast SEO Premium plugin v28.3 (Yoast SEO v28.3) - https:\/\/yoast.com\/product\/yoast-seo-premium-wordpress\/ -->\n<title>Encontrado corpo do homem desaparecido h\u00e1 oito dias no rio Minho<\/title>\n<meta name=\"robots\" content=\"index, follow, max-snippet:-1, max-image-preview:large, max-video-preview:-1\" \/>\n<link rel=\"canonical\" href=\"https:\/\/www.altominho.tv\/site\/2022\/05\/27\/encontrado-corpo-do-homem-desaparecido-ha-oito-dias-no-rio-minho\/\" \/>\n<meta property=\"og:locale\" content=\"pt_PT\" \/>\n<meta property=\"og:type\" content=\"article\" \/>\n<meta property=\"og:title\" content=\"Encontrado corpo do homem desaparecido h\u00e1 oito dias no rio Minho\" \/>\n<meta property=\"og:description\" content=\"O corpo do homem dado como desaparecido h\u00e1 oito dias no rio Minho, em Barbeita, em Mon\u00e7\u00e3o, foi encontrado hoje a mais de um quil\u00f3metro do local onde pescava, revelou o capit\u00e3o do porto de Caminha, Pedro Santos Jorge. Contactado pela ag\u00eancia Lusa, Pedro Santos Jorge, que \u00e9 tamb\u00e9m comandante da Pol\u00edcia Mar\u00edtima (PM) de [&hellip;]\" \/>\n<meta property=\"og:url\" content=\"https:\/\/www.altominho.tv\/site\/2022\/05\/27\/encontrado-corpo-do-homem-desaparecido-ha-oito-dias-no-rio-minho\/\" \/>\n<meta property=\"og:site_name\" content=\"Altominho.tv\" \/>\n<meta property=\"article:publisher\" content=\"https:\/\/www.facebook.com\/altominhotv\" \/>\n<meta property=\"article:published_time\" content=\"2022-05-27T12:59:12+00:00\" \/>\n<meta property=\"article:modified_time\" content=\"2022-05-27T12:59:16+00:00\" \/>\n<meta property=\"og:image\" content=\"https:\/\/www.altominho.tv\/site\/wp-content\/uploads\/2022\/05\/policia-maritima.jpeg\" \/>\n\t<meta property=\"og:image:width\" content=\"744\" \/>\n\t<meta property=\"og:image:height\" content=\"495\" \/>\n\t<meta property=\"og:image:type\" content=\"image\/jpeg\" \/>\n<meta name=\"author\" content=\"Lusa\" \/>\n<meta name=\"twitter:card\" content=\"summary_large_image\" \/>\n<meta name=\"twitter:creator\" content=\"@altominhoTV\" \/>\n<meta name=\"twitter:site\" content=\"@altominhoTV\" \/>\n<meta name=\"twitter:label1\" content=\"Escrito por\" \/>\n\t<meta name=\"twitter:data1\" content=\"Lusa\" \/>\n\t<meta name=\"twitter:label2\" content=\"Tempo estimado de leitura\" \/>\n\t<meta name=\"twitter:data2\" content=\"2 minutos\" \/>\n<script type=\"application\/ld+json\" class=\"yoast-schema-graph\">{\"@context\":\"https:\\\/\\\/schema.org\",\"@graph\":[{\"@type\":\"Article\",\"@id\":\"https:\\\/\\\/www.altominho.tv\\\/site\\\/2022\\\/05\\\/27\\\/encontrado-corpo-do-homem-desaparecido-ha-oito-dias-no-rio-minho\\\/#article\",\"isPartOf\":{\"@id\":\"https:\\\/\\\/www.altominho.tv\\\/site\\\/2022\\\/05\\\/27\\\/encontrado-corpo-do-homem-desaparecido-ha-oito-dias-no-rio-minho\\\/\"},\"author\":{\"name\":\"Lusa\",\"@id\":\"https:\\\/\\\/www.altominho.tv\\\/site\\\/#\\\/schema\\\/person\\\/63f693da3e1899361cbe955c46f3232e\"},\"headline\":\"Encontrado corpo do homem desaparecido h\u00e1 oito dias no rio Minho\",\"datePublished\":\"2022-05-27T12:59:12+00:00\",\"dateModified\":\"2022-05-27T12:59:16+00:00\",\"mainEntityOfPage\":{\"@id\":\"https:\\\/\\\/www.altominho.tv\\\/site\\\/2022\\\/05\\\/27\\\/encontrado-corpo-do-homem-desaparecido-ha-oito-dias-no-rio-minho\\\/\"},\"wordCount\":212,\"image\":{\"@id\":\"https:\\\/\\\/www.altominho.tv\\\/site\\\/2022\\\/05\\\/27\\\/encontrado-corpo-do-homem-desaparecido-ha-oito-dias-no-rio-minho\\\/#primaryimage\"},\"thumbnailUrl\":\"https:\\\/\\\/www.altominho.tv\\\/site\\\/wp-content\\\/uploads\\\/2022\\\/05\\\/policia-maritima.jpeg\",\"keywords\":[\"Sociedade\"],\"articleSection\":[\"Mon\u00e7\u00e3o\"],\"inLanguage\":\"pt-PT\",\"copyrightYear\":\"2022\",\"copyrightHolder\":{\"@id\":\"https:\\\/\\\/www.altominho.tv\\\/site\\\/#organization\"}},{\"@type\":\"WebPage\",\"@id\":\"https:\\\/\\\/www.altominho.tv\\\/site\\\/2022\\\/05\\\/27\\\/encontrado-corpo-do-homem-desaparecido-ha-oito-dias-no-rio-minho\\\/\",\"url\":\"https:\\\/\\\/www.altominho.tv\\\/site\\\/2022\\\/05\\\/27\\\/encontrado-corpo-do-homem-desaparecido-ha-oito-dias-no-rio-minho\\\/\",\"name\":\"Encontrado corpo do homem desaparecido h\u00e1 oito dias no rio Minho\",\"isPartOf\":{\"@id\":\"https:\\\/\\\/www.altominho.tv\\\/site\\\/#website\"},\"primaryImageOfPage\":{\"@id\":\"https:\\\/\\\/www.altominho.tv\\\/site\\\/2022\\\/05\\\/27\\\/encontrado-corpo-do-homem-desaparecido-ha-oito-dias-no-rio-minho\\\/#primaryimage\"},\"image\":{\"@id\":\"https:\\\/\\\/www.altominho.tv\\\/site\\\/2022\\\/05\\\/27\\\/encontrado-corpo-do-homem-desaparecido-ha-oito-dias-no-rio-minho\\\/#primaryimage\"},\"thumbnailUrl\":\"https:\\\/\\\/www.altominho.tv\\\/site\\\/wp-content\\\/uploads\\\/2022\\\/05\\\/policia-maritima.jpeg\",\"datePublished\":\"2022-05-27T12:59:12+00:00\",\"dateModified\":\"2022-05-27T12:59:16+00:00\",\"author\":{\"@id\":\"https:\\\/\\\/www.altominho.tv\\\/site\\\/#\\\/schema\\\/person\\\/63f693da3e1899361cbe955c46f3232e\"},\"breadcrumb\":{\"@id\":\"https:\\\/\\\/www.altominho.tv\\\/site\\\/2022\\\/05\\\/27\\\/encontrado-corpo-do-homem-desaparecido-ha-oito-dias-no-rio-minho\\\/#breadcrumb\"},\"inLanguage\":\"pt-PT\",\"potentialAction\":[{\"@type\":\"ReadAction\",\"target\":[\"https:\\\/\\\/www.altominho.tv\\\/site\\\/2022\\\/05\\\/27\\\/encontrado-corpo-do-homem-desaparecido-ha-oito-dias-no-rio-minho\\\/\"]}]},{\"@type\":\"ImageObject\",\"inLanguage\":\"pt-PT\",\"@id\":\"https:\\\/\\\/www.altominho.tv\\\/site\\\/2022\\\/05\\\/27\\\/encontrado-corpo-do-homem-desaparecido-ha-oito-dias-no-rio-minho\\\/#primaryimage\",\"url\":\"https:\\\/\\\/www.altominho.tv\\\/site\\\/wp-content\\\/uploads\\\/2022\\\/05\\\/policia-maritima.jpeg\",\"contentUrl\":\"https:\\\/\\\/www.altominho.tv\\\/site\\\/wp-content\\\/uploads\\\/2022\\\/05\\\/policia-maritima.jpeg\",\"width\":744,\"height\":495},{\"@type\":\"BreadcrumbList\",\"@id\":\"https:\\\/\\\/www.altominho.tv\\\/site\\\/2022\\\/05\\\/27\\\/encontrado-corpo-do-homem-desaparecido-ha-oito-dias-no-rio-minho\\\/#breadcrumb\",\"itemListElement\":[{\"@type\":\"ListItem\",\"position\":1,\"name\":\"In\u00edcio\",\"item\":\"https:\\\/\\\/www.altominho.tv\\\/site\\\/\"},{\"@type\":\"ListItem\",\"position\":2,\"name\":\"Encontrado corpo do homem desaparecido h\u00e1 oito dias no rio Minho\"}]},{\"@type\":\"WebSite\",\"@id\":\"https:\\\/\\\/www.altominho.tv\\\/site\\\/#website\",\"url\":\"https:\\\/\\\/www.altominho.tv\\\/site\\\/\",\"name\":\"Altominho.tv\",\"description\":\"A sua regi\u00e3o \u00e0 dist\u00e2ncia de um clique...\",\"potentialAction\":[{\"@type\":\"SearchAction\",\"target\":{\"@type\":\"EntryPoint\",\"urlTemplate\":\"https:\\\/\\\/www.altominho.tv\\\/site\\\/?s={search_term_string}\"},\"query-input\":{\"@type\":\"PropertyValueSpecification\",\"valueRequired\":true,\"valueName\":\"search_term_string\"}}],\"inLanguage\":\"pt-PT\"},{\"@type\":\"Person\",\"@id\":\"https:\\\/\\\/www.altominho.tv\\\/site\\\/#\\\/schema\\\/person\\\/63f693da3e1899361cbe955c46f3232e\",\"name\":\"Lusa\",\"image\":{\"@type\":\"ImageObject\",\"inLanguage\":\"pt-PT\",\"@id\":\"https:\\\/\\\/www.altominho.tv\\\/site\\\/wp-content\\\/uploads\\\/2019\\\/08\\\/LUSA_Logo.gif\",\"url\":\"https:\\\/\\\/www.altominho.tv\\\/site\\\/wp-content\\\/uploads\\\/2019\\\/08\\\/LUSA_Logo.gif\",\"contentUrl\":\"https:\\\/\\\/www.altominho.tv\\\/site\\\/wp-content\\\/uploads\\\/2019\\\/08\\\/LUSA_Logo.gif\",\"caption\":\"Lusa\"},\"sameAs\":[\"http:\\\/\\\/\\\/\\\/www.altominho.tv\\\/site\"],\"url\":\"https:\\\/\\\/www.altominho.tv\\\/site\\\/author\\\/lusa\\\/\"}]}<\/script>\n<!-- \/ Yoast SEO Premium plugin. -->","yoast_head_json":{"title":"Encontrado corpo do homem desaparecido h\u00e1 oito dias no rio Minho","robots":{"index":"index","follow":"follow","max-snippet":"max-snippet:-1","max-image-preview":"max-image-preview:large","max-video-preview":"max-video-preview:-1"},"canonical":"https:\/\/www.altominho.tv\/site\/2022\/05\/27\/encontrado-corpo-do-homem-desaparecido-ha-oito-dias-no-rio-minho\/","og_locale":"pt_PT","og_type":"article","og_title":"Encontrado corpo do homem desaparecido h\u00e1 oito dias no rio Minho","og_description":"O corpo do homem dado como desaparecido h\u00e1 oito dias no rio Minho, em Barbeita, em Mon\u00e7\u00e3o, foi encontrado hoje a mais de um quil\u00f3metro do local onde pescava, revelou o capit\u00e3o do porto de Caminha, Pedro Santos Jorge. Contactado pela ag\u00eancia Lusa, Pedro Santos Jorge, que \u00e9 tamb\u00e9m comandante da Pol\u00edcia Mar\u00edtima (PM) de [&hellip;]","og_url":"https:\/\/www.altominho.tv\/site\/2022\/05\/27\/encontrado-corpo-do-homem-desaparecido-ha-oito-dias-no-rio-minho\/","og_site_name":"Altominho.tv","article_publisher":"https:\/\/www.facebook.com\/altominhotv","article_published_time":"2022-05-27T12:59:12+00:00","article_modified_time":"2022-05-27T12:59:16+00:00","og_image":[{"width":744,"height":495,"url":"https:\/\/www.altominho.tv\/site\/wp-content\/uploads\/2022\/05\/policia-maritima.jpeg","type":"image\/jpeg"}],"author":"Lusa","twitter_card":"summary_large_image","twitter_creator":"@altominhoTV","twitter_site":"@altominhoTV","twitter_misc":{"Escrito por":"Lusa","Tempo estimado de leitura":"2 minutos"},"schema":{"@context":"https:\/\/schema.org","@graph":[{"@type":"Article","@id":"https:\/\/www.altominho.tv\/site\/2022\/05\/27\/encontrado-corpo-do-homem-desaparecido-ha-oito-dias-no-rio-minho\/#article","isPartOf":{"@id":"https:\/\/www.altominho.tv\/site\/2022\/05\/27\/encontrado-corpo-do-homem-desaparecido-ha-oito-dias-no-rio-minho\/"},"author":{"name":"Lusa","@id":"https:\/\/www.altominho.tv\/site\/#\/schema\/person\/63f693da3e1899361cbe955c46f3232e"},"headline":"Encontrado corpo do homem desaparecido h\u00e1 oito dias no rio Minho","datePublished":"2022-05-27T12:59:12+00:00","dateModified":"2022-05-27T12:59:16+00:00","mainEntityOfPage":{"@id":"https:\/\/www.altominho.tv\/site\/2022\/05\/27\/encontrado-corpo-do-homem-desaparecido-ha-oito-dias-no-rio-minho\/"},"wordCount":212,"image":{"@id":"https:\/\/www.altominho.tv\/site\/2022\/05\/27\/encontrado-corpo-do-homem-desaparecido-ha-oito-dias-no-rio-minho\/#primaryimage"},"thumbnailUrl":"https:\/\/www.altominho.tv\/site\/wp-content\/uploads\/2022\/05\/policia-maritima.jpeg","keywords":["Sociedade"],"articleSection":["Mon\u00e7\u00e3o"],"inLanguage":"pt-PT","copyrightYear":"2022","copyrightHolder":{"@id":"https:\/\/www.altominho.tv\/site\/#organization"}},{"@type":"WebPage","@id":"https:\/\/www.altominho.tv\/site\/2022\/05\/27\/encontrado-corpo-do-homem-desaparecido-ha-oito-dias-no-rio-minho\/","url":"https:\/\/www.altominho.tv\/site\/2022\/05\/27\/encontrado-corpo-do-homem-desaparecido-ha-oito-dias-no-rio-minho\/","name":"Encontrado corpo do homem desaparecido h\u00e1 oito dias no rio Minho","isPartOf":{"@id":"https:\/\/www.altominho.tv\/site\/#website"},"primaryImageOfPage":{"@id":"https:\/\/www.altominho.tv\/site\/2022\/05\/27\/encontrado-corpo-do-homem-desaparecido-ha-oito-dias-no-rio-minho\/#primaryimage"},"image":{"@id":"https:\/\/www.altominho.tv\/site\/2022\/05\/27\/encontrado-corpo-do-homem-desaparecido-ha-oito-dias-no-rio-minho\/#primaryimage"},"thumbnailUrl":"https:\/\/www.altominho.tv\/site\/wp-content\/uploads\/2022\/05\/policia-maritima.jpeg","datePublished":"2022-05-27T12:59:12+00:00","dateModified":"2022-05-27T12:59:16+00:00","author":{"@id":"https:\/\/www.altominho.tv\/site\/#\/schema\/person\/63f693da3e1899361cbe955c46f3232e"},"breadcrumb":{"@id":"https:\/\/www.altominho.tv\/site\/2022\/05\/27\/encontrado-corpo-do-homem-desaparecido-ha-oito-dias-no-rio-minho\/#breadcrumb"},"inLanguage":"pt-PT","potentialAction":[{"@type":"ReadAction","target":["https:\/\/www.altominho.tv\/site\/2022\/05\/27\/encontrado-corpo-do-homem-desaparecido-ha-oito-dias-no-rio-minho\/"]}]},{"@type":"ImageObject","inLanguage":"pt-PT","@id":"https:\/\/www.altominho.tv\/site\/2022\/05\/27\/encontrado-corpo-do-homem-desaparecido-ha-oito-dias-no-rio-minho\/#primaryimage","url":"https:\/\/www.altominho.tv\/site\/wp-content\/uploads\/2022\/05\/policia-maritima.jpeg","contentUrl":"https:\/\/www.altominho.tv\/site\/wp-content\/uploads\/2022\/05\/policia-maritima.jpeg","width":744,"height":495},{"@type":"BreadcrumbList","@id":"https:\/\/www.altominho.tv\/site\/2022\/05\/27\/encontrado-corpo-do-homem-desaparecido-ha-oito-dias-no-rio-minho\/#breadcrumb","itemListElement":[{"@type":"ListItem","position":1,"name":"In\u00edcio","item":"https:\/\/www.altominho.tv\/site\/"},{"@type":"ListItem","position":2,"name":"Encontrado corpo do homem desaparecido h\u00e1 oito dias no rio Minho"}]},{"@type":"WebSite","@id":"https:\/\/www.altominho.tv\/site\/#website","url":"https:\/\/www.altominho.tv\/site\/","name":"Altominho.tv","description":"A sua regi\u00e3o \u00e0 dist\u00e2ncia de um clique...","potentialAction":[{"@type":"SearchAction","target":{"@type":"EntryPoint","urlTemplate":"https:\/\/www.altominho.tv\/site\/?s={search_term_string}"},"query-input":{"@type":"PropertyValueSpecification","valueRequired":true,"valueName":"search_term_string"}}],"inLanguage":"pt-PT"},{"@type":"Person","@id":"https:\/\/www.altominho.tv\/site\/#\/schema\/person\/63f693da3e1899361cbe955c46f3232e","name":"Lusa","image":{"@type":"ImageObject","inLanguage":"pt-PT","@id":"https:\/\/www.altominho.tv\/site\/wp-content\/uploads\/2019\/08\/LUSA_Logo.gif","url":"https:\/\/www.altominho.tv\/site\/wp-content\/uploads\/2019\/08\/LUSA_Logo.gif","contentUrl":"https:\/\/www.altominho.tv\/site\/wp-content\/uploads\/2019\/08\/LUSA_Logo.gif","caption":"Lusa"},"sameAs":["http:\/\/\/\/www.altominho.tv\/site"],"url":"https:\/\/www.altominho.tv\/site\/author\/lusa\/"}]}},"_links":{"self":[{"href":"https:\/\/www.altominho.tv\/site\/wp-json\/wp\/v2\/posts\/80200","targetHints":{"allow":["GET"]}}],"collection":[{"href":"https:\/\/www.altominho.tv\/site\/wp-json\/wp\/v2\/posts"}],"about":[{"href":"https:\/\/www.altominho.tv\/site\/wp-json\/wp\/v2\/types\/post"}],"author":[{"embeddable":true,"href":"https:\/\/www.altominho.tv\/site\/wp-json\/wp\/v2\/users\/13"}],"replies":[{"embeddable":true,"href":"https:\/\/www.altominho.tv\/site\/wp-json\/wp\/v2\/comments?post=80200"}],"version-history":[{"count":0,"href":"https:\/\/www.altominho.tv\/site\/wp-json\/wp\/v2\/posts\/80200\/revisions"}],"wp:featuredmedia":[{"embeddable":true,"href":"https:\/\/www.altominho.tv\/site\/wp-json\/wp\/v2\/media\/80074"}],"wp:attachment":[{"href":"https:\/\/www.altominho.tv\/site\/wp-json\/wp\/v2\/media?parent=80200"}],"wp:term":[{"taxonomy":"category","embeddable":true,"href":"https:\/\/www.altominho.tv\/site\/wp-json\/wp\/v2\/categories?post=80200"},{"taxonomy":"post_tag","embeddable":true,"href":"https:\/\/www.altominho.tv\/site\/wp-json\/wp\/v2\/tags?post=80200"}],"curies":[{"name":"wp","href":"https:\/\/api.w.org\/{rel}","templated":true}]}}