{"id":80197,"date":"2022-05-27T11:59:22","date_gmt":"2022-05-27T10:59:22","guid":{"rendered":"https:\/\/www.altominho.tv\/site\/?p=80197"},"modified":"2022-05-30T10:57:52","modified_gmt":"2022-05-30T09:57:52","slug":"ex-aluna-do-politecnico-de-viana-do-castelo-abre-funeraria-para-animais","status":"publish","type":"post","link":"https:\/\/www.altominho.tv\/site\/2022\/05\/27\/ex-aluna-do-politecnico-de-viana-do-castelo-abre-funeraria-para-animais\/","title":{"rendered":"Ex-aluna do Polit\u00e9cnico de Viana do Castelo abre funer\u00e1ria para animais"},"content":{"rendered":"<p>Daniela Azevedo sempre gostou de animais. Fez voluntariado numa cl\u00ednica veterin\u00e1ria e ingressou no curso de Licenciatura em Enfermagem Veterin\u00e1ria na Escola Superior Agr\u00e1ria (ESA) do Instituto Polit\u00e9cnico de Viana do Castelo (IPVC). Mas foi quando o seu gato Tom\u00e1s morreu, que Daniela Azevedo descobriu que a sua miss\u00e3o era dedicar-se aos animais, concedendo-lhes um \u201cfim digno\u201d e sendo tamb\u00e9m \u201cconforto para os donos\u201d. Da\u00ed at\u00e9 abrir a primeira funer\u00e1ria de animais no Norte do pa\u00eds, a ex-aluna da ESA-IPVC teve que \u201cpassar por muito\u201d e ir contra todos aqueles que a achavam \u201cmaluca\u201d.<\/p>\n<p>Quando h\u00e1 dois anos perdeu o gato, que a acompanhou durante 16 anos e que \u201camava de forma incondicional\u201d, Daniela procurou algu\u00e9m que a pudesse ajudar. \u201cSabia que havia um cremat\u00f3rio no Porto, mas demorava 30 dias a entregar as cinzas. At\u00e9 que descobri duas funer\u00e1rias em Lisboa. Acabei por ver todo o processo e foi a\u00ed que percebi que o meu caminho era por aqui: dar um fim mais digno aos nossos animais e acalmar quem fica\u201d, confidencia a ex-aluna do Polit\u00e9cnico de Viana do Castelo, lembrando que quando recebeu as cinzas do gato Tom\u00e1s sentiu \u201cuma paz interior\u201d. \u00c9 isto que Daniela Azevedo quer que os donos sintam quando os animais partirem. \u201c\u00c9 importante que o dono do animal seja acompanhado e sinta que tem algu\u00e9m que entenda a dor que est\u00e1 a sentir\u201d, sublinha Daniela Azevedo, lamentando que quando perdeu o gato Tom\u00e1s foi julgada por chorar por causa de um animal. \u201cAs pessoas n\u00e3o conseguem entender que um animal que partilha a vida connosco durante 16 anos \u00e9 t\u00e3o ou mais importante que um membro da fam\u00edlia\u201d, queixa-se.<\/p>\n<p>O processo para abrir a funer\u00e1ria para animais \u201cn\u00e3o foi nada f\u00e1cil\u201d, at\u00e9 porque \u201cn\u00e3o h\u00e1 apoio financeiro e a legisla\u00e7\u00e3o tamb\u00e9m n\u00e3o \u00e9 muito clara\u201d.&nbsp; Mas Daniela Azevedo n\u00e3o desistiu e seguiu em frente. Assim, nasceu a PetSoul, que est\u00e1 instalada num armaz\u00e9m no concelho de Esposende.<\/p>\n<p>Como j\u00e1 existem duas funer\u00e1rias de animais na zona de Lisboa, a ex-aluna do Polit\u00e9cnico de Viana do Castelo quer apostar na zona Norte do pa\u00eds e em Espanha. Aberta oficialmente h\u00e1 poucos dias, a PetSoul tem sido muito procurada. \u201c\u00c9 preciso mudar mentalidades e este \u00e9 mesmo um neg\u00f3cio com futuro, mas ainda \u00e9 preciso trabalhar muito ao n\u00edvel da sensibiliza\u00e7\u00e3o da perda ao luto e isso come\u00e7a tamb\u00e9m pelas cl\u00ednicas veterin\u00e1rias\u201d, desafia Daniela Azevedo.<\/p>\n<p>A PetSoul permite aos clientes assistirem a todo o processo de crema\u00e7\u00e3o e levar as cinzas do animal para casa no mesmo dia. \u201cSe o animal morrer numa cl\u00ednica veterin\u00e1ria \u00e9 a cl\u00ednica veterin\u00e1ria que faz o contacto. Se for o pr\u00f3prio cliente a ligar, n\u00f3s fazemos a recolha do animal na hora combinada. O cliente tem o tempo que precisar para se despedir do animal, podendo assistir ou n\u00e3o a todo o processo\u201d, refere.<\/p>\n<p>Mas Daniela Azevedo queria muito mais e criou outros servi\u00e7os complementares na PetSoul. \u201cS\u00f3 trabalhamos com pessoas que gostem de animais e que tenham esta sensibilidade\u201d, assegura a ex-aluna do Polit\u00e9cnico de Viana do Castelo.<\/p>\n<p>Com a ajuda de um amigo designer, que vive na Holanda, Daniela Azevedo criou uma urna em m\u00e1rmore, que pode ser gravada a laser e ter a foto do animal impressa. Na PetSoul, o cliente tem ainda dispon\u00edvel uma urna que se transforma numa \u00e1rvore, numa parceria com a empresa espanhola Biotree. \u201cEsta \u00e1rvore pode ser plantada no interior ou no exterior mediante a semente que o cliente optar\u201d, informa ainda a empres\u00e1ria, adiantando que o cliente pode tamb\u00e9m escolher uma urna de bambu ou biodegrad\u00e1vel. \u201cParecem umas lanternas que podem ser libertadas no mar ou na montanha. N\u00e3o t\u00eam qualquer tipo de impacto ambiental, porque as urnas v\u00e3o-se desfazendo naturalmente\u201d, conta.<\/p>\n<p>\u201cApaixonada\u201d pelo que faz neste \u201cneg\u00f3cio de corpo e alma\u201d, Daniela Azevedo espera ainda conseguir que se fa\u00e7am cerim\u00f3nias com as cinzas do animal no Parque Nacional da Peneda Ger\u00eas, como j\u00e1 acontece na Serra da Arr\u00e1bida.<\/p>\n<p>Em parceria com uma designer de Viana do Castelo, a PetSoul d\u00e1 ainda a op\u00e7\u00e3o ao cliente de colocar as cinzas do animal numa pe\u00e7a de joalharia. \u201cO cliente pode optar por um colar ou uma pulseira, onde se pode colocar uma pequena quantidade de cinzas e essa pe\u00e7a pode ser ainda personalizada\u201d, adianta Daniela Azevedo, deixando o apelo: \u201co luto tem que ser vivido e os donos t\u00eam que passar pelo processo\u201d.<\/p>\n<p><strong>&nbsp;<\/strong><\/p>\n","protected":false},"excerpt":{"rendered":"<p>Daniela Azevedo sempre gostou de animais. Fez voluntariado numa cl\u00ednica veterin\u00e1ria e ingressou no curso de Licenciatura em Enfermagem Veterin\u00e1ria na Escola Superior Agr\u00e1ria (ESA) do Instituto Polit\u00e9cnico de Viana do Castelo (IPVC). Mas foi quando o seu gato Tom\u00e1s morreu, que Daniela Azevedo descobriu que a sua miss\u00e3o era dedicar-se aos animais, concedendo-lhes um [&hellip;]<\/p>\n","protected":false},"author":1,"featured_media":80198,"comment_status":"closed","ping_status":"closed","sticky":false,"template":"","format":"standard","meta":{"_exactmetrics_skip_tracking":false,"_exactmetrics_sitenote_active":false,"_exactmetrics_sitenote_note":"","_exactmetrics_sitenote_category":0,"footnotes":""},"categories":[73],"tags":[27],"class_list":["post-80197","post","type-post","status-publish","format-standard","has-post-thumbnail","hentry","category-alto-minho","tag-sociedade"],"yoast_head":"<!-- This site is optimized with the Yoast SEO Premium plugin v27.4 (Yoast SEO v27.4) - https:\/\/yoast.com\/product\/yoast-seo-premium-wordpress\/ -->\n<title>Ex-aluna do Polit\u00e9cnico de Viana do Castelo abre funer\u00e1ria para animais<\/title>\n<meta name=\"description\" content=\"Fez voluntariado numa cl\u00ednica veterin\u00e1ria e ingressou no curso de Licenciatura em Enfermagem Veterin\u00e1ria na Escola Superior Agr\u00e1ria do Instituto Polit\u00e9cnico de Viana do Castelo.\" \/>\n<meta name=\"robots\" content=\"index, follow, max-snippet:-1, max-image-preview:large, max-video-preview:-1\" \/>\n<link rel=\"canonical\" href=\"https:\/\/www.altominho.tv\/site\/2022\/05\/27\/ex-aluna-do-politecnico-de-viana-do-castelo-abre-funeraria-para-animais\/\" \/>\n<meta property=\"og:locale\" content=\"pt_PT\" \/>\n<meta property=\"og:type\" content=\"article\" \/>\n<meta property=\"og:title\" content=\"Ex-aluna do Polit\u00e9cnico de Viana do Castelo abre funer\u00e1ria para animais\" \/>\n<meta property=\"og:description\" content=\"Fez voluntariado numa cl\u00ednica veterin\u00e1ria e ingressou no curso de Licenciatura em Enfermagem Veterin\u00e1ria na Escola Superior Agr\u00e1ria do Instituto Polit\u00e9cnico de Viana do Castelo.\" \/>\n<meta property=\"og:url\" content=\"https:\/\/www.altominho.tv\/site\/2022\/05\/27\/ex-aluna-do-politecnico-de-viana-do-castelo-abre-funeraria-para-animais\/\" \/>\n<meta property=\"og:site_name\" content=\"Altominho.tv\" \/>\n<meta property=\"article:publisher\" content=\"https:\/\/www.facebook.com\/altominhotv\" \/>\n<meta property=\"article:published_time\" content=\"2022-05-27T10:59:22+00:00\" \/>\n<meta property=\"article:modified_time\" content=\"2022-05-30T09:57:52+00:00\" \/>\n<meta property=\"og:image\" content=\"https:\/\/www.altominho.tv\/site\/wp-content\/uploads\/2022\/05\/PetSoul_1.jpeg\" \/>\n\t<meta property=\"og:image:width\" content=\"1200\" \/>\n\t<meta property=\"og:image:height\" content=\"630\" \/>\n\t<meta property=\"og:image:type\" content=\"image\/jpeg\" \/>\n<meta name=\"author\" content=\"Altominho.tv\" \/>\n<meta name=\"twitter:card\" content=\"summary_large_image\" \/>\n<meta name=\"twitter:creator\" content=\"@altominhoTV\" \/>\n<meta name=\"twitter:site\" content=\"@altominhoTV\" \/>\n<meta name=\"twitter:label1\" content=\"Escrito por\" \/>\n\t<meta name=\"twitter:data1\" content=\"Altominho.tv\" \/>\n\t<meta name=\"twitter:label2\" content=\"Tempo estimado de leitura\" \/>\n\t<meta name=\"twitter:data2\" content=\"5 minutos\" \/>\n<script type=\"application\/ld+json\" class=\"yoast-schema-graph\">{\"@context\":\"https:\\\/\\\/schema.org\",\"@graph\":[{\"@type\":\"Article\",\"@id\":\"https:\\\/\\\/www.altominho.tv\\\/site\\\/2022\\\/05\\\/27\\\/ex-aluna-do-politecnico-de-viana-do-castelo-abre-funeraria-para-animais\\\/#article\",\"isPartOf\":{\"@id\":\"https:\\\/\\\/www.altominho.tv\\\/site\\\/2022\\\/05\\\/27\\\/ex-aluna-do-politecnico-de-viana-do-castelo-abre-funeraria-para-animais\\\/\"},\"author\":{\"name\":\"Altominho.tv\",\"@id\":\"https:\\\/\\\/www.altominho.tv\\\/site\\\/#\\\/schema\\\/person\\\/4e536851627d7914baf3dac752b6af22\"},\"headline\":\"Ex-aluna do Polit\u00e9cnico de Viana do Castelo abre funer\u00e1ria para animais\",\"datePublished\":\"2022-05-27T10:59:22+00:00\",\"dateModified\":\"2022-05-30T09:57:52+00:00\",\"mainEntityOfPage\":{\"@id\":\"https:\\\/\\\/www.altominho.tv\\\/site\\\/2022\\\/05\\\/27\\\/ex-aluna-do-politecnico-de-viana-do-castelo-abre-funeraria-para-animais\\\/\"},\"wordCount\":802,\"image\":{\"@id\":\"https:\\\/\\\/www.altominho.tv\\\/site\\\/2022\\\/05\\\/27\\\/ex-aluna-do-politecnico-de-viana-do-castelo-abre-funeraria-para-animais\\\/#primaryimage\"},\"thumbnailUrl\":\"https:\\\/\\\/www.altominho.tv\\\/site\\\/wp-content\\\/uploads\\\/2022\\\/05\\\/PetSoul_1.jpeg\",\"keywords\":[\"Sociedade\"],\"articleSection\":[\"Alto Minho\"],\"inLanguage\":\"pt-PT\",\"copyrightYear\":\"2022\",\"copyrightHolder\":{\"@id\":\"https:\\\/\\\/www.altominho.tv\\\/site\\\/#organization\"}},{\"@type\":\"WebPage\",\"@id\":\"https:\\\/\\\/www.altominho.tv\\\/site\\\/2022\\\/05\\\/27\\\/ex-aluna-do-politecnico-de-viana-do-castelo-abre-funeraria-para-animais\\\/\",\"url\":\"https:\\\/\\\/www.altominho.tv\\\/site\\\/2022\\\/05\\\/27\\\/ex-aluna-do-politecnico-de-viana-do-castelo-abre-funeraria-para-animais\\\/\",\"name\":\"Ex-aluna do Polit\u00e9cnico de Viana do Castelo abre funer\u00e1ria para animais\",\"isPartOf\":{\"@id\":\"https:\\\/\\\/www.altominho.tv\\\/site\\\/#website\"},\"primaryImageOfPage\":{\"@id\":\"https:\\\/\\\/www.altominho.tv\\\/site\\\/2022\\\/05\\\/27\\\/ex-aluna-do-politecnico-de-viana-do-castelo-abre-funeraria-para-animais\\\/#primaryimage\"},\"image\":{\"@id\":\"https:\\\/\\\/www.altominho.tv\\\/site\\\/2022\\\/05\\\/27\\\/ex-aluna-do-politecnico-de-viana-do-castelo-abre-funeraria-para-animais\\\/#primaryimage\"},\"thumbnailUrl\":\"https:\\\/\\\/www.altominho.tv\\\/site\\\/wp-content\\\/uploads\\\/2022\\\/05\\\/PetSoul_1.jpeg\",\"datePublished\":\"2022-05-27T10:59:22+00:00\",\"dateModified\":\"2022-05-30T09:57:52+00:00\",\"author\":{\"@id\":\"https:\\\/\\\/www.altominho.tv\\\/site\\\/#\\\/schema\\\/person\\\/4e536851627d7914baf3dac752b6af22\"},\"description\":\"Fez voluntariado numa cl\u00ednica veterin\u00e1ria e ingressou no curso de Licenciatura em Enfermagem Veterin\u00e1ria na Escola Superior Agr\u00e1ria do Instituto Polit\u00e9cnico de Viana do Castelo.\",\"breadcrumb\":{\"@id\":\"https:\\\/\\\/www.altominho.tv\\\/site\\\/2022\\\/05\\\/27\\\/ex-aluna-do-politecnico-de-viana-do-castelo-abre-funeraria-para-animais\\\/#breadcrumb\"},\"inLanguage\":\"pt-PT\",\"potentialAction\":[{\"@type\":\"ReadAction\",\"target\":[\"https:\\\/\\\/www.altominho.tv\\\/site\\\/2022\\\/05\\\/27\\\/ex-aluna-do-politecnico-de-viana-do-castelo-abre-funeraria-para-animais\\\/\"]}]},{\"@type\":\"ImageObject\",\"inLanguage\":\"pt-PT\",\"@id\":\"https:\\\/\\\/www.altominho.tv\\\/site\\\/2022\\\/05\\\/27\\\/ex-aluna-do-politecnico-de-viana-do-castelo-abre-funeraria-para-animais\\\/#primaryimage\",\"url\":\"https:\\\/\\\/www.altominho.tv\\\/site\\\/wp-content\\\/uploads\\\/2022\\\/05\\\/PetSoul_1.jpeg\",\"contentUrl\":\"https:\\\/\\\/www.altominho.tv\\\/site\\\/wp-content\\\/uploads\\\/2022\\\/05\\\/PetSoul_1.jpeg\",\"width\":1200,\"height\":630},{\"@type\":\"BreadcrumbList\",\"@id\":\"https:\\\/\\\/www.altominho.tv\\\/site\\\/2022\\\/05\\\/27\\\/ex-aluna-do-politecnico-de-viana-do-castelo-abre-funeraria-para-animais\\\/#breadcrumb\",\"itemListElement\":[{\"@type\":\"ListItem\",\"position\":1,\"name\":\"In\u00edcio\",\"item\":\"https:\\\/\\\/www.altominho.tv\\\/site\\\/\"},{\"@type\":\"ListItem\",\"position\":2,\"name\":\"Ex-aluna do Polit\u00e9cnico de Viana do Castelo abre funer\u00e1ria para animais\"}]},{\"@type\":\"WebSite\",\"@id\":\"https:\\\/\\\/www.altominho.tv\\\/site\\\/#website\",\"url\":\"https:\\\/\\\/www.altominho.tv\\\/site\\\/\",\"name\":\"Altominho.tv\",\"description\":\"A sua regi\u00e3o \u00e0 dist\u00e2ncia de um clique...\",\"potentialAction\":[{\"@type\":\"SearchAction\",\"target\":{\"@type\":\"EntryPoint\",\"urlTemplate\":\"https:\\\/\\\/www.altominho.tv\\\/site\\\/?s={search_term_string}\"},\"query-input\":{\"@type\":\"PropertyValueSpecification\",\"valueRequired\":true,\"valueName\":\"search_term_string\"}}],\"inLanguage\":\"pt-PT\"},{\"@type\":\"Person\",\"@id\":\"https:\\\/\\\/www.altominho.tv\\\/site\\\/#\\\/schema\\\/person\\\/4e536851627d7914baf3dac752b6af22\",\"name\":\"Altominho.tv\",\"image\":{\"@type\":\"ImageObject\",\"inLanguage\":\"pt-PT\",\"@id\":\"https:\\\/\\\/www.altominho.tv\\\/site\\\/wp-content\\\/uploads\\\/2019\\\/11\\\/Logo_Avatar_2-150x150.jpg\",\"url\":\"https:\\\/\\\/www.altominho.tv\\\/site\\\/wp-content\\\/uploads\\\/2019\\\/11\\\/Logo_Avatar_2-150x150.jpg\",\"contentUrl\":\"https:\\\/\\\/www.altominho.tv\\\/site\\\/wp-content\\\/uploads\\\/2019\\\/11\\\/Logo_Avatar_2-150x150.jpg\",\"caption\":\"Altominho.tv\"},\"url\":\"https:\\\/\\\/www.altominho.tv\\\/site\\\/author\\\/altominhotv-tecnico\\\/\"}]}<\/script>\n<!-- \/ Yoast SEO Premium plugin. -->","yoast_head_json":{"title":"Ex-aluna do Polit\u00e9cnico de Viana do Castelo abre funer\u00e1ria para animais","description":"Fez voluntariado numa cl\u00ednica veterin\u00e1ria e ingressou no curso de Licenciatura em Enfermagem Veterin\u00e1ria na Escola Superior Agr\u00e1ria do Instituto Polit\u00e9cnico de Viana do Castelo.","robots":{"index":"index","follow":"follow","max-snippet":"max-snippet:-1","max-image-preview":"max-image-preview:large","max-video-preview":"max-video-preview:-1"},"canonical":"https:\/\/www.altominho.tv\/site\/2022\/05\/27\/ex-aluna-do-politecnico-de-viana-do-castelo-abre-funeraria-para-animais\/","og_locale":"pt_PT","og_type":"article","og_title":"Ex-aluna do Polit\u00e9cnico de Viana do Castelo abre funer\u00e1ria para animais","og_description":"Fez voluntariado numa cl\u00ednica veterin\u00e1ria e ingressou no curso de Licenciatura em Enfermagem Veterin\u00e1ria na Escola Superior Agr\u00e1ria do Instituto Polit\u00e9cnico de Viana do Castelo.","og_url":"https:\/\/www.altominho.tv\/site\/2022\/05\/27\/ex-aluna-do-politecnico-de-viana-do-castelo-abre-funeraria-para-animais\/","og_site_name":"Altominho.tv","article_publisher":"https:\/\/www.facebook.com\/altominhotv","article_published_time":"2022-05-27T10:59:22+00:00","article_modified_time":"2022-05-30T09:57:52+00:00","og_image":[{"width":1200,"height":630,"url":"https:\/\/www.altominho.tv\/site\/wp-content\/uploads\/2022\/05\/PetSoul_1.jpeg","type":"image\/jpeg"}],"author":"Altominho.tv","twitter_card":"summary_large_image","twitter_creator":"@altominhoTV","twitter_site":"@altominhoTV","twitter_misc":{"Escrito por":"Altominho.tv","Tempo estimado de leitura":"5 minutos"},"schema":{"@context":"https:\/\/schema.org","@graph":[{"@type":"Article","@id":"https:\/\/www.altominho.tv\/site\/2022\/05\/27\/ex-aluna-do-politecnico-de-viana-do-castelo-abre-funeraria-para-animais\/#article","isPartOf":{"@id":"https:\/\/www.altominho.tv\/site\/2022\/05\/27\/ex-aluna-do-politecnico-de-viana-do-castelo-abre-funeraria-para-animais\/"},"author":{"name":"Altominho.tv","@id":"https:\/\/www.altominho.tv\/site\/#\/schema\/person\/4e536851627d7914baf3dac752b6af22"},"headline":"Ex-aluna do Polit\u00e9cnico de Viana do Castelo abre funer\u00e1ria para animais","datePublished":"2022-05-27T10:59:22+00:00","dateModified":"2022-05-30T09:57:52+00:00","mainEntityOfPage":{"@id":"https:\/\/www.altominho.tv\/site\/2022\/05\/27\/ex-aluna-do-politecnico-de-viana-do-castelo-abre-funeraria-para-animais\/"},"wordCount":802,"image":{"@id":"https:\/\/www.altominho.tv\/site\/2022\/05\/27\/ex-aluna-do-politecnico-de-viana-do-castelo-abre-funeraria-para-animais\/#primaryimage"},"thumbnailUrl":"https:\/\/www.altominho.tv\/site\/wp-content\/uploads\/2022\/05\/PetSoul_1.jpeg","keywords":["Sociedade"],"articleSection":["Alto Minho"],"inLanguage":"pt-PT","copyrightYear":"2022","copyrightHolder":{"@id":"https:\/\/www.altominho.tv\/site\/#organization"}},{"@type":"WebPage","@id":"https:\/\/www.altominho.tv\/site\/2022\/05\/27\/ex-aluna-do-politecnico-de-viana-do-castelo-abre-funeraria-para-animais\/","url":"https:\/\/www.altominho.tv\/site\/2022\/05\/27\/ex-aluna-do-politecnico-de-viana-do-castelo-abre-funeraria-para-animais\/","name":"Ex-aluna do Polit\u00e9cnico de Viana do Castelo abre funer\u00e1ria para animais","isPartOf":{"@id":"https:\/\/www.altominho.tv\/site\/#website"},"primaryImageOfPage":{"@id":"https:\/\/www.altominho.tv\/site\/2022\/05\/27\/ex-aluna-do-politecnico-de-viana-do-castelo-abre-funeraria-para-animais\/#primaryimage"},"image":{"@id":"https:\/\/www.altominho.tv\/site\/2022\/05\/27\/ex-aluna-do-politecnico-de-viana-do-castelo-abre-funeraria-para-animais\/#primaryimage"},"thumbnailUrl":"https:\/\/www.altominho.tv\/site\/wp-content\/uploads\/2022\/05\/PetSoul_1.jpeg","datePublished":"2022-05-27T10:59:22+00:00","dateModified":"2022-05-30T09:57:52+00:00","author":{"@id":"https:\/\/www.altominho.tv\/site\/#\/schema\/person\/4e536851627d7914baf3dac752b6af22"},"description":"Fez voluntariado numa cl\u00ednica veterin\u00e1ria e ingressou no curso de Licenciatura em Enfermagem Veterin\u00e1ria na Escola Superior Agr\u00e1ria do Instituto Polit\u00e9cnico de Viana do Castelo.","breadcrumb":{"@id":"https:\/\/www.altominho.tv\/site\/2022\/05\/27\/ex-aluna-do-politecnico-de-viana-do-castelo-abre-funeraria-para-animais\/#breadcrumb"},"inLanguage":"pt-PT","potentialAction":[{"@type":"ReadAction","target":["https:\/\/www.altominho.tv\/site\/2022\/05\/27\/ex-aluna-do-politecnico-de-viana-do-castelo-abre-funeraria-para-animais\/"]}]},{"@type":"ImageObject","inLanguage":"pt-PT","@id":"https:\/\/www.altominho.tv\/site\/2022\/05\/27\/ex-aluna-do-politecnico-de-viana-do-castelo-abre-funeraria-para-animais\/#primaryimage","url":"https:\/\/www.altominho.tv\/site\/wp-content\/uploads\/2022\/05\/PetSoul_1.jpeg","contentUrl":"https:\/\/www.altominho.tv\/site\/wp-content\/uploads\/2022\/05\/PetSoul_1.jpeg","width":1200,"height":630},{"@type":"BreadcrumbList","@id":"https:\/\/www.altominho.tv\/site\/2022\/05\/27\/ex-aluna-do-politecnico-de-viana-do-castelo-abre-funeraria-para-animais\/#breadcrumb","itemListElement":[{"@type":"ListItem","position":1,"name":"In\u00edcio","item":"https:\/\/www.altominho.tv\/site\/"},{"@type":"ListItem","position":2,"name":"Ex-aluna do Polit\u00e9cnico de Viana do Castelo abre funer\u00e1ria para animais"}]},{"@type":"WebSite","@id":"https:\/\/www.altominho.tv\/site\/#website","url":"https:\/\/www.altominho.tv\/site\/","name":"Altominho.tv","description":"A sua regi\u00e3o \u00e0 dist\u00e2ncia de um clique...","potentialAction":[{"@type":"SearchAction","target":{"@type":"EntryPoint","urlTemplate":"https:\/\/www.altominho.tv\/site\/?s={search_term_string}"},"query-input":{"@type":"PropertyValueSpecification","valueRequired":true,"valueName":"search_term_string"}}],"inLanguage":"pt-PT"},{"@type":"Person","@id":"https:\/\/www.altominho.tv\/site\/#\/schema\/person\/4e536851627d7914baf3dac752b6af22","name":"Altominho.tv","image":{"@type":"ImageObject","inLanguage":"pt-PT","@id":"https:\/\/www.altominho.tv\/site\/wp-content\/uploads\/2019\/11\/Logo_Avatar_2-150x150.jpg","url":"https:\/\/www.altominho.tv\/site\/wp-content\/uploads\/2019\/11\/Logo_Avatar_2-150x150.jpg","contentUrl":"https:\/\/www.altominho.tv\/site\/wp-content\/uploads\/2019\/11\/Logo_Avatar_2-150x150.jpg","caption":"Altominho.tv"},"url":"https:\/\/www.altominho.tv\/site\/author\/altominhotv-tecnico\/"}]}},"_links":{"self":[{"href":"https:\/\/www.altominho.tv\/site\/wp-json\/wp\/v2\/posts\/80197","targetHints":{"allow":["GET"]}}],"collection":[{"href":"https:\/\/www.altominho.tv\/site\/wp-json\/wp\/v2\/posts"}],"about":[{"href":"https:\/\/www.altominho.tv\/site\/wp-json\/wp\/v2\/types\/post"}],"author":[{"embeddable":true,"href":"https:\/\/www.altominho.tv\/site\/wp-json\/wp\/v2\/users\/1"}],"replies":[{"embeddable":true,"href":"https:\/\/www.altominho.tv\/site\/wp-json\/wp\/v2\/comments?post=80197"}],"version-history":[{"count":0,"href":"https:\/\/www.altominho.tv\/site\/wp-json\/wp\/v2\/posts\/80197\/revisions"}],"wp:featuredmedia":[{"embeddable":true,"href":"https:\/\/www.altominho.tv\/site\/wp-json\/wp\/v2\/media\/80198"}],"wp:attachment":[{"href":"https:\/\/www.altominho.tv\/site\/wp-json\/wp\/v2\/media?parent=80197"}],"wp:term":[{"taxonomy":"category","embeddable":true,"href":"https:\/\/www.altominho.tv\/site\/wp-json\/wp\/v2\/categories?post=80197"},{"taxonomy":"post_tag","embeddable":true,"href":"https:\/\/www.altominho.tv\/site\/wp-json\/wp\/v2\/tags?post=80197"}],"curies":[{"name":"wp","href":"https:\/\/api.w.org\/{rel}","templated":true}]}}