{"id":80189,"date":"2022-05-26T17:13:27","date_gmt":"2022-05-26T16:13:27","guid":{"rendered":"https:\/\/www.altominho.tv\/site\/?p=80189"},"modified":"2022-05-26T17:13:31","modified_gmt":"2022-05-26T16:13:31","slug":"mau-tempo-causa-perdas-de-30-a-50-em-vinhas-de-ponte-da-barca-e-arcos-de-valdevez","status":"publish","type":"post","link":"https:\/\/www.altominho.tv\/site\/2022\/05\/26\/mau-tempo-causa-perdas-de-30-a-50-em-vinhas-de-ponte-da-barca-e-arcos-de-valdevez\/","title":{"rendered":"Mau tempo causa perdas de 30% a 50% em vinhas de Ponte da Barca e Arcos de Valdevez"},"content":{"rendered":"<p>A queda de granizo e a chuva forte, ocorridas no s\u00e1bado, causaram perdas entre os 30% e os 50% em vinhas dos concelhos de Ponte da Barca e de Arcos de Valdevez.<\/p>\n<p>O balan\u00e7o dos preju\u00edzos causados por este fen\u00f3meno meteorol\u00f3gico (granizo e \u2018tromba\u2019 de \u00e1gua), que se verificou entre as 18h00 e as 18h30 de 14 de maio, foi feito esta quinta-feira \u00e0 ag\u00eancia Lusa pelo presidente do Conselho de Administra\u00e7\u00e3o (CA) da Adega Cooperativa de Ponte da Barca e Arcos de Valdevez (ACPBAV), estimando em cerca de 150 mil euros os \u201ccustos diretos na quebra da produ\u00e7\u00e3o na vinha\u201d.<\/p>\n<p>Rui Folha explicou que a cooperativa foi contactada por v\u00e1rios viticultores inseridos no vale do rio Vade, abrangendo as freguesias de Oleiros, Nogueira, S\u00e3o Martinho de Crasto, Pa\u00e7o Vedro de Magalh\u00e3es, Vade S\u00e3o Tom\u00e9, Cuide de Vila Verde, Vade S\u00e3o Pedro, Ruivos e Grovelas, do concelho de Ponte da Barca.<\/p>\n<p>\u201cRelativamente ao concelho de Arcos de Valdevez, fomos de igual modo contactados por viticultores, inseridos no vale do rio Vez, manifestando alguns estragos ou danos, mas n\u00e3o t\u00e3o significativos. Contudo, alguns viticultores das freguesias de Padreiro, Cendufe e Jolda sinalizaram perdas mais expressivas\u201d, conta o presidente da ACPBAV.<\/p>\n<p>Durante uma visita \u201ca um n\u00famero significativo de viticultores inseridos no vale do rio Vade\u201d, a adega cooperativa minhota constatou \u201cque ocorreram preju\u00edzos significativos a rondar os 30% a 50% de perdas de produ\u00e7\u00e3o, nos cerca de 50 a 60 hectares de vinhas existentes\u201d.<\/p>\n<p>\u201cOs danos verificados nas vinhas foram maioritariamente ao n\u00edvel da vegeta\u00e7\u00e3o jovem, provocando a destrui\u00e7\u00e3o de muitas folhas, p\u00e2mpanos (varas verdes) e muitas infloresc\u00eancias (futuros cachos), o que dever\u00e1 afetar a quantidade e a qualidade da pr\u00f3xima colheita de uvas\u201d, revela Rui Folha.<\/p>\n<p>O presidente do CA da ACPBAV refere ainda que se verificaram \u201cperdas muito significativas noutras culturas (batata, kiwi e hort\u00edcolas), o que, no seu entender, \u201cmerece de igual modo ser salientado, uma vez que contribui diretamente para os rendimentos dos agricultores associados\u201d.<\/p>\n<p>Nesse sentido, o presidente do Conselho de Administra\u00e7\u00e3o da Adega Cooperativa de Ponte da Barca e Arcos de Valdevez apela \u00e0 ajuda dos viticultores atingidos.<\/p>\n<p>\u201cN\u00e3o esquecendo a import\u00e2ncia econ\u00f3mica e social para esta sub-regi\u00e3o do Lima, entendemos ser de justa e elementar justi\u00e7a um acompanhamento por parte das entidades competentes, ao forte impacto causado por este fen\u00f3meno natural no rendimento e no aumento de custos (tratamentos adicionais) dos nossos viticultores, tendo em vista a avalia\u00e7\u00e3o de uma poss\u00edvel compensa\u00e7\u00e3o financeira, al\u00e9m daquela prevista no seguro coletivo de colheitas\u201d, sublinha Rui Folha.<\/p>\n<p>Em comunicado divulgado ap\u00f3s uma visita a algumas das explora\u00e7\u00f5es afetadas, o PSD refere que o deputado Carlos Ca\u00e7\u00e3o assumiu o compromisso de defender \u201ca ativa\u00e7\u00e3o do mecanismo de apoio do Estado para situa\u00e7\u00f5es de calamidade, de forma a compensar os agricultores cujas produ\u00e7\u00f5es foram atingidas pela queda de granizo e pedra\u00e7a da \u00faltima semana\u201d, alertando para preju\u00edzos nos concelhos de Vila Verde e de Amares, no distrito de Braga, e de Ponte da Barca.<\/p>\n<p>A visita \u00e0s explora\u00e7\u00f5es foi tamb\u00e9m acompanhada pelo coordenador do PSD na comiss\u00e3o parlamentar de Agricultura, Paulo Ramalho.<\/p>\n<p>\u201cCarlos Ca\u00e7\u00e3o e Paulo Ramalho comprometeram-se a defender a ativa\u00e7\u00e3o do mecanismo de apoio do Estado para o restabelecimento do potencial produtivo, face danos provocados por intemp\u00e9ries. Para isso, sublinham a necessidade de, urgentemente, serem reportados os preju\u00edzos \u00e0 Dire\u00e7\u00e3o Regional de Agricultura do Norte\u201d, l\u00ea-se no comunicado do PSD.<\/p>\n","protected":false},"excerpt":{"rendered":"<p>A queda de granizo e a chuva forte, ocorridas no s\u00e1bado, causaram perdas entre os 30% e os 50% em vinhas dos concelhos de Ponte da Barca e de Arcos de Valdevez. O balan\u00e7o dos preju\u00edzos causados por este fen\u00f3meno meteorol\u00f3gico (granizo e \u2018tromba\u2019 de \u00e1gua), que se verificou entre as 18h00 e as 18h30 [&hellip;]<\/p>\n","protected":false},"author":13,"featured_media":8024,"comment_status":"closed","ping_status":"closed","sticky":false,"template":"","format":"standard","meta":{"_exactmetrics_skip_tracking":false,"_exactmetrics_sitenote_active":false,"_exactmetrics_sitenote_note":"","_exactmetrics_sitenote_category":0,"footnotes":""},"categories":[73],"tags":[21],"class_list":["post-80189","post","type-post","status-publish","format-standard","has-post-thumbnail","hentry","category-alto-minho","tag-economia"],"yoast_head":"<!-- This site is optimized with the Yoast SEO Premium plugin v27.4 (Yoast SEO v27.4) - https:\/\/yoast.com\/product\/yoast-seo-premium-wordpress\/ -->\n<title>Mau tempo causa perdas de 30% a 50% em vinhas de Ponte da Barca e Arcos de Valdevez<\/title>\n<meta name=\"description\" content=\"A queda de granizo e a chuva forte, ocorridas no s\u00e1bado, causaram perdas em vinhas dos concelhos de Ponte da Barca e de Arcos de Valdevez.\" \/>\n<meta name=\"robots\" content=\"index, follow, max-snippet:-1, max-image-preview:large, max-video-preview:-1\" \/>\n<link rel=\"canonical\" href=\"https:\/\/www.altominho.tv\/site\/2022\/05\/26\/mau-tempo-causa-perdas-de-30-a-50-em-vinhas-de-ponte-da-barca-e-arcos-de-valdevez\/\" \/>\n<meta property=\"og:locale\" content=\"pt_PT\" \/>\n<meta property=\"og:type\" content=\"article\" \/>\n<meta property=\"og:title\" content=\"Mau tempo causa perdas de 30% a 50% em vinhas de Ponte da Barca e Arcos de Valdevez\" \/>\n<meta property=\"og:description\" content=\"A queda de granizo e a chuva forte, ocorridas no s\u00e1bado, causaram perdas em vinhas dos concelhos de Ponte da Barca e de Arcos de Valdevez.\" \/>\n<meta property=\"og:url\" content=\"https:\/\/www.altominho.tv\/site\/2022\/05\/26\/mau-tempo-causa-perdas-de-30-a-50-em-vinhas-de-ponte-da-barca-e-arcos-de-valdevez\/\" \/>\n<meta property=\"og:site_name\" content=\"Altominho.tv\" \/>\n<meta property=\"article:publisher\" content=\"https:\/\/www.facebook.com\/altominhotv\" \/>\n<meta property=\"article:published_time\" content=\"2022-05-26T16:13:27+00:00\" \/>\n<meta property=\"article:modified_time\" content=\"2022-05-26T16:13:31+00:00\" \/>\n<meta property=\"og:image\" content=\"https:\/\/www.altominho.tv\/site\/wp-content\/uploads\/2018\/01\/vinha.jpg\" \/>\n\t<meta property=\"og:image:width\" content=\"800\" \/>\n\t<meta property=\"og:image:height\" content=\"391\" \/>\n\t<meta property=\"og:image:type\" content=\"image\/jpeg\" \/>\n<meta name=\"author\" content=\"Lusa\" \/>\n<meta name=\"twitter:card\" content=\"summary_large_image\" \/>\n<meta name=\"twitter:creator\" content=\"@altominhoTV\" \/>\n<meta name=\"twitter:site\" content=\"@altominhoTV\" \/>\n<meta name=\"twitter:label1\" content=\"Escrito por\" \/>\n\t<meta name=\"twitter:data1\" content=\"Lusa\" \/>\n\t<meta name=\"twitter:label2\" content=\"Tempo estimado de leitura\" \/>\n\t<meta name=\"twitter:data2\" content=\"4 minutos\" \/>\n<script type=\"application\/ld+json\" class=\"yoast-schema-graph\">{\"@context\":\"https:\\\/\\\/schema.org\",\"@graph\":[{\"@type\":\"Article\",\"@id\":\"https:\\\/\\\/www.altominho.tv\\\/site\\\/2022\\\/05\\\/26\\\/mau-tempo-causa-perdas-de-30-a-50-em-vinhas-de-ponte-da-barca-e-arcos-de-valdevez\\\/#article\",\"isPartOf\":{\"@id\":\"https:\\\/\\\/www.altominho.tv\\\/site\\\/2022\\\/05\\\/26\\\/mau-tempo-causa-perdas-de-30-a-50-em-vinhas-de-ponte-da-barca-e-arcos-de-valdevez\\\/\"},\"author\":{\"name\":\"Lusa\",\"@id\":\"https:\\\/\\\/www.altominho.tv\\\/site\\\/#\\\/schema\\\/person\\\/63f693da3e1899361cbe955c46f3232e\"},\"headline\":\"Mau tempo causa perdas de 30% a 50% em vinhas de Ponte da Barca e Arcos de Valdevez\",\"datePublished\":\"2022-05-26T16:13:27+00:00\",\"dateModified\":\"2022-05-26T16:13:31+00:00\",\"mainEntityOfPage\":{\"@id\":\"https:\\\/\\\/www.altominho.tv\\\/site\\\/2022\\\/05\\\/26\\\/mau-tempo-causa-perdas-de-30-a-50-em-vinhas-de-ponte-da-barca-e-arcos-de-valdevez\\\/\"},\"wordCount\":622,\"image\":{\"@id\":\"https:\\\/\\\/www.altominho.tv\\\/site\\\/2022\\\/05\\\/26\\\/mau-tempo-causa-perdas-de-30-a-50-em-vinhas-de-ponte-da-barca-e-arcos-de-valdevez\\\/#primaryimage\"},\"thumbnailUrl\":\"https:\\\/\\\/www.altominho.tv\\\/site\\\/wp-content\\\/uploads\\\/2018\\\/01\\\/vinha.jpg\",\"keywords\":[\"Economia\"],\"articleSection\":[\"Alto Minho\"],\"inLanguage\":\"pt-PT\",\"copyrightYear\":\"2022\",\"copyrightHolder\":{\"@id\":\"https:\\\/\\\/www.altominho.tv\\\/site\\\/#organization\"}},{\"@type\":\"WebPage\",\"@id\":\"https:\\\/\\\/www.altominho.tv\\\/site\\\/2022\\\/05\\\/26\\\/mau-tempo-causa-perdas-de-30-a-50-em-vinhas-de-ponte-da-barca-e-arcos-de-valdevez\\\/\",\"url\":\"https:\\\/\\\/www.altominho.tv\\\/site\\\/2022\\\/05\\\/26\\\/mau-tempo-causa-perdas-de-30-a-50-em-vinhas-de-ponte-da-barca-e-arcos-de-valdevez\\\/\",\"name\":\"Mau tempo causa perdas de 30% a 50% em vinhas de Ponte da Barca e Arcos de Valdevez\",\"isPartOf\":{\"@id\":\"https:\\\/\\\/www.altominho.tv\\\/site\\\/#website\"},\"primaryImageOfPage\":{\"@id\":\"https:\\\/\\\/www.altominho.tv\\\/site\\\/2022\\\/05\\\/26\\\/mau-tempo-causa-perdas-de-30-a-50-em-vinhas-de-ponte-da-barca-e-arcos-de-valdevez\\\/#primaryimage\"},\"image\":{\"@id\":\"https:\\\/\\\/www.altominho.tv\\\/site\\\/2022\\\/05\\\/26\\\/mau-tempo-causa-perdas-de-30-a-50-em-vinhas-de-ponte-da-barca-e-arcos-de-valdevez\\\/#primaryimage\"},\"thumbnailUrl\":\"https:\\\/\\\/www.altominho.tv\\\/site\\\/wp-content\\\/uploads\\\/2018\\\/01\\\/vinha.jpg\",\"datePublished\":\"2022-05-26T16:13:27+00:00\",\"dateModified\":\"2022-05-26T16:13:31+00:00\",\"author\":{\"@id\":\"https:\\\/\\\/www.altominho.tv\\\/site\\\/#\\\/schema\\\/person\\\/63f693da3e1899361cbe955c46f3232e\"},\"description\":\"A queda de granizo e a chuva forte, ocorridas no s\u00e1bado, causaram perdas em vinhas dos concelhos de Ponte da Barca e de Arcos de Valdevez.\",\"breadcrumb\":{\"@id\":\"https:\\\/\\\/www.altominho.tv\\\/site\\\/2022\\\/05\\\/26\\\/mau-tempo-causa-perdas-de-30-a-50-em-vinhas-de-ponte-da-barca-e-arcos-de-valdevez\\\/#breadcrumb\"},\"inLanguage\":\"pt-PT\",\"potentialAction\":[{\"@type\":\"ReadAction\",\"target\":[\"https:\\\/\\\/www.altominho.tv\\\/site\\\/2022\\\/05\\\/26\\\/mau-tempo-causa-perdas-de-30-a-50-em-vinhas-de-ponte-da-barca-e-arcos-de-valdevez\\\/\"]}]},{\"@type\":\"ImageObject\",\"inLanguage\":\"pt-PT\",\"@id\":\"https:\\\/\\\/www.altominho.tv\\\/site\\\/2022\\\/05\\\/26\\\/mau-tempo-causa-perdas-de-30-a-50-em-vinhas-de-ponte-da-barca-e-arcos-de-valdevez\\\/#primaryimage\",\"url\":\"https:\\\/\\\/www.altominho.tv\\\/site\\\/wp-content\\\/uploads\\\/2018\\\/01\\\/vinha.jpg\",\"contentUrl\":\"https:\\\/\\\/www.altominho.tv\\\/site\\\/wp-content\\\/uploads\\\/2018\\\/01\\\/vinha.jpg\",\"width\":800,\"height\":391},{\"@type\":\"BreadcrumbList\",\"@id\":\"https:\\\/\\\/www.altominho.tv\\\/site\\\/2022\\\/05\\\/26\\\/mau-tempo-causa-perdas-de-30-a-50-em-vinhas-de-ponte-da-barca-e-arcos-de-valdevez\\\/#breadcrumb\",\"itemListElement\":[{\"@type\":\"ListItem\",\"position\":1,\"name\":\"In\u00edcio\",\"item\":\"https:\\\/\\\/www.altominho.tv\\\/site\\\/\"},{\"@type\":\"ListItem\",\"position\":2,\"name\":\"Mau tempo causa perdas de 30% a 50% em vinhas de Ponte da Barca e Arcos de Valdevez\"}]},{\"@type\":\"WebSite\",\"@id\":\"https:\\\/\\\/www.altominho.tv\\\/site\\\/#website\",\"url\":\"https:\\\/\\\/www.altominho.tv\\\/site\\\/\",\"name\":\"Altominho.tv\",\"description\":\"A sua regi\u00e3o \u00e0 dist\u00e2ncia de um clique...\",\"potentialAction\":[{\"@type\":\"SearchAction\",\"target\":{\"@type\":\"EntryPoint\",\"urlTemplate\":\"https:\\\/\\\/www.altominho.tv\\\/site\\\/?s={search_term_string}\"},\"query-input\":{\"@type\":\"PropertyValueSpecification\",\"valueRequired\":true,\"valueName\":\"search_term_string\"}}],\"inLanguage\":\"pt-PT\"},{\"@type\":\"Person\",\"@id\":\"https:\\\/\\\/www.altominho.tv\\\/site\\\/#\\\/schema\\\/person\\\/63f693da3e1899361cbe955c46f3232e\",\"name\":\"Lusa\",\"image\":{\"@type\":\"ImageObject\",\"inLanguage\":\"pt-PT\",\"@id\":\"https:\\\/\\\/www.altominho.tv\\\/site\\\/wp-content\\\/uploads\\\/2019\\\/08\\\/LUSA_Logo.gif\",\"url\":\"https:\\\/\\\/www.altominho.tv\\\/site\\\/wp-content\\\/uploads\\\/2019\\\/08\\\/LUSA_Logo.gif\",\"contentUrl\":\"https:\\\/\\\/www.altominho.tv\\\/site\\\/wp-content\\\/uploads\\\/2019\\\/08\\\/LUSA_Logo.gif\",\"caption\":\"Lusa\"},\"sameAs\":[\"http:\\\/\\\/\\\/\\\/www.altominho.tv\\\/site\"],\"url\":\"https:\\\/\\\/www.altominho.tv\\\/site\\\/author\\\/lusa\\\/\"}]}<\/script>\n<!-- \/ Yoast SEO Premium plugin. -->","yoast_head_json":{"title":"Mau tempo causa perdas de 30% a 50% em vinhas de Ponte da Barca e Arcos de Valdevez","description":"A queda de granizo e a chuva forte, ocorridas no s\u00e1bado, causaram perdas em vinhas dos concelhos de Ponte da Barca e de Arcos de Valdevez.","robots":{"index":"index","follow":"follow","max-snippet":"max-snippet:-1","max-image-preview":"max-image-preview:large","max-video-preview":"max-video-preview:-1"},"canonical":"https:\/\/www.altominho.tv\/site\/2022\/05\/26\/mau-tempo-causa-perdas-de-30-a-50-em-vinhas-de-ponte-da-barca-e-arcos-de-valdevez\/","og_locale":"pt_PT","og_type":"article","og_title":"Mau tempo causa perdas de 30% a 50% em vinhas de Ponte da Barca e Arcos de Valdevez","og_description":"A queda de granizo e a chuva forte, ocorridas no s\u00e1bado, causaram perdas em vinhas dos concelhos de Ponte da Barca e de Arcos de Valdevez.","og_url":"https:\/\/www.altominho.tv\/site\/2022\/05\/26\/mau-tempo-causa-perdas-de-30-a-50-em-vinhas-de-ponte-da-barca-e-arcos-de-valdevez\/","og_site_name":"Altominho.tv","article_publisher":"https:\/\/www.facebook.com\/altominhotv","article_published_time":"2022-05-26T16:13:27+00:00","article_modified_time":"2022-05-26T16:13:31+00:00","og_image":[{"width":800,"height":391,"url":"https:\/\/www.altominho.tv\/site\/wp-content\/uploads\/2018\/01\/vinha.jpg","type":"image\/jpeg"}],"author":"Lusa","twitter_card":"summary_large_image","twitter_creator":"@altominhoTV","twitter_site":"@altominhoTV","twitter_misc":{"Escrito por":"Lusa","Tempo estimado de leitura":"4 minutos"},"schema":{"@context":"https:\/\/schema.org","@graph":[{"@type":"Article","@id":"https:\/\/www.altominho.tv\/site\/2022\/05\/26\/mau-tempo-causa-perdas-de-30-a-50-em-vinhas-de-ponte-da-barca-e-arcos-de-valdevez\/#article","isPartOf":{"@id":"https:\/\/www.altominho.tv\/site\/2022\/05\/26\/mau-tempo-causa-perdas-de-30-a-50-em-vinhas-de-ponte-da-barca-e-arcos-de-valdevez\/"},"author":{"name":"Lusa","@id":"https:\/\/www.altominho.tv\/site\/#\/schema\/person\/63f693da3e1899361cbe955c46f3232e"},"headline":"Mau tempo causa perdas de 30% a 50% em vinhas de Ponte da Barca e Arcos de Valdevez","datePublished":"2022-05-26T16:13:27+00:00","dateModified":"2022-05-26T16:13:31+00:00","mainEntityOfPage":{"@id":"https:\/\/www.altominho.tv\/site\/2022\/05\/26\/mau-tempo-causa-perdas-de-30-a-50-em-vinhas-de-ponte-da-barca-e-arcos-de-valdevez\/"},"wordCount":622,"image":{"@id":"https:\/\/www.altominho.tv\/site\/2022\/05\/26\/mau-tempo-causa-perdas-de-30-a-50-em-vinhas-de-ponte-da-barca-e-arcos-de-valdevez\/#primaryimage"},"thumbnailUrl":"https:\/\/www.altominho.tv\/site\/wp-content\/uploads\/2018\/01\/vinha.jpg","keywords":["Economia"],"articleSection":["Alto Minho"],"inLanguage":"pt-PT","copyrightYear":"2022","copyrightHolder":{"@id":"https:\/\/www.altominho.tv\/site\/#organization"}},{"@type":"WebPage","@id":"https:\/\/www.altominho.tv\/site\/2022\/05\/26\/mau-tempo-causa-perdas-de-30-a-50-em-vinhas-de-ponte-da-barca-e-arcos-de-valdevez\/","url":"https:\/\/www.altominho.tv\/site\/2022\/05\/26\/mau-tempo-causa-perdas-de-30-a-50-em-vinhas-de-ponte-da-barca-e-arcos-de-valdevez\/","name":"Mau tempo causa perdas de 30% a 50% em vinhas de Ponte da Barca e Arcos de Valdevez","isPartOf":{"@id":"https:\/\/www.altominho.tv\/site\/#website"},"primaryImageOfPage":{"@id":"https:\/\/www.altominho.tv\/site\/2022\/05\/26\/mau-tempo-causa-perdas-de-30-a-50-em-vinhas-de-ponte-da-barca-e-arcos-de-valdevez\/#primaryimage"},"image":{"@id":"https:\/\/www.altominho.tv\/site\/2022\/05\/26\/mau-tempo-causa-perdas-de-30-a-50-em-vinhas-de-ponte-da-barca-e-arcos-de-valdevez\/#primaryimage"},"thumbnailUrl":"https:\/\/www.altominho.tv\/site\/wp-content\/uploads\/2018\/01\/vinha.jpg","datePublished":"2022-05-26T16:13:27+00:00","dateModified":"2022-05-26T16:13:31+00:00","author":{"@id":"https:\/\/www.altominho.tv\/site\/#\/schema\/person\/63f693da3e1899361cbe955c46f3232e"},"description":"A queda de granizo e a chuva forte, ocorridas no s\u00e1bado, causaram perdas em vinhas dos concelhos de Ponte da Barca e de Arcos de Valdevez.","breadcrumb":{"@id":"https:\/\/www.altominho.tv\/site\/2022\/05\/26\/mau-tempo-causa-perdas-de-30-a-50-em-vinhas-de-ponte-da-barca-e-arcos-de-valdevez\/#breadcrumb"},"inLanguage":"pt-PT","potentialAction":[{"@type":"ReadAction","target":["https:\/\/www.altominho.tv\/site\/2022\/05\/26\/mau-tempo-causa-perdas-de-30-a-50-em-vinhas-de-ponte-da-barca-e-arcos-de-valdevez\/"]}]},{"@type":"ImageObject","inLanguage":"pt-PT","@id":"https:\/\/www.altominho.tv\/site\/2022\/05\/26\/mau-tempo-causa-perdas-de-30-a-50-em-vinhas-de-ponte-da-barca-e-arcos-de-valdevez\/#primaryimage","url":"https:\/\/www.altominho.tv\/site\/wp-content\/uploads\/2018\/01\/vinha.jpg","contentUrl":"https:\/\/www.altominho.tv\/site\/wp-content\/uploads\/2018\/01\/vinha.jpg","width":800,"height":391},{"@type":"BreadcrumbList","@id":"https:\/\/www.altominho.tv\/site\/2022\/05\/26\/mau-tempo-causa-perdas-de-30-a-50-em-vinhas-de-ponte-da-barca-e-arcos-de-valdevez\/#breadcrumb","itemListElement":[{"@type":"ListItem","position":1,"name":"In\u00edcio","item":"https:\/\/www.altominho.tv\/site\/"},{"@type":"ListItem","position":2,"name":"Mau tempo causa perdas de 30% a 50% em vinhas de Ponte da Barca e Arcos de Valdevez"}]},{"@type":"WebSite","@id":"https:\/\/www.altominho.tv\/site\/#website","url":"https:\/\/www.altominho.tv\/site\/","name":"Altominho.tv","description":"A sua regi\u00e3o \u00e0 dist\u00e2ncia de um clique...","potentialAction":[{"@type":"SearchAction","target":{"@type":"EntryPoint","urlTemplate":"https:\/\/www.altominho.tv\/site\/?s={search_term_string}"},"query-input":{"@type":"PropertyValueSpecification","valueRequired":true,"valueName":"search_term_string"}}],"inLanguage":"pt-PT"},{"@type":"Person","@id":"https:\/\/www.altominho.tv\/site\/#\/schema\/person\/63f693da3e1899361cbe955c46f3232e","name":"Lusa","image":{"@type":"ImageObject","inLanguage":"pt-PT","@id":"https:\/\/www.altominho.tv\/site\/wp-content\/uploads\/2019\/08\/LUSA_Logo.gif","url":"https:\/\/www.altominho.tv\/site\/wp-content\/uploads\/2019\/08\/LUSA_Logo.gif","contentUrl":"https:\/\/www.altominho.tv\/site\/wp-content\/uploads\/2019\/08\/LUSA_Logo.gif","caption":"Lusa"},"sameAs":["http:\/\/\/\/www.altominho.tv\/site"],"url":"https:\/\/www.altominho.tv\/site\/author\/lusa\/"}]}},"_links":{"self":[{"href":"https:\/\/www.altominho.tv\/site\/wp-json\/wp\/v2\/posts\/80189","targetHints":{"allow":["GET"]}}],"collection":[{"href":"https:\/\/www.altominho.tv\/site\/wp-json\/wp\/v2\/posts"}],"about":[{"href":"https:\/\/www.altominho.tv\/site\/wp-json\/wp\/v2\/types\/post"}],"author":[{"embeddable":true,"href":"https:\/\/www.altominho.tv\/site\/wp-json\/wp\/v2\/users\/13"}],"replies":[{"embeddable":true,"href":"https:\/\/www.altominho.tv\/site\/wp-json\/wp\/v2\/comments?post=80189"}],"version-history":[{"count":0,"href":"https:\/\/www.altominho.tv\/site\/wp-json\/wp\/v2\/posts\/80189\/revisions"}],"wp:featuredmedia":[{"embeddable":true,"href":"https:\/\/www.altominho.tv\/site\/wp-json\/wp\/v2\/media\/8024"}],"wp:attachment":[{"href":"https:\/\/www.altominho.tv\/site\/wp-json\/wp\/v2\/media?parent=80189"}],"wp:term":[{"taxonomy":"category","embeddable":true,"href":"https:\/\/www.altominho.tv\/site\/wp-json\/wp\/v2\/categories?post=80189"},{"taxonomy":"post_tag","embeddable":true,"href":"https:\/\/www.altominho.tv\/site\/wp-json\/wp\/v2\/tags?post=80189"}],"curies":[{"name":"wp","href":"https:\/\/api.w.org\/{rel}","templated":true}]}}