{"id":80164,"date":"2022-05-26T09:43:59","date_gmt":"2022-05-26T08:43:59","guid":{"rendered":"https:\/\/www.altominho.tv\/site\/?p=80164"},"modified":"2022-05-26T09:46:23","modified_gmt":"2022-05-26T08:46:23","slug":"alto-minho-e-galiza-protestam","status":"publish","type":"post","link":"https:\/\/www.altominho.tv\/site\/2022\/05\/26\/alto-minho-e-galiza-protestam\/","title":{"rendered":"Alto Minho e Galiza protestam domingo contra instala\u00e7\u00e3o de linha de alta tens\u00e3o"},"content":{"rendered":"\n<p>Os munic\u00edpios de Mon\u00e7\u00e3o e Melga\u00e7o, no Alto Minho, de As Neves e Arbo, na Galiza, participam no domingo, numa manifesta\u00e7\u00e3o contra a instala\u00e7\u00e3o de uma linha el\u00e9trica de alta tens\u00e3o que atravessa as duas regi\u00f5es.<\/p>\n\n\n\n<p>Em comunicado publicado na p\u00e1gina oficial no Facebook da C\u00e2mara de Mon\u00e7\u00e3o, a autarquia do distrito de Viana do Castelo adianta que a concentra\u00e7\u00e3o, seguida de manifesta\u00e7\u00e3o, foi convocada na sequ\u00eancia da publica\u00e7\u00e3o, em abril, no boletim oficial do Governo espanhol da declara\u00e7\u00e3o de impacto ambiental emitida pela Dire\u00e7\u00e3o-Geral de Qualidade e Avalia\u00e7\u00e3o Ambiental.<\/p>\n\n\n\n<p>Para os munic\u00edpios da regi\u00e3o fronteiri\u00e7a, aquela declara\u00e7\u00e3o vem demonstrar que \u201co Governo de Espanha mant\u00e9m o tra\u00e7ado inicial da linha el\u00e9trica de muito alta tens\u00e3o de 400 quilovolts (Kv), desde Fonte Fria at\u00e9 \u00e0 fronteira portuguesa\u201d.<\/p>\n\n\n\n<p>Promovida pela Associa\u00e7\u00e3o de Afetados Pela Linha de Alta Tens\u00e3o Fonte Fria &#8211; Fronteira portuguesa, a manifesta\u00e7\u00e3o tem prevista a presen\u00e7a dos autarcas dos quatro munic\u00edpios que j\u00e1 se comprometeram a incentivar \u00e0 participa\u00e7\u00e3o das popula\u00e7\u00f5es das duas regi\u00f5es e a contactar os restantes munic\u00edpios do Agrupamento Europeu de Coopera\u00e7\u00e3o Territorial (AECT) Rio Minho, para refor\u00e7ar a \u201cfrente comum\u201d de contesta\u00e7\u00e3o ao projeto.<\/p>\n\n\n\n<p>A concentra\u00e7\u00e3o seguida de manifesta\u00e7\u00e3o, que pretende alertar para o \u201cimpacto negativo brutal\u201d daquele empreendimento nos territ\u00f3rios e nas popula\u00e7\u00f5es, tem in\u00edcio \u00e0s 17h00, em Vali\u00f1as-Poste (Barcela-Sela), em Arbo.<\/p>\n\n\n\n<p>Em causa est\u00e1 a constru\u00e7\u00e3o de uma linha el\u00e9trica de 400 kV desde Fonte Fria, em territ\u00f3rio galego, Espanha, at\u00e9 \u00e0 fronteira portuguesa, com o seu prolongamento \u00e0 rede el\u00e9trica nacional, no \u00e2mbito da Rede Nacional de Transporte operada pela empresa REN.<\/p>\n\n\n\n<p>Em Portugal, a \u00e1rea de implanta\u00e7\u00e3o abrange sete concelhos \u2013 Vila Verde, no distrito de Braga e Ponte de Lima, Ponte da Barca, Arcos de Valdevez, Paredes de Coura, Mon\u00e7\u00e3o e Melga\u00e7o, no distrito de Viana do Castelo \u2013 e um total de 60 freguesias.<\/p>\n\n\n\n<p>Em 2015, o projeto foi \u201crecalendarizado\u201d para ser submetido a novos estudos.<br>De acordo com o Estudo de Impacto Ambiental, o tro\u00e7o nacional deste projeto prev\u00ea a constru\u00e7\u00e3o de duas novas linhas duplas trif\u00e1sicas de 400 kV, atravessando, potencialmente, 121 freguesias.<\/p>\n\n\n\n<p>O projeto esteve em consulta p\u00fablica entre 15 de junho e 24 de julho.<\/p>\n\n\n\n<p>A proximidade desta linha, a\u00e9rea, \u00e0s casas, as consequ\u00eancias dos campos eletromagn\u00e9ticos gerados na sa\u00fade humana ou o impacto visual de torres 75 metros com margens de seguran\u00e7a de 45 metros para cada lado s\u00e3o as principais preocupa\u00e7\u00f5es das popula\u00e7\u00f5es de ambos os lados da fronteira.<\/p>\n\n\n\n<p>Na nota publicada na sua p\u00e1gina no Facebook, a C\u00e2mara de Mon\u00e7\u00e3o adiantou que, na ter\u00e7a-feira, o presidente da c\u00e2mara, o social-democrata Ant\u00f3nio Barbosa e seu colega de Melga\u00e7o, Manoel Baptista (PS), e os autarcas de Arbo, Hor\u00e1cio Gil, e de As Neves, Xose Manuel Rodriguez, reuniram-se para analisar a posi\u00e7\u00e3o do governo espanhol e estabelecer uma frente comum contr\u00e1ria ao projeto el\u00e9trico.<\/p>\n\n\n\n<p>Os autarcas lamentam que \u201co Governo espanhol n\u00e3o tivesse atendido \u00e0s leg\u00edtimas preocupa\u00e7\u00f5es das popula\u00e7\u00f5es e do poder local, manifestadas em diversos locais e variadas formas, os quatro autarcas reafirmaram a sua oposi\u00e7\u00e3o \u00e0 constru\u00e7\u00e3o daquele empreendimento el\u00e9trico\u201d.<\/p>\n\n\n\n<p>Consideram ainda que \u201ca instala\u00e7\u00e3o de uma linha de muito alta tens\u00e3o ter\u00e1 um impacto negativo brutal em ambos os territ\u00f3rios e nas popula\u00e7\u00f5es locais, originando diversos problemas para a sa\u00fade p\u00fablica, comprovada em diferentes publica\u00e7\u00f5es e pesquisas efetuadas por organismos distintos e cred\u00edveis\u201d.<\/p>\n\n\n\n<p>Na sexta-feira, o autarca de Arbo, Hor\u00e1cio Gil, vai reunir-se com a subdelegada do Governo em Pontevedra, Carmen Larriba Garcia, estando ainda sem data marcada a audi\u00eancia solicitada pelos munic\u00edpios ao Minist\u00e9rio espanhol da Transi\u00e7\u00e3o Ecol\u00f3gica.<\/p>\n","protected":false},"excerpt":{"rendered":"<p>Os munic\u00edpios de Mon\u00e7\u00e3o e Melga\u00e7o, no Alto Minho, de As Neves e Arbo, na Galiza, participam no domingo, numa manifesta\u00e7\u00e3o contra a instala\u00e7\u00e3o de uma linha el\u00e9trica de alta tens\u00e3o que atravessa as duas regi\u00f5es. Em comunicado publicado na p\u00e1gina oficial no Facebook da C\u00e2mara de Mon\u00e7\u00e3o, a autarquia do distrito de Viana do [&hellip;]<\/p>\n","protected":false},"author":7,"featured_media":80166,"comment_status":"closed","ping_status":"closed","sticky":false,"template":"","format":"standard","meta":{"_exactmetrics_skip_tracking":false,"_exactmetrics_sitenote_active":false,"_exactmetrics_sitenote_note":"","_exactmetrics_sitenote_category":0,"footnotes":""},"categories":[73],"tags":[27],"class_list":["post-80164","post","type-post","status-publish","format-standard","has-post-thumbnail","hentry","category-alto-minho","tag-sociedade"],"yoast_head":"<!-- This site is optimized with the Yoast SEO Premium plugin v27.4 (Yoast SEO v27.4) - https:\/\/yoast.com\/product\/yoast-seo-premium-wordpress\/ -->\n<title>Alto Minho e Galiza protestam domingo contra instala\u00e7\u00e3o de linha de alta tens\u00e3o<\/title>\n<meta name=\"description\" content=\"Mon\u00e7\u00e3o e Melga\u00e7o, no Alto Minho, de As Neves e Arbo, na Galiza, manifestam-se contra a instala\u00e7\u00e3o de uma linha el\u00e9trica de alta tens\u00e3o.\" \/>\n<meta name=\"robots\" content=\"index, follow, max-snippet:-1, max-image-preview:large, max-video-preview:-1\" \/>\n<link rel=\"canonical\" href=\"https:\/\/www.altominho.tv\/site\/2022\/05\/26\/alto-minho-e-galiza-protestam\/\" \/>\n<meta property=\"og:locale\" content=\"pt_PT\" \/>\n<meta property=\"og:type\" content=\"article\" \/>\n<meta property=\"og:title\" content=\"Alto Minho e Galiza protestam domingo contra instala\u00e7\u00e3o de linha de alta tens\u00e3o\" \/>\n<meta property=\"og:description\" content=\"Mon\u00e7\u00e3o e Melga\u00e7o, no Alto Minho, de As Neves e Arbo, na Galiza, manifestam-se contra a instala\u00e7\u00e3o de uma linha el\u00e9trica de alta tens\u00e3o.\" \/>\n<meta property=\"og:url\" content=\"https:\/\/www.altominho.tv\/site\/2022\/05\/26\/alto-minho-e-galiza-protestam\/\" \/>\n<meta property=\"og:site_name\" content=\"Altominho.tv\" \/>\n<meta property=\"article:publisher\" content=\"https:\/\/www.facebook.com\/altominhotv\" \/>\n<meta property=\"article:published_time\" content=\"2022-05-26T08:43:59+00:00\" \/>\n<meta property=\"article:modified_time\" content=\"2022-05-26T08:46:23+00:00\" \/>\n<meta property=\"og:image\" content=\"https:\/\/www.altominho.tv\/site\/wp-content\/uploads\/2022\/05\/linha-alta-tensao.jpg\" \/>\n\t<meta property=\"og:image:width\" content=\"1200\" \/>\n\t<meta property=\"og:image:height\" content=\"630\" \/>\n\t<meta property=\"og:image:type\" content=\"image\/jpeg\" \/>\n<meta name=\"author\" content=\"Andreia Cunha\" \/>\n<meta name=\"twitter:card\" content=\"summary_large_image\" \/>\n<meta name=\"twitter:creator\" content=\"@altominhoTV\" \/>\n<meta name=\"twitter:site\" content=\"@altominhoTV\" \/>\n<meta name=\"twitter:label1\" content=\"Escrito por\" \/>\n\t<meta name=\"twitter:data1\" content=\"Andreia Cunha\" \/>\n\t<meta name=\"twitter:label2\" content=\"Tempo estimado de leitura\" \/>\n\t<meta name=\"twitter:data2\" content=\"4 minutos\" \/>\n<script type=\"application\/ld+json\" class=\"yoast-schema-graph\">{\"@context\":\"https:\\\/\\\/schema.org\",\"@graph\":[{\"@type\":\"Article\",\"@id\":\"https:\\\/\\\/www.altominho.tv\\\/site\\\/2022\\\/05\\\/26\\\/alto-minho-e-galiza-protestam\\\/#article\",\"isPartOf\":{\"@id\":\"https:\\\/\\\/www.altominho.tv\\\/site\\\/2022\\\/05\\\/26\\\/alto-minho-e-galiza-protestam\\\/\"},\"author\":{\"name\":\"Andreia Cunha\",\"@id\":\"https:\\\/\\\/www.altominho.tv\\\/site\\\/#\\\/schema\\\/person\\\/a0e4ef6d041f98ca284393d8f1d97153\"},\"headline\":\"Alto Minho e Galiza protestam domingo contra instala\u00e7\u00e3o de linha de alta tens\u00e3o\",\"datePublished\":\"2022-05-26T08:43:59+00:00\",\"dateModified\":\"2022-05-26T08:46:23+00:00\",\"mainEntityOfPage\":{\"@id\":\"https:\\\/\\\/www.altominho.tv\\\/site\\\/2022\\\/05\\\/26\\\/alto-minho-e-galiza-protestam\\\/\"},\"wordCount\":681,\"image\":{\"@id\":\"https:\\\/\\\/www.altominho.tv\\\/site\\\/2022\\\/05\\\/26\\\/alto-minho-e-galiza-protestam\\\/#primaryimage\"},\"thumbnailUrl\":\"https:\\\/\\\/www.altominho.tv\\\/site\\\/wp-content\\\/uploads\\\/2022\\\/05\\\/linha-alta-tensao.jpg\",\"keywords\":[\"Sociedade\"],\"articleSection\":[\"Alto Minho\"],\"inLanguage\":\"pt-PT\",\"copyrightYear\":\"2022\",\"copyrightHolder\":{\"@id\":\"https:\\\/\\\/www.altominho.tv\\\/site\\\/#organization\"}},{\"@type\":\"WebPage\",\"@id\":\"https:\\\/\\\/www.altominho.tv\\\/site\\\/2022\\\/05\\\/26\\\/alto-minho-e-galiza-protestam\\\/\",\"url\":\"https:\\\/\\\/www.altominho.tv\\\/site\\\/2022\\\/05\\\/26\\\/alto-minho-e-galiza-protestam\\\/\",\"name\":\"Alto Minho e Galiza protestam domingo contra instala\u00e7\u00e3o de linha de alta tens\u00e3o\",\"isPartOf\":{\"@id\":\"https:\\\/\\\/www.altominho.tv\\\/site\\\/#website\"},\"primaryImageOfPage\":{\"@id\":\"https:\\\/\\\/www.altominho.tv\\\/site\\\/2022\\\/05\\\/26\\\/alto-minho-e-galiza-protestam\\\/#primaryimage\"},\"image\":{\"@id\":\"https:\\\/\\\/www.altominho.tv\\\/site\\\/2022\\\/05\\\/26\\\/alto-minho-e-galiza-protestam\\\/#primaryimage\"},\"thumbnailUrl\":\"https:\\\/\\\/www.altominho.tv\\\/site\\\/wp-content\\\/uploads\\\/2022\\\/05\\\/linha-alta-tensao.jpg\",\"datePublished\":\"2022-05-26T08:43:59+00:00\",\"dateModified\":\"2022-05-26T08:46:23+00:00\",\"author\":{\"@id\":\"https:\\\/\\\/www.altominho.tv\\\/site\\\/#\\\/schema\\\/person\\\/a0e4ef6d041f98ca284393d8f1d97153\"},\"description\":\"Mon\u00e7\u00e3o e Melga\u00e7o, no Alto Minho, de As Neves e Arbo, na Galiza, manifestam-se contra a instala\u00e7\u00e3o de uma linha el\u00e9trica de alta tens\u00e3o.\",\"breadcrumb\":{\"@id\":\"https:\\\/\\\/www.altominho.tv\\\/site\\\/2022\\\/05\\\/26\\\/alto-minho-e-galiza-protestam\\\/#breadcrumb\"},\"inLanguage\":\"pt-PT\",\"potentialAction\":[{\"@type\":\"ReadAction\",\"target\":[\"https:\\\/\\\/www.altominho.tv\\\/site\\\/2022\\\/05\\\/26\\\/alto-minho-e-galiza-protestam\\\/\"]}]},{\"@type\":\"ImageObject\",\"inLanguage\":\"pt-PT\",\"@id\":\"https:\\\/\\\/www.altominho.tv\\\/site\\\/2022\\\/05\\\/26\\\/alto-minho-e-galiza-protestam\\\/#primaryimage\",\"url\":\"https:\\\/\\\/www.altominho.tv\\\/site\\\/wp-content\\\/uploads\\\/2022\\\/05\\\/linha-alta-tensao.jpg\",\"contentUrl\":\"https:\\\/\\\/www.altominho.tv\\\/site\\\/wp-content\\\/uploads\\\/2022\\\/05\\\/linha-alta-tensao.jpg\",\"width\":1200,\"height\":630},{\"@type\":\"BreadcrumbList\",\"@id\":\"https:\\\/\\\/www.altominho.tv\\\/site\\\/2022\\\/05\\\/26\\\/alto-minho-e-galiza-protestam\\\/#breadcrumb\",\"itemListElement\":[{\"@type\":\"ListItem\",\"position\":1,\"name\":\"In\u00edcio\",\"item\":\"https:\\\/\\\/www.altominho.tv\\\/site\\\/\"},{\"@type\":\"ListItem\",\"position\":2,\"name\":\"Alto Minho e Galiza protestam domingo contra instala\u00e7\u00e3o de linha de alta tens\u00e3o\"}]},{\"@type\":\"WebSite\",\"@id\":\"https:\\\/\\\/www.altominho.tv\\\/site\\\/#website\",\"url\":\"https:\\\/\\\/www.altominho.tv\\\/site\\\/\",\"name\":\"Altominho.tv\",\"description\":\"A sua regi\u00e3o \u00e0 dist\u00e2ncia de um clique...\",\"potentialAction\":[{\"@type\":\"SearchAction\",\"target\":{\"@type\":\"EntryPoint\",\"urlTemplate\":\"https:\\\/\\\/www.altominho.tv\\\/site\\\/?s={search_term_string}\"},\"query-input\":{\"@type\":\"PropertyValueSpecification\",\"valueRequired\":true,\"valueName\":\"search_term_string\"}}],\"inLanguage\":\"pt-PT\"},{\"@type\":\"Person\",\"@id\":\"https:\\\/\\\/www.altominho.tv\\\/site\\\/#\\\/schema\\\/person\\\/a0e4ef6d041f98ca284393d8f1d97153\",\"name\":\"Andreia Cunha\",\"image\":{\"@type\":\"ImageObject\",\"inLanguage\":\"pt-PT\",\"@id\":\"https:\\\/\\\/www.altominho.tv\\\/site\\\/wp-content\\\/uploads\\\/2017\\\/11\\\/Andreia_Cunha-1-150x150.jpg\",\"url\":\"https:\\\/\\\/www.altominho.tv\\\/site\\\/wp-content\\\/uploads\\\/2017\\\/11\\\/Andreia_Cunha-1-150x150.jpg\",\"contentUrl\":\"https:\\\/\\\/www.altominho.tv\\\/site\\\/wp-content\\\/uploads\\\/2017\\\/11\\\/Andreia_Cunha-1-150x150.jpg\",\"caption\":\"Andreia Cunha\"},\"url\":\"https:\\\/\\\/www.altominho.tv\\\/site\\\/author\\\/andreiacunha\\\/\"}]}<\/script>\n<!-- \/ Yoast SEO Premium plugin. -->","yoast_head_json":{"title":"Alto Minho e Galiza protestam domingo contra instala\u00e7\u00e3o de linha de alta tens\u00e3o","description":"Mon\u00e7\u00e3o e Melga\u00e7o, no Alto Minho, de As Neves e Arbo, na Galiza, manifestam-se contra a instala\u00e7\u00e3o de uma linha el\u00e9trica de alta tens\u00e3o.","robots":{"index":"index","follow":"follow","max-snippet":"max-snippet:-1","max-image-preview":"max-image-preview:large","max-video-preview":"max-video-preview:-1"},"canonical":"https:\/\/www.altominho.tv\/site\/2022\/05\/26\/alto-minho-e-galiza-protestam\/","og_locale":"pt_PT","og_type":"article","og_title":"Alto Minho e Galiza protestam domingo contra instala\u00e7\u00e3o de linha de alta tens\u00e3o","og_description":"Mon\u00e7\u00e3o e Melga\u00e7o, no Alto Minho, de As Neves e Arbo, na Galiza, manifestam-se contra a instala\u00e7\u00e3o de uma linha el\u00e9trica de alta tens\u00e3o.","og_url":"https:\/\/www.altominho.tv\/site\/2022\/05\/26\/alto-minho-e-galiza-protestam\/","og_site_name":"Altominho.tv","article_publisher":"https:\/\/www.facebook.com\/altominhotv","article_published_time":"2022-05-26T08:43:59+00:00","article_modified_time":"2022-05-26T08:46:23+00:00","og_image":[{"width":1200,"height":630,"url":"https:\/\/www.altominho.tv\/site\/wp-content\/uploads\/2022\/05\/linha-alta-tensao.jpg","type":"image\/jpeg"}],"author":"Andreia Cunha","twitter_card":"summary_large_image","twitter_creator":"@altominhoTV","twitter_site":"@altominhoTV","twitter_misc":{"Escrito por":"Andreia Cunha","Tempo estimado de leitura":"4 minutos"},"schema":{"@context":"https:\/\/schema.org","@graph":[{"@type":"Article","@id":"https:\/\/www.altominho.tv\/site\/2022\/05\/26\/alto-minho-e-galiza-protestam\/#article","isPartOf":{"@id":"https:\/\/www.altominho.tv\/site\/2022\/05\/26\/alto-minho-e-galiza-protestam\/"},"author":{"name":"Andreia Cunha","@id":"https:\/\/www.altominho.tv\/site\/#\/schema\/person\/a0e4ef6d041f98ca284393d8f1d97153"},"headline":"Alto Minho e Galiza protestam domingo contra instala\u00e7\u00e3o de linha de alta tens\u00e3o","datePublished":"2022-05-26T08:43:59+00:00","dateModified":"2022-05-26T08:46:23+00:00","mainEntityOfPage":{"@id":"https:\/\/www.altominho.tv\/site\/2022\/05\/26\/alto-minho-e-galiza-protestam\/"},"wordCount":681,"image":{"@id":"https:\/\/www.altominho.tv\/site\/2022\/05\/26\/alto-minho-e-galiza-protestam\/#primaryimage"},"thumbnailUrl":"https:\/\/www.altominho.tv\/site\/wp-content\/uploads\/2022\/05\/linha-alta-tensao.jpg","keywords":["Sociedade"],"articleSection":["Alto Minho"],"inLanguage":"pt-PT","copyrightYear":"2022","copyrightHolder":{"@id":"https:\/\/www.altominho.tv\/site\/#organization"}},{"@type":"WebPage","@id":"https:\/\/www.altominho.tv\/site\/2022\/05\/26\/alto-minho-e-galiza-protestam\/","url":"https:\/\/www.altominho.tv\/site\/2022\/05\/26\/alto-minho-e-galiza-protestam\/","name":"Alto Minho e Galiza protestam domingo contra instala\u00e7\u00e3o de linha de alta tens\u00e3o","isPartOf":{"@id":"https:\/\/www.altominho.tv\/site\/#website"},"primaryImageOfPage":{"@id":"https:\/\/www.altominho.tv\/site\/2022\/05\/26\/alto-minho-e-galiza-protestam\/#primaryimage"},"image":{"@id":"https:\/\/www.altominho.tv\/site\/2022\/05\/26\/alto-minho-e-galiza-protestam\/#primaryimage"},"thumbnailUrl":"https:\/\/www.altominho.tv\/site\/wp-content\/uploads\/2022\/05\/linha-alta-tensao.jpg","datePublished":"2022-05-26T08:43:59+00:00","dateModified":"2022-05-26T08:46:23+00:00","author":{"@id":"https:\/\/www.altominho.tv\/site\/#\/schema\/person\/a0e4ef6d041f98ca284393d8f1d97153"},"description":"Mon\u00e7\u00e3o e Melga\u00e7o, no Alto Minho, de As Neves e Arbo, na Galiza, manifestam-se contra a instala\u00e7\u00e3o de uma linha el\u00e9trica de alta tens\u00e3o.","breadcrumb":{"@id":"https:\/\/www.altominho.tv\/site\/2022\/05\/26\/alto-minho-e-galiza-protestam\/#breadcrumb"},"inLanguage":"pt-PT","potentialAction":[{"@type":"ReadAction","target":["https:\/\/www.altominho.tv\/site\/2022\/05\/26\/alto-minho-e-galiza-protestam\/"]}]},{"@type":"ImageObject","inLanguage":"pt-PT","@id":"https:\/\/www.altominho.tv\/site\/2022\/05\/26\/alto-minho-e-galiza-protestam\/#primaryimage","url":"https:\/\/www.altominho.tv\/site\/wp-content\/uploads\/2022\/05\/linha-alta-tensao.jpg","contentUrl":"https:\/\/www.altominho.tv\/site\/wp-content\/uploads\/2022\/05\/linha-alta-tensao.jpg","width":1200,"height":630},{"@type":"BreadcrumbList","@id":"https:\/\/www.altominho.tv\/site\/2022\/05\/26\/alto-minho-e-galiza-protestam\/#breadcrumb","itemListElement":[{"@type":"ListItem","position":1,"name":"In\u00edcio","item":"https:\/\/www.altominho.tv\/site\/"},{"@type":"ListItem","position":2,"name":"Alto Minho e Galiza protestam domingo contra instala\u00e7\u00e3o de linha de alta tens\u00e3o"}]},{"@type":"WebSite","@id":"https:\/\/www.altominho.tv\/site\/#website","url":"https:\/\/www.altominho.tv\/site\/","name":"Altominho.tv","description":"A sua regi\u00e3o \u00e0 dist\u00e2ncia de um clique...","potentialAction":[{"@type":"SearchAction","target":{"@type":"EntryPoint","urlTemplate":"https:\/\/www.altominho.tv\/site\/?s={search_term_string}"},"query-input":{"@type":"PropertyValueSpecification","valueRequired":true,"valueName":"search_term_string"}}],"inLanguage":"pt-PT"},{"@type":"Person","@id":"https:\/\/www.altominho.tv\/site\/#\/schema\/person\/a0e4ef6d041f98ca284393d8f1d97153","name":"Andreia Cunha","image":{"@type":"ImageObject","inLanguage":"pt-PT","@id":"https:\/\/www.altominho.tv\/site\/wp-content\/uploads\/2017\/11\/Andreia_Cunha-1-150x150.jpg","url":"https:\/\/www.altominho.tv\/site\/wp-content\/uploads\/2017\/11\/Andreia_Cunha-1-150x150.jpg","contentUrl":"https:\/\/www.altominho.tv\/site\/wp-content\/uploads\/2017\/11\/Andreia_Cunha-1-150x150.jpg","caption":"Andreia Cunha"},"url":"https:\/\/www.altominho.tv\/site\/author\/andreiacunha\/"}]}},"_links":{"self":[{"href":"https:\/\/www.altominho.tv\/site\/wp-json\/wp\/v2\/posts\/80164","targetHints":{"allow":["GET"]}}],"collection":[{"href":"https:\/\/www.altominho.tv\/site\/wp-json\/wp\/v2\/posts"}],"about":[{"href":"https:\/\/www.altominho.tv\/site\/wp-json\/wp\/v2\/types\/post"}],"author":[{"embeddable":true,"href":"https:\/\/www.altominho.tv\/site\/wp-json\/wp\/v2\/users\/7"}],"replies":[{"embeddable":true,"href":"https:\/\/www.altominho.tv\/site\/wp-json\/wp\/v2\/comments?post=80164"}],"version-history":[{"count":0,"href":"https:\/\/www.altominho.tv\/site\/wp-json\/wp\/v2\/posts\/80164\/revisions"}],"wp:featuredmedia":[{"embeddable":true,"href":"https:\/\/www.altominho.tv\/site\/wp-json\/wp\/v2\/media\/80166"}],"wp:attachment":[{"href":"https:\/\/www.altominho.tv\/site\/wp-json\/wp\/v2\/media?parent=80164"}],"wp:term":[{"taxonomy":"category","embeddable":true,"href":"https:\/\/www.altominho.tv\/site\/wp-json\/wp\/v2\/categories?post=80164"},{"taxonomy":"post_tag","embeddable":true,"href":"https:\/\/www.altominho.tv\/site\/wp-json\/wp\/v2\/tags?post=80164"}],"curies":[{"name":"wp","href":"https:\/\/api.w.org\/{rel}","templated":true}]}}