{"id":80127,"date":"2022-05-24T17:30:42","date_gmt":"2022-05-24T16:30:42","guid":{"rendered":"https:\/\/www.altominho.tv\/site\/?p=80127"},"modified":"2022-05-24T17:33:44","modified_gmt":"2022-05-24T16:33:44","slug":"hotel-de-cinco-estrelas-abre-este-ano-em-moncao-e-cria-20-empregos","status":"publish","type":"post","link":"https:\/\/www.altominho.tv\/site\/2022\/05\/24\/hotel-de-cinco-estrelas-abre-este-ano-em-moncao-e-cria-20-empregos\/","title":{"rendered":"Hotel de cinco estrelas abre este ano em Mon\u00e7\u00e3o e cria 20 empregos"},"content":{"rendered":"<p>O primeiro hotel de cinco estrelas do distrito de Viana do Castelo, or\u00e7ado em mais de cinco milh\u00f5es de euros, abre este ano em Badim, no concelho de Mon\u00e7\u00e3o, criando 20 postos de trabalho.<\/p>\n<p>\u201cO primeiro hotel 5 estrelas do Alto Minho vai abrir na freguesia de Badim, com 67 quartos, salas de festas com capacidade para 180 pessoas e todas as condi\u00e7\u00f5es de uma unidade hoteleira com esta classifica\u00e7\u00e3o. O investimento ultrapassa os cinco milh\u00f5es de euros e vai criar, numa primeira fase, 20 postos de trabalho\u201d, afirmou esta ter\u00e7a-feira o presidente da C\u00e2mara de Mon\u00e7\u00e3o, Ant\u00f3nio Barbosa.<\/p>\n<p>O autarca, que falava aos jornalistas no final da apresenta\u00e7\u00e3o, em Valen\u00e7a, da segunda fase dos concursos para atribui\u00e7\u00e3o dos direitos de explora\u00e7\u00e3o sobre im\u00f3veis do dom\u00ednio p\u00fablico ferrovi\u00e1rio, disse que a \u201cvontade\u201d do promotor \u00e9 abrir o<em>The Vinea Collection Hotel<\/em>\u00a0no dia 30 de junho.<\/p>\n<p>\u201cN\u00e3o acredito que seja poss\u00edvel, mas que abre este ano \u00e9 uma realidade que j\u00e1 me deixa muito feliz\u201d, afirmou, adiantando que o grupo Piamonte Hotels \u201cj\u00e1 tem alguns investimentos em Arcos de Valdevez, como o hotel Ribeira\u201d.<\/p>\n<p>Ant\u00f3nio Barbosa acrescentou que o processo de licenciamento de outro projeto tur\u00edstico \u201cj\u00e1 entrou no munic\u00edpio\u201d, reflexo do \u201cinteresse\u201d que a regi\u00e3o tem vindo a despertar junto de \u201cinvestidores de fora\u201d do distrito de Viana do Castelo.<\/p>\n<p>Sobre o novo projeto escusou-se a adiantar pormenores, referindo tratar-se de uma unidade \u201ccompletamente diferenciadora e uma grande alavanca n\u00e3o s\u00f3 para Mon\u00e7\u00e3o, mas para todo o Alto Minho\u201d.<\/p>\n<p>\u201cEste territ\u00f3rio tem feito um caminho extraordin\u00e1rio, como mostram os n\u00fameros do turismo que dizem que continuamos a crescer de uma forma brutal e precisamos de mais camas. Esse \u00e9 um desafio aos privados, porque hoje os turistas procuram os nossos territ\u00f3rios porque temos tudo para oferecer\u201d, sublinhou.<\/p>\n<p>Como exemplo das condi\u00e7\u00f5es que a regi\u00e3o tem para oferecer, Ant\u00f3nio Barbosa apontou a natureza, a gastronomia e \u201co vinho da sub-regi\u00e3o Mon\u00e7\u00e3o Melga\u00e7o que cresce acima dos dois d\u00edgitos, h\u00e1 j\u00e1 v\u00e1rios anos consecutivos, com o turismo a acompanhar essa tend\u00eancia\u201d.<\/p>\n<p>\u201cO Alto Minho tem condi\u00e7\u00f5es magn\u00edficas para oferecer ao turismo mantendo o que os nossos antepassados nos deixaram. Estes investimentos s\u00e3o importantes para a valoriza\u00e7\u00e3o do nosso territ\u00f3rio, mas acima de tudo mostra que s\u00e3o investidores de fora a dizer que este territ\u00f3rio tem condi\u00e7\u00f5es para conseguir garantir e atrair outro tipo de turistas \u00e0 regi\u00e3o\u201d, frisou.<\/p>\n<p>\u201c\u00c9 uma evid\u00eancia do que est\u00e1 a acontecer no territ\u00f3rio como um todo. Neste caso particular fomos n\u00f3s a ser bafejados com a sorte. Tenho a certeza que outros investimentos surgir\u00e3o no seguimento deste\u201d, insistiu.<\/p>\n","protected":false},"excerpt":{"rendered":"<p>O primeiro hotel de cinco estrelas do distrito de Viana do Castelo, or\u00e7ado em mais de cinco milh\u00f5es de euros, abre este ano em Badim, no concelho de Mon\u00e7\u00e3o, criando 20 postos de trabalho. \u201cO primeiro hotel 5 estrelas do Alto Minho vai abrir na freguesia de Badim, com 67 quartos, salas de festas com [&hellip;]<\/p>\n","protected":false},"author":15,"featured_media":80128,"comment_status":"closed","ping_status":"closed","sticky":false,"template":"","format":"standard","meta":{"_exactmetrics_skip_tracking":false,"footnotes":""},"categories":[9],"tags":[21,24],"class_list":["post-80127","post","type-post","status-publish","format-standard","has-post-thumbnail","hentry","category-moncao","tag-economia","tag-lazer"],"yoast_head":"<!-- This site is optimized with the Yoast SEO Premium plugin v28.3 (Yoast SEO v28.3) - https:\/\/yoast.com\/product\/yoast-seo-premium-wordpress\/ -->\n<title>Hotel de cinco estrelas abre este ano em Mon\u00e7\u00e3o e cria 20 empregos<\/title>\n<meta name=\"description\" content=\"O primeiro hotel 5 estrelas do distrito de Viana do Castelo, or\u00e7ado em mais de cinco milh\u00f5es de euros, abre este ano em Badim, Mon\u00e7\u00e3o, criando 20 postos de trabalho.\" \/>\n<meta name=\"robots\" content=\"index, follow, max-snippet:-1, max-image-preview:large, max-video-preview:-1\" \/>\n<link rel=\"canonical\" href=\"https:\/\/www.altominho.tv\/site\/2022\/05\/24\/hotel-de-cinco-estrelas-abre-este-ano-em-moncao-e-cria-20-empregos\/\" \/>\n<meta property=\"og:locale\" content=\"pt_PT\" \/>\n<meta property=\"og:type\" content=\"article\" \/>\n<meta property=\"og:title\" content=\"Hotel de cinco estrelas abre este ano em Mon\u00e7\u00e3o e cria 20 empregos\" \/>\n<meta property=\"og:description\" content=\"O primeiro hotel 5 estrelas do distrito de Viana do Castelo, or\u00e7ado em mais de cinco milh\u00f5es de euros, abre este ano em Badim, Mon\u00e7\u00e3o, criando 20 postos de trabalho.\" \/>\n<meta property=\"og:url\" content=\"https:\/\/www.altominho.tv\/site\/2022\/05\/24\/hotel-de-cinco-estrelas-abre-este-ano-em-moncao-e-cria-20-empregos\/\" \/>\n<meta property=\"og:site_name\" content=\"Altominho.tv\" \/>\n<meta property=\"article:publisher\" content=\"https:\/\/www.facebook.com\/altominhotv\" \/>\n<meta property=\"article:published_time\" content=\"2022-05-24T16:30:42+00:00\" \/>\n<meta property=\"article:modified_time\" content=\"2022-05-24T16:33:44+00:00\" \/>\n<meta property=\"og:image\" content=\"https:\/\/www.altominho.tv\/site\/wp-content\/uploads\/2022\/05\/Hotel-Moncao.jpg\" \/>\n\t<meta property=\"og:image:width\" content=\"1440\" \/>\n\t<meta property=\"og:image:height\" content=\"891\" \/>\n\t<meta property=\"og:image:type\" content=\"image\/jpeg\" \/>\n<meta name=\"author\" content=\"Andreia Ferreira | Lusa\" \/>\n<meta name=\"twitter:card\" content=\"summary_large_image\" \/>\n<meta name=\"twitter:creator\" content=\"@altominhoTV\" \/>\n<meta name=\"twitter:site\" content=\"@altominhoTV\" \/>\n<meta name=\"twitter:label1\" content=\"Escrito por\" \/>\n\t<meta name=\"twitter:data1\" content=\"Andreia Ferreira | Lusa\" \/>\n\t<meta name=\"twitter:label2\" content=\"Tempo estimado de leitura\" \/>\n\t<meta name=\"twitter:data2\" content=\"3 minutos\" \/>\n<script type=\"application\/ld+json\" class=\"yoast-schema-graph\">{\"@context\":\"https:\\\/\\\/schema.org\",\"@graph\":[{\"@type\":\"Article\",\"@id\":\"https:\\\/\\\/www.altominho.tv\\\/site\\\/2022\\\/05\\\/24\\\/hotel-de-cinco-estrelas-abre-este-ano-em-moncao-e-cria-20-empregos\\\/#article\",\"isPartOf\":{\"@id\":\"https:\\\/\\\/www.altominho.tv\\\/site\\\/2022\\\/05\\\/24\\\/hotel-de-cinco-estrelas-abre-este-ano-em-moncao-e-cria-20-empregos\\\/\"},\"author\":{\"name\":\"Andreia Ferreira | Lusa\",\"@id\":\"https:\\\/\\\/www.altominho.tv\\\/site\\\/#\\\/schema\\\/person\\\/a0bff6dc1041aadd46fa81887444b017\"},\"headline\":\"Hotel de cinco estrelas abre este ano em Mon\u00e7\u00e3o e cria 20 empregos\",\"datePublished\":\"2022-05-24T16:30:42+00:00\",\"dateModified\":\"2022-05-24T16:33:44+00:00\",\"mainEntityOfPage\":{\"@id\":\"https:\\\/\\\/www.altominho.tv\\\/site\\\/2022\\\/05\\\/24\\\/hotel-de-cinco-estrelas-abre-este-ano-em-moncao-e-cria-20-empregos\\\/\"},\"wordCount\":485,\"image\":{\"@id\":\"https:\\\/\\\/www.altominho.tv\\\/site\\\/2022\\\/05\\\/24\\\/hotel-de-cinco-estrelas-abre-este-ano-em-moncao-e-cria-20-empregos\\\/#primaryimage\"},\"thumbnailUrl\":\"https:\\\/\\\/www.altominho.tv\\\/site\\\/wp-content\\\/uploads\\\/2022\\\/05\\\/Hotel-Moncao.jpg\",\"keywords\":[\"Economia\",\"Lazer\"],\"articleSection\":[\"Mon\u00e7\u00e3o\"],\"inLanguage\":\"pt-PT\",\"copyrightYear\":\"2022\",\"copyrightHolder\":{\"@id\":\"https:\\\/\\\/www.altominho.tv\\\/site\\\/#organization\"}},{\"@type\":\"WebPage\",\"@id\":\"https:\\\/\\\/www.altominho.tv\\\/site\\\/2022\\\/05\\\/24\\\/hotel-de-cinco-estrelas-abre-este-ano-em-moncao-e-cria-20-empregos\\\/\",\"url\":\"https:\\\/\\\/www.altominho.tv\\\/site\\\/2022\\\/05\\\/24\\\/hotel-de-cinco-estrelas-abre-este-ano-em-moncao-e-cria-20-empregos\\\/\",\"name\":\"Hotel de cinco estrelas abre este ano em Mon\u00e7\u00e3o e cria 20 empregos\",\"isPartOf\":{\"@id\":\"https:\\\/\\\/www.altominho.tv\\\/site\\\/#website\"},\"primaryImageOfPage\":{\"@id\":\"https:\\\/\\\/www.altominho.tv\\\/site\\\/2022\\\/05\\\/24\\\/hotel-de-cinco-estrelas-abre-este-ano-em-moncao-e-cria-20-empregos\\\/#primaryimage\"},\"image\":{\"@id\":\"https:\\\/\\\/www.altominho.tv\\\/site\\\/2022\\\/05\\\/24\\\/hotel-de-cinco-estrelas-abre-este-ano-em-moncao-e-cria-20-empregos\\\/#primaryimage\"},\"thumbnailUrl\":\"https:\\\/\\\/www.altominho.tv\\\/site\\\/wp-content\\\/uploads\\\/2022\\\/05\\\/Hotel-Moncao.jpg\",\"datePublished\":\"2022-05-24T16:30:42+00:00\",\"dateModified\":\"2022-05-24T16:33:44+00:00\",\"author\":{\"@id\":\"https:\\\/\\\/www.altominho.tv\\\/site\\\/#\\\/schema\\\/person\\\/a0bff6dc1041aadd46fa81887444b017\"},\"description\":\"O primeiro hotel 5 estrelas do distrito de Viana do Castelo, or\u00e7ado em mais de cinco milh\u00f5es de euros, abre este ano em Badim, Mon\u00e7\u00e3o, criando 20 postos de trabalho.\",\"breadcrumb\":{\"@id\":\"https:\\\/\\\/www.altominho.tv\\\/site\\\/2022\\\/05\\\/24\\\/hotel-de-cinco-estrelas-abre-este-ano-em-moncao-e-cria-20-empregos\\\/#breadcrumb\"},\"inLanguage\":\"pt-PT\",\"potentialAction\":[{\"@type\":\"ReadAction\",\"target\":[\"https:\\\/\\\/www.altominho.tv\\\/site\\\/2022\\\/05\\\/24\\\/hotel-de-cinco-estrelas-abre-este-ano-em-moncao-e-cria-20-empregos\\\/\"]}]},{\"@type\":\"ImageObject\",\"inLanguage\":\"pt-PT\",\"@id\":\"https:\\\/\\\/www.altominho.tv\\\/site\\\/2022\\\/05\\\/24\\\/hotel-de-cinco-estrelas-abre-este-ano-em-moncao-e-cria-20-empregos\\\/#primaryimage\",\"url\":\"https:\\\/\\\/www.altominho.tv\\\/site\\\/wp-content\\\/uploads\\\/2022\\\/05\\\/Hotel-Moncao.jpg\",\"contentUrl\":\"https:\\\/\\\/www.altominho.tv\\\/site\\\/wp-content\\\/uploads\\\/2022\\\/05\\\/Hotel-Moncao.jpg\",\"width\":1440,\"height\":891,\"caption\":\"THE VINEA COLLECTION HOTEL\"},{\"@type\":\"BreadcrumbList\",\"@id\":\"https:\\\/\\\/www.altominho.tv\\\/site\\\/2022\\\/05\\\/24\\\/hotel-de-cinco-estrelas-abre-este-ano-em-moncao-e-cria-20-empregos\\\/#breadcrumb\",\"itemListElement\":[{\"@type\":\"ListItem\",\"position\":1,\"name\":\"In\u00edcio\",\"item\":\"https:\\\/\\\/www.altominho.tv\\\/site\\\/\"},{\"@type\":\"ListItem\",\"position\":2,\"name\":\"Hotel de cinco estrelas abre este ano em Mon\u00e7\u00e3o e cria 20 empregos\"}]},{\"@type\":\"WebSite\",\"@id\":\"https:\\\/\\\/www.altominho.tv\\\/site\\\/#website\",\"url\":\"https:\\\/\\\/www.altominho.tv\\\/site\\\/\",\"name\":\"Altominho.tv\",\"description\":\"A sua regi\u00e3o \u00e0 dist\u00e2ncia de um clique...\",\"potentialAction\":[{\"@type\":\"SearchAction\",\"target\":{\"@type\":\"EntryPoint\",\"urlTemplate\":\"https:\\\/\\\/www.altominho.tv\\\/site\\\/?s={search_term_string}\"},\"query-input\":{\"@type\":\"PropertyValueSpecification\",\"valueRequired\":true,\"valueName\":\"search_term_string\"}}],\"inLanguage\":\"pt-PT\"},{\"@type\":\"Person\",\"@id\":\"https:\\\/\\\/www.altominho.tv\\\/site\\\/#\\\/schema\\\/person\\\/a0bff6dc1041aadd46fa81887444b017\",\"name\":\"Andreia Ferreira | Lusa\",\"image\":{\"@type\":\"ImageObject\",\"inLanguage\":\"pt-PT\",\"@id\":\"https:\\\/\\\/www.altominho.tv\\\/site\\\/wp-content\\\/uploads\\\/2018\\\/04\\\/Andreia-150x150.jpg\",\"url\":\"https:\\\/\\\/www.altominho.tv\\\/site\\\/wp-content\\\/uploads\\\/2018\\\/04\\\/Andreia-150x150.jpg\",\"contentUrl\":\"https:\\\/\\\/www.altominho.tv\\\/site\\\/wp-content\\\/uploads\\\/2018\\\/04\\\/Andreia-150x150.jpg\",\"caption\":\"Andreia Ferreira | Lusa\"},\"sameAs\":[\"https:\\\/\\\/www.altominho.tv\\\/site\"],\"url\":\"https:\\\/\\\/www.altominho.tv\\\/site\\\/author\\\/andreiaferreiralusa\\\/\"}]}<\/script>\n<!-- \/ Yoast SEO Premium plugin. -->","yoast_head_json":{"title":"Hotel de cinco estrelas abre este ano em Mon\u00e7\u00e3o e cria 20 empregos","description":"O primeiro hotel 5 estrelas do distrito de Viana do Castelo, or\u00e7ado em mais de cinco milh\u00f5es de euros, abre este ano em Badim, Mon\u00e7\u00e3o, criando 20 postos de trabalho.","robots":{"index":"index","follow":"follow","max-snippet":"max-snippet:-1","max-image-preview":"max-image-preview:large","max-video-preview":"max-video-preview:-1"},"canonical":"https:\/\/www.altominho.tv\/site\/2022\/05\/24\/hotel-de-cinco-estrelas-abre-este-ano-em-moncao-e-cria-20-empregos\/","og_locale":"pt_PT","og_type":"article","og_title":"Hotel de cinco estrelas abre este ano em Mon\u00e7\u00e3o e cria 20 empregos","og_description":"O primeiro hotel 5 estrelas do distrito de Viana do Castelo, or\u00e7ado em mais de cinco milh\u00f5es de euros, abre este ano em Badim, Mon\u00e7\u00e3o, criando 20 postos de trabalho.","og_url":"https:\/\/www.altominho.tv\/site\/2022\/05\/24\/hotel-de-cinco-estrelas-abre-este-ano-em-moncao-e-cria-20-empregos\/","og_site_name":"Altominho.tv","article_publisher":"https:\/\/www.facebook.com\/altominhotv","article_published_time":"2022-05-24T16:30:42+00:00","article_modified_time":"2022-05-24T16:33:44+00:00","og_image":[{"width":1440,"height":891,"url":"https:\/\/www.altominho.tv\/site\/wp-content\/uploads\/2022\/05\/Hotel-Moncao.jpg","type":"image\/jpeg"}],"author":"Andreia Ferreira | Lusa","twitter_card":"summary_large_image","twitter_creator":"@altominhoTV","twitter_site":"@altominhoTV","twitter_misc":{"Escrito por":"Andreia Ferreira | Lusa","Tempo estimado de leitura":"3 minutos"},"schema":{"@context":"https:\/\/schema.org","@graph":[{"@type":"Article","@id":"https:\/\/www.altominho.tv\/site\/2022\/05\/24\/hotel-de-cinco-estrelas-abre-este-ano-em-moncao-e-cria-20-empregos\/#article","isPartOf":{"@id":"https:\/\/www.altominho.tv\/site\/2022\/05\/24\/hotel-de-cinco-estrelas-abre-este-ano-em-moncao-e-cria-20-empregos\/"},"author":{"name":"Andreia Ferreira | Lusa","@id":"https:\/\/www.altominho.tv\/site\/#\/schema\/person\/a0bff6dc1041aadd46fa81887444b017"},"headline":"Hotel de cinco estrelas abre este ano em Mon\u00e7\u00e3o e cria 20 empregos","datePublished":"2022-05-24T16:30:42+00:00","dateModified":"2022-05-24T16:33:44+00:00","mainEntityOfPage":{"@id":"https:\/\/www.altominho.tv\/site\/2022\/05\/24\/hotel-de-cinco-estrelas-abre-este-ano-em-moncao-e-cria-20-empregos\/"},"wordCount":485,"image":{"@id":"https:\/\/www.altominho.tv\/site\/2022\/05\/24\/hotel-de-cinco-estrelas-abre-este-ano-em-moncao-e-cria-20-empregos\/#primaryimage"},"thumbnailUrl":"https:\/\/www.altominho.tv\/site\/wp-content\/uploads\/2022\/05\/Hotel-Moncao.jpg","keywords":["Economia","Lazer"],"articleSection":["Mon\u00e7\u00e3o"],"inLanguage":"pt-PT","copyrightYear":"2022","copyrightHolder":{"@id":"https:\/\/www.altominho.tv\/site\/#organization"}},{"@type":"WebPage","@id":"https:\/\/www.altominho.tv\/site\/2022\/05\/24\/hotel-de-cinco-estrelas-abre-este-ano-em-moncao-e-cria-20-empregos\/","url":"https:\/\/www.altominho.tv\/site\/2022\/05\/24\/hotel-de-cinco-estrelas-abre-este-ano-em-moncao-e-cria-20-empregos\/","name":"Hotel de cinco estrelas abre este ano em Mon\u00e7\u00e3o e cria 20 empregos","isPartOf":{"@id":"https:\/\/www.altominho.tv\/site\/#website"},"primaryImageOfPage":{"@id":"https:\/\/www.altominho.tv\/site\/2022\/05\/24\/hotel-de-cinco-estrelas-abre-este-ano-em-moncao-e-cria-20-empregos\/#primaryimage"},"image":{"@id":"https:\/\/www.altominho.tv\/site\/2022\/05\/24\/hotel-de-cinco-estrelas-abre-este-ano-em-moncao-e-cria-20-empregos\/#primaryimage"},"thumbnailUrl":"https:\/\/www.altominho.tv\/site\/wp-content\/uploads\/2022\/05\/Hotel-Moncao.jpg","datePublished":"2022-05-24T16:30:42+00:00","dateModified":"2022-05-24T16:33:44+00:00","author":{"@id":"https:\/\/www.altominho.tv\/site\/#\/schema\/person\/a0bff6dc1041aadd46fa81887444b017"},"description":"O primeiro hotel 5 estrelas do distrito de Viana do Castelo, or\u00e7ado em mais de cinco milh\u00f5es de euros, abre este ano em Badim, Mon\u00e7\u00e3o, criando 20 postos de trabalho.","breadcrumb":{"@id":"https:\/\/www.altominho.tv\/site\/2022\/05\/24\/hotel-de-cinco-estrelas-abre-este-ano-em-moncao-e-cria-20-empregos\/#breadcrumb"},"inLanguage":"pt-PT","potentialAction":[{"@type":"ReadAction","target":["https:\/\/www.altominho.tv\/site\/2022\/05\/24\/hotel-de-cinco-estrelas-abre-este-ano-em-moncao-e-cria-20-empregos\/"]}]},{"@type":"ImageObject","inLanguage":"pt-PT","@id":"https:\/\/www.altominho.tv\/site\/2022\/05\/24\/hotel-de-cinco-estrelas-abre-este-ano-em-moncao-e-cria-20-empregos\/#primaryimage","url":"https:\/\/www.altominho.tv\/site\/wp-content\/uploads\/2022\/05\/Hotel-Moncao.jpg","contentUrl":"https:\/\/www.altominho.tv\/site\/wp-content\/uploads\/2022\/05\/Hotel-Moncao.jpg","width":1440,"height":891,"caption":"THE VINEA COLLECTION HOTEL"},{"@type":"BreadcrumbList","@id":"https:\/\/www.altominho.tv\/site\/2022\/05\/24\/hotel-de-cinco-estrelas-abre-este-ano-em-moncao-e-cria-20-empregos\/#breadcrumb","itemListElement":[{"@type":"ListItem","position":1,"name":"In\u00edcio","item":"https:\/\/www.altominho.tv\/site\/"},{"@type":"ListItem","position":2,"name":"Hotel de cinco estrelas abre este ano em Mon\u00e7\u00e3o e cria 20 empregos"}]},{"@type":"WebSite","@id":"https:\/\/www.altominho.tv\/site\/#website","url":"https:\/\/www.altominho.tv\/site\/","name":"Altominho.tv","description":"A sua regi\u00e3o \u00e0 dist\u00e2ncia de um clique...","potentialAction":[{"@type":"SearchAction","target":{"@type":"EntryPoint","urlTemplate":"https:\/\/www.altominho.tv\/site\/?s={search_term_string}"},"query-input":{"@type":"PropertyValueSpecification","valueRequired":true,"valueName":"search_term_string"}}],"inLanguage":"pt-PT"},{"@type":"Person","@id":"https:\/\/www.altominho.tv\/site\/#\/schema\/person\/a0bff6dc1041aadd46fa81887444b017","name":"Andreia Ferreira | Lusa","image":{"@type":"ImageObject","inLanguage":"pt-PT","@id":"https:\/\/www.altominho.tv\/site\/wp-content\/uploads\/2018\/04\/Andreia-150x150.jpg","url":"https:\/\/www.altominho.tv\/site\/wp-content\/uploads\/2018\/04\/Andreia-150x150.jpg","contentUrl":"https:\/\/www.altominho.tv\/site\/wp-content\/uploads\/2018\/04\/Andreia-150x150.jpg","caption":"Andreia Ferreira | Lusa"},"sameAs":["https:\/\/www.altominho.tv\/site"],"url":"https:\/\/www.altominho.tv\/site\/author\/andreiaferreiralusa\/"}]}},"_links":{"self":[{"href":"https:\/\/www.altominho.tv\/site\/wp-json\/wp\/v2\/posts\/80127","targetHints":{"allow":["GET"]}}],"collection":[{"href":"https:\/\/www.altominho.tv\/site\/wp-json\/wp\/v2\/posts"}],"about":[{"href":"https:\/\/www.altominho.tv\/site\/wp-json\/wp\/v2\/types\/post"}],"author":[{"embeddable":true,"href":"https:\/\/www.altominho.tv\/site\/wp-json\/wp\/v2\/users\/15"}],"replies":[{"embeddable":true,"href":"https:\/\/www.altominho.tv\/site\/wp-json\/wp\/v2\/comments?post=80127"}],"version-history":[{"count":0,"href":"https:\/\/www.altominho.tv\/site\/wp-json\/wp\/v2\/posts\/80127\/revisions"}],"wp:featuredmedia":[{"embeddable":true,"href":"https:\/\/www.altominho.tv\/site\/wp-json\/wp\/v2\/media\/80128"}],"wp:attachment":[{"href":"https:\/\/www.altominho.tv\/site\/wp-json\/wp\/v2\/media?parent=80127"}],"wp:term":[{"taxonomy":"category","embeddable":true,"href":"https:\/\/www.altominho.tv\/site\/wp-json\/wp\/v2\/categories?post=80127"},{"taxonomy":"post_tag","embeddable":true,"href":"https:\/\/www.altominho.tv\/site\/wp-json\/wp\/v2\/tags?post=80127"}],"curies":[{"name":"wp","href":"https:\/\/api.w.org\/{rel}","templated":true}]}}