{"id":80047,"date":"2022-05-20T17:10:59","date_gmt":"2022-05-20T16:10:59","guid":{"rendered":"https:\/\/www.altominho.tv\/site\/?p=80047"},"modified":"2022-05-20T17:11:03","modified_gmt":"2022-05-20T16:11:03","slug":"quatro-mortes-e-nova-subida-de-casos-de-covid-19-no-alto-minho","status":"publish","type":"post","link":"https:\/\/www.altominho.tv\/site\/2022\/05\/20\/quatro-mortes-e-nova-subida-de-casos-de-covid-19-no-alto-minho\/","title":{"rendered":"Quatro mortes e nova subida de casos de Covid-19 no Alto Minho"},"content":{"rendered":"<p>A regi\u00e3o do Alto Minho registou mais quatro mortes associadas \u00e0 Covid-19, 4624 novos casos de infe\u00e7\u00e3o pelo coronav\u00edrus SARS-CoV-2 e 3058 recuperados. O n\u00famero de casos ativos subiu e h\u00e1 agora 5448, segundo dados da Unidade Local de Sa\u00fade do Alto Minho (ULSAM).<\/p>\n<p>O novo relat\u00f3rio epidemiol\u00f3gico emitido pela ULSAM com dados atualizados at\u00e9 esta sexta-feira indica que o distrito de Viana do Castelo contabiliza um total de 87.633 casos confirmados, 542 \u00f3bitos e 81.643 recuperados desde o in\u00edcio da pandemia.<\/p>\n<p>As quatro v\u00edtimas mortais foram reportadas nos concelhos de Ponte da Barca, Ponte de Lima e Vila Nova de Cerveira.<\/p>\n\n\n<figure class=\"wp-block-image size-large\"><img loading=\"lazy\" decoding=\"async\" width=\"769\" height=\"1024\" src=\"https:\/\/www.altominho.tv\/site\/wp-content\/uploads\/2022\/05\/Situac\u0327a\u0303o-epidemiolo\u0301gica-COVID-19-no-Alto-Minho_2022.05.20-e1653063045869-769x1024.jpg\" alt=\"\" class=\"wp-image-80048\" srcset=\"https:\/\/www.altominho.tv\/site\/wp-content\/uploads\/2022\/05\/Situac\u0327a\u0303o-epidemiolo\u0301gica-COVID-19-no-Alto-Minho_2022.05.20-e1653063045869-769x1024.jpg 769w, https:\/\/www.altominho.tv\/site\/wp-content\/uploads\/2022\/05\/Situac\u0327a\u0303o-epidemiolo\u0301gica-COVID-19-no-Alto-Minho_2022.05.20-e1653063045869-325x433.jpg 325w, https:\/\/www.altominho.tv\/site\/wp-content\/uploads\/2022\/05\/Situac\u0327a\u0303o-epidemiolo\u0301gica-COVID-19-no-Alto-Minho_2022.05.20-e1653063045869-768x1022.jpg 768w, https:\/\/www.altominho.tv\/site\/wp-content\/uploads\/2022\/05\/Situac\u0327a\u0303o-epidemiolo\u0301gica-COVID-19-no-Alto-Minho_2022.05.20-e1653063045869-370x492.jpg 370w, https:\/\/www.altominho.tv\/site\/wp-content\/uploads\/2022\/05\/Situac\u0327a\u0303o-epidemiolo\u0301gica-COVID-19-no-Alto-Minho_2022.05.20-e1653063045869-270x359.jpg 270w, https:\/\/www.altominho.tv\/site\/wp-content\/uploads\/2022\/05\/Situac\u0327a\u0303o-epidemiolo\u0301gica-COVID-19-no-Alto-Minho_2022.05.20-e1653063045869-570x759.jpg 570w, https:\/\/www.altominho.tv\/site\/wp-content\/uploads\/2022\/05\/Situac\u0327a\u0303o-epidemiolo\u0301gica-COVID-19-no-Alto-Minho_2022.05.20-e1653063045869-740x985.jpg 740w, https:\/\/www.altominho.tv\/site\/wp-content\/uploads\/2022\/05\/Situac\u0327a\u0303o-epidemiolo\u0301gica-COVID-19-no-Alto-Minho_2022.05.20-e1653063045869.jpg 1021w\" sizes=\"auto, (max-width: 769px) 100vw, 769px\" \/><figcaption>ULSAM<\/figcaption><\/figure>\n","protected":false},"excerpt":{"rendered":"<p>A regi\u00e3o do Alto Minho registou mais quatro mortes associadas \u00e0 Covid-19, 4624 novos casos de infe\u00e7\u00e3o pelo coronav\u00edrus SARS-CoV-2 e 3058 recuperados. O n\u00famero de casos ativos subiu e h\u00e1 agora 5448, segundo dados da Unidade Local de Sa\u00fade do Alto Minho (ULSAM). O novo relat\u00f3rio epidemiol\u00f3gico emitido pela ULSAM com dados atualizados at\u00e9 [&hellip;]<\/p>\n","protected":false},"author":12,"featured_media":73723,"comment_status":"closed","ping_status":"closed","sticky":false,"template":"","format":"standard","meta":{"_exactmetrics_skip_tracking":false,"_exactmetrics_sitenote_active":false,"_exactmetrics_sitenote_note":"","_exactmetrics_sitenote_category":0,"footnotes":""},"categories":[73],"tags":[26,27],"class_list":["post-80047","post","type-post","status-publish","format-standard","has-post-thumbnail","hentry","category-alto-minho","tag-saude","tag-sociedade"],"yoast_head":"<!-- This site is optimized with the Yoast SEO Premium plugin v27.4 (Yoast SEO v27.4) - https:\/\/yoast.com\/product\/yoast-seo-premium-wordpress\/ -->\n<title>Quatro mortes e nova subida de casos de Covid-19 no Alto Minho<\/title>\n<meta name=\"description\" content=\"A regi\u00e3o do Alto Minho registou mais quatro mortes associadas \u00e0 Covid-19, 4624 novos casos de infe\u00e7\u00e3o e 3058 recuperados.\" \/>\n<meta name=\"robots\" content=\"index, follow, max-snippet:-1, max-image-preview:large, max-video-preview:-1\" \/>\n<link rel=\"canonical\" href=\"https:\/\/www.altominho.tv\/site\/2022\/05\/20\/quatro-mortes-e-nova-subida-de-casos-de-covid-19-no-alto-minho\/\" \/>\n<meta property=\"og:locale\" content=\"pt_PT\" \/>\n<meta property=\"og:type\" content=\"article\" \/>\n<meta property=\"og:title\" content=\"Quatro mortes e nova subida de casos de Covid-19 no Alto Minho\" \/>\n<meta property=\"og:description\" content=\"A regi\u00e3o do Alto Minho registou mais quatro mortes associadas \u00e0 Covid-19, 4624 novos casos de infe\u00e7\u00e3o e 3058 recuperados.\" \/>\n<meta property=\"og:url\" content=\"https:\/\/www.altominho.tv\/site\/2022\/05\/20\/quatro-mortes-e-nova-subida-de-casos-de-covid-19-no-alto-minho\/\" \/>\n<meta property=\"og:site_name\" content=\"Altominho.tv\" \/>\n<meta property=\"article:publisher\" content=\"https:\/\/www.facebook.com\/altominhotv\" \/>\n<meta property=\"article:published_time\" content=\"2022-05-20T16:10:59+00:00\" \/>\n<meta property=\"article:modified_time\" content=\"2022-05-20T16:11:03+00:00\" \/>\n<meta property=\"og:image\" content=\"https:\/\/www.altominho.tv\/site\/wp-content\/uploads\/2021\/12\/ULSAM_04.jpeg\" \/>\n\t<meta property=\"og:image:width\" content=\"651\" \/>\n\t<meta property=\"og:image:height\" content=\"407\" \/>\n\t<meta property=\"og:image:type\" content=\"image\/jpeg\" \/>\n<meta name=\"author\" content=\"Andreia Ferreira\" \/>\n<meta name=\"twitter:card\" content=\"summary_large_image\" \/>\n<meta name=\"twitter:creator\" content=\"@altominhoTV\" \/>\n<meta name=\"twitter:site\" content=\"@altominhoTV\" \/>\n<meta name=\"twitter:label1\" content=\"Escrito por\" \/>\n\t<meta name=\"twitter:data1\" content=\"Andreia Ferreira\" \/>\n\t<meta name=\"twitter:label2\" content=\"Tempo estimado de leitura\" \/>\n\t<meta name=\"twitter:data2\" content=\"1 minuto\" \/>\n<script type=\"application\/ld+json\" class=\"yoast-schema-graph\">{\"@context\":\"https:\\\/\\\/schema.org\",\"@graph\":[{\"@type\":\"Article\",\"@id\":\"https:\\\/\\\/www.altominho.tv\\\/site\\\/2022\\\/05\\\/20\\\/quatro-mortes-e-nova-subida-de-casos-de-covid-19-no-alto-minho\\\/#article\",\"isPartOf\":{\"@id\":\"https:\\\/\\\/www.altominho.tv\\\/site\\\/2022\\\/05\\\/20\\\/quatro-mortes-e-nova-subida-de-casos-de-covid-19-no-alto-minho\\\/\"},\"author\":{\"name\":\"Andreia Ferreira\",\"@id\":\"https:\\\/\\\/www.altominho.tv\\\/site\\\/#\\\/schema\\\/person\\\/d9be4265364723f14ea8e0d56a1d38cd\"},\"headline\":\"Quatro mortes e nova subida de casos de Covid-19 no Alto Minho\",\"datePublished\":\"2022-05-20T16:10:59+00:00\",\"dateModified\":\"2022-05-20T16:11:03+00:00\",\"mainEntityOfPage\":{\"@id\":\"https:\\\/\\\/www.altominho.tv\\\/site\\\/2022\\\/05\\\/20\\\/quatro-mortes-e-nova-subida-de-casos-de-covid-19-no-alto-minho\\\/\"},\"wordCount\":117,\"image\":{\"@id\":\"https:\\\/\\\/www.altominho.tv\\\/site\\\/2022\\\/05\\\/20\\\/quatro-mortes-e-nova-subida-de-casos-de-covid-19-no-alto-minho\\\/#primaryimage\"},\"thumbnailUrl\":\"https:\\\/\\\/www.altominho.tv\\\/site\\\/wp-content\\\/uploads\\\/2021\\\/12\\\/ULSAM_04.jpeg\",\"keywords\":[\"Sa\u00fade\",\"Sociedade\"],\"articleSection\":[\"Alto Minho\"],\"inLanguage\":\"pt-PT\",\"copyrightYear\":\"2022\",\"copyrightHolder\":{\"@id\":\"https:\\\/\\\/www.altominho.tv\\\/site\\\/#organization\"}},{\"@type\":\"WebPage\",\"@id\":\"https:\\\/\\\/www.altominho.tv\\\/site\\\/2022\\\/05\\\/20\\\/quatro-mortes-e-nova-subida-de-casos-de-covid-19-no-alto-minho\\\/\",\"url\":\"https:\\\/\\\/www.altominho.tv\\\/site\\\/2022\\\/05\\\/20\\\/quatro-mortes-e-nova-subida-de-casos-de-covid-19-no-alto-minho\\\/\",\"name\":\"Quatro mortes e nova subida de casos de Covid-19 no Alto Minho\",\"isPartOf\":{\"@id\":\"https:\\\/\\\/www.altominho.tv\\\/site\\\/#website\"},\"primaryImageOfPage\":{\"@id\":\"https:\\\/\\\/www.altominho.tv\\\/site\\\/2022\\\/05\\\/20\\\/quatro-mortes-e-nova-subida-de-casos-de-covid-19-no-alto-minho\\\/#primaryimage\"},\"image\":{\"@id\":\"https:\\\/\\\/www.altominho.tv\\\/site\\\/2022\\\/05\\\/20\\\/quatro-mortes-e-nova-subida-de-casos-de-covid-19-no-alto-minho\\\/#primaryimage\"},\"thumbnailUrl\":\"https:\\\/\\\/www.altominho.tv\\\/site\\\/wp-content\\\/uploads\\\/2021\\\/12\\\/ULSAM_04.jpeg\",\"datePublished\":\"2022-05-20T16:10:59+00:00\",\"dateModified\":\"2022-05-20T16:11:03+00:00\",\"author\":{\"@id\":\"https:\\\/\\\/www.altominho.tv\\\/site\\\/#\\\/schema\\\/person\\\/d9be4265364723f14ea8e0d56a1d38cd\"},\"description\":\"A regi\u00e3o do Alto Minho registou mais quatro mortes associadas \u00e0 Covid-19, 4624 novos casos de infe\u00e7\u00e3o e 3058 recuperados.\",\"breadcrumb\":{\"@id\":\"https:\\\/\\\/www.altominho.tv\\\/site\\\/2022\\\/05\\\/20\\\/quatro-mortes-e-nova-subida-de-casos-de-covid-19-no-alto-minho\\\/#breadcrumb\"},\"inLanguage\":\"pt-PT\",\"potentialAction\":[{\"@type\":\"ReadAction\",\"target\":[\"https:\\\/\\\/www.altominho.tv\\\/site\\\/2022\\\/05\\\/20\\\/quatro-mortes-e-nova-subida-de-casos-de-covid-19-no-alto-minho\\\/\"]}]},{\"@type\":\"ImageObject\",\"inLanguage\":\"pt-PT\",\"@id\":\"https:\\\/\\\/www.altominho.tv\\\/site\\\/2022\\\/05\\\/20\\\/quatro-mortes-e-nova-subida-de-casos-de-covid-19-no-alto-minho\\\/#primaryimage\",\"url\":\"https:\\\/\\\/www.altominho.tv\\\/site\\\/wp-content\\\/uploads\\\/2021\\\/12\\\/ULSAM_04.jpeg\",\"contentUrl\":\"https:\\\/\\\/www.altominho.tv\\\/site\\\/wp-content\\\/uploads\\\/2021\\\/12\\\/ULSAM_04.jpeg\",\"width\":651,\"height\":407,\"caption\":\"SNS\"},{\"@type\":\"BreadcrumbList\",\"@id\":\"https:\\\/\\\/www.altominho.tv\\\/site\\\/2022\\\/05\\\/20\\\/quatro-mortes-e-nova-subida-de-casos-de-covid-19-no-alto-minho\\\/#breadcrumb\",\"itemListElement\":[{\"@type\":\"ListItem\",\"position\":1,\"name\":\"In\u00edcio\",\"item\":\"https:\\\/\\\/www.altominho.tv\\\/site\\\/\"},{\"@type\":\"ListItem\",\"position\":2,\"name\":\"Quatro mortes e nova subida de casos de Covid-19 no Alto Minho\"}]},{\"@type\":\"WebSite\",\"@id\":\"https:\\\/\\\/www.altominho.tv\\\/site\\\/#website\",\"url\":\"https:\\\/\\\/www.altominho.tv\\\/site\\\/\",\"name\":\"Altominho.tv\",\"description\":\"A sua regi\u00e3o \u00e0 dist\u00e2ncia de um clique...\",\"potentialAction\":[{\"@type\":\"SearchAction\",\"target\":{\"@type\":\"EntryPoint\",\"urlTemplate\":\"https:\\\/\\\/www.altominho.tv\\\/site\\\/?s={search_term_string}\"},\"query-input\":{\"@type\":\"PropertyValueSpecification\",\"valueRequired\":true,\"valueName\":\"search_term_string\"}}],\"inLanguage\":\"pt-PT\"},{\"@type\":\"Person\",\"@id\":\"https:\\\/\\\/www.altominho.tv\\\/site\\\/#\\\/schema\\\/person\\\/d9be4265364723f14ea8e0d56a1d38cd\",\"name\":\"Andreia Ferreira\",\"image\":{\"@type\":\"ImageObject\",\"inLanguage\":\"pt-PT\",\"@id\":\"https:\\\/\\\/www.altominho.tv\\\/site\\\/wp-content\\\/uploads\\\/2021\\\/01\\\/AndreiaFerreira-150x150.jpg\",\"url\":\"https:\\\/\\\/www.altominho.tv\\\/site\\\/wp-content\\\/uploads\\\/2021\\\/01\\\/AndreiaFerreira-150x150.jpg\",\"contentUrl\":\"https:\\\/\\\/www.altominho.tv\\\/site\\\/wp-content\\\/uploads\\\/2021\\\/01\\\/AndreiaFerreira-150x150.jpg\",\"caption\":\"Andreia Ferreira\"},\"url\":\"https:\\\/\\\/www.altominho.tv\\\/site\\\/author\\\/andreiaferreira\\\/\"}]}<\/script>\n<!-- \/ Yoast SEO Premium plugin. -->","yoast_head_json":{"title":"Quatro mortes e nova subida de casos de Covid-19 no Alto Minho","description":"A regi\u00e3o do Alto Minho registou mais quatro mortes associadas \u00e0 Covid-19, 4624 novos casos de infe\u00e7\u00e3o e 3058 recuperados.","robots":{"index":"index","follow":"follow","max-snippet":"max-snippet:-1","max-image-preview":"max-image-preview:large","max-video-preview":"max-video-preview:-1"},"canonical":"https:\/\/www.altominho.tv\/site\/2022\/05\/20\/quatro-mortes-e-nova-subida-de-casos-de-covid-19-no-alto-minho\/","og_locale":"pt_PT","og_type":"article","og_title":"Quatro mortes e nova subida de casos de Covid-19 no Alto Minho","og_description":"A regi\u00e3o do Alto Minho registou mais quatro mortes associadas \u00e0 Covid-19, 4624 novos casos de infe\u00e7\u00e3o e 3058 recuperados.","og_url":"https:\/\/www.altominho.tv\/site\/2022\/05\/20\/quatro-mortes-e-nova-subida-de-casos-de-covid-19-no-alto-minho\/","og_site_name":"Altominho.tv","article_publisher":"https:\/\/www.facebook.com\/altominhotv","article_published_time":"2022-05-20T16:10:59+00:00","article_modified_time":"2022-05-20T16:11:03+00:00","og_image":[{"width":651,"height":407,"url":"https:\/\/www.altominho.tv\/site\/wp-content\/uploads\/2021\/12\/ULSAM_04.jpeg","type":"image\/jpeg"}],"author":"Andreia Ferreira","twitter_card":"summary_large_image","twitter_creator":"@altominhoTV","twitter_site":"@altominhoTV","twitter_misc":{"Escrito por":"Andreia Ferreira","Tempo estimado de leitura":"1 minuto"},"schema":{"@context":"https:\/\/schema.org","@graph":[{"@type":"Article","@id":"https:\/\/www.altominho.tv\/site\/2022\/05\/20\/quatro-mortes-e-nova-subida-de-casos-de-covid-19-no-alto-minho\/#article","isPartOf":{"@id":"https:\/\/www.altominho.tv\/site\/2022\/05\/20\/quatro-mortes-e-nova-subida-de-casos-de-covid-19-no-alto-minho\/"},"author":{"name":"Andreia Ferreira","@id":"https:\/\/www.altominho.tv\/site\/#\/schema\/person\/d9be4265364723f14ea8e0d56a1d38cd"},"headline":"Quatro mortes e nova subida de casos de Covid-19 no Alto Minho","datePublished":"2022-05-20T16:10:59+00:00","dateModified":"2022-05-20T16:11:03+00:00","mainEntityOfPage":{"@id":"https:\/\/www.altominho.tv\/site\/2022\/05\/20\/quatro-mortes-e-nova-subida-de-casos-de-covid-19-no-alto-minho\/"},"wordCount":117,"image":{"@id":"https:\/\/www.altominho.tv\/site\/2022\/05\/20\/quatro-mortes-e-nova-subida-de-casos-de-covid-19-no-alto-minho\/#primaryimage"},"thumbnailUrl":"https:\/\/www.altominho.tv\/site\/wp-content\/uploads\/2021\/12\/ULSAM_04.jpeg","keywords":["Sa\u00fade","Sociedade"],"articleSection":["Alto Minho"],"inLanguage":"pt-PT","copyrightYear":"2022","copyrightHolder":{"@id":"https:\/\/www.altominho.tv\/site\/#organization"}},{"@type":"WebPage","@id":"https:\/\/www.altominho.tv\/site\/2022\/05\/20\/quatro-mortes-e-nova-subida-de-casos-de-covid-19-no-alto-minho\/","url":"https:\/\/www.altominho.tv\/site\/2022\/05\/20\/quatro-mortes-e-nova-subida-de-casos-de-covid-19-no-alto-minho\/","name":"Quatro mortes e nova subida de casos de Covid-19 no Alto Minho","isPartOf":{"@id":"https:\/\/www.altominho.tv\/site\/#website"},"primaryImageOfPage":{"@id":"https:\/\/www.altominho.tv\/site\/2022\/05\/20\/quatro-mortes-e-nova-subida-de-casos-de-covid-19-no-alto-minho\/#primaryimage"},"image":{"@id":"https:\/\/www.altominho.tv\/site\/2022\/05\/20\/quatro-mortes-e-nova-subida-de-casos-de-covid-19-no-alto-minho\/#primaryimage"},"thumbnailUrl":"https:\/\/www.altominho.tv\/site\/wp-content\/uploads\/2021\/12\/ULSAM_04.jpeg","datePublished":"2022-05-20T16:10:59+00:00","dateModified":"2022-05-20T16:11:03+00:00","author":{"@id":"https:\/\/www.altominho.tv\/site\/#\/schema\/person\/d9be4265364723f14ea8e0d56a1d38cd"},"description":"A regi\u00e3o do Alto Minho registou mais quatro mortes associadas \u00e0 Covid-19, 4624 novos casos de infe\u00e7\u00e3o e 3058 recuperados.","breadcrumb":{"@id":"https:\/\/www.altominho.tv\/site\/2022\/05\/20\/quatro-mortes-e-nova-subida-de-casos-de-covid-19-no-alto-minho\/#breadcrumb"},"inLanguage":"pt-PT","potentialAction":[{"@type":"ReadAction","target":["https:\/\/www.altominho.tv\/site\/2022\/05\/20\/quatro-mortes-e-nova-subida-de-casos-de-covid-19-no-alto-minho\/"]}]},{"@type":"ImageObject","inLanguage":"pt-PT","@id":"https:\/\/www.altominho.tv\/site\/2022\/05\/20\/quatro-mortes-e-nova-subida-de-casos-de-covid-19-no-alto-minho\/#primaryimage","url":"https:\/\/www.altominho.tv\/site\/wp-content\/uploads\/2021\/12\/ULSAM_04.jpeg","contentUrl":"https:\/\/www.altominho.tv\/site\/wp-content\/uploads\/2021\/12\/ULSAM_04.jpeg","width":651,"height":407,"caption":"SNS"},{"@type":"BreadcrumbList","@id":"https:\/\/www.altominho.tv\/site\/2022\/05\/20\/quatro-mortes-e-nova-subida-de-casos-de-covid-19-no-alto-minho\/#breadcrumb","itemListElement":[{"@type":"ListItem","position":1,"name":"In\u00edcio","item":"https:\/\/www.altominho.tv\/site\/"},{"@type":"ListItem","position":2,"name":"Quatro mortes e nova subida de casos de Covid-19 no Alto Minho"}]},{"@type":"WebSite","@id":"https:\/\/www.altominho.tv\/site\/#website","url":"https:\/\/www.altominho.tv\/site\/","name":"Altominho.tv","description":"A sua regi\u00e3o \u00e0 dist\u00e2ncia de um clique...","potentialAction":[{"@type":"SearchAction","target":{"@type":"EntryPoint","urlTemplate":"https:\/\/www.altominho.tv\/site\/?s={search_term_string}"},"query-input":{"@type":"PropertyValueSpecification","valueRequired":true,"valueName":"search_term_string"}}],"inLanguage":"pt-PT"},{"@type":"Person","@id":"https:\/\/www.altominho.tv\/site\/#\/schema\/person\/d9be4265364723f14ea8e0d56a1d38cd","name":"Andreia Ferreira","image":{"@type":"ImageObject","inLanguage":"pt-PT","@id":"https:\/\/www.altominho.tv\/site\/wp-content\/uploads\/2021\/01\/AndreiaFerreira-150x150.jpg","url":"https:\/\/www.altominho.tv\/site\/wp-content\/uploads\/2021\/01\/AndreiaFerreira-150x150.jpg","contentUrl":"https:\/\/www.altominho.tv\/site\/wp-content\/uploads\/2021\/01\/AndreiaFerreira-150x150.jpg","caption":"Andreia Ferreira"},"url":"https:\/\/www.altominho.tv\/site\/author\/andreiaferreira\/"}]}},"_links":{"self":[{"href":"https:\/\/www.altominho.tv\/site\/wp-json\/wp\/v2\/posts\/80047","targetHints":{"allow":["GET"]}}],"collection":[{"href":"https:\/\/www.altominho.tv\/site\/wp-json\/wp\/v2\/posts"}],"about":[{"href":"https:\/\/www.altominho.tv\/site\/wp-json\/wp\/v2\/types\/post"}],"author":[{"embeddable":true,"href":"https:\/\/www.altominho.tv\/site\/wp-json\/wp\/v2\/users\/12"}],"replies":[{"embeddable":true,"href":"https:\/\/www.altominho.tv\/site\/wp-json\/wp\/v2\/comments?post=80047"}],"version-history":[{"count":0,"href":"https:\/\/www.altominho.tv\/site\/wp-json\/wp\/v2\/posts\/80047\/revisions"}],"wp:featuredmedia":[{"embeddable":true,"href":"https:\/\/www.altominho.tv\/site\/wp-json\/wp\/v2\/media\/73723"}],"wp:attachment":[{"href":"https:\/\/www.altominho.tv\/site\/wp-json\/wp\/v2\/media?parent=80047"}],"wp:term":[{"taxonomy":"category","embeddable":true,"href":"https:\/\/www.altominho.tv\/site\/wp-json\/wp\/v2\/categories?post=80047"},{"taxonomy":"post_tag","embeddable":true,"href":"https:\/\/www.altominho.tv\/site\/wp-json\/wp\/v2\/tags?post=80047"}],"curies":[{"name":"wp","href":"https:\/\/api.w.org\/{rel}","templated":true}]}}