{"id":8001,"date":"2018-01-08T09:38:38","date_gmt":"2018-01-08T09:38:38","guid":{"rendered":"http:\/\/www.altominho.tv\/site\/?p=8001"},"modified":"2018-01-08T09:38:38","modified_gmt":"2018-01-08T09:38:38","slug":"sete-projetos-vencedores-do-orcamento-participativo-jovem-portugal-apresentados-hoje","status":"publish","type":"post","link":"https:\/\/www.altominho.tv\/site\/2018\/01\/08\/sete-projetos-vencedores-do-orcamento-participativo-jovem-portugal-apresentados-hoje\/","title":{"rendered":"Sete projetos vencedores do Or\u00e7amento Participativo Jovem Portugal apresentados hoje"},"content":{"rendered":"<p>Sete projetos de jovens, para iniciativas nas \u00e1reas da Inova\u00e7\u00e3o Social, Sustentabilidade Ambiental, Desporto Inclusivo e Educa\u00e7\u00e3o para as Ci\u00eancias, ganharam o Or\u00e7amento Participativo Jovem Portugal e recebem agora verbas para se tornarem uma realidade.<\/p>\n<p>O Centro da Juventude de Lisboa ser\u00e1 hoje o palco da apresenta\u00e7\u00e3o p\u00fablica dos sete projetos vencedores.<\/p>\n<p>O Or\u00e7amento Participativo Jovem Portugal (OPJP), aprovado em Conselho de Ministros em setembro com o objetivo de refor\u00e7ar a qualidade da democracia e o maior envolvimento dos cidad\u00e3os jovens nos processos de decis\u00e3o, recebeu 400 propostas e teve 10 mil votantes.<\/p>\n<p>Para esta primeira edi\u00e7\u00e3o, o OPJP disp\u00f5e de 300 mil euros para financiamento das iniciativas dos jovens.<\/p>\n<p>\u201cLiga-te \u00e0 Pateira\u201d, um projeto apresentado por In\u00eas Tavares de Castro, H\u00e9lder da Silva Arede e Alexandre Resende Reis Pires, \u00e9 um dos vencedores, propondo a reabilita\u00e7\u00e3o do percurso pedestre que liga a zona da Pateira de \u00d3is da Ribeira (concelho de \u00c1gueda) at\u00e9 ao afluente em Requeixo (concelho de Aveiro), numa liga\u00e7\u00e3o com uma extens\u00e3o aproximada de 3,6 quil\u00f3metros.<\/p>\n<p>Com o projeto \u201cArribeirar\u201d, a jovem Sandrina Dias Pereira prop\u00f5e recuperar um bosque \u00e0 beira-rio que liga as terras de Ameal e Vale Domingos, no munic\u00edpio de \u00c1gueda, reintroduzindo fauna e flora aut\u00f3ctone.<\/p>\n<p>J\u00e1 a proposta \u201cO Grande Livro do Parque\u201d visa a cria\u00e7\u00e3o de um centro interpretativo pedag\u00f3gico no parque bot\u00e2nico de Vale Domingos (pr\u00f3ximo da cidade de \u00c1gueda). Catarina Isabel Oliveira Tomaz, a autora, explica no projeto que o objetivo \u00e9 transformar visitantes em pequenos cientistas atrav\u00e9s de uma experi\u00eancia simulada de trabalho de campo, descobrindo esp\u00e9cies, aprendendo a observar com detalhe e participando em iniciativas de prote\u00e7\u00e3o da biodiversidade.<\/p>\n<p>Igualmente financiado ser\u00e1 o projeto \u201cBanco de Ajudas T\u00e9cnicas Desportivas\u201d, proposto por Maria Margarida de Carvalho Patroc\u00ednio, uma iniciativa que visa proporcionar uma melhor qualidade de vida \u00e0s pessoas com defici\u00eancia motora, permitindo e fomentando a pr\u00e1tica desportiva atrav\u00e9s da ced\u00eancia gratuita, a t\u00edtulo tempor\u00e1rio, de equipamentos adaptados para a pr\u00e1tica desportiva.<\/p>\n<p>Por seu lado, a ideia de \u201cGym4All\u201d, segundo Bruna Cosme Martins, nasceu da paix\u00e3o de um grupo de jovens praticantes de uma modalidade que surgiu e existe apenas em contexto escolar no concelho de Seia: a gin\u00e1stica. O objetivo \u00e9 criar, em parceria com entidades do concelho, um projeto de desenvolvimento da modalidade.<\/p>\n<p>Ana Teresa da Silva Bento ganhou financiamento para p\u00f4r em pr\u00e1tica a \u201cAPP Caderneta do Aluno\u201d, que visa criar um v\u00ednculo mais forte e uma comunica\u00e7\u00e3o permanente entre encarregados de educa\u00e7\u00e3o e professores.Atrav\u00e9s desta aplica\u00e7\u00e3o, qualquer pai pode aceder f\u00e1cil e gratuitamente ao comportamento\/assiduidade e empenho do seu educando, atrav\u00e9s do seu \u2018smartphone\u2019.<\/p>\n<p>J\u00e1 Marta Silva e Joana Amorim apresentaram um projeto de partilha gratuita de bicicletas no distrito de Viana do Castelo, a Minhotacleta. O projeto prev\u00ea a aquisi\u00e7\u00e3o de bicicletas que estar\u00e3o dispon\u00edveis em parques e infraestruturas de apoio ao turismo, podendo cada cidad\u00e3o levantar as bicicletas num ponto e entreg\u00e1-las noutro diferente mediante a apresenta\u00e7\u00e3o de um cart\u00e3o ou c\u00f3digo.<\/p>\n<p>A sess\u00e3o de apresenta\u00e7\u00e3o destes projetos vencedores vai ter transmiss\u00e3o ao vivo no canal do YouTube \u201cMaluco Beleza\u201d e em simult\u00e2neo nas plataformas do #OPJovem. O apresentador Rui Unas vai conversar com o ministro da Educa\u00e7\u00e3o e com os jovens proponentes dos projetos vencedores da edi\u00e7\u00e3o 2017.<\/p>\n","protected":false},"excerpt":{"rendered":"<p>Sete projetos de jovens, para iniciativas nas \u00e1reas da Inova\u00e7\u00e3o Social, Sustentabilidade Ambiental, Desporto Inclusivo e Educa\u00e7\u00e3o para as Ci\u00eancias, ganharam o Or\u00e7amento Participativo Jovem Portugal e recebem agora verbas para se tornarem uma realidade. O Centro da Juventude de Lisboa ser\u00e1 hoje o palco da apresenta\u00e7\u00e3o p\u00fablica dos sete projetos vencedores. O Or\u00e7amento Participativo [&hellip;]<\/p>\n","protected":false},"author":6,"featured_media":8002,"comment_status":"closed","ping_status":"closed","sticky":false,"template":"","format":"standard","meta":{"_exactmetrics_skip_tracking":false,"_exactmetrics_sitenote_active":false,"_exactmetrics_sitenote_note":"","_exactmetrics_sitenote_category":0,"footnotes":""},"categories":[73],"tags":[27],"class_list":["post-8001","post","type-post","status-publish","format-standard","has-post-thumbnail","hentry","category-alto-minho","tag-sociedade"],"yoast_head":"<!-- This site is optimized with the Yoast SEO Premium plugin v27.5 (Yoast SEO v27.5) - https:\/\/yoast.com\/product\/yoast-seo-premium-wordpress\/ -->\n<title>Sete projetos vencedores do Or\u00e7amento Participativo Jovem Portugal apresentados hoje<\/title>\n<meta name=\"robots\" content=\"index, follow, max-snippet:-1, max-image-preview:large, max-video-preview:-1\" \/>\n<link rel=\"canonical\" href=\"https:\/\/www.altominho.tv\/site\/2018\/01\/08\/sete-projetos-vencedores-do-orcamento-participativo-jovem-portugal-apresentados-hoje\/\" \/>\n<meta property=\"og:locale\" content=\"pt_PT\" \/>\n<meta property=\"og:type\" content=\"article\" \/>\n<meta property=\"og:title\" content=\"Sete projetos vencedores do Or\u00e7amento Participativo Jovem Portugal apresentados hoje\" \/>\n<meta property=\"og:description\" content=\"Sete projetos de jovens, para iniciativas nas \u00e1reas da Inova\u00e7\u00e3o Social, Sustentabilidade Ambiental, Desporto Inclusivo e Educa\u00e7\u00e3o para as Ci\u00eancias, ganharam o Or\u00e7amento Participativo Jovem Portugal e recebem agora verbas para se tornarem uma realidade. O Centro da Juventude de Lisboa ser\u00e1 hoje o palco da apresenta\u00e7\u00e3o p\u00fablica dos sete projetos vencedores. O Or\u00e7amento Participativo [&hellip;]\" \/>\n<meta property=\"og:url\" content=\"https:\/\/www.altominho.tv\/site\/2018\/01\/08\/sete-projetos-vencedores-do-orcamento-participativo-jovem-portugal-apresentados-hoje\/\" \/>\n<meta property=\"og:site_name\" content=\"Altominho.tv\" \/>\n<meta property=\"article:publisher\" content=\"https:\/\/www.facebook.com\/altominhotv\" \/>\n<meta property=\"article:published_time\" content=\"2018-01-08T09:38:38+00:00\" \/>\n<meta property=\"og:image\" content=\"https:\/\/www.altominho.tv\/site\/wp-content\/uploads\/2018\/01\/jo.jpg\" \/>\n\t<meta property=\"og:image:width\" content=\"1380\" \/>\n\t<meta property=\"og:image:height\" content=\"919\" \/>\n\t<meta property=\"og:image:type\" content=\"image\/jpeg\" \/>\n<meta name=\"author\" content=\"C\u00e1tia Malheiro\" \/>\n<meta name=\"twitter:card\" content=\"summary_large_image\" \/>\n<meta name=\"twitter:creator\" content=\"@altominhoTV\" \/>\n<meta name=\"twitter:site\" content=\"@altominhoTV\" \/>\n<meta name=\"twitter:label1\" content=\"Escrito por\" \/>\n\t<meta name=\"twitter:data1\" content=\"C\u00e1tia Malheiro\" \/>\n\t<meta name=\"twitter:label2\" content=\"Tempo estimado de leitura\" \/>\n\t<meta name=\"twitter:data2\" content=\"3 minutos\" \/>\n<script type=\"application\/ld+json\" class=\"yoast-schema-graph\">{\"@context\":\"https:\\\/\\\/schema.org\",\"@graph\":[{\"@type\":\"Article\",\"@id\":\"https:\\\/\\\/www.altominho.tv\\\/site\\\/2018\\\/01\\\/08\\\/sete-projetos-vencedores-do-orcamento-participativo-jovem-portugal-apresentados-hoje\\\/#article\",\"isPartOf\":{\"@id\":\"https:\\\/\\\/www.altominho.tv\\\/site\\\/2018\\\/01\\\/08\\\/sete-projetos-vencedores-do-orcamento-participativo-jovem-portugal-apresentados-hoje\\\/\"},\"author\":{\"name\":\"C\u00e1tia Malheiro\",\"@id\":\"https:\\\/\\\/www.altominho.tv\\\/site\\\/#\\\/schema\\\/person\\\/5c9404a8b438614c93da6ca09db92574\"},\"headline\":\"Sete projetos vencedores do Or\u00e7amento Participativo Jovem Portugal apresentados hoje\",\"datePublished\":\"2018-01-08T09:38:38+00:00\",\"mainEntityOfPage\":{\"@id\":\"https:\\\/\\\/www.altominho.tv\\\/site\\\/2018\\\/01\\\/08\\\/sete-projetos-vencedores-do-orcamento-participativo-jovem-portugal-apresentados-hoje\\\/\"},\"wordCount\":604,\"image\":{\"@id\":\"https:\\\/\\\/www.altominho.tv\\\/site\\\/2018\\\/01\\\/08\\\/sete-projetos-vencedores-do-orcamento-participativo-jovem-portugal-apresentados-hoje\\\/#primaryimage\"},\"thumbnailUrl\":\"https:\\\/\\\/www.altominho.tv\\\/site\\\/wp-content\\\/uploads\\\/2018\\\/01\\\/jo.jpg\",\"keywords\":[\"Sociedade\"],\"articleSection\":[\"Alto Minho\"],\"inLanguage\":\"pt-PT\",\"copyrightYear\":\"2018\",\"copyrightHolder\":{\"@id\":\"https:\\\/\\\/www.altominho.tv\\\/site\\\/#organization\"}},{\"@type\":\"WebPage\",\"@id\":\"https:\\\/\\\/www.altominho.tv\\\/site\\\/2018\\\/01\\\/08\\\/sete-projetos-vencedores-do-orcamento-participativo-jovem-portugal-apresentados-hoje\\\/\",\"url\":\"https:\\\/\\\/www.altominho.tv\\\/site\\\/2018\\\/01\\\/08\\\/sete-projetos-vencedores-do-orcamento-participativo-jovem-portugal-apresentados-hoje\\\/\",\"name\":\"Sete projetos vencedores do Or\u00e7amento Participativo Jovem Portugal apresentados hoje\",\"isPartOf\":{\"@id\":\"https:\\\/\\\/www.altominho.tv\\\/site\\\/#website\"},\"primaryImageOfPage\":{\"@id\":\"https:\\\/\\\/www.altominho.tv\\\/site\\\/2018\\\/01\\\/08\\\/sete-projetos-vencedores-do-orcamento-participativo-jovem-portugal-apresentados-hoje\\\/#primaryimage\"},\"image\":{\"@id\":\"https:\\\/\\\/www.altominho.tv\\\/site\\\/2018\\\/01\\\/08\\\/sete-projetos-vencedores-do-orcamento-participativo-jovem-portugal-apresentados-hoje\\\/#primaryimage\"},\"thumbnailUrl\":\"https:\\\/\\\/www.altominho.tv\\\/site\\\/wp-content\\\/uploads\\\/2018\\\/01\\\/jo.jpg\",\"datePublished\":\"2018-01-08T09:38:38+00:00\",\"author\":{\"@id\":\"https:\\\/\\\/www.altominho.tv\\\/site\\\/#\\\/schema\\\/person\\\/5c9404a8b438614c93da6ca09db92574\"},\"breadcrumb\":{\"@id\":\"https:\\\/\\\/www.altominho.tv\\\/site\\\/2018\\\/01\\\/08\\\/sete-projetos-vencedores-do-orcamento-participativo-jovem-portugal-apresentados-hoje\\\/#breadcrumb\"},\"inLanguage\":\"pt-PT\",\"potentialAction\":[{\"@type\":\"ReadAction\",\"target\":[\"https:\\\/\\\/www.altominho.tv\\\/site\\\/2018\\\/01\\\/08\\\/sete-projetos-vencedores-do-orcamento-participativo-jovem-portugal-apresentados-hoje\\\/\"]}]},{\"@type\":\"ImageObject\",\"inLanguage\":\"pt-PT\",\"@id\":\"https:\\\/\\\/www.altominho.tv\\\/site\\\/2018\\\/01\\\/08\\\/sete-projetos-vencedores-do-orcamento-participativo-jovem-portugal-apresentados-hoje\\\/#primaryimage\",\"url\":\"https:\\\/\\\/www.altominho.tv\\\/site\\\/wp-content\\\/uploads\\\/2018\\\/01\\\/jo.jpg\",\"contentUrl\":\"https:\\\/\\\/www.altominho.tv\\\/site\\\/wp-content\\\/uploads\\\/2018\\\/01\\\/jo.jpg\",\"width\":1380,\"height\":919},{\"@type\":\"BreadcrumbList\",\"@id\":\"https:\\\/\\\/www.altominho.tv\\\/site\\\/2018\\\/01\\\/08\\\/sete-projetos-vencedores-do-orcamento-participativo-jovem-portugal-apresentados-hoje\\\/#breadcrumb\",\"itemListElement\":[{\"@type\":\"ListItem\",\"position\":1,\"name\":\"In\u00edcio\",\"item\":\"https:\\\/\\\/www.altominho.tv\\\/site\\\/\"},{\"@type\":\"ListItem\",\"position\":2,\"name\":\"Sete projetos vencedores do Or\u00e7amento Participativo Jovem Portugal apresentados hoje\"}]},{\"@type\":\"WebSite\",\"@id\":\"https:\\\/\\\/www.altominho.tv\\\/site\\\/#website\",\"url\":\"https:\\\/\\\/www.altominho.tv\\\/site\\\/\",\"name\":\"Altominho.tv\",\"description\":\"A sua regi\u00e3o \u00e0 dist\u00e2ncia de um clique...\",\"potentialAction\":[{\"@type\":\"SearchAction\",\"target\":{\"@type\":\"EntryPoint\",\"urlTemplate\":\"https:\\\/\\\/www.altominho.tv\\\/site\\\/?s={search_term_string}\"},\"query-input\":{\"@type\":\"PropertyValueSpecification\",\"valueRequired\":true,\"valueName\":\"search_term_string\"}}],\"inLanguage\":\"pt-PT\"},{\"@type\":\"Person\",\"@id\":\"https:\\\/\\\/www.altominho.tv\\\/site\\\/#\\\/schema\\\/person\\\/5c9404a8b438614c93da6ca09db92574\",\"name\":\"C\u00e1tia Malheiro\",\"image\":{\"@type\":\"ImageObject\",\"inLanguage\":\"pt-PT\",\"@id\":\"https:\\\/\\\/www.altominho.tv\\\/site\\\/wp-content\\\/uploads\\\/2017\\\/11\\\/Catia_Malheiro-150x150.jpg\",\"url\":\"https:\\\/\\\/www.altominho.tv\\\/site\\\/wp-content\\\/uploads\\\/2017\\\/11\\\/Catia_Malheiro-150x150.jpg\",\"contentUrl\":\"https:\\\/\\\/www.altominho.tv\\\/site\\\/wp-content\\\/uploads\\\/2017\\\/11\\\/Catia_Malheiro-150x150.jpg\",\"caption\":\"C\u00e1tia Malheiro\"},\"url\":\"https:\\\/\\\/www.altominho.tv\\\/site\\\/author\\\/catiamalheiro\\\/\"}]}<\/script>\n<!-- \/ Yoast SEO Premium plugin. -->","yoast_head_json":{"title":"Sete projetos vencedores do Or\u00e7amento Participativo Jovem Portugal apresentados hoje","robots":{"index":"index","follow":"follow","max-snippet":"max-snippet:-1","max-image-preview":"max-image-preview:large","max-video-preview":"max-video-preview:-1"},"canonical":"https:\/\/www.altominho.tv\/site\/2018\/01\/08\/sete-projetos-vencedores-do-orcamento-participativo-jovem-portugal-apresentados-hoje\/","og_locale":"pt_PT","og_type":"article","og_title":"Sete projetos vencedores do Or\u00e7amento Participativo Jovem Portugal apresentados hoje","og_description":"Sete projetos de jovens, para iniciativas nas \u00e1reas da Inova\u00e7\u00e3o Social, Sustentabilidade Ambiental, Desporto Inclusivo e Educa\u00e7\u00e3o para as Ci\u00eancias, ganharam o Or\u00e7amento Participativo Jovem Portugal e recebem agora verbas para se tornarem uma realidade. O Centro da Juventude de Lisboa ser\u00e1 hoje o palco da apresenta\u00e7\u00e3o p\u00fablica dos sete projetos vencedores. O Or\u00e7amento Participativo [&hellip;]","og_url":"https:\/\/www.altominho.tv\/site\/2018\/01\/08\/sete-projetos-vencedores-do-orcamento-participativo-jovem-portugal-apresentados-hoje\/","og_site_name":"Altominho.tv","article_publisher":"https:\/\/www.facebook.com\/altominhotv","article_published_time":"2018-01-08T09:38:38+00:00","og_image":[{"width":1380,"height":919,"url":"https:\/\/www.altominho.tv\/site\/wp-content\/uploads\/2018\/01\/jo.jpg","type":"image\/jpeg"}],"author":"C\u00e1tia Malheiro","twitter_card":"summary_large_image","twitter_creator":"@altominhoTV","twitter_site":"@altominhoTV","twitter_misc":{"Escrito por":"C\u00e1tia Malheiro","Tempo estimado de leitura":"3 minutos"},"schema":{"@context":"https:\/\/schema.org","@graph":[{"@type":"Article","@id":"https:\/\/www.altominho.tv\/site\/2018\/01\/08\/sete-projetos-vencedores-do-orcamento-participativo-jovem-portugal-apresentados-hoje\/#article","isPartOf":{"@id":"https:\/\/www.altominho.tv\/site\/2018\/01\/08\/sete-projetos-vencedores-do-orcamento-participativo-jovem-portugal-apresentados-hoje\/"},"author":{"name":"C\u00e1tia Malheiro","@id":"https:\/\/www.altominho.tv\/site\/#\/schema\/person\/5c9404a8b438614c93da6ca09db92574"},"headline":"Sete projetos vencedores do Or\u00e7amento Participativo Jovem Portugal apresentados hoje","datePublished":"2018-01-08T09:38:38+00:00","mainEntityOfPage":{"@id":"https:\/\/www.altominho.tv\/site\/2018\/01\/08\/sete-projetos-vencedores-do-orcamento-participativo-jovem-portugal-apresentados-hoje\/"},"wordCount":604,"image":{"@id":"https:\/\/www.altominho.tv\/site\/2018\/01\/08\/sete-projetos-vencedores-do-orcamento-participativo-jovem-portugal-apresentados-hoje\/#primaryimage"},"thumbnailUrl":"https:\/\/www.altominho.tv\/site\/wp-content\/uploads\/2018\/01\/jo.jpg","keywords":["Sociedade"],"articleSection":["Alto Minho"],"inLanguage":"pt-PT","copyrightYear":"2018","copyrightHolder":{"@id":"https:\/\/www.altominho.tv\/site\/#organization"}},{"@type":"WebPage","@id":"https:\/\/www.altominho.tv\/site\/2018\/01\/08\/sete-projetos-vencedores-do-orcamento-participativo-jovem-portugal-apresentados-hoje\/","url":"https:\/\/www.altominho.tv\/site\/2018\/01\/08\/sete-projetos-vencedores-do-orcamento-participativo-jovem-portugal-apresentados-hoje\/","name":"Sete projetos vencedores do Or\u00e7amento Participativo Jovem Portugal apresentados hoje","isPartOf":{"@id":"https:\/\/www.altominho.tv\/site\/#website"},"primaryImageOfPage":{"@id":"https:\/\/www.altominho.tv\/site\/2018\/01\/08\/sete-projetos-vencedores-do-orcamento-participativo-jovem-portugal-apresentados-hoje\/#primaryimage"},"image":{"@id":"https:\/\/www.altominho.tv\/site\/2018\/01\/08\/sete-projetos-vencedores-do-orcamento-participativo-jovem-portugal-apresentados-hoje\/#primaryimage"},"thumbnailUrl":"https:\/\/www.altominho.tv\/site\/wp-content\/uploads\/2018\/01\/jo.jpg","datePublished":"2018-01-08T09:38:38+00:00","author":{"@id":"https:\/\/www.altominho.tv\/site\/#\/schema\/person\/5c9404a8b438614c93da6ca09db92574"},"breadcrumb":{"@id":"https:\/\/www.altominho.tv\/site\/2018\/01\/08\/sete-projetos-vencedores-do-orcamento-participativo-jovem-portugal-apresentados-hoje\/#breadcrumb"},"inLanguage":"pt-PT","potentialAction":[{"@type":"ReadAction","target":["https:\/\/www.altominho.tv\/site\/2018\/01\/08\/sete-projetos-vencedores-do-orcamento-participativo-jovem-portugal-apresentados-hoje\/"]}]},{"@type":"ImageObject","inLanguage":"pt-PT","@id":"https:\/\/www.altominho.tv\/site\/2018\/01\/08\/sete-projetos-vencedores-do-orcamento-participativo-jovem-portugal-apresentados-hoje\/#primaryimage","url":"https:\/\/www.altominho.tv\/site\/wp-content\/uploads\/2018\/01\/jo.jpg","contentUrl":"https:\/\/www.altominho.tv\/site\/wp-content\/uploads\/2018\/01\/jo.jpg","width":1380,"height":919},{"@type":"BreadcrumbList","@id":"https:\/\/www.altominho.tv\/site\/2018\/01\/08\/sete-projetos-vencedores-do-orcamento-participativo-jovem-portugal-apresentados-hoje\/#breadcrumb","itemListElement":[{"@type":"ListItem","position":1,"name":"In\u00edcio","item":"https:\/\/www.altominho.tv\/site\/"},{"@type":"ListItem","position":2,"name":"Sete projetos vencedores do Or\u00e7amento Participativo Jovem Portugal apresentados hoje"}]},{"@type":"WebSite","@id":"https:\/\/www.altominho.tv\/site\/#website","url":"https:\/\/www.altominho.tv\/site\/","name":"Altominho.tv","description":"A sua regi\u00e3o \u00e0 dist\u00e2ncia de um clique...","potentialAction":[{"@type":"SearchAction","target":{"@type":"EntryPoint","urlTemplate":"https:\/\/www.altominho.tv\/site\/?s={search_term_string}"},"query-input":{"@type":"PropertyValueSpecification","valueRequired":true,"valueName":"search_term_string"}}],"inLanguage":"pt-PT"},{"@type":"Person","@id":"https:\/\/www.altominho.tv\/site\/#\/schema\/person\/5c9404a8b438614c93da6ca09db92574","name":"C\u00e1tia Malheiro","image":{"@type":"ImageObject","inLanguage":"pt-PT","@id":"https:\/\/www.altominho.tv\/site\/wp-content\/uploads\/2017\/11\/Catia_Malheiro-150x150.jpg","url":"https:\/\/www.altominho.tv\/site\/wp-content\/uploads\/2017\/11\/Catia_Malheiro-150x150.jpg","contentUrl":"https:\/\/www.altominho.tv\/site\/wp-content\/uploads\/2017\/11\/Catia_Malheiro-150x150.jpg","caption":"C\u00e1tia Malheiro"},"url":"https:\/\/www.altominho.tv\/site\/author\/catiamalheiro\/"}]}},"_links":{"self":[{"href":"https:\/\/www.altominho.tv\/site\/wp-json\/wp\/v2\/posts\/8001","targetHints":{"allow":["GET"]}}],"collection":[{"href":"https:\/\/www.altominho.tv\/site\/wp-json\/wp\/v2\/posts"}],"about":[{"href":"https:\/\/www.altominho.tv\/site\/wp-json\/wp\/v2\/types\/post"}],"author":[{"embeddable":true,"href":"https:\/\/www.altominho.tv\/site\/wp-json\/wp\/v2\/users\/6"}],"replies":[{"embeddable":true,"href":"https:\/\/www.altominho.tv\/site\/wp-json\/wp\/v2\/comments?post=8001"}],"version-history":[{"count":0,"href":"https:\/\/www.altominho.tv\/site\/wp-json\/wp\/v2\/posts\/8001\/revisions"}],"wp:featuredmedia":[{"embeddable":true,"href":"https:\/\/www.altominho.tv\/site\/wp-json\/wp\/v2\/media\/8002"}],"wp:attachment":[{"href":"https:\/\/www.altominho.tv\/site\/wp-json\/wp\/v2\/media?parent=8001"}],"wp:term":[{"taxonomy":"category","embeddable":true,"href":"https:\/\/www.altominho.tv\/site\/wp-json\/wp\/v2\/categories?post=8001"},{"taxonomy":"post_tag","embeddable":true,"href":"https:\/\/www.altominho.tv\/site\/wp-json\/wp\/v2\/tags?post=8001"}],"curies":[{"name":"wp","href":"https:\/\/api.w.org\/{rel}","templated":true}]}}