{"id":7993,"date":"2018-01-07T09:59:17","date_gmt":"2018-01-07T09:59:17","guid":{"rendered":"http:\/\/www.altominho.tv\/site\/?p=7993"},"modified":"2018-01-07T09:59:37","modified_gmt":"2018-01-07T09:59:37","slug":"reis-magos-atravessaram-de-portugal-para-espanha","status":"publish","type":"post","link":"https:\/\/www.altominho.tv\/site\/2018\/01\/07\/reis-magos-atravessaram-de-portugal-para-espanha\/","title":{"rendered":"Reis Magos atravessaram de Portugal para Espanha"},"content":{"rendered":"<p><iframe loading=\"lazy\" width=\"770\" height=\"433\" src=\"https:\/\/www.youtube.com\/embed\/OrUBoNVB-xc?feature=oembed\" frameborder=\"0\" gesture=\"media\" allow=\"encrypted-media\" allowfullscreen><\/iframe><\/p>\n<p>Os Reis Magos do Oriente chegaram \u00e0 Eurocidade Valen\u00e7a Tui, a 5 de janeiro, numa Cavalgata Real com duas horas de magia, 3,5 Kms de extens\u00e3o e 1 tonelada de caramelos. As tr\u00eas carro\u00e7as aleg\u00f3ricas, magnificamente adornadas, dignas de levar suas majestades os Reis Magos sobressairam numa cavalgata que contou, ainda, com carros aleg\u00f3ricos de v\u00e1rias institui\u00e7\u00f5es de Tui e Valen\u00e7a.<\/p>\n<p>&nbsp;<\/p>\n","protected":false},"excerpt":{"rendered":"<p>Os Reis Magos do Oriente chegaram \u00e0 Eurocidade Valen\u00e7a Tui, a 5 de janeiro, numa Cavalgata Real com duas horas de magia, 3,5 Kms de extens\u00e3o e 1 tonelada de caramelos. As tr\u00eas carro\u00e7as aleg\u00f3ricas, magnificamente adornadas, dignas de levar suas majestades os Reis Magos sobressairam numa cavalgata que contou, ainda, com carros aleg\u00f3ricos de [&hellip;]<\/p>\n","protected":false},"author":11,"featured_media":7995,"comment_status":"closed","ping_status":"closed","sticky":false,"template":"","format":"video","meta":{"_exactmetrics_skip_tracking":false,"_exactmetrics_sitenote_active":false,"_exactmetrics_sitenote_note":"","_exactmetrics_sitenote_category":0,"footnotes":""},"categories":[13],"tags":[24],"class_list":["post-7993","post","type-post","status-publish","format-video","has-post-thumbnail","hentry","category-valenca","tag-lazer","post_format-post-format-video"],"yoast_head":"<!-- This site is optimized with the Yoast SEO Premium plugin v27.5 (Yoast SEO v27.5) - https:\/\/yoast.com\/product\/yoast-seo-premium-wordpress\/ -->\n<title>Reis Magos atravessaram de Portugal para Espanha<\/title>\n<meta name=\"robots\" content=\"index, follow, max-snippet:-1, max-image-preview:large, max-video-preview:-1\" \/>\n<link rel=\"canonical\" href=\"https:\/\/www.altominho.tv\/site\/2018\/01\/07\/reis-magos-atravessaram-de-portugal-para-espanha\/\" \/>\n<meta property=\"og:locale\" content=\"pt_PT\" \/>\n<meta property=\"og:type\" content=\"article\" \/>\n<meta property=\"og:title\" content=\"Reis Magos atravessaram de Portugal para Espanha\" \/>\n<meta property=\"og:description\" content=\"Os Reis Magos do Oriente chegaram \u00e0 Eurocidade Valen\u00e7a Tui, a 5 de janeiro, numa Cavalgata Real com duas horas de magia, 3,5 Kms de extens\u00e3o e 1 tonelada de caramelos. As tr\u00eas carro\u00e7as aleg\u00f3ricas, magnificamente adornadas, dignas de levar suas majestades os Reis Magos sobressairam numa cavalgata que contou, ainda, com carros aleg\u00f3ricos de [&hellip;]\" \/>\n<meta property=\"og:url\" content=\"https:\/\/www.altominho.tv\/site\/2018\/01\/07\/reis-magos-atravessaram-de-portugal-para-espanha\/\" \/>\n<meta property=\"og:site_name\" content=\"Altominho.tv\" \/>\n<meta property=\"article:publisher\" content=\"https:\/\/www.facebook.com\/altominhotv\" \/>\n<meta property=\"article:published_time\" content=\"2018-01-07T09:59:17+00:00\" \/>\n<meta property=\"article:modified_time\" content=\"2018-01-07T09:59:37+00:00\" \/>\n<meta property=\"og:image\" content=\"https:\/\/www.altominho.tv\/site\/wp-content\/uploads\/2018\/01\/maxresdefault-6.jpg\" \/>\n\t<meta property=\"og:image:width\" content=\"1280\" \/>\n\t<meta property=\"og:image:height\" content=\"720\" \/>\n\t<meta property=\"og:image:type\" content=\"image\/jpeg\" \/>\n<meta name=\"author\" content=\"M\u00e1rcio Ferreira\" \/>\n<meta name=\"twitter:card\" content=\"summary_large_image\" \/>\n<meta name=\"twitter:creator\" content=\"@altominhoTV\" \/>\n<meta name=\"twitter:site\" content=\"@altominhoTV\" \/>\n<meta name=\"twitter:label1\" content=\"Escrito por\" \/>\n\t<meta name=\"twitter:data1\" content=\"M\u00e1rcio Ferreira\" \/>\n<script type=\"application\/ld+json\" class=\"yoast-schema-graph\">{\"@context\":\"https:\\\/\\\/schema.org\",\"@graph\":[{\"@type\":\"Article\",\"@id\":\"https:\\\/\\\/www.altominho.tv\\\/site\\\/2018\\\/01\\\/07\\\/reis-magos-atravessaram-de-portugal-para-espanha\\\/#article\",\"isPartOf\":{\"@id\":\"https:\\\/\\\/www.altominho.tv\\\/site\\\/2018\\\/01\\\/07\\\/reis-magos-atravessaram-de-portugal-para-espanha\\\/\"},\"author\":{\"name\":\"M\u00e1rcio Ferreira\",\"@id\":\"https:\\\/\\\/www.altominho.tv\\\/site\\\/#\\\/schema\\\/person\\\/f836e37082b5dabe9144f3eb724ed5a7\"},\"headline\":\"Reis Magos atravessaram de Portugal para Espanha\",\"datePublished\":\"2018-01-07T09:59:17+00:00\",\"dateModified\":\"2018-01-07T09:59:37+00:00\",\"mainEntityOfPage\":{\"@id\":\"https:\\\/\\\/www.altominho.tv\\\/site\\\/2018\\\/01\\\/07\\\/reis-magos-atravessaram-de-portugal-para-espanha\\\/\"},\"wordCount\":80,\"image\":{\"@id\":\"https:\\\/\\\/www.altominho.tv\\\/site\\\/2018\\\/01\\\/07\\\/reis-magos-atravessaram-de-portugal-para-espanha\\\/#primaryimage\"},\"thumbnailUrl\":\"https:\\\/\\\/www.altominho.tv\\\/site\\\/wp-content\\\/uploads\\\/2018\\\/01\\\/maxresdefault-6.jpg\",\"keywords\":[\"Lazer\"],\"articleSection\":[\"Valen\u00e7a\"],\"inLanguage\":\"pt-PT\",\"copyrightYear\":\"2018\",\"copyrightHolder\":{\"@id\":\"https:\\\/\\\/www.altominho.tv\\\/site\\\/#organization\"}},{\"@type\":\"WebPage\",\"@id\":\"https:\\\/\\\/www.altominho.tv\\\/site\\\/2018\\\/01\\\/07\\\/reis-magos-atravessaram-de-portugal-para-espanha\\\/\",\"url\":\"https:\\\/\\\/www.altominho.tv\\\/site\\\/2018\\\/01\\\/07\\\/reis-magos-atravessaram-de-portugal-para-espanha\\\/\",\"name\":\"Reis Magos atravessaram de Portugal para Espanha\",\"isPartOf\":{\"@id\":\"https:\\\/\\\/www.altominho.tv\\\/site\\\/#website\"},\"primaryImageOfPage\":{\"@id\":\"https:\\\/\\\/www.altominho.tv\\\/site\\\/2018\\\/01\\\/07\\\/reis-magos-atravessaram-de-portugal-para-espanha\\\/#primaryimage\"},\"image\":{\"@id\":\"https:\\\/\\\/www.altominho.tv\\\/site\\\/2018\\\/01\\\/07\\\/reis-magos-atravessaram-de-portugal-para-espanha\\\/#primaryimage\"},\"thumbnailUrl\":\"https:\\\/\\\/www.altominho.tv\\\/site\\\/wp-content\\\/uploads\\\/2018\\\/01\\\/maxresdefault-6.jpg\",\"datePublished\":\"2018-01-07T09:59:17+00:00\",\"dateModified\":\"2018-01-07T09:59:37+00:00\",\"author\":{\"@id\":\"https:\\\/\\\/www.altominho.tv\\\/site\\\/#\\\/schema\\\/person\\\/f836e37082b5dabe9144f3eb724ed5a7\"},\"breadcrumb\":{\"@id\":\"https:\\\/\\\/www.altominho.tv\\\/site\\\/2018\\\/01\\\/07\\\/reis-magos-atravessaram-de-portugal-para-espanha\\\/#breadcrumb\"},\"inLanguage\":\"pt-PT\",\"potentialAction\":[{\"@type\":\"ReadAction\",\"target\":[\"https:\\\/\\\/www.altominho.tv\\\/site\\\/2018\\\/01\\\/07\\\/reis-magos-atravessaram-de-portugal-para-espanha\\\/\"]}]},{\"@type\":\"ImageObject\",\"inLanguage\":\"pt-PT\",\"@id\":\"https:\\\/\\\/www.altominho.tv\\\/site\\\/2018\\\/01\\\/07\\\/reis-magos-atravessaram-de-portugal-para-espanha\\\/#primaryimage\",\"url\":\"https:\\\/\\\/www.altominho.tv\\\/site\\\/wp-content\\\/uploads\\\/2018\\\/01\\\/maxresdefault-6.jpg\",\"contentUrl\":\"https:\\\/\\\/www.altominho.tv\\\/site\\\/wp-content\\\/uploads\\\/2018\\\/01\\\/maxresdefault-6.jpg\",\"width\":1280,\"height\":720},{\"@type\":\"BreadcrumbList\",\"@id\":\"https:\\\/\\\/www.altominho.tv\\\/site\\\/2018\\\/01\\\/07\\\/reis-magos-atravessaram-de-portugal-para-espanha\\\/#breadcrumb\",\"itemListElement\":[{\"@type\":\"ListItem\",\"position\":1,\"name\":\"In\u00edcio\",\"item\":\"https:\\\/\\\/www.altominho.tv\\\/site\\\/\"},{\"@type\":\"ListItem\",\"position\":2,\"name\":\"Reis Magos atravessaram de Portugal para Espanha\"}]},{\"@type\":\"WebSite\",\"@id\":\"https:\\\/\\\/www.altominho.tv\\\/site\\\/#website\",\"url\":\"https:\\\/\\\/www.altominho.tv\\\/site\\\/\",\"name\":\"Altominho.tv\",\"description\":\"A sua regi\u00e3o \u00e0 dist\u00e2ncia de um clique...\",\"potentialAction\":[{\"@type\":\"SearchAction\",\"target\":{\"@type\":\"EntryPoint\",\"urlTemplate\":\"https:\\\/\\\/www.altominho.tv\\\/site\\\/?s={search_term_string}\"},\"query-input\":{\"@type\":\"PropertyValueSpecification\",\"valueRequired\":true,\"valueName\":\"search_term_string\"}}],\"inLanguage\":\"pt-PT\"},{\"@type\":\"Person\",\"@id\":\"https:\\\/\\\/www.altominho.tv\\\/site\\\/#\\\/schema\\\/person\\\/f836e37082b5dabe9144f3eb724ed5a7\",\"name\":\"M\u00e1rcio Ferreira\",\"image\":{\"@type\":\"ImageObject\",\"inLanguage\":\"pt-PT\",\"@id\":\"https:\\\/\\\/www.altominho.tv\\\/site\\\/wp-content\\\/uploads\\\/2017\\\/11\\\/Marcio-150x150.jpg\",\"url\":\"https:\\\/\\\/www.altominho.tv\\\/site\\\/wp-content\\\/uploads\\\/2017\\\/11\\\/Marcio-150x150.jpg\",\"contentUrl\":\"https:\\\/\\\/www.altominho.tv\\\/site\\\/wp-content\\\/uploads\\\/2017\\\/11\\\/Marcio-150x150.jpg\",\"caption\":\"M\u00e1rcio Ferreira\"},\"url\":\"https:\\\/\\\/www.altominho.tv\\\/site\\\/author\\\/marcioferreira\\\/\"}]}<\/script>\n<meta property=\"og:video\" content=\"https:\/\/www.youtube.com\/embed\/OrUBoNVB-xc\" \/>\n<meta property=\"og:video:type\" content=\"text\/html\" \/>\n<meta property=\"og:video:duration\" content=\"122\" \/>\n<meta property=\"og:video:width\" content=\"480\" \/>\n<meta property=\"og:video:height\" content=\"270\" \/>\n<meta property=\"ya:ovs:adult\" content=\"false\" \/>\n<meta property=\"ya:ovs:upload_date\" content=\"2018-01-07T09:59:17+00:00\" \/>\n<meta property=\"ya:ovs:allow_embed\" content=\"true\" \/>\n<!-- \/ Yoast SEO Premium plugin. -->","yoast_head_json":{"title":"Reis Magos atravessaram de Portugal para Espanha","robots":{"index":"index","follow":"follow","max-snippet":"max-snippet:-1","max-image-preview":"max-image-preview:large","max-video-preview":"max-video-preview:-1"},"canonical":"https:\/\/www.altominho.tv\/site\/2018\/01\/07\/reis-magos-atravessaram-de-portugal-para-espanha\/","og_locale":"pt_PT","og_type":"article","og_title":"Reis Magos atravessaram de Portugal para Espanha","og_description":"Os Reis Magos do Oriente chegaram \u00e0 Eurocidade Valen\u00e7a Tui, a 5 de janeiro, numa Cavalgata Real com duas horas de magia, 3,5 Kms de extens\u00e3o e 1 tonelada de caramelos. As tr\u00eas carro\u00e7as aleg\u00f3ricas, magnificamente adornadas, dignas de levar suas majestades os Reis Magos sobressairam numa cavalgata que contou, ainda, com carros aleg\u00f3ricos de [&hellip;]","og_url":"https:\/\/www.altominho.tv\/site\/2018\/01\/07\/reis-magos-atravessaram-de-portugal-para-espanha\/","og_site_name":"Altominho.tv","article_publisher":"https:\/\/www.facebook.com\/altominhotv","article_published_time":"2018-01-07T09:59:17+00:00","article_modified_time":"2018-01-07T09:59:37+00:00","og_image":[{"width":1280,"height":720,"url":"https:\/\/www.altominho.tv\/site\/wp-content\/uploads\/2018\/01\/maxresdefault-6.jpg","type":"image\/jpeg"}],"author":"M\u00e1rcio Ferreira","twitter_card":"summary_large_image","twitter_creator":"@altominhoTV","twitter_site":"@altominhoTV","twitter_misc":{"Escrito por":"M\u00e1rcio Ferreira"},"schema":{"@context":"https:\/\/schema.org","@graph":[{"@type":"Article","@id":"https:\/\/www.altominho.tv\/site\/2018\/01\/07\/reis-magos-atravessaram-de-portugal-para-espanha\/#article","isPartOf":{"@id":"https:\/\/www.altominho.tv\/site\/2018\/01\/07\/reis-magos-atravessaram-de-portugal-para-espanha\/"},"author":{"name":"M\u00e1rcio Ferreira","@id":"https:\/\/www.altominho.tv\/site\/#\/schema\/person\/f836e37082b5dabe9144f3eb724ed5a7"},"headline":"Reis Magos atravessaram de Portugal para Espanha","datePublished":"2018-01-07T09:59:17+00:00","dateModified":"2018-01-07T09:59:37+00:00","mainEntityOfPage":{"@id":"https:\/\/www.altominho.tv\/site\/2018\/01\/07\/reis-magos-atravessaram-de-portugal-para-espanha\/"},"wordCount":80,"image":{"@id":"https:\/\/www.altominho.tv\/site\/2018\/01\/07\/reis-magos-atravessaram-de-portugal-para-espanha\/#primaryimage"},"thumbnailUrl":"https:\/\/www.altominho.tv\/site\/wp-content\/uploads\/2018\/01\/maxresdefault-6.jpg","keywords":["Lazer"],"articleSection":["Valen\u00e7a"],"inLanguage":"pt-PT","copyrightYear":"2018","copyrightHolder":{"@id":"https:\/\/www.altominho.tv\/site\/#organization"}},{"@type":"WebPage","@id":"https:\/\/www.altominho.tv\/site\/2018\/01\/07\/reis-magos-atravessaram-de-portugal-para-espanha\/","url":"https:\/\/www.altominho.tv\/site\/2018\/01\/07\/reis-magos-atravessaram-de-portugal-para-espanha\/","name":"Reis Magos atravessaram de Portugal para Espanha","isPartOf":{"@id":"https:\/\/www.altominho.tv\/site\/#website"},"primaryImageOfPage":{"@id":"https:\/\/www.altominho.tv\/site\/2018\/01\/07\/reis-magos-atravessaram-de-portugal-para-espanha\/#primaryimage"},"image":{"@id":"https:\/\/www.altominho.tv\/site\/2018\/01\/07\/reis-magos-atravessaram-de-portugal-para-espanha\/#primaryimage"},"thumbnailUrl":"https:\/\/www.altominho.tv\/site\/wp-content\/uploads\/2018\/01\/maxresdefault-6.jpg","datePublished":"2018-01-07T09:59:17+00:00","dateModified":"2018-01-07T09:59:37+00:00","author":{"@id":"https:\/\/www.altominho.tv\/site\/#\/schema\/person\/f836e37082b5dabe9144f3eb724ed5a7"},"breadcrumb":{"@id":"https:\/\/www.altominho.tv\/site\/2018\/01\/07\/reis-magos-atravessaram-de-portugal-para-espanha\/#breadcrumb"},"inLanguage":"pt-PT","potentialAction":[{"@type":"ReadAction","target":["https:\/\/www.altominho.tv\/site\/2018\/01\/07\/reis-magos-atravessaram-de-portugal-para-espanha\/"]}]},{"@type":"ImageObject","inLanguage":"pt-PT","@id":"https:\/\/www.altominho.tv\/site\/2018\/01\/07\/reis-magos-atravessaram-de-portugal-para-espanha\/#primaryimage","url":"https:\/\/www.altominho.tv\/site\/wp-content\/uploads\/2018\/01\/maxresdefault-6.jpg","contentUrl":"https:\/\/www.altominho.tv\/site\/wp-content\/uploads\/2018\/01\/maxresdefault-6.jpg","width":1280,"height":720},{"@type":"BreadcrumbList","@id":"https:\/\/www.altominho.tv\/site\/2018\/01\/07\/reis-magos-atravessaram-de-portugal-para-espanha\/#breadcrumb","itemListElement":[{"@type":"ListItem","position":1,"name":"In\u00edcio","item":"https:\/\/www.altominho.tv\/site\/"},{"@type":"ListItem","position":2,"name":"Reis Magos atravessaram de Portugal para Espanha"}]},{"@type":"WebSite","@id":"https:\/\/www.altominho.tv\/site\/#website","url":"https:\/\/www.altominho.tv\/site\/","name":"Altominho.tv","description":"A sua regi\u00e3o \u00e0 dist\u00e2ncia de um clique...","potentialAction":[{"@type":"SearchAction","target":{"@type":"EntryPoint","urlTemplate":"https:\/\/www.altominho.tv\/site\/?s={search_term_string}"},"query-input":{"@type":"PropertyValueSpecification","valueRequired":true,"valueName":"search_term_string"}}],"inLanguage":"pt-PT"},{"@type":"Person","@id":"https:\/\/www.altominho.tv\/site\/#\/schema\/person\/f836e37082b5dabe9144f3eb724ed5a7","name":"M\u00e1rcio Ferreira","image":{"@type":"ImageObject","inLanguage":"pt-PT","@id":"https:\/\/www.altominho.tv\/site\/wp-content\/uploads\/2017\/11\/Marcio-150x150.jpg","url":"https:\/\/www.altominho.tv\/site\/wp-content\/uploads\/2017\/11\/Marcio-150x150.jpg","contentUrl":"https:\/\/www.altominho.tv\/site\/wp-content\/uploads\/2017\/11\/Marcio-150x150.jpg","caption":"M\u00e1rcio Ferreira"},"url":"https:\/\/www.altominho.tv\/site\/author\/marcioferreira\/"}]},"og_video":"https:\/\/www.youtube.com\/embed\/OrUBoNVB-xc","og_video_type":"text\/html","og_video_duration":"122","og_video_width":"480","og_video_height":"270","ya_ovs_adult":"false","ya_ovs_upload_date":"2018-01-07T09:59:17+00:00","ya_ovs_allow_embed":"true"},"_links":{"self":[{"href":"https:\/\/www.altominho.tv\/site\/wp-json\/wp\/v2\/posts\/7993","targetHints":{"allow":["GET"]}}],"collection":[{"href":"https:\/\/www.altominho.tv\/site\/wp-json\/wp\/v2\/posts"}],"about":[{"href":"https:\/\/www.altominho.tv\/site\/wp-json\/wp\/v2\/types\/post"}],"author":[{"embeddable":true,"href":"https:\/\/www.altominho.tv\/site\/wp-json\/wp\/v2\/users\/11"}],"replies":[{"embeddable":true,"href":"https:\/\/www.altominho.tv\/site\/wp-json\/wp\/v2\/comments?post=7993"}],"version-history":[{"count":0,"href":"https:\/\/www.altominho.tv\/site\/wp-json\/wp\/v2\/posts\/7993\/revisions"}],"wp:featuredmedia":[{"embeddable":true,"href":"https:\/\/www.altominho.tv\/site\/wp-json\/wp\/v2\/media\/7995"}],"wp:attachment":[{"href":"https:\/\/www.altominho.tv\/site\/wp-json\/wp\/v2\/media?parent=7993"}],"wp:term":[{"taxonomy":"category","embeddable":true,"href":"https:\/\/www.altominho.tv\/site\/wp-json\/wp\/v2\/categories?post=7993"},{"taxonomy":"post_tag","embeddable":true,"href":"https:\/\/www.altominho.tv\/site\/wp-json\/wp\/v2\/tags?post=7993"}],"curies":[{"name":"wp","href":"https:\/\/api.w.org\/{rel}","templated":true}]}}