{"id":79916,"date":"2022-05-17T15:14:14","date_gmt":"2022-05-17T14:14:14","guid":{"rendered":"https:\/\/www.altominho.tv\/site\/?p=79916"},"modified":"2022-05-17T15:14:19","modified_gmt":"2022-05-17T14:14:19","slug":"paredes-de-coura-acolhe-encontro-com-ciencia-nos-dias-27-e-28-de-maio","status":"publish","type":"post","link":"https:\/\/www.altominho.tv\/site\/2022\/05\/17\/paredes-de-coura-acolhe-encontro-com-ciencia-nos-dias-27-e-28-de-maio\/","title":{"rendered":"Paredes de Coura acolhe Encontro com Ci\u00eancia nos dias 27 e 28 de maio"},"content":{"rendered":"<p>O Centro Cultural de Paredes de Coura recebe, nos dias 27 e 28 de maio, o primeiro Encontro com Ci\u00eancia, sob o tema \u201cA Terra no Universo e n\u00f3s na Terra\u201d.<\/p>\n<p>Segundo o munic\u00edpio, a iniciativa promovida pelo Agrupamento de Escolas de Paredes de Coura, atrav\u00e9s do grupo de F\u00edsica e Qu\u00edmica e do Clube Ci\u00eancia Viva na Escola \u2013 SOS Terra, e pela C\u00e2mara Municipal, \u00e9 dedicada a estudantes e professores, mas tamb\u00e9m est\u00e1 aberta ao p\u00fablico em geral.<\/p>\n<p>\u201cAcreditamos que ao promovermos as investiga\u00e7\u00f5es e os estudos das nossas institui\u00e7\u00f5es e dos nossos cientistas estamos a fomentar a cultura cient\u00edfica que \u00e9 determinante para progresso, para o bem-estar e a para a riqueza do nosso pa\u00eds\u201d, sublinhou o presidente da autarquia, citado na nota enviada \u00e0 imprensa.<\/p>\n<p>Vitor Paulo Pereira recorda que &#8220;o investimento no conhecimento dos \u00faltimos anos muito tem contribu\u00eddo para o desenvolvimento cient\u00edfico e tecnol\u00f3gico, que tem sido determinante na capta\u00e7\u00e3o de investimento e cria\u00e7\u00e3o de emprego&#8221; no concelho.<\/p>\n<p>\u201cO Conhecimento como base da Democracia (Desafios atuais clim\u00e1ticos, de sa\u00fade e trabalho)\u201d, por Alexandre Quintanilha, \u201cAs altera\u00e7\u00f5es clim\u00e1ticas \u00e0 luz da F\u00edsica\u201d, por Carlos Fiolhais, \u201cA Evolu\u00e7\u00e3o do Espa\u00e7o em Portugal\u201d, por Ricardo Conde, \u201cHidrog\u00e9nio o vetor energ\u00e9tico do futuro\u201d, por Daniela Falc\u00e3o, \u201cDa Idade da Magia a Galileu\u201d, por Paulo Maur\u00edcio, \u201cGeologia: Uma Ci\u00eancia da Terra e do Espa\u00e7o\u201d, por Rui Moura, e \u201cDivulgar ci\u00eancia\u201d, por Joana Moscoso, s\u00e3o as comunica\u00e7\u00f5es programadas para os dois dias da iniciativa.<\/p>\n<p>Para al\u00e9m das comunica\u00e7\u00f5es, este primeiro Encontro com Ci\u00eancia contempla exposi\u00e7\u00f5es tem\u00e1ticas, <em>workshops<\/em>, visitas a espa\u00e7os tecnol\u00f3gicos e de proximidade com a natureza existentes no concelho e observa\u00e7\u00e3o noturna de astros.<\/p>\n<p>As palestras e exposi\u00e7\u00f5es tem\u00e1ticas decorrer\u00e3o no Centro Cultural de Paredes de Coura e as restantes atividades t\u00eam lugar na Caixa do Brinquedo e na Elevadora.<\/p>\n<p>Todas as atividades s\u00e3o gratuitas, mas carecem de inscri\u00e7\u00e3o atrav\u00e9s das seguintes liga\u00e7\u00f5es: <a href=\"https:\/\/forms.office.com\/r\/sBkQ4yp3NU\" target=\"_blank\" rel=\"noopener\" data-saferedirecturl=\"https:\/\/www.google.com\/url?q=https:\/\/forms.office.com\/r\/sBkQ4yp3NU&amp;source=gmail&amp;ust=1652879659429000&amp;usg=AOvVaw2rBNbvp9DrEoIyaJENnQ0C\">https:\/\/forms.office.com\/r\/sBkQ4yp3NU<\/a>\u00a0(professores e p\u00fablico em geral) e\u00a0<a href=\"https:\/\/forms.office.com\/r\/LPMMQ4gZda\" target=\"_blank\" rel=\"noopener\" data-saferedirecturl=\"https:\/\/www.google.com\/url?q=https:\/\/forms.office.com\/r\/LPMMQ4gZda&amp;source=gmail&amp;ust=1652879659429000&amp;usg=AOvVaw1WlGxitxGCnQ_0IrtgvUBp\">https:\/\/forms.office.com\/r\/LPMMQ4gZda<\/a>\u00a0(escolas).<\/p>\n","protected":false},"excerpt":{"rendered":"<p>O Centro Cultural de Paredes de Coura recebe, nos dias 27 e 28 de maio, o primeiro Encontro com Ci\u00eancia, sob o tema \u201cA Terra no Universo e n\u00f3s na Terra\u201d. Segundo o munic\u00edpio, a iniciativa promovida pelo Agrupamento de Escolas de Paredes de Coura, atrav\u00e9s do grupo de F\u00edsica e Qu\u00edmica e do Clube [&hellip;]<\/p>\n","protected":false},"author":12,"featured_media":79920,"comment_status":"closed","ping_status":"closed","sticky":false,"template":"","format":"standard","meta":{"_exactmetrics_skip_tracking":false,"_exactmetrics_sitenote_active":false,"_exactmetrics_sitenote_note":"","_exactmetrics_sitenote_category":0,"footnotes":""},"categories":[10],"tags":[22],"class_list":["post-79916","post","type-post","status-publish","format-standard","has-post-thumbnail","hentry","category-paredes-de-coura","tag-educacao"],"yoast_head":"<!-- This site is optimized with the Yoast SEO Premium plugin v27.4 (Yoast SEO v27.4) - https:\/\/yoast.com\/product\/yoast-seo-premium-wordpress\/ -->\n<title>Paredes de Coura acolhe Encontro com Ci\u00eancia nos dias 27 e 28 de maio<\/title>\n<meta name=\"description\" content=\"O Centro Cultural de Paredes de Coura recebe, nos dias 27 e 28 de maio, o primeiro Encontro com Ci\u00eancia, sob o tema \u201cA Terra no Universo e n\u00f3s na Terra\u201d.\u00a0\u00a0\" \/>\n<meta name=\"robots\" content=\"index, follow, max-snippet:-1, max-image-preview:large, max-video-preview:-1\" \/>\n<link rel=\"canonical\" href=\"https:\/\/www.altominho.tv\/site\/2022\/05\/17\/paredes-de-coura-acolhe-encontro-com-ciencia-nos-dias-27-e-28-de-maio\/\" \/>\n<meta property=\"og:locale\" content=\"pt_PT\" \/>\n<meta property=\"og:type\" content=\"article\" \/>\n<meta property=\"og:title\" content=\"Paredes de Coura acolhe Encontro com Ci\u00eancia nos dias 27 e 28 de maio\" \/>\n<meta property=\"og:description\" content=\"O Centro Cultural de Paredes de Coura recebe, nos dias 27 e 28 de maio, o primeiro Encontro com Ci\u00eancia, sob o tema \u201cA Terra no Universo e n\u00f3s na Terra\u201d.\u00a0\u00a0\" \/>\n<meta property=\"og:url\" content=\"https:\/\/www.altominho.tv\/site\/2022\/05\/17\/paredes-de-coura-acolhe-encontro-com-ciencia-nos-dias-27-e-28-de-maio\/\" \/>\n<meta property=\"og:site_name\" content=\"Altominho.tv\" \/>\n<meta property=\"article:publisher\" content=\"https:\/\/www.facebook.com\/altominhotv\" \/>\n<meta property=\"article:published_time\" content=\"2022-05-17T14:14:14+00:00\" \/>\n<meta property=\"article:modified_time\" content=\"2022-05-17T14:14:19+00:00\" \/>\n<meta property=\"og:image\" content=\"https:\/\/www.altominho.tv\/site\/wp-content\/uploads\/2022\/05\/Encontro-ciencia.jpg\" \/>\n\t<meta property=\"og:image:width\" content=\"1987\" \/>\n\t<meta property=\"og:image:height\" content=\"1152\" \/>\n\t<meta property=\"og:image:type\" content=\"image\/jpeg\" \/>\n<meta name=\"author\" content=\"Andreia Ferreira\" \/>\n<meta name=\"twitter:card\" content=\"summary_large_image\" \/>\n<meta name=\"twitter:creator\" content=\"@altominhoTV\" \/>\n<meta name=\"twitter:site\" content=\"@altominhoTV\" \/>\n<meta name=\"twitter:label1\" content=\"Escrito por\" \/>\n\t<meta name=\"twitter:data1\" content=\"Andreia Ferreira\" \/>\n\t<meta name=\"twitter:label2\" content=\"Tempo estimado de leitura\" \/>\n\t<meta name=\"twitter:data2\" content=\"2 minutos\" \/>\n<script type=\"application\/ld+json\" class=\"yoast-schema-graph\">{\"@context\":\"https:\\\/\\\/schema.org\",\"@graph\":[{\"@type\":\"Article\",\"@id\":\"https:\\\/\\\/www.altominho.tv\\\/site\\\/2022\\\/05\\\/17\\\/paredes-de-coura-acolhe-encontro-com-ciencia-nos-dias-27-e-28-de-maio\\\/#article\",\"isPartOf\":{\"@id\":\"https:\\\/\\\/www.altominho.tv\\\/site\\\/2022\\\/05\\\/17\\\/paredes-de-coura-acolhe-encontro-com-ciencia-nos-dias-27-e-28-de-maio\\\/\"},\"author\":{\"name\":\"Andreia Ferreira\",\"@id\":\"https:\\\/\\\/www.altominho.tv\\\/site\\\/#\\\/schema\\\/person\\\/d9be4265364723f14ea8e0d56a1d38cd\"},\"headline\":\"Paredes de Coura acolhe Encontro com Ci\u00eancia nos dias 27 e 28 de maio\",\"datePublished\":\"2022-05-17T14:14:14+00:00\",\"dateModified\":\"2022-05-17T14:14:19+00:00\",\"mainEntityOfPage\":{\"@id\":\"https:\\\/\\\/www.altominho.tv\\\/site\\\/2022\\\/05\\\/17\\\/paredes-de-coura-acolhe-encontro-com-ciencia-nos-dias-27-e-28-de-maio\\\/\"},\"wordCount\":394,\"image\":{\"@id\":\"https:\\\/\\\/www.altominho.tv\\\/site\\\/2022\\\/05\\\/17\\\/paredes-de-coura-acolhe-encontro-com-ciencia-nos-dias-27-e-28-de-maio\\\/#primaryimage\"},\"thumbnailUrl\":\"https:\\\/\\\/www.altominho.tv\\\/site\\\/wp-content\\\/uploads\\\/2022\\\/05\\\/Encontro-ciencia.jpg\",\"keywords\":[\"Educa\u00e7\u00e3o\"],\"articleSection\":[\"Paredes de Coura\"],\"inLanguage\":\"pt-PT\",\"copyrightYear\":\"2022\",\"copyrightHolder\":{\"@id\":\"https:\\\/\\\/www.altominho.tv\\\/site\\\/#organization\"}},{\"@type\":\"WebPage\",\"@id\":\"https:\\\/\\\/www.altominho.tv\\\/site\\\/2022\\\/05\\\/17\\\/paredes-de-coura-acolhe-encontro-com-ciencia-nos-dias-27-e-28-de-maio\\\/\",\"url\":\"https:\\\/\\\/www.altominho.tv\\\/site\\\/2022\\\/05\\\/17\\\/paredes-de-coura-acolhe-encontro-com-ciencia-nos-dias-27-e-28-de-maio\\\/\",\"name\":\"Paredes de Coura acolhe Encontro com Ci\u00eancia nos dias 27 e 28 de maio\",\"isPartOf\":{\"@id\":\"https:\\\/\\\/www.altominho.tv\\\/site\\\/#website\"},\"primaryImageOfPage\":{\"@id\":\"https:\\\/\\\/www.altominho.tv\\\/site\\\/2022\\\/05\\\/17\\\/paredes-de-coura-acolhe-encontro-com-ciencia-nos-dias-27-e-28-de-maio\\\/#primaryimage\"},\"image\":{\"@id\":\"https:\\\/\\\/www.altominho.tv\\\/site\\\/2022\\\/05\\\/17\\\/paredes-de-coura-acolhe-encontro-com-ciencia-nos-dias-27-e-28-de-maio\\\/#primaryimage\"},\"thumbnailUrl\":\"https:\\\/\\\/www.altominho.tv\\\/site\\\/wp-content\\\/uploads\\\/2022\\\/05\\\/Encontro-ciencia.jpg\",\"datePublished\":\"2022-05-17T14:14:14+00:00\",\"dateModified\":\"2022-05-17T14:14:19+00:00\",\"author\":{\"@id\":\"https:\\\/\\\/www.altominho.tv\\\/site\\\/#\\\/schema\\\/person\\\/d9be4265364723f14ea8e0d56a1d38cd\"},\"description\":\"O Centro Cultural de Paredes de Coura recebe, nos dias 27 e 28 de maio, o primeiro Encontro com Ci\u00eancia, sob o tema \u201cA Terra no Universo e n\u00f3s na Terra\u201d.\u00a0\u00a0\",\"breadcrumb\":{\"@id\":\"https:\\\/\\\/www.altominho.tv\\\/site\\\/2022\\\/05\\\/17\\\/paredes-de-coura-acolhe-encontro-com-ciencia-nos-dias-27-e-28-de-maio\\\/#breadcrumb\"},\"inLanguage\":\"pt-PT\",\"potentialAction\":[{\"@type\":\"ReadAction\",\"target\":[\"https:\\\/\\\/www.altominho.tv\\\/site\\\/2022\\\/05\\\/17\\\/paredes-de-coura-acolhe-encontro-com-ciencia-nos-dias-27-e-28-de-maio\\\/\"]}]},{\"@type\":\"ImageObject\",\"inLanguage\":\"pt-PT\",\"@id\":\"https:\\\/\\\/www.altominho.tv\\\/site\\\/2022\\\/05\\\/17\\\/paredes-de-coura-acolhe-encontro-com-ciencia-nos-dias-27-e-28-de-maio\\\/#primaryimage\",\"url\":\"https:\\\/\\\/www.altominho.tv\\\/site\\\/wp-content\\\/uploads\\\/2022\\\/05\\\/Encontro-ciencia.jpg\",\"contentUrl\":\"https:\\\/\\\/www.altominho.tv\\\/site\\\/wp-content\\\/uploads\\\/2022\\\/05\\\/Encontro-ciencia.jpg\",\"width\":1987,\"height\":1152},{\"@type\":\"BreadcrumbList\",\"@id\":\"https:\\\/\\\/www.altominho.tv\\\/site\\\/2022\\\/05\\\/17\\\/paredes-de-coura-acolhe-encontro-com-ciencia-nos-dias-27-e-28-de-maio\\\/#breadcrumb\",\"itemListElement\":[{\"@type\":\"ListItem\",\"position\":1,\"name\":\"In\u00edcio\",\"item\":\"https:\\\/\\\/www.altominho.tv\\\/site\\\/\"},{\"@type\":\"ListItem\",\"position\":2,\"name\":\"Paredes de Coura acolhe Encontro com Ci\u00eancia nos dias 27 e 28 de maio\"}]},{\"@type\":\"WebSite\",\"@id\":\"https:\\\/\\\/www.altominho.tv\\\/site\\\/#website\",\"url\":\"https:\\\/\\\/www.altominho.tv\\\/site\\\/\",\"name\":\"Altominho.tv\",\"description\":\"A sua regi\u00e3o \u00e0 dist\u00e2ncia de um clique...\",\"potentialAction\":[{\"@type\":\"SearchAction\",\"target\":{\"@type\":\"EntryPoint\",\"urlTemplate\":\"https:\\\/\\\/www.altominho.tv\\\/site\\\/?s={search_term_string}\"},\"query-input\":{\"@type\":\"PropertyValueSpecification\",\"valueRequired\":true,\"valueName\":\"search_term_string\"}}],\"inLanguage\":\"pt-PT\"},{\"@type\":\"Person\",\"@id\":\"https:\\\/\\\/www.altominho.tv\\\/site\\\/#\\\/schema\\\/person\\\/d9be4265364723f14ea8e0d56a1d38cd\",\"name\":\"Andreia Ferreira\",\"image\":{\"@type\":\"ImageObject\",\"inLanguage\":\"pt-PT\",\"@id\":\"https:\\\/\\\/www.altominho.tv\\\/site\\\/wp-content\\\/uploads\\\/2021\\\/01\\\/AndreiaFerreira-150x150.jpg\",\"url\":\"https:\\\/\\\/www.altominho.tv\\\/site\\\/wp-content\\\/uploads\\\/2021\\\/01\\\/AndreiaFerreira-150x150.jpg\",\"contentUrl\":\"https:\\\/\\\/www.altominho.tv\\\/site\\\/wp-content\\\/uploads\\\/2021\\\/01\\\/AndreiaFerreira-150x150.jpg\",\"caption\":\"Andreia Ferreira\"},\"url\":\"https:\\\/\\\/www.altominho.tv\\\/site\\\/author\\\/andreiaferreira\\\/\"}]}<\/script>\n<!-- \/ Yoast SEO Premium plugin. -->","yoast_head_json":{"title":"Paredes de Coura acolhe Encontro com Ci\u00eancia nos dias 27 e 28 de maio","description":"O Centro Cultural de Paredes de Coura recebe, nos dias 27 e 28 de maio, o primeiro Encontro com Ci\u00eancia, sob o tema \u201cA Terra no Universo e n\u00f3s na Terra\u201d.\u00a0\u00a0","robots":{"index":"index","follow":"follow","max-snippet":"max-snippet:-1","max-image-preview":"max-image-preview:large","max-video-preview":"max-video-preview:-1"},"canonical":"https:\/\/www.altominho.tv\/site\/2022\/05\/17\/paredes-de-coura-acolhe-encontro-com-ciencia-nos-dias-27-e-28-de-maio\/","og_locale":"pt_PT","og_type":"article","og_title":"Paredes de Coura acolhe Encontro com Ci\u00eancia nos dias 27 e 28 de maio","og_description":"O Centro Cultural de Paredes de Coura recebe, nos dias 27 e 28 de maio, o primeiro Encontro com Ci\u00eancia, sob o tema \u201cA Terra no Universo e n\u00f3s na Terra\u201d.\u00a0\u00a0","og_url":"https:\/\/www.altominho.tv\/site\/2022\/05\/17\/paredes-de-coura-acolhe-encontro-com-ciencia-nos-dias-27-e-28-de-maio\/","og_site_name":"Altominho.tv","article_publisher":"https:\/\/www.facebook.com\/altominhotv","article_published_time":"2022-05-17T14:14:14+00:00","article_modified_time":"2022-05-17T14:14:19+00:00","og_image":[{"width":1987,"height":1152,"url":"https:\/\/www.altominho.tv\/site\/wp-content\/uploads\/2022\/05\/Encontro-ciencia.jpg","type":"image\/jpeg"}],"author":"Andreia Ferreira","twitter_card":"summary_large_image","twitter_creator":"@altominhoTV","twitter_site":"@altominhoTV","twitter_misc":{"Escrito por":"Andreia Ferreira","Tempo estimado de leitura":"2 minutos"},"schema":{"@context":"https:\/\/schema.org","@graph":[{"@type":"Article","@id":"https:\/\/www.altominho.tv\/site\/2022\/05\/17\/paredes-de-coura-acolhe-encontro-com-ciencia-nos-dias-27-e-28-de-maio\/#article","isPartOf":{"@id":"https:\/\/www.altominho.tv\/site\/2022\/05\/17\/paredes-de-coura-acolhe-encontro-com-ciencia-nos-dias-27-e-28-de-maio\/"},"author":{"name":"Andreia Ferreira","@id":"https:\/\/www.altominho.tv\/site\/#\/schema\/person\/d9be4265364723f14ea8e0d56a1d38cd"},"headline":"Paredes de Coura acolhe Encontro com Ci\u00eancia nos dias 27 e 28 de maio","datePublished":"2022-05-17T14:14:14+00:00","dateModified":"2022-05-17T14:14:19+00:00","mainEntityOfPage":{"@id":"https:\/\/www.altominho.tv\/site\/2022\/05\/17\/paredes-de-coura-acolhe-encontro-com-ciencia-nos-dias-27-e-28-de-maio\/"},"wordCount":394,"image":{"@id":"https:\/\/www.altominho.tv\/site\/2022\/05\/17\/paredes-de-coura-acolhe-encontro-com-ciencia-nos-dias-27-e-28-de-maio\/#primaryimage"},"thumbnailUrl":"https:\/\/www.altominho.tv\/site\/wp-content\/uploads\/2022\/05\/Encontro-ciencia.jpg","keywords":["Educa\u00e7\u00e3o"],"articleSection":["Paredes de Coura"],"inLanguage":"pt-PT","copyrightYear":"2022","copyrightHolder":{"@id":"https:\/\/www.altominho.tv\/site\/#organization"}},{"@type":"WebPage","@id":"https:\/\/www.altominho.tv\/site\/2022\/05\/17\/paredes-de-coura-acolhe-encontro-com-ciencia-nos-dias-27-e-28-de-maio\/","url":"https:\/\/www.altominho.tv\/site\/2022\/05\/17\/paredes-de-coura-acolhe-encontro-com-ciencia-nos-dias-27-e-28-de-maio\/","name":"Paredes de Coura acolhe Encontro com Ci\u00eancia nos dias 27 e 28 de maio","isPartOf":{"@id":"https:\/\/www.altominho.tv\/site\/#website"},"primaryImageOfPage":{"@id":"https:\/\/www.altominho.tv\/site\/2022\/05\/17\/paredes-de-coura-acolhe-encontro-com-ciencia-nos-dias-27-e-28-de-maio\/#primaryimage"},"image":{"@id":"https:\/\/www.altominho.tv\/site\/2022\/05\/17\/paredes-de-coura-acolhe-encontro-com-ciencia-nos-dias-27-e-28-de-maio\/#primaryimage"},"thumbnailUrl":"https:\/\/www.altominho.tv\/site\/wp-content\/uploads\/2022\/05\/Encontro-ciencia.jpg","datePublished":"2022-05-17T14:14:14+00:00","dateModified":"2022-05-17T14:14:19+00:00","author":{"@id":"https:\/\/www.altominho.tv\/site\/#\/schema\/person\/d9be4265364723f14ea8e0d56a1d38cd"},"description":"O Centro Cultural de Paredes de Coura recebe, nos dias 27 e 28 de maio, o primeiro Encontro com Ci\u00eancia, sob o tema \u201cA Terra no Universo e n\u00f3s na Terra\u201d.\u00a0\u00a0","breadcrumb":{"@id":"https:\/\/www.altominho.tv\/site\/2022\/05\/17\/paredes-de-coura-acolhe-encontro-com-ciencia-nos-dias-27-e-28-de-maio\/#breadcrumb"},"inLanguage":"pt-PT","potentialAction":[{"@type":"ReadAction","target":["https:\/\/www.altominho.tv\/site\/2022\/05\/17\/paredes-de-coura-acolhe-encontro-com-ciencia-nos-dias-27-e-28-de-maio\/"]}]},{"@type":"ImageObject","inLanguage":"pt-PT","@id":"https:\/\/www.altominho.tv\/site\/2022\/05\/17\/paredes-de-coura-acolhe-encontro-com-ciencia-nos-dias-27-e-28-de-maio\/#primaryimage","url":"https:\/\/www.altominho.tv\/site\/wp-content\/uploads\/2022\/05\/Encontro-ciencia.jpg","contentUrl":"https:\/\/www.altominho.tv\/site\/wp-content\/uploads\/2022\/05\/Encontro-ciencia.jpg","width":1987,"height":1152},{"@type":"BreadcrumbList","@id":"https:\/\/www.altominho.tv\/site\/2022\/05\/17\/paredes-de-coura-acolhe-encontro-com-ciencia-nos-dias-27-e-28-de-maio\/#breadcrumb","itemListElement":[{"@type":"ListItem","position":1,"name":"In\u00edcio","item":"https:\/\/www.altominho.tv\/site\/"},{"@type":"ListItem","position":2,"name":"Paredes de Coura acolhe Encontro com Ci\u00eancia nos dias 27 e 28 de maio"}]},{"@type":"WebSite","@id":"https:\/\/www.altominho.tv\/site\/#website","url":"https:\/\/www.altominho.tv\/site\/","name":"Altominho.tv","description":"A sua regi\u00e3o \u00e0 dist\u00e2ncia de um clique...","potentialAction":[{"@type":"SearchAction","target":{"@type":"EntryPoint","urlTemplate":"https:\/\/www.altominho.tv\/site\/?s={search_term_string}"},"query-input":{"@type":"PropertyValueSpecification","valueRequired":true,"valueName":"search_term_string"}}],"inLanguage":"pt-PT"},{"@type":"Person","@id":"https:\/\/www.altominho.tv\/site\/#\/schema\/person\/d9be4265364723f14ea8e0d56a1d38cd","name":"Andreia Ferreira","image":{"@type":"ImageObject","inLanguage":"pt-PT","@id":"https:\/\/www.altominho.tv\/site\/wp-content\/uploads\/2021\/01\/AndreiaFerreira-150x150.jpg","url":"https:\/\/www.altominho.tv\/site\/wp-content\/uploads\/2021\/01\/AndreiaFerreira-150x150.jpg","contentUrl":"https:\/\/www.altominho.tv\/site\/wp-content\/uploads\/2021\/01\/AndreiaFerreira-150x150.jpg","caption":"Andreia Ferreira"},"url":"https:\/\/www.altominho.tv\/site\/author\/andreiaferreira\/"}]}},"_links":{"self":[{"href":"https:\/\/www.altominho.tv\/site\/wp-json\/wp\/v2\/posts\/79916","targetHints":{"allow":["GET"]}}],"collection":[{"href":"https:\/\/www.altominho.tv\/site\/wp-json\/wp\/v2\/posts"}],"about":[{"href":"https:\/\/www.altominho.tv\/site\/wp-json\/wp\/v2\/types\/post"}],"author":[{"embeddable":true,"href":"https:\/\/www.altominho.tv\/site\/wp-json\/wp\/v2\/users\/12"}],"replies":[{"embeddable":true,"href":"https:\/\/www.altominho.tv\/site\/wp-json\/wp\/v2\/comments?post=79916"}],"version-history":[{"count":0,"href":"https:\/\/www.altominho.tv\/site\/wp-json\/wp\/v2\/posts\/79916\/revisions"}],"wp:featuredmedia":[{"embeddable":true,"href":"https:\/\/www.altominho.tv\/site\/wp-json\/wp\/v2\/media\/79920"}],"wp:attachment":[{"href":"https:\/\/www.altominho.tv\/site\/wp-json\/wp\/v2\/media?parent=79916"}],"wp:term":[{"taxonomy":"category","embeddable":true,"href":"https:\/\/www.altominho.tv\/site\/wp-json\/wp\/v2\/categories?post=79916"},{"taxonomy":"post_tag","embeddable":true,"href":"https:\/\/www.altominho.tv\/site\/wp-json\/wp\/v2\/tags?post=79916"}],"curies":[{"name":"wp","href":"https:\/\/api.w.org\/{rel}","templated":true}]}}