{"id":79910,"date":"2022-05-17T14:07:01","date_gmt":"2022-05-17T13:07:01","guid":{"rendered":"https:\/\/www.altominho.tv\/site\/?p=79910"},"modified":"2022-05-17T14:07:07","modified_gmt":"2022-05-17T13:07:07","slug":"norte-cultura","status":"publish","type":"post","link":"https:\/\/www.altominho.tv\/site\/2022\/05\/17\/norte-cultura\/","title":{"rendered":"Regi\u00f5es Centro e Norte as mais abrangidas no primeiro programa de apoio da RTCP"},"content":{"rendered":"\n<p>As regi\u00f5es Centro e Norte re\u00fanem mais de metade dos 39 projetos de programa\u00e7\u00e3o de equipamentos culturais financiados no \u00e2mbito da Rede de Teatros e Cineteatros Portugueses (RTCP), anunciou hoje a Dire\u00e7\u00e3o-Geral das Artes (DGArtes).<\/p>\n\n\n\n<p>De acordo com os resultados do primeiro concurso de apoio \u00e0 programa\u00e7\u00e3o dos teatros e cineteatros credenciados na RTCP, 39 projetos ir\u00e3o receber apoio financeiro num valor global de 5,1 milh\u00f5es de euros, que a DGArtes, num comunicado hoje divulgado, considera ser \u201cum contributo decisivo para assegurar uma gest\u00e3o regular e cont\u00ednua da oferta cultural dos equipamentos promotores destes projetos\u201d.<\/p>\n\n\n\n<p>Em rela\u00e7\u00e3o aos resultados provis\u00f3rios do concurso, divulgados no m\u00eas passado, h\u00e1 mais um projeto apoiado. Na altura, a DGArtes explicou que tinham sido recebidas 61 candidaturas, das quais quatro foram exclu\u00eddas, tendo sido decidida a atribui\u00e7\u00e3o de apoio financeiro a 38 equipamentos culturais.<\/p>\n\n\n\n<p>Segundo os resultados finais, na regi\u00e3o Centro h\u00e1 17 projetos apoiados (com 2,1 milh\u00f5es de euros), no Norte 11 (1,5 milh\u00f5es de euros), na \u00c1rea Metropolitana de Lisboa cinco (550 mil euros), no Algarve tr\u00eas (450 mil euros), no Alentejo dois (350 mil euros) e na Regi\u00e3o Aut\u00f3noma da Madeira um (150 mil euros). A Regi\u00e3o Aut\u00f3noma dos A\u00e7ores, onde apenas o Coliseu Micaelense est\u00e1 credenciado na RTCP, ficou de fora dos apoios.<\/p>\n\n\n\n<p>A DGArtes recorda que esta modalidade de apoio \u201ctem ciclos de abertura bienais, pelo que est\u00e1 previsto um novo concurso j\u00e1 em 2023\u201d.<\/p>\n\n\n\n<p>O concurso de apoio financeiro aos equipamentos culturais credenciados da RTCP tem um montante anual de seis milh\u00f5es de euros, entre 2022 e 2025, perfazendo um total de 24 milh\u00f5es de euros.<\/p>\n\n\n\n<p>Na candidatura, os espa\u00e7os culturais deveriam apresentar as linhas orientadores de uma programa\u00e7\u00e3o a quatro anos, \u201ccalendarizados entre 01 de janeiro de 2022 e 31 de dezembro de 2025\u201d, por ciclos ou temporadas, abrangendo v\u00e1rias artes performativas e podendo ainda incluir, por exemplo, cinema, resid\u00eancias e a\u00e7\u00f5es de media\u00e7\u00e3o e de forma\u00e7\u00e3o.<\/p>\n\n\n\n<p>\u201cO objetivo principal \u00e9 promover uma oferta cultural regular e cont\u00ednua em todo o territ\u00f3rio\u201d, explica a DGArtes.<\/p>\n\n\n\n<p>A RTCP foi criada para combater as assimetrias regionais e para fomentar a \u201ccoes\u00e3o territorial no acesso \u00e0 cultura e \u00e0s artes em Portugal\u201d.<\/p>\n\n\n\n<p>A rede assenta \u201cna descentraliza\u00e7\u00e3o e na responsabilidade partilhada do Estado central com as autarquias e as entidades independentes\u201d, l\u00ea-se na p\u00e1gina da DGArtes.<\/p>\n\n\n\n<p>Cerca de 80 equipamentos culturais aderiram j\u00e1 \u00e0 RTCP, entre audit\u00f3rios municipais, casas de cultura, teatros e cineteatros, centros culturais e centros de artes.<\/p>\n\n\n\n<p>Segundo a DGArtes, este m\u00eas ser\u00e3o lan\u00e7adas \u201ca\u00e7\u00f5es de valoriza\u00e7\u00e3o e qualifica\u00e7\u00e3o de recursos humanos\u201d dos equipamentos culturais credenciados, com a dura\u00e7\u00e3o de oito meses.<\/p>\n","protected":false},"excerpt":{"rendered":"<p>As regi\u00f5es Centro e Norte re\u00fanem mais de metade dos 39 projetos de programa\u00e7\u00e3o de equipamentos culturais financiados no \u00e2mbito da Rede de Teatros e Cineteatros Portugueses (RTCP), anunciou hoje a Dire\u00e7\u00e3o-Geral das Artes (DGArtes). De acordo com os resultados do primeiro concurso de apoio \u00e0 programa\u00e7\u00e3o dos teatros e cineteatros credenciados na RTCP, 39 [&hellip;]<\/p>\n","protected":false},"author":16,"featured_media":79911,"comment_status":"closed","ping_status":"closed","sticky":false,"template":"","format":"standard","meta":{"_exactmetrics_skip_tracking":false,"_exactmetrics_sitenote_active":false,"_exactmetrics_sitenote_note":"","_exactmetrics_sitenote_category":0,"footnotes":""},"categories":[73],"tags":[19],"class_list":["post-79910","post","type-post","status-publish","format-standard","has-post-thumbnail","hentry","category-alto-minho","tag-cultura"],"yoast_head":"<!-- This site is optimized with the Yoast SEO Premium plugin v27.4 (Yoast SEO v27.4) - https:\/\/yoast.com\/product\/yoast-seo-premium-wordpress\/ -->\n<title>Regi\u00f5es Centro e Norte as mais abrangidas no primeiro programa de apoio da RTCP<\/title>\n<meta name=\"robots\" content=\"index, follow, max-snippet:-1, max-image-preview:large, max-video-preview:-1\" \/>\n<link rel=\"canonical\" href=\"https:\/\/www.altominho.tv\/site\/2022\/05\/17\/norte-cultura\/\" \/>\n<meta property=\"og:locale\" content=\"pt_PT\" \/>\n<meta property=\"og:type\" content=\"article\" \/>\n<meta property=\"og:title\" content=\"Regi\u00f5es Centro e Norte as mais abrangidas no primeiro programa de apoio da RTCP\" \/>\n<meta property=\"og:description\" content=\"As regi\u00f5es Centro e Norte re\u00fanem mais de metade dos 39 projetos de programa\u00e7\u00e3o de equipamentos culturais financiados no \u00e2mbito da Rede de Teatros e Cineteatros Portugueses (RTCP), anunciou hoje a Dire\u00e7\u00e3o-Geral das Artes (DGArtes). De acordo com os resultados do primeiro concurso de apoio \u00e0 programa\u00e7\u00e3o dos teatros e cineteatros credenciados na RTCP, 39 [&hellip;]\" \/>\n<meta property=\"og:url\" content=\"https:\/\/www.altominho.tv\/site\/2022\/05\/17\/norte-cultura\/\" \/>\n<meta property=\"og:site_name\" content=\"Altominho.tv\" \/>\n<meta property=\"article:publisher\" content=\"https:\/\/www.facebook.com\/altominhotv\" \/>\n<meta property=\"article:published_time\" content=\"2022-05-17T13:07:01+00:00\" \/>\n<meta property=\"article:modified_time\" content=\"2022-05-17T13:07:07+00:00\" \/>\n<meta property=\"og:image\" content=\"https:\/\/www.altominho.tv\/site\/wp-content\/uploads\/2022\/05\/teatro-1.jpg\" \/>\n\t<meta property=\"og:image:width\" content=\"750\" \/>\n\t<meta property=\"og:image:height\" content=\"422\" \/>\n\t<meta property=\"og:image:type\" content=\"image\/jpeg\" \/>\n<meta name=\"author\" content=\"Andreia Cunha | Lusa\" \/>\n<meta name=\"twitter:card\" content=\"summary_large_image\" \/>\n<meta name=\"twitter:creator\" content=\"@altominhoTV\" \/>\n<meta name=\"twitter:site\" content=\"@altominhoTV\" \/>\n<meta name=\"twitter:label1\" content=\"Escrito por\" \/>\n\t<meta name=\"twitter:data1\" content=\"Andreia Cunha | Lusa\" \/>\n\t<meta name=\"twitter:label2\" content=\"Tempo estimado de leitura\" \/>\n\t<meta name=\"twitter:data2\" content=\"3 minutos\" \/>\n<script type=\"application\/ld+json\" class=\"yoast-schema-graph\">{\"@context\":\"https:\\\/\\\/schema.org\",\"@graph\":[{\"@type\":\"Article\",\"@id\":\"https:\\\/\\\/www.altominho.tv\\\/site\\\/2022\\\/05\\\/17\\\/norte-cultura\\\/#article\",\"isPartOf\":{\"@id\":\"https:\\\/\\\/www.altominho.tv\\\/site\\\/2022\\\/05\\\/17\\\/norte-cultura\\\/\"},\"author\":{\"name\":\"Andreia Cunha | Lusa\",\"@id\":\"https:\\\/\\\/www.altominho.tv\\\/site\\\/#\\\/schema\\\/person\\\/dbaf181c01b51ff40c9f461a905d321e\"},\"headline\":\"Regi\u00f5es Centro e Norte as mais abrangidas no primeiro programa de apoio da RTCP\",\"datePublished\":\"2022-05-17T13:07:01+00:00\",\"dateModified\":\"2022-05-17T13:07:07+00:00\",\"mainEntityOfPage\":{\"@id\":\"https:\\\/\\\/www.altominho.tv\\\/site\\\/2022\\\/05\\\/17\\\/norte-cultura\\\/\"},\"wordCount\":469,\"image\":{\"@id\":\"https:\\\/\\\/www.altominho.tv\\\/site\\\/2022\\\/05\\\/17\\\/norte-cultura\\\/#primaryimage\"},\"thumbnailUrl\":\"https:\\\/\\\/www.altominho.tv\\\/site\\\/wp-content\\\/uploads\\\/2022\\\/05\\\/teatro-1.jpg\",\"keywords\":[\"Cultura\"],\"articleSection\":[\"Alto Minho\"],\"inLanguage\":\"pt-PT\",\"copyrightYear\":\"2022\",\"copyrightHolder\":{\"@id\":\"https:\\\/\\\/www.altominho.tv\\\/site\\\/#organization\"}},{\"@type\":\"WebPage\",\"@id\":\"https:\\\/\\\/www.altominho.tv\\\/site\\\/2022\\\/05\\\/17\\\/norte-cultura\\\/\",\"url\":\"https:\\\/\\\/www.altominho.tv\\\/site\\\/2022\\\/05\\\/17\\\/norte-cultura\\\/\",\"name\":\"Regi\u00f5es Centro e Norte as mais abrangidas no primeiro programa de apoio da RTCP\",\"isPartOf\":{\"@id\":\"https:\\\/\\\/www.altominho.tv\\\/site\\\/#website\"},\"primaryImageOfPage\":{\"@id\":\"https:\\\/\\\/www.altominho.tv\\\/site\\\/2022\\\/05\\\/17\\\/norte-cultura\\\/#primaryimage\"},\"image\":{\"@id\":\"https:\\\/\\\/www.altominho.tv\\\/site\\\/2022\\\/05\\\/17\\\/norte-cultura\\\/#primaryimage\"},\"thumbnailUrl\":\"https:\\\/\\\/www.altominho.tv\\\/site\\\/wp-content\\\/uploads\\\/2022\\\/05\\\/teatro-1.jpg\",\"datePublished\":\"2022-05-17T13:07:01+00:00\",\"dateModified\":\"2022-05-17T13:07:07+00:00\",\"author\":{\"@id\":\"https:\\\/\\\/www.altominho.tv\\\/site\\\/#\\\/schema\\\/person\\\/dbaf181c01b51ff40c9f461a905d321e\"},\"breadcrumb\":{\"@id\":\"https:\\\/\\\/www.altominho.tv\\\/site\\\/2022\\\/05\\\/17\\\/norte-cultura\\\/#breadcrumb\"},\"inLanguage\":\"pt-PT\",\"potentialAction\":[{\"@type\":\"ReadAction\",\"target\":[\"https:\\\/\\\/www.altominho.tv\\\/site\\\/2022\\\/05\\\/17\\\/norte-cultura\\\/\"]}]},{\"@type\":\"ImageObject\",\"inLanguage\":\"pt-PT\",\"@id\":\"https:\\\/\\\/www.altominho.tv\\\/site\\\/2022\\\/05\\\/17\\\/norte-cultura\\\/#primaryimage\",\"url\":\"https:\\\/\\\/www.altominho.tv\\\/site\\\/wp-content\\\/uploads\\\/2022\\\/05\\\/teatro-1.jpg\",\"contentUrl\":\"https:\\\/\\\/www.altominho.tv\\\/site\\\/wp-content\\\/uploads\\\/2022\\\/05\\\/teatro-1.jpg\",\"width\":750,\"height\":422},{\"@type\":\"BreadcrumbList\",\"@id\":\"https:\\\/\\\/www.altominho.tv\\\/site\\\/2022\\\/05\\\/17\\\/norte-cultura\\\/#breadcrumb\",\"itemListElement\":[{\"@type\":\"ListItem\",\"position\":1,\"name\":\"In\u00edcio\",\"item\":\"https:\\\/\\\/www.altominho.tv\\\/site\\\/\"},{\"@type\":\"ListItem\",\"position\":2,\"name\":\"Regi\u00f5es Centro e Norte as mais abrangidas no primeiro programa de apoio da RTCP\"}]},{\"@type\":\"WebSite\",\"@id\":\"https:\\\/\\\/www.altominho.tv\\\/site\\\/#website\",\"url\":\"https:\\\/\\\/www.altominho.tv\\\/site\\\/\",\"name\":\"Altominho.tv\",\"description\":\"A sua regi\u00e3o \u00e0 dist\u00e2ncia de um clique...\",\"potentialAction\":[{\"@type\":\"SearchAction\",\"target\":{\"@type\":\"EntryPoint\",\"urlTemplate\":\"https:\\\/\\\/www.altominho.tv\\\/site\\\/?s={search_term_string}\"},\"query-input\":{\"@type\":\"PropertyValueSpecification\",\"valueRequired\":true,\"valueName\":\"search_term_string\"}}],\"inLanguage\":\"pt-PT\"},{\"@type\":\"Person\",\"@id\":\"https:\\\/\\\/www.altominho.tv\\\/site\\\/#\\\/schema\\\/person\\\/dbaf181c01b51ff40c9f461a905d321e\",\"name\":\"Andreia Cunha | Lusa\",\"image\":{\"@type\":\"ImageObject\",\"inLanguage\":\"pt-PT\",\"@id\":\"https:\\\/\\\/www.altominho.tv\\\/site\\\/wp-content\\\/uploads\\\/2017\\\/11\\\/Andreia_Cunha-1-150x150.jpg\",\"url\":\"https:\\\/\\\/www.altominho.tv\\\/site\\\/wp-content\\\/uploads\\\/2017\\\/11\\\/Andreia_Cunha-1-150x150.jpg\",\"contentUrl\":\"https:\\\/\\\/www.altominho.tv\\\/site\\\/wp-content\\\/uploads\\\/2017\\\/11\\\/Andreia_Cunha-1-150x150.jpg\",\"caption\":\"Andreia Cunha | Lusa\"},\"sameAs\":[\"https:\\\/\\\/www.altominho.tv\\\/site\"],\"url\":\"https:\\\/\\\/www.altominho.tv\\\/site\\\/author\\\/andreiacunhalusa\\\/\"}]}<\/script>\n<!-- \/ Yoast SEO Premium plugin. -->","yoast_head_json":{"title":"Regi\u00f5es Centro e Norte as mais abrangidas no primeiro programa de apoio da RTCP","robots":{"index":"index","follow":"follow","max-snippet":"max-snippet:-1","max-image-preview":"max-image-preview:large","max-video-preview":"max-video-preview:-1"},"canonical":"https:\/\/www.altominho.tv\/site\/2022\/05\/17\/norte-cultura\/","og_locale":"pt_PT","og_type":"article","og_title":"Regi\u00f5es Centro e Norte as mais abrangidas no primeiro programa de apoio da RTCP","og_description":"As regi\u00f5es Centro e Norte re\u00fanem mais de metade dos 39 projetos de programa\u00e7\u00e3o de equipamentos culturais financiados no \u00e2mbito da Rede de Teatros e Cineteatros Portugueses (RTCP), anunciou hoje a Dire\u00e7\u00e3o-Geral das Artes (DGArtes). De acordo com os resultados do primeiro concurso de apoio \u00e0 programa\u00e7\u00e3o dos teatros e cineteatros credenciados na RTCP, 39 [&hellip;]","og_url":"https:\/\/www.altominho.tv\/site\/2022\/05\/17\/norte-cultura\/","og_site_name":"Altominho.tv","article_publisher":"https:\/\/www.facebook.com\/altominhotv","article_published_time":"2022-05-17T13:07:01+00:00","article_modified_time":"2022-05-17T13:07:07+00:00","og_image":[{"width":750,"height":422,"url":"https:\/\/www.altominho.tv\/site\/wp-content\/uploads\/2022\/05\/teatro-1.jpg","type":"image\/jpeg"}],"author":"Andreia Cunha | Lusa","twitter_card":"summary_large_image","twitter_creator":"@altominhoTV","twitter_site":"@altominhoTV","twitter_misc":{"Escrito por":"Andreia Cunha | Lusa","Tempo estimado de leitura":"3 minutos"},"schema":{"@context":"https:\/\/schema.org","@graph":[{"@type":"Article","@id":"https:\/\/www.altominho.tv\/site\/2022\/05\/17\/norte-cultura\/#article","isPartOf":{"@id":"https:\/\/www.altominho.tv\/site\/2022\/05\/17\/norte-cultura\/"},"author":{"name":"Andreia Cunha | Lusa","@id":"https:\/\/www.altominho.tv\/site\/#\/schema\/person\/dbaf181c01b51ff40c9f461a905d321e"},"headline":"Regi\u00f5es Centro e Norte as mais abrangidas no primeiro programa de apoio da RTCP","datePublished":"2022-05-17T13:07:01+00:00","dateModified":"2022-05-17T13:07:07+00:00","mainEntityOfPage":{"@id":"https:\/\/www.altominho.tv\/site\/2022\/05\/17\/norte-cultura\/"},"wordCount":469,"image":{"@id":"https:\/\/www.altominho.tv\/site\/2022\/05\/17\/norte-cultura\/#primaryimage"},"thumbnailUrl":"https:\/\/www.altominho.tv\/site\/wp-content\/uploads\/2022\/05\/teatro-1.jpg","keywords":["Cultura"],"articleSection":["Alto Minho"],"inLanguage":"pt-PT","copyrightYear":"2022","copyrightHolder":{"@id":"https:\/\/www.altominho.tv\/site\/#organization"}},{"@type":"WebPage","@id":"https:\/\/www.altominho.tv\/site\/2022\/05\/17\/norte-cultura\/","url":"https:\/\/www.altominho.tv\/site\/2022\/05\/17\/norte-cultura\/","name":"Regi\u00f5es Centro e Norte as mais abrangidas no primeiro programa de apoio da RTCP","isPartOf":{"@id":"https:\/\/www.altominho.tv\/site\/#website"},"primaryImageOfPage":{"@id":"https:\/\/www.altominho.tv\/site\/2022\/05\/17\/norte-cultura\/#primaryimage"},"image":{"@id":"https:\/\/www.altominho.tv\/site\/2022\/05\/17\/norte-cultura\/#primaryimage"},"thumbnailUrl":"https:\/\/www.altominho.tv\/site\/wp-content\/uploads\/2022\/05\/teatro-1.jpg","datePublished":"2022-05-17T13:07:01+00:00","dateModified":"2022-05-17T13:07:07+00:00","author":{"@id":"https:\/\/www.altominho.tv\/site\/#\/schema\/person\/dbaf181c01b51ff40c9f461a905d321e"},"breadcrumb":{"@id":"https:\/\/www.altominho.tv\/site\/2022\/05\/17\/norte-cultura\/#breadcrumb"},"inLanguage":"pt-PT","potentialAction":[{"@type":"ReadAction","target":["https:\/\/www.altominho.tv\/site\/2022\/05\/17\/norte-cultura\/"]}]},{"@type":"ImageObject","inLanguage":"pt-PT","@id":"https:\/\/www.altominho.tv\/site\/2022\/05\/17\/norte-cultura\/#primaryimage","url":"https:\/\/www.altominho.tv\/site\/wp-content\/uploads\/2022\/05\/teatro-1.jpg","contentUrl":"https:\/\/www.altominho.tv\/site\/wp-content\/uploads\/2022\/05\/teatro-1.jpg","width":750,"height":422},{"@type":"BreadcrumbList","@id":"https:\/\/www.altominho.tv\/site\/2022\/05\/17\/norte-cultura\/#breadcrumb","itemListElement":[{"@type":"ListItem","position":1,"name":"In\u00edcio","item":"https:\/\/www.altominho.tv\/site\/"},{"@type":"ListItem","position":2,"name":"Regi\u00f5es Centro e Norte as mais abrangidas no primeiro programa de apoio da RTCP"}]},{"@type":"WebSite","@id":"https:\/\/www.altominho.tv\/site\/#website","url":"https:\/\/www.altominho.tv\/site\/","name":"Altominho.tv","description":"A sua regi\u00e3o \u00e0 dist\u00e2ncia de um clique...","potentialAction":[{"@type":"SearchAction","target":{"@type":"EntryPoint","urlTemplate":"https:\/\/www.altominho.tv\/site\/?s={search_term_string}"},"query-input":{"@type":"PropertyValueSpecification","valueRequired":true,"valueName":"search_term_string"}}],"inLanguage":"pt-PT"},{"@type":"Person","@id":"https:\/\/www.altominho.tv\/site\/#\/schema\/person\/dbaf181c01b51ff40c9f461a905d321e","name":"Andreia Cunha | Lusa","image":{"@type":"ImageObject","inLanguage":"pt-PT","@id":"https:\/\/www.altominho.tv\/site\/wp-content\/uploads\/2017\/11\/Andreia_Cunha-1-150x150.jpg","url":"https:\/\/www.altominho.tv\/site\/wp-content\/uploads\/2017\/11\/Andreia_Cunha-1-150x150.jpg","contentUrl":"https:\/\/www.altominho.tv\/site\/wp-content\/uploads\/2017\/11\/Andreia_Cunha-1-150x150.jpg","caption":"Andreia Cunha | Lusa"},"sameAs":["https:\/\/www.altominho.tv\/site"],"url":"https:\/\/www.altominho.tv\/site\/author\/andreiacunhalusa\/"}]}},"_links":{"self":[{"href":"https:\/\/www.altominho.tv\/site\/wp-json\/wp\/v2\/posts\/79910","targetHints":{"allow":["GET"]}}],"collection":[{"href":"https:\/\/www.altominho.tv\/site\/wp-json\/wp\/v2\/posts"}],"about":[{"href":"https:\/\/www.altominho.tv\/site\/wp-json\/wp\/v2\/types\/post"}],"author":[{"embeddable":true,"href":"https:\/\/www.altominho.tv\/site\/wp-json\/wp\/v2\/users\/16"}],"replies":[{"embeddable":true,"href":"https:\/\/www.altominho.tv\/site\/wp-json\/wp\/v2\/comments?post=79910"}],"version-history":[{"count":0,"href":"https:\/\/www.altominho.tv\/site\/wp-json\/wp\/v2\/posts\/79910\/revisions"}],"wp:featuredmedia":[{"embeddable":true,"href":"https:\/\/www.altominho.tv\/site\/wp-json\/wp\/v2\/media\/79911"}],"wp:attachment":[{"href":"https:\/\/www.altominho.tv\/site\/wp-json\/wp\/v2\/media?parent=79910"}],"wp:term":[{"taxonomy":"category","embeddable":true,"href":"https:\/\/www.altominho.tv\/site\/wp-json\/wp\/v2\/categories?post=79910"},{"taxonomy":"post_tag","embeddable":true,"href":"https:\/\/www.altominho.tv\/site\/wp-json\/wp\/v2\/tags?post=79910"}],"curies":[{"name":"wp","href":"https:\/\/api.w.org\/{rel}","templated":true}]}}