{"id":79884,"date":"2022-05-17T09:10:34","date_gmt":"2022-05-17T08:10:34","guid":{"rendered":"https:\/\/www.altominho.tv\/site\/?p=79884"},"modified":"2022-05-17T09:10:39","modified_gmt":"2022-05-17T08:10:39","slug":"desporto-paredes-de-coura","status":"publish","type":"post","link":"https:\/\/www.altominho.tv\/site\/2022\/05\/17\/desporto-paredes-de-coura\/","title":{"rendered":"6\u00aa Maratona BTT Paredes de Coura tem lugar no pr\u00f3ximo domingo"},"content":{"rendered":"\n<p>Paredes de Coura recebe no pr\u00f3ximo dia 22 de maio, a 6\u00aa Maratona BTT Paredes de Coura, terceira etapa do Campeonato do Minho &#8211; Discover Melga\u00e7o.<\/p>\n\n\n\n<p>O evento \u00e9 promovido pela Associa\u00e7\u00e3o de Ciclismo do Minho e pelo Munic\u00edpio de Paredes de Coura, com o apoio da Federa\u00e7\u00e3o Portuguesa de Ciclismo e de v\u00e1rios parceiros e patrocinadores.<\/p>\n\n\n\n<p>A 6\u00aa Maratona BTT de Paredes de Coura tem partida e chegada marcada para o Largo 5 de Outubro em pleno centro da Vila de Paredes de Coura e, segundo nota da organiza\u00e7\u00e3o &#8220;decorrer\u00e1 por caminhos rurais, florestais e trilhos de freguesias do concelho de Paredes de Coura&#8221;.<\/p>\n\n\n\n<p>A competi\u00e7\u00e3o, que arranca \u00e0s 9h30, est\u00e1 repartida por tr\u00eas categorias: maratona longa em que os atletas v\u00e3o percorrer um total de 83,238km, a maratona curta, destinada aos diversos escal\u00f5es femininos, master e paraciclismo, que t\u00eam pela frente um percurso de 67,890km e a meia-maratona, em que os participantes de lazer percorrer\u00e3o 41.250 km.<\/p>\n\n\n\n<p>As inscri\u00e7\u00f5es podem ser feitas online no website da Federa\u00e7\u00e3o Portuguesa de Ciclismo.<\/p>\n","protected":false},"excerpt":{"rendered":"<p>Paredes de Coura recebe no pr\u00f3ximo dia 22 de maio, a 6\u00aa Maratona BTT Paredes de Coura, terceira etapa do Campeonato do Minho &#8211; Discover Melga\u00e7o. O evento \u00e9 promovido pela Associa\u00e7\u00e3o de Ciclismo do Minho e pelo Munic\u00edpio de Paredes de Coura, com o apoio da Federa\u00e7\u00e3o Portuguesa de Ciclismo e de v\u00e1rios parceiros [&hellip;]<\/p>\n","protected":false},"author":7,"featured_media":79885,"comment_status":"closed","ping_status":"closed","sticky":false,"template":"","format":"standard","meta":{"_exactmetrics_skip_tracking":false,"_exactmetrics_sitenote_active":false,"_exactmetrics_sitenote_note":"","_exactmetrics_sitenote_category":0,"footnotes":""},"categories":[10],"tags":[20],"class_list":["post-79884","post","type-post","status-publish","format-standard","has-post-thumbnail","hentry","category-paredes-de-coura","tag-desporto"],"yoast_head":"<!-- This site is optimized with the Yoast SEO Premium plugin v27.4 (Yoast SEO v27.4) - https:\/\/yoast.com\/product\/yoast-seo-premium-wordpress\/ -->\n<title>6\u00aa Maratona BTT Paredes de Coura tem lugar no pr\u00f3ximo domingo<\/title>\n<meta name=\"description\" content=\"A 6\u00aa Maratona BTT Paredes de Coura tem lugar no pr\u00f3ximo domingo, dia 22 de maio. O evento arranca no Largo 5 de Outubro.\" \/>\n<meta name=\"robots\" content=\"index, follow, max-snippet:-1, max-image-preview:large, max-video-preview:-1\" \/>\n<link rel=\"canonical\" href=\"https:\/\/www.altominho.tv\/site\/2022\/05\/17\/desporto-paredes-de-coura\/\" \/>\n<meta property=\"og:locale\" content=\"pt_PT\" \/>\n<meta property=\"og:type\" content=\"article\" \/>\n<meta property=\"og:title\" content=\"6\u00aa Maratona BTT Paredes de Coura tem lugar no pr\u00f3ximo domingo\" \/>\n<meta property=\"og:description\" content=\"A 6\u00aa Maratona BTT Paredes de Coura tem lugar no pr\u00f3ximo domingo, dia 22 de maio. O evento arranca no Largo 5 de Outubro.\" \/>\n<meta property=\"og:url\" content=\"https:\/\/www.altominho.tv\/site\/2022\/05\/17\/desporto-paredes-de-coura\/\" \/>\n<meta property=\"og:site_name\" content=\"Altominho.tv\" \/>\n<meta property=\"article:publisher\" content=\"https:\/\/www.facebook.com\/altominhotv\" \/>\n<meta property=\"article:published_time\" content=\"2022-05-17T08:10:34+00:00\" \/>\n<meta property=\"article:modified_time\" content=\"2022-05-17T08:10:39+00:00\" \/>\n<meta property=\"og:image\" content=\"https:\/\/www.altominho.tv\/site\/wp-content\/uploads\/2022\/05\/maratona-btt-coura.jpeg\" \/>\n\t<meta property=\"og:image:width\" content=\"960\" \/>\n\t<meta property=\"og:image:height\" content=\"540\" \/>\n\t<meta property=\"og:image:type\" content=\"image\/jpeg\" \/>\n<meta name=\"author\" content=\"Andreia Cunha\" \/>\n<meta name=\"twitter:card\" content=\"summary_large_image\" \/>\n<meta name=\"twitter:creator\" content=\"@altominhoTV\" \/>\n<meta name=\"twitter:site\" content=\"@altominhoTV\" \/>\n<meta name=\"twitter:label1\" content=\"Escrito por\" \/>\n\t<meta name=\"twitter:data1\" content=\"Andreia Cunha\" \/>\n\t<meta name=\"twitter:label2\" content=\"Tempo estimado de leitura\" \/>\n\t<meta name=\"twitter:data2\" content=\"1 minuto\" \/>\n<script type=\"application\/ld+json\" class=\"yoast-schema-graph\">{\"@context\":\"https:\\\/\\\/schema.org\",\"@graph\":[{\"@type\":\"Article\",\"@id\":\"https:\\\/\\\/www.altominho.tv\\\/site\\\/2022\\\/05\\\/17\\\/desporto-paredes-de-coura\\\/#article\",\"isPartOf\":{\"@id\":\"https:\\\/\\\/www.altominho.tv\\\/site\\\/2022\\\/05\\\/17\\\/desporto-paredes-de-coura\\\/\"},\"author\":{\"name\":\"Andreia Cunha\",\"@id\":\"https:\\\/\\\/www.altominho.tv\\\/site\\\/#\\\/schema\\\/person\\\/a0e4ef6d041f98ca284393d8f1d97153\"},\"headline\":\"6\u00aa Maratona BTT Paredes de Coura tem lugar no pr\u00f3ximo domingo\",\"datePublished\":\"2022-05-17T08:10:34+00:00\",\"dateModified\":\"2022-05-17T08:10:39+00:00\",\"mainEntityOfPage\":{\"@id\":\"https:\\\/\\\/www.altominho.tv\\\/site\\\/2022\\\/05\\\/17\\\/desporto-paredes-de-coura\\\/\"},\"wordCount\":192,\"image\":{\"@id\":\"https:\\\/\\\/www.altominho.tv\\\/site\\\/2022\\\/05\\\/17\\\/desporto-paredes-de-coura\\\/#primaryimage\"},\"thumbnailUrl\":\"https:\\\/\\\/www.altominho.tv\\\/site\\\/wp-content\\\/uploads\\\/2022\\\/05\\\/maratona-btt-coura.jpeg\",\"keywords\":[\"Desporto\"],\"articleSection\":[\"Paredes de Coura\"],\"inLanguage\":\"pt-PT\",\"copyrightYear\":\"2022\",\"copyrightHolder\":{\"@id\":\"https:\\\/\\\/www.altominho.tv\\\/site\\\/#organization\"}},{\"@type\":\"WebPage\",\"@id\":\"https:\\\/\\\/www.altominho.tv\\\/site\\\/2022\\\/05\\\/17\\\/desporto-paredes-de-coura\\\/\",\"url\":\"https:\\\/\\\/www.altominho.tv\\\/site\\\/2022\\\/05\\\/17\\\/desporto-paredes-de-coura\\\/\",\"name\":\"6\u00aa Maratona BTT Paredes de Coura tem lugar no pr\u00f3ximo domingo\",\"isPartOf\":{\"@id\":\"https:\\\/\\\/www.altominho.tv\\\/site\\\/#website\"},\"primaryImageOfPage\":{\"@id\":\"https:\\\/\\\/www.altominho.tv\\\/site\\\/2022\\\/05\\\/17\\\/desporto-paredes-de-coura\\\/#primaryimage\"},\"image\":{\"@id\":\"https:\\\/\\\/www.altominho.tv\\\/site\\\/2022\\\/05\\\/17\\\/desporto-paredes-de-coura\\\/#primaryimage\"},\"thumbnailUrl\":\"https:\\\/\\\/www.altominho.tv\\\/site\\\/wp-content\\\/uploads\\\/2022\\\/05\\\/maratona-btt-coura.jpeg\",\"datePublished\":\"2022-05-17T08:10:34+00:00\",\"dateModified\":\"2022-05-17T08:10:39+00:00\",\"author\":{\"@id\":\"https:\\\/\\\/www.altominho.tv\\\/site\\\/#\\\/schema\\\/person\\\/a0e4ef6d041f98ca284393d8f1d97153\"},\"description\":\"A 6\u00aa Maratona BTT Paredes de Coura tem lugar no pr\u00f3ximo domingo, dia 22 de maio. O evento arranca no Largo 5 de Outubro.\",\"breadcrumb\":{\"@id\":\"https:\\\/\\\/www.altominho.tv\\\/site\\\/2022\\\/05\\\/17\\\/desporto-paredes-de-coura\\\/#breadcrumb\"},\"inLanguage\":\"pt-PT\",\"potentialAction\":[{\"@type\":\"ReadAction\",\"target\":[\"https:\\\/\\\/www.altominho.tv\\\/site\\\/2022\\\/05\\\/17\\\/desporto-paredes-de-coura\\\/\"]}]},{\"@type\":\"ImageObject\",\"inLanguage\":\"pt-PT\",\"@id\":\"https:\\\/\\\/www.altominho.tv\\\/site\\\/2022\\\/05\\\/17\\\/desporto-paredes-de-coura\\\/#primaryimage\",\"url\":\"https:\\\/\\\/www.altominho.tv\\\/site\\\/wp-content\\\/uploads\\\/2022\\\/05\\\/maratona-btt-coura.jpeg\",\"contentUrl\":\"https:\\\/\\\/www.altominho.tv\\\/site\\\/wp-content\\\/uploads\\\/2022\\\/05\\\/maratona-btt-coura.jpeg\",\"width\":960,\"height\":540},{\"@type\":\"BreadcrumbList\",\"@id\":\"https:\\\/\\\/www.altominho.tv\\\/site\\\/2022\\\/05\\\/17\\\/desporto-paredes-de-coura\\\/#breadcrumb\",\"itemListElement\":[{\"@type\":\"ListItem\",\"position\":1,\"name\":\"In\u00edcio\",\"item\":\"https:\\\/\\\/www.altominho.tv\\\/site\\\/\"},{\"@type\":\"ListItem\",\"position\":2,\"name\":\"6\u00aa Maratona BTT Paredes de Coura tem lugar no pr\u00f3ximo domingo\"}]},{\"@type\":\"WebSite\",\"@id\":\"https:\\\/\\\/www.altominho.tv\\\/site\\\/#website\",\"url\":\"https:\\\/\\\/www.altominho.tv\\\/site\\\/\",\"name\":\"Altominho.tv\",\"description\":\"A sua regi\u00e3o \u00e0 dist\u00e2ncia de um clique...\",\"potentialAction\":[{\"@type\":\"SearchAction\",\"target\":{\"@type\":\"EntryPoint\",\"urlTemplate\":\"https:\\\/\\\/www.altominho.tv\\\/site\\\/?s={search_term_string}\"},\"query-input\":{\"@type\":\"PropertyValueSpecification\",\"valueRequired\":true,\"valueName\":\"search_term_string\"}}],\"inLanguage\":\"pt-PT\"},{\"@type\":\"Person\",\"@id\":\"https:\\\/\\\/www.altominho.tv\\\/site\\\/#\\\/schema\\\/person\\\/a0e4ef6d041f98ca284393d8f1d97153\",\"name\":\"Andreia Cunha\",\"image\":{\"@type\":\"ImageObject\",\"inLanguage\":\"pt-PT\",\"@id\":\"https:\\\/\\\/www.altominho.tv\\\/site\\\/wp-content\\\/uploads\\\/2017\\\/11\\\/Andreia_Cunha-1-150x150.jpg\",\"url\":\"https:\\\/\\\/www.altominho.tv\\\/site\\\/wp-content\\\/uploads\\\/2017\\\/11\\\/Andreia_Cunha-1-150x150.jpg\",\"contentUrl\":\"https:\\\/\\\/www.altominho.tv\\\/site\\\/wp-content\\\/uploads\\\/2017\\\/11\\\/Andreia_Cunha-1-150x150.jpg\",\"caption\":\"Andreia Cunha\"},\"url\":\"https:\\\/\\\/www.altominho.tv\\\/site\\\/author\\\/andreiacunha\\\/\"}]}<\/script>\n<!-- \/ Yoast SEO Premium plugin. -->","yoast_head_json":{"title":"6\u00aa Maratona BTT Paredes de Coura tem lugar no pr\u00f3ximo domingo","description":"A 6\u00aa Maratona BTT Paredes de Coura tem lugar no pr\u00f3ximo domingo, dia 22 de maio. O evento arranca no Largo 5 de Outubro.","robots":{"index":"index","follow":"follow","max-snippet":"max-snippet:-1","max-image-preview":"max-image-preview:large","max-video-preview":"max-video-preview:-1"},"canonical":"https:\/\/www.altominho.tv\/site\/2022\/05\/17\/desporto-paredes-de-coura\/","og_locale":"pt_PT","og_type":"article","og_title":"6\u00aa Maratona BTT Paredes de Coura tem lugar no pr\u00f3ximo domingo","og_description":"A 6\u00aa Maratona BTT Paredes de Coura tem lugar no pr\u00f3ximo domingo, dia 22 de maio. O evento arranca no Largo 5 de Outubro.","og_url":"https:\/\/www.altominho.tv\/site\/2022\/05\/17\/desporto-paredes-de-coura\/","og_site_name":"Altominho.tv","article_publisher":"https:\/\/www.facebook.com\/altominhotv","article_published_time":"2022-05-17T08:10:34+00:00","article_modified_time":"2022-05-17T08:10:39+00:00","og_image":[{"width":960,"height":540,"url":"https:\/\/www.altominho.tv\/site\/wp-content\/uploads\/2022\/05\/maratona-btt-coura.jpeg","type":"image\/jpeg"}],"author":"Andreia Cunha","twitter_card":"summary_large_image","twitter_creator":"@altominhoTV","twitter_site":"@altominhoTV","twitter_misc":{"Escrito por":"Andreia Cunha","Tempo estimado de leitura":"1 minuto"},"schema":{"@context":"https:\/\/schema.org","@graph":[{"@type":"Article","@id":"https:\/\/www.altominho.tv\/site\/2022\/05\/17\/desporto-paredes-de-coura\/#article","isPartOf":{"@id":"https:\/\/www.altominho.tv\/site\/2022\/05\/17\/desporto-paredes-de-coura\/"},"author":{"name":"Andreia Cunha","@id":"https:\/\/www.altominho.tv\/site\/#\/schema\/person\/a0e4ef6d041f98ca284393d8f1d97153"},"headline":"6\u00aa Maratona BTT Paredes de Coura tem lugar no pr\u00f3ximo domingo","datePublished":"2022-05-17T08:10:34+00:00","dateModified":"2022-05-17T08:10:39+00:00","mainEntityOfPage":{"@id":"https:\/\/www.altominho.tv\/site\/2022\/05\/17\/desporto-paredes-de-coura\/"},"wordCount":192,"image":{"@id":"https:\/\/www.altominho.tv\/site\/2022\/05\/17\/desporto-paredes-de-coura\/#primaryimage"},"thumbnailUrl":"https:\/\/www.altominho.tv\/site\/wp-content\/uploads\/2022\/05\/maratona-btt-coura.jpeg","keywords":["Desporto"],"articleSection":["Paredes de Coura"],"inLanguage":"pt-PT","copyrightYear":"2022","copyrightHolder":{"@id":"https:\/\/www.altominho.tv\/site\/#organization"}},{"@type":"WebPage","@id":"https:\/\/www.altominho.tv\/site\/2022\/05\/17\/desporto-paredes-de-coura\/","url":"https:\/\/www.altominho.tv\/site\/2022\/05\/17\/desporto-paredes-de-coura\/","name":"6\u00aa Maratona BTT Paredes de Coura tem lugar no pr\u00f3ximo domingo","isPartOf":{"@id":"https:\/\/www.altominho.tv\/site\/#website"},"primaryImageOfPage":{"@id":"https:\/\/www.altominho.tv\/site\/2022\/05\/17\/desporto-paredes-de-coura\/#primaryimage"},"image":{"@id":"https:\/\/www.altominho.tv\/site\/2022\/05\/17\/desporto-paredes-de-coura\/#primaryimage"},"thumbnailUrl":"https:\/\/www.altominho.tv\/site\/wp-content\/uploads\/2022\/05\/maratona-btt-coura.jpeg","datePublished":"2022-05-17T08:10:34+00:00","dateModified":"2022-05-17T08:10:39+00:00","author":{"@id":"https:\/\/www.altominho.tv\/site\/#\/schema\/person\/a0e4ef6d041f98ca284393d8f1d97153"},"description":"A 6\u00aa Maratona BTT Paredes de Coura tem lugar no pr\u00f3ximo domingo, dia 22 de maio. O evento arranca no Largo 5 de Outubro.","breadcrumb":{"@id":"https:\/\/www.altominho.tv\/site\/2022\/05\/17\/desporto-paredes-de-coura\/#breadcrumb"},"inLanguage":"pt-PT","potentialAction":[{"@type":"ReadAction","target":["https:\/\/www.altominho.tv\/site\/2022\/05\/17\/desporto-paredes-de-coura\/"]}]},{"@type":"ImageObject","inLanguage":"pt-PT","@id":"https:\/\/www.altominho.tv\/site\/2022\/05\/17\/desporto-paredes-de-coura\/#primaryimage","url":"https:\/\/www.altominho.tv\/site\/wp-content\/uploads\/2022\/05\/maratona-btt-coura.jpeg","contentUrl":"https:\/\/www.altominho.tv\/site\/wp-content\/uploads\/2022\/05\/maratona-btt-coura.jpeg","width":960,"height":540},{"@type":"BreadcrumbList","@id":"https:\/\/www.altominho.tv\/site\/2022\/05\/17\/desporto-paredes-de-coura\/#breadcrumb","itemListElement":[{"@type":"ListItem","position":1,"name":"In\u00edcio","item":"https:\/\/www.altominho.tv\/site\/"},{"@type":"ListItem","position":2,"name":"6\u00aa Maratona BTT Paredes de Coura tem lugar no pr\u00f3ximo domingo"}]},{"@type":"WebSite","@id":"https:\/\/www.altominho.tv\/site\/#website","url":"https:\/\/www.altominho.tv\/site\/","name":"Altominho.tv","description":"A sua regi\u00e3o \u00e0 dist\u00e2ncia de um clique...","potentialAction":[{"@type":"SearchAction","target":{"@type":"EntryPoint","urlTemplate":"https:\/\/www.altominho.tv\/site\/?s={search_term_string}"},"query-input":{"@type":"PropertyValueSpecification","valueRequired":true,"valueName":"search_term_string"}}],"inLanguage":"pt-PT"},{"@type":"Person","@id":"https:\/\/www.altominho.tv\/site\/#\/schema\/person\/a0e4ef6d041f98ca284393d8f1d97153","name":"Andreia Cunha","image":{"@type":"ImageObject","inLanguage":"pt-PT","@id":"https:\/\/www.altominho.tv\/site\/wp-content\/uploads\/2017\/11\/Andreia_Cunha-1-150x150.jpg","url":"https:\/\/www.altominho.tv\/site\/wp-content\/uploads\/2017\/11\/Andreia_Cunha-1-150x150.jpg","contentUrl":"https:\/\/www.altominho.tv\/site\/wp-content\/uploads\/2017\/11\/Andreia_Cunha-1-150x150.jpg","caption":"Andreia Cunha"},"url":"https:\/\/www.altominho.tv\/site\/author\/andreiacunha\/"}]}},"_links":{"self":[{"href":"https:\/\/www.altominho.tv\/site\/wp-json\/wp\/v2\/posts\/79884","targetHints":{"allow":["GET"]}}],"collection":[{"href":"https:\/\/www.altominho.tv\/site\/wp-json\/wp\/v2\/posts"}],"about":[{"href":"https:\/\/www.altominho.tv\/site\/wp-json\/wp\/v2\/types\/post"}],"author":[{"embeddable":true,"href":"https:\/\/www.altominho.tv\/site\/wp-json\/wp\/v2\/users\/7"}],"replies":[{"embeddable":true,"href":"https:\/\/www.altominho.tv\/site\/wp-json\/wp\/v2\/comments?post=79884"}],"version-history":[{"count":0,"href":"https:\/\/www.altominho.tv\/site\/wp-json\/wp\/v2\/posts\/79884\/revisions"}],"wp:featuredmedia":[{"embeddable":true,"href":"https:\/\/www.altominho.tv\/site\/wp-json\/wp\/v2\/media\/79885"}],"wp:attachment":[{"href":"https:\/\/www.altominho.tv\/site\/wp-json\/wp\/v2\/media?parent=79884"}],"wp:term":[{"taxonomy":"category","embeddable":true,"href":"https:\/\/www.altominho.tv\/site\/wp-json\/wp\/v2\/categories?post=79884"},{"taxonomy":"post_tag","embeddable":true,"href":"https:\/\/www.altominho.tv\/site\/wp-json\/wp\/v2\/tags?post=79884"}],"curies":[{"name":"wp","href":"https:\/\/api.w.org\/{rel}","templated":true}]}}