{"id":79871,"date":"2022-05-16T16:36:57","date_gmt":"2022-05-16T15:36:57","guid":{"rendered":"https:\/\/www.altominho.tv\/site\/?p=79871"},"modified":"2022-05-16T16:37:55","modified_gmt":"2022-05-16T15:37:55","slug":"licencas-de-pesca-no-rio-minho-em-2023-reforcam-controlo-de-descargas-em-lota","status":"publish","type":"post","link":"https:\/\/www.altominho.tv\/site\/2022\/05\/16\/licencas-de-pesca-no-rio-minho-em-2023-reforcam-controlo-de-descargas-em-lota\/","title":{"rendered":"Licen\u00e7as de pesca no rio Minho em 2023 refor\u00e7am controlo de descargas em lota"},"content":{"rendered":"<p>Uma altera\u00e7\u00e3o proposta por pescadores do rio Minho e introduzida, este ano, pela capitania de Caminha nas condi\u00e7\u00f5es de renova\u00e7\u00e3o de licen\u00e7as para 2023, vai permitir maior controlo do pescado descarregado em lota.<\/p>\n<p>\u201cA partir de 2023, nenhuma embarca\u00e7\u00e3o poder\u00e1 ser licenciada se n\u00e3o for \u00e0 pesca ou se pescar ocasionalmente. Ou ent\u00e3o, pescando, n\u00e3o declara em lota e, consequentemente, n\u00e3o paga impostos sobre o produto da sua pesca, quer do meix\u00e3o ou a geral, que engloba as restantes esp\u00e9cies\u201d, afirmou esta segunda-feira o capit\u00e3o do porto de Caminha, Pedro Santos Jorge.<\/p>\n<p>Contactado pela ag\u00eancia Lusa, a prop\u00f3sito da publica\u00e7\u00e3o, em Di\u00e1rio da Rep\u00fablica, do edital com as condi\u00e7\u00f5es para a renova\u00e7\u00e3o de licen\u00e7as de pesca profissional naquele curso internacional de \u00e1gua, o respons\u00e1vel adiantou que a \u201cprincipal altera\u00e7\u00e3o\u201d, em 2023, prende-se a \u201csepara\u00e7\u00e3o\u201d dos valores de venda em lota da pesca geral e do meix\u00e3o, como condi\u00e7\u00e3o para a renova\u00e7\u00e3o de cada uma das licen\u00e7as.<\/p>\n<p>\u201cPara controlo dessas descargas, a Docapesca de Caminha faz a contabiliza\u00e7\u00e3o e envia a respetiva declara\u00e7\u00e3o para a capitania. Se, no ano transato, uma embarca\u00e7\u00e3o efetuou descargas em lota, com respetiva declara\u00e7\u00e3o de venda em valor igual ou superior ao m\u00ednimo que est\u00e1 estabelecido em edital, \u00e9 concedida a renova\u00e7\u00e3o da licen\u00e7a\u201d, explicou.<\/p>\n<p>Segundo Pedro Santos Jorge, \u201cem anos anteriores, para serem concedidas as licen\u00e7as, bastava a declara\u00e7\u00e3o do dinheiro faturado com a venda do meix\u00e3o ou da pesca geral, desde que os valores declarados para apenas uma, no seu somat\u00f3rio, fossem superiores ao somat\u00f3rio das duas\u201d.<\/p>\n<p>\u201cUm exemplo pr\u00e1tico: para a obten\u00e7\u00e3o da licen\u00e7a de meix\u00e3o era preciso faturar 100 euros e, para a obten\u00e7\u00e3o da licen\u00e7a de pesca profissional, eram precisos outros 100 euros. Bastava que, em qualquer uma das atividades, a declara\u00e7\u00e3o de vendas em lota somasse 200 euros para, imediatamente, as duas licen\u00e7as serem concedidas. A partir da pr\u00f3xima temporada, cada caso \u00e9 um caso. Para a obten\u00e7\u00e3o da licen\u00e7a de pesca uma s\u00e3o precisos os 100 euros para o meix\u00e3o e, exatamente, o mesmo valor para a pesca profissional ou geral\u201d, especificou.<\/p>\n<p>Atualmente, est\u00e3o licenciadas para pescar no tro\u00e7o internacional do rio Minho, fronteira natural entre o Alto Minho e a Galiza, 83 embarca\u00e7\u00f5es para o meix\u00e3o e 133 barcos para a pesca geral.<\/p>\n<p>O rio Minho nasce a uma altitude de 750 metros na serra de Meira, na Comunidade Aut\u00f3noma da Galiza e percorre cerca de 340 quil\u00f3metros at\u00e9 desaguar no oceano Atl\u00e2ntico a sul da localidade de A Guarda e a Norte, em Caminha.<\/p>\n<p>Segundo o capit\u00e3o do porto de Caminha, a altera\u00e7\u00e3o proposta pelos pescadores vai permitir, em 2023, \u201ccontrolar melhor as descargas das pescas em lota\u201d.<\/p>\n<p>\u201cTornar\u00e1 as coisas bastante mais justas e o pontap\u00e9 de sa\u00edda partiu mesmo dos pescadores. Foram as associa\u00e7\u00f5es de Caminha e de S\u00e3o Pedro da Torre, em Valen\u00e7a, que nas reuni\u00f5es anuais de prepara\u00e7\u00e3o para o ano seguinte me apresentaram a proposta com a qual concordo. A partir do momento em que n\u00e3o \u00e9 uma, mas duas as associa\u00e7\u00f5es a recomendarem a medida, n\u00e3o tive d\u00favidas e implementei\u201d, frisou.<\/p>\n<p>Segundo o edital, \u201cpara a concess\u00e3o da licen\u00e7a de pesca de meix\u00e3o para a temporada de 2023, al\u00e9m dos crit\u00e9rios que venham a ser definidos pela Comiss\u00e3o Permanente Internacional do Rio Minho, \u00e9 obrigat\u00f3rio que cada embarca\u00e7\u00e3o tenha a venda\/registo de meix\u00e3o em lota com um valor m\u00ednimo de 1.655 euros na temporada que decorreu entre novembro de 2021 e fevereiro de 2022\u201d.<\/p>\n<p>\u201cNos casos em que n\u00e3o se exer\u00e7a a pesca do meix\u00e3o durante a totalidade do per\u00edodo h\u00e1bil, devidamente comprovados no di\u00e1rio de pesca e validados pela Capitania do Porto de Caminha, este valor ser\u00e1 de 440 euros, por cada m\u00eas em que se exerceu a atividade\u201d, l\u00ea-se no edital.<\/p>\n<p>Para a concess\u00e3o da licen\u00e7a de pesca profissional para a temporada de 2023, \u00e9 obrigat\u00f3ria a venda\/registo de pescado em lota, no per\u00edodo de 1 de julho de 2021 a 30 de junho de 2022, sendo que os valores variam entre os 330 e os 3310 euros.<\/p>\n<p>As licen\u00e7as de pesca profissional e do meix\u00e3o para 2023 s\u00e3o v\u00e1lidas no per\u00edodo de 1 de janeiro a 31 de dezembro. Al\u00e9m da emiss\u00e3o de \u201cambas as licen\u00e7as dependerem das declara\u00e7\u00f5es de venda em lota\u201d, sendo que \u201ccada uma tem, de acordo com os locais do rio Minho, valores diferentes\u201d, Pedro Santos Jorge, adiantou que as condi\u00e7\u00f5es que constam do edital publicado, esta segunda-feira, em DR refletem a atualiza\u00e7\u00e3o, de acordo com a infla\u00e7\u00e3o, dos valores de venda do pescado em lota.<\/p>\n<p>O edital fixou o dia 31 de agosto de 2022 como data-limite de entrega na capitania do porto de Caminha dos documentos necess\u00e1rios para a regulariza\u00e7\u00e3o da atividade de pesca para a temporada de 2023.<\/p>\n","protected":false},"excerpt":{"rendered":"<p>Uma altera\u00e7\u00e3o proposta por pescadores do rio Minho e introduzida, este ano, pela capitania de Caminha nas condi\u00e7\u00f5es de renova\u00e7\u00e3o de licen\u00e7as para 2023, vai permitir maior controlo do pescado descarregado em lota. \u201cA partir de 2023, nenhuma embarca\u00e7\u00e3o poder\u00e1 ser licenciada se n\u00e3o for \u00e0 pesca ou se pescar ocasionalmente. Ou ent\u00e3o, pescando, n\u00e3o [&hellip;]<\/p>\n","protected":false},"author":13,"featured_media":79872,"comment_status":"closed","ping_status":"closed","sticky":false,"template":"","format":"standard","meta":{"_exactmetrics_skip_tracking":false,"_exactmetrics_sitenote_active":false,"_exactmetrics_sitenote_note":"","_exactmetrics_sitenote_category":0,"footnotes":""},"categories":[73],"tags":[27],"class_list":["post-79871","post","type-post","status-publish","format-standard","has-post-thumbnail","hentry","category-alto-minho","tag-sociedade"],"yoast_head":"<!-- This site is optimized with the Yoast SEO Premium plugin v27.4 (Yoast SEO v27.4) - https:\/\/yoast.com\/product\/yoast-seo-premium-wordpress\/ -->\n<title>Licen\u00e7as de pesca no rio Minho em 2023 refor\u00e7am controlo de descargas em lota<\/title>\n<meta name=\"description\" content=\"Uma altera\u00e7\u00e3o proposta por pescadores do rio Minho e introduzida, este ano, pela capitania de Caminha nas condi\u00e7\u00f5es de renova\u00e7\u00e3o de licen\u00e7as para 2023, vai permitir maior controlo do pescado descarregado em lota.\" \/>\n<meta name=\"robots\" content=\"index, follow, max-snippet:-1, max-image-preview:large, max-video-preview:-1\" \/>\n<link rel=\"canonical\" href=\"https:\/\/www.altominho.tv\/site\/2022\/05\/16\/licencas-de-pesca-no-rio-minho-em-2023-reforcam-controlo-de-descargas-em-lota\/\" \/>\n<meta property=\"og:locale\" content=\"pt_PT\" \/>\n<meta property=\"og:type\" content=\"article\" \/>\n<meta property=\"og:title\" content=\"Licen\u00e7as de pesca no rio Minho em 2023 refor\u00e7am controlo de descargas em lota\" \/>\n<meta property=\"og:description\" content=\"Uma altera\u00e7\u00e3o proposta por pescadores do rio Minho e introduzida, este ano, pela capitania de Caminha nas condi\u00e7\u00f5es de renova\u00e7\u00e3o de licen\u00e7as para 2023, vai permitir maior controlo do pescado descarregado em lota.\" \/>\n<meta property=\"og:url\" content=\"https:\/\/www.altominho.tv\/site\/2022\/05\/16\/licencas-de-pesca-no-rio-minho-em-2023-reforcam-controlo-de-descargas-em-lota\/\" \/>\n<meta property=\"og:site_name\" content=\"Altominho.tv\" \/>\n<meta property=\"article:publisher\" content=\"https:\/\/www.facebook.com\/altominhotv\" \/>\n<meta property=\"article:published_time\" content=\"2022-05-16T15:36:57+00:00\" \/>\n<meta property=\"article:modified_time\" content=\"2022-05-16T15:37:55+00:00\" \/>\n<meta property=\"og:image\" content=\"https:\/\/www.altominho.tv\/site\/wp-content\/uploads\/2022\/05\/Pesca-Caminha.jpg\" \/>\n\t<meta property=\"og:image:width\" content=\"1148\" \/>\n\t<meta property=\"og:image:height\" content=\"646\" \/>\n\t<meta property=\"og:image:type\" content=\"image\/jpeg\" \/>\n<meta name=\"author\" content=\"Lusa\" \/>\n<meta name=\"twitter:card\" content=\"summary_large_image\" \/>\n<meta name=\"twitter:creator\" content=\"@altominhoTV\" \/>\n<meta name=\"twitter:site\" content=\"@altominhoTV\" \/>\n<meta name=\"twitter:label1\" content=\"Escrito por\" \/>\n\t<meta name=\"twitter:data1\" content=\"Lusa\" \/>\n\t<meta name=\"twitter:label2\" content=\"Tempo estimado de leitura\" \/>\n\t<meta name=\"twitter:data2\" content=\"5 minutos\" \/>\n<script type=\"application\/ld+json\" class=\"yoast-schema-graph\">{\"@context\":\"https:\\\/\\\/schema.org\",\"@graph\":[{\"@type\":\"Article\",\"@id\":\"https:\\\/\\\/www.altominho.tv\\\/site\\\/2022\\\/05\\\/16\\\/licencas-de-pesca-no-rio-minho-em-2023-reforcam-controlo-de-descargas-em-lota\\\/#article\",\"isPartOf\":{\"@id\":\"https:\\\/\\\/www.altominho.tv\\\/site\\\/2022\\\/05\\\/16\\\/licencas-de-pesca-no-rio-minho-em-2023-reforcam-controlo-de-descargas-em-lota\\\/\"},\"author\":{\"name\":\"Lusa\",\"@id\":\"https:\\\/\\\/www.altominho.tv\\\/site\\\/#\\\/schema\\\/person\\\/63f693da3e1899361cbe955c46f3232e\"},\"headline\":\"Licen\u00e7as de pesca no rio Minho em 2023 refor\u00e7am controlo de descargas em lota\",\"datePublished\":\"2022-05-16T15:36:57+00:00\",\"dateModified\":\"2022-05-16T15:37:55+00:00\",\"mainEntityOfPage\":{\"@id\":\"https:\\\/\\\/www.altominho.tv\\\/site\\\/2022\\\/05\\\/16\\\/licencas-de-pesca-no-rio-minho-em-2023-reforcam-controlo-de-descargas-em-lota\\\/\"},\"wordCount\":875,\"image\":{\"@id\":\"https:\\\/\\\/www.altominho.tv\\\/site\\\/2022\\\/05\\\/16\\\/licencas-de-pesca-no-rio-minho-em-2023-reforcam-controlo-de-descargas-em-lota\\\/#primaryimage\"},\"thumbnailUrl\":\"https:\\\/\\\/www.altominho.tv\\\/site\\\/wp-content\\\/uploads\\\/2022\\\/05\\\/Pesca-Caminha.jpg\",\"keywords\":[\"Sociedade\"],\"articleSection\":[\"Alto Minho\"],\"inLanguage\":\"pt-PT\",\"copyrightYear\":\"2022\",\"copyrightHolder\":{\"@id\":\"https:\\\/\\\/www.altominho.tv\\\/site\\\/#organization\"}},{\"@type\":\"WebPage\",\"@id\":\"https:\\\/\\\/www.altominho.tv\\\/site\\\/2022\\\/05\\\/16\\\/licencas-de-pesca-no-rio-minho-em-2023-reforcam-controlo-de-descargas-em-lota\\\/\",\"url\":\"https:\\\/\\\/www.altominho.tv\\\/site\\\/2022\\\/05\\\/16\\\/licencas-de-pesca-no-rio-minho-em-2023-reforcam-controlo-de-descargas-em-lota\\\/\",\"name\":\"Licen\u00e7as de pesca no rio Minho em 2023 refor\u00e7am controlo de descargas em lota\",\"isPartOf\":{\"@id\":\"https:\\\/\\\/www.altominho.tv\\\/site\\\/#website\"},\"primaryImageOfPage\":{\"@id\":\"https:\\\/\\\/www.altominho.tv\\\/site\\\/2022\\\/05\\\/16\\\/licencas-de-pesca-no-rio-minho-em-2023-reforcam-controlo-de-descargas-em-lota\\\/#primaryimage\"},\"image\":{\"@id\":\"https:\\\/\\\/www.altominho.tv\\\/site\\\/2022\\\/05\\\/16\\\/licencas-de-pesca-no-rio-minho-em-2023-reforcam-controlo-de-descargas-em-lota\\\/#primaryimage\"},\"thumbnailUrl\":\"https:\\\/\\\/www.altominho.tv\\\/site\\\/wp-content\\\/uploads\\\/2022\\\/05\\\/Pesca-Caminha.jpg\",\"datePublished\":\"2022-05-16T15:36:57+00:00\",\"dateModified\":\"2022-05-16T15:37:55+00:00\",\"author\":{\"@id\":\"https:\\\/\\\/www.altominho.tv\\\/site\\\/#\\\/schema\\\/person\\\/63f693da3e1899361cbe955c46f3232e\"},\"description\":\"Uma altera\u00e7\u00e3o proposta por pescadores do rio Minho e introduzida, este ano, pela capitania de Caminha nas condi\u00e7\u00f5es de renova\u00e7\u00e3o de licen\u00e7as para 2023, vai permitir maior controlo do pescado descarregado em lota.\",\"breadcrumb\":{\"@id\":\"https:\\\/\\\/www.altominho.tv\\\/site\\\/2022\\\/05\\\/16\\\/licencas-de-pesca-no-rio-minho-em-2023-reforcam-controlo-de-descargas-em-lota\\\/#breadcrumb\"},\"inLanguage\":\"pt-PT\",\"potentialAction\":[{\"@type\":\"ReadAction\",\"target\":[\"https:\\\/\\\/www.altominho.tv\\\/site\\\/2022\\\/05\\\/16\\\/licencas-de-pesca-no-rio-minho-em-2023-reforcam-controlo-de-descargas-em-lota\\\/\"]}]},{\"@type\":\"ImageObject\",\"inLanguage\":\"pt-PT\",\"@id\":\"https:\\\/\\\/www.altominho.tv\\\/site\\\/2022\\\/05\\\/16\\\/licencas-de-pesca-no-rio-minho-em-2023-reforcam-controlo-de-descargas-em-lota\\\/#primaryimage\",\"url\":\"https:\\\/\\\/www.altominho.tv\\\/site\\\/wp-content\\\/uploads\\\/2022\\\/05\\\/Pesca-Caminha.jpg\",\"contentUrl\":\"https:\\\/\\\/www.altominho.tv\\\/site\\\/wp-content\\\/uploads\\\/2022\\\/05\\\/Pesca-Caminha.jpg\",\"width\":1148,\"height\":646},{\"@type\":\"BreadcrumbList\",\"@id\":\"https:\\\/\\\/www.altominho.tv\\\/site\\\/2022\\\/05\\\/16\\\/licencas-de-pesca-no-rio-minho-em-2023-reforcam-controlo-de-descargas-em-lota\\\/#breadcrumb\",\"itemListElement\":[{\"@type\":\"ListItem\",\"position\":1,\"name\":\"In\u00edcio\",\"item\":\"https:\\\/\\\/www.altominho.tv\\\/site\\\/\"},{\"@type\":\"ListItem\",\"position\":2,\"name\":\"Licen\u00e7as de pesca no rio Minho em 2023 refor\u00e7am controlo de descargas em lota\"}]},{\"@type\":\"WebSite\",\"@id\":\"https:\\\/\\\/www.altominho.tv\\\/site\\\/#website\",\"url\":\"https:\\\/\\\/www.altominho.tv\\\/site\\\/\",\"name\":\"Altominho.tv\",\"description\":\"A sua regi\u00e3o \u00e0 dist\u00e2ncia de um clique...\",\"potentialAction\":[{\"@type\":\"SearchAction\",\"target\":{\"@type\":\"EntryPoint\",\"urlTemplate\":\"https:\\\/\\\/www.altominho.tv\\\/site\\\/?s={search_term_string}\"},\"query-input\":{\"@type\":\"PropertyValueSpecification\",\"valueRequired\":true,\"valueName\":\"search_term_string\"}}],\"inLanguage\":\"pt-PT\"},{\"@type\":\"Person\",\"@id\":\"https:\\\/\\\/www.altominho.tv\\\/site\\\/#\\\/schema\\\/person\\\/63f693da3e1899361cbe955c46f3232e\",\"name\":\"Lusa\",\"image\":{\"@type\":\"ImageObject\",\"inLanguage\":\"pt-PT\",\"@id\":\"https:\\\/\\\/www.altominho.tv\\\/site\\\/wp-content\\\/uploads\\\/2019\\\/08\\\/LUSA_Logo.gif\",\"url\":\"https:\\\/\\\/www.altominho.tv\\\/site\\\/wp-content\\\/uploads\\\/2019\\\/08\\\/LUSA_Logo.gif\",\"contentUrl\":\"https:\\\/\\\/www.altominho.tv\\\/site\\\/wp-content\\\/uploads\\\/2019\\\/08\\\/LUSA_Logo.gif\",\"caption\":\"Lusa\"},\"sameAs\":[\"http:\\\/\\\/\\\/\\\/www.altominho.tv\\\/site\"],\"url\":\"https:\\\/\\\/www.altominho.tv\\\/site\\\/author\\\/lusa\\\/\"}]}<\/script>\n<!-- \/ Yoast SEO Premium plugin. -->","yoast_head_json":{"title":"Licen\u00e7as de pesca no rio Minho em 2023 refor\u00e7am controlo de descargas em lota","description":"Uma altera\u00e7\u00e3o proposta por pescadores do rio Minho e introduzida, este ano, pela capitania de Caminha nas condi\u00e7\u00f5es de renova\u00e7\u00e3o de licen\u00e7as para 2023, vai permitir maior controlo do pescado descarregado em lota.","robots":{"index":"index","follow":"follow","max-snippet":"max-snippet:-1","max-image-preview":"max-image-preview:large","max-video-preview":"max-video-preview:-1"},"canonical":"https:\/\/www.altominho.tv\/site\/2022\/05\/16\/licencas-de-pesca-no-rio-minho-em-2023-reforcam-controlo-de-descargas-em-lota\/","og_locale":"pt_PT","og_type":"article","og_title":"Licen\u00e7as de pesca no rio Minho em 2023 refor\u00e7am controlo de descargas em lota","og_description":"Uma altera\u00e7\u00e3o proposta por pescadores do rio Minho e introduzida, este ano, pela capitania de Caminha nas condi\u00e7\u00f5es de renova\u00e7\u00e3o de licen\u00e7as para 2023, vai permitir maior controlo do pescado descarregado em lota.","og_url":"https:\/\/www.altominho.tv\/site\/2022\/05\/16\/licencas-de-pesca-no-rio-minho-em-2023-reforcam-controlo-de-descargas-em-lota\/","og_site_name":"Altominho.tv","article_publisher":"https:\/\/www.facebook.com\/altominhotv","article_published_time":"2022-05-16T15:36:57+00:00","article_modified_time":"2022-05-16T15:37:55+00:00","og_image":[{"width":1148,"height":646,"url":"https:\/\/www.altominho.tv\/site\/wp-content\/uploads\/2022\/05\/Pesca-Caminha.jpg","type":"image\/jpeg"}],"author":"Lusa","twitter_card":"summary_large_image","twitter_creator":"@altominhoTV","twitter_site":"@altominhoTV","twitter_misc":{"Escrito por":"Lusa","Tempo estimado de leitura":"5 minutos"},"schema":{"@context":"https:\/\/schema.org","@graph":[{"@type":"Article","@id":"https:\/\/www.altominho.tv\/site\/2022\/05\/16\/licencas-de-pesca-no-rio-minho-em-2023-reforcam-controlo-de-descargas-em-lota\/#article","isPartOf":{"@id":"https:\/\/www.altominho.tv\/site\/2022\/05\/16\/licencas-de-pesca-no-rio-minho-em-2023-reforcam-controlo-de-descargas-em-lota\/"},"author":{"name":"Lusa","@id":"https:\/\/www.altominho.tv\/site\/#\/schema\/person\/63f693da3e1899361cbe955c46f3232e"},"headline":"Licen\u00e7as de pesca no rio Minho em 2023 refor\u00e7am controlo de descargas em lota","datePublished":"2022-05-16T15:36:57+00:00","dateModified":"2022-05-16T15:37:55+00:00","mainEntityOfPage":{"@id":"https:\/\/www.altominho.tv\/site\/2022\/05\/16\/licencas-de-pesca-no-rio-minho-em-2023-reforcam-controlo-de-descargas-em-lota\/"},"wordCount":875,"image":{"@id":"https:\/\/www.altominho.tv\/site\/2022\/05\/16\/licencas-de-pesca-no-rio-minho-em-2023-reforcam-controlo-de-descargas-em-lota\/#primaryimage"},"thumbnailUrl":"https:\/\/www.altominho.tv\/site\/wp-content\/uploads\/2022\/05\/Pesca-Caminha.jpg","keywords":["Sociedade"],"articleSection":["Alto Minho"],"inLanguage":"pt-PT","copyrightYear":"2022","copyrightHolder":{"@id":"https:\/\/www.altominho.tv\/site\/#organization"}},{"@type":"WebPage","@id":"https:\/\/www.altominho.tv\/site\/2022\/05\/16\/licencas-de-pesca-no-rio-minho-em-2023-reforcam-controlo-de-descargas-em-lota\/","url":"https:\/\/www.altominho.tv\/site\/2022\/05\/16\/licencas-de-pesca-no-rio-minho-em-2023-reforcam-controlo-de-descargas-em-lota\/","name":"Licen\u00e7as de pesca no rio Minho em 2023 refor\u00e7am controlo de descargas em lota","isPartOf":{"@id":"https:\/\/www.altominho.tv\/site\/#website"},"primaryImageOfPage":{"@id":"https:\/\/www.altominho.tv\/site\/2022\/05\/16\/licencas-de-pesca-no-rio-minho-em-2023-reforcam-controlo-de-descargas-em-lota\/#primaryimage"},"image":{"@id":"https:\/\/www.altominho.tv\/site\/2022\/05\/16\/licencas-de-pesca-no-rio-minho-em-2023-reforcam-controlo-de-descargas-em-lota\/#primaryimage"},"thumbnailUrl":"https:\/\/www.altominho.tv\/site\/wp-content\/uploads\/2022\/05\/Pesca-Caminha.jpg","datePublished":"2022-05-16T15:36:57+00:00","dateModified":"2022-05-16T15:37:55+00:00","author":{"@id":"https:\/\/www.altominho.tv\/site\/#\/schema\/person\/63f693da3e1899361cbe955c46f3232e"},"description":"Uma altera\u00e7\u00e3o proposta por pescadores do rio Minho e introduzida, este ano, pela capitania de Caminha nas condi\u00e7\u00f5es de renova\u00e7\u00e3o de licen\u00e7as para 2023, vai permitir maior controlo do pescado descarregado em lota.","breadcrumb":{"@id":"https:\/\/www.altominho.tv\/site\/2022\/05\/16\/licencas-de-pesca-no-rio-minho-em-2023-reforcam-controlo-de-descargas-em-lota\/#breadcrumb"},"inLanguage":"pt-PT","potentialAction":[{"@type":"ReadAction","target":["https:\/\/www.altominho.tv\/site\/2022\/05\/16\/licencas-de-pesca-no-rio-minho-em-2023-reforcam-controlo-de-descargas-em-lota\/"]}]},{"@type":"ImageObject","inLanguage":"pt-PT","@id":"https:\/\/www.altominho.tv\/site\/2022\/05\/16\/licencas-de-pesca-no-rio-minho-em-2023-reforcam-controlo-de-descargas-em-lota\/#primaryimage","url":"https:\/\/www.altominho.tv\/site\/wp-content\/uploads\/2022\/05\/Pesca-Caminha.jpg","contentUrl":"https:\/\/www.altominho.tv\/site\/wp-content\/uploads\/2022\/05\/Pesca-Caminha.jpg","width":1148,"height":646},{"@type":"BreadcrumbList","@id":"https:\/\/www.altominho.tv\/site\/2022\/05\/16\/licencas-de-pesca-no-rio-minho-em-2023-reforcam-controlo-de-descargas-em-lota\/#breadcrumb","itemListElement":[{"@type":"ListItem","position":1,"name":"In\u00edcio","item":"https:\/\/www.altominho.tv\/site\/"},{"@type":"ListItem","position":2,"name":"Licen\u00e7as de pesca no rio Minho em 2023 refor\u00e7am controlo de descargas em lota"}]},{"@type":"WebSite","@id":"https:\/\/www.altominho.tv\/site\/#website","url":"https:\/\/www.altominho.tv\/site\/","name":"Altominho.tv","description":"A sua regi\u00e3o \u00e0 dist\u00e2ncia de um clique...","potentialAction":[{"@type":"SearchAction","target":{"@type":"EntryPoint","urlTemplate":"https:\/\/www.altominho.tv\/site\/?s={search_term_string}"},"query-input":{"@type":"PropertyValueSpecification","valueRequired":true,"valueName":"search_term_string"}}],"inLanguage":"pt-PT"},{"@type":"Person","@id":"https:\/\/www.altominho.tv\/site\/#\/schema\/person\/63f693da3e1899361cbe955c46f3232e","name":"Lusa","image":{"@type":"ImageObject","inLanguage":"pt-PT","@id":"https:\/\/www.altominho.tv\/site\/wp-content\/uploads\/2019\/08\/LUSA_Logo.gif","url":"https:\/\/www.altominho.tv\/site\/wp-content\/uploads\/2019\/08\/LUSA_Logo.gif","contentUrl":"https:\/\/www.altominho.tv\/site\/wp-content\/uploads\/2019\/08\/LUSA_Logo.gif","caption":"Lusa"},"sameAs":["http:\/\/\/\/www.altominho.tv\/site"],"url":"https:\/\/www.altominho.tv\/site\/author\/lusa\/"}]}},"_links":{"self":[{"href":"https:\/\/www.altominho.tv\/site\/wp-json\/wp\/v2\/posts\/79871","targetHints":{"allow":["GET"]}}],"collection":[{"href":"https:\/\/www.altominho.tv\/site\/wp-json\/wp\/v2\/posts"}],"about":[{"href":"https:\/\/www.altominho.tv\/site\/wp-json\/wp\/v2\/types\/post"}],"author":[{"embeddable":true,"href":"https:\/\/www.altominho.tv\/site\/wp-json\/wp\/v2\/users\/13"}],"replies":[{"embeddable":true,"href":"https:\/\/www.altominho.tv\/site\/wp-json\/wp\/v2\/comments?post=79871"}],"version-history":[{"count":0,"href":"https:\/\/www.altominho.tv\/site\/wp-json\/wp\/v2\/posts\/79871\/revisions"}],"wp:featuredmedia":[{"embeddable":true,"href":"https:\/\/www.altominho.tv\/site\/wp-json\/wp\/v2\/media\/79872"}],"wp:attachment":[{"href":"https:\/\/www.altominho.tv\/site\/wp-json\/wp\/v2\/media?parent=79871"}],"wp:term":[{"taxonomy":"category","embeddable":true,"href":"https:\/\/www.altominho.tv\/site\/wp-json\/wp\/v2\/categories?post=79871"},{"taxonomy":"post_tag","embeddable":true,"href":"https:\/\/www.altominho.tv\/site\/wp-json\/wp\/v2\/tags?post=79871"}],"curies":[{"name":"wp","href":"https:\/\/api.w.org\/{rel}","templated":true}]}}