{"id":79860,"date":"2022-05-17T17:04:18","date_gmt":"2022-05-17T16:04:18","guid":{"rendered":"https:\/\/www.altominho.tv\/site\/?p=79860"},"modified":"2022-05-17T17:04:22","modified_gmt":"2022-05-17T16:04:22","slug":"fitavale-leva-espetaculos-de-teatro-e-filme-a-cinco-municipios","status":"publish","type":"post","link":"https:\/\/www.altominho.tv\/site\/2022\/05\/17\/fitavale-leva-espetaculos-de-teatro-e-filme-a-cinco-municipios\/","title":{"rendered":"FITAVALE leva espet\u00e1culos de teatro e filme a cinco munic\u00edpios"},"content":{"rendered":"<p><span class=\"il\">O FITAVALE<\/span>&nbsp;&#8211; Festival Itinerante de Teatro de Amadores do&nbsp;<span class=\"il\">Vale<\/span> do Minho est\u00e1 de regresso de 20 a 22 de maio. A iniciativa das Com\u00e9dias do Minho vai percorrer os cinco concelhos do <span class=\"il\">Vale<\/span> do Minho, onde grupos de teatro amador apresentar\u00e3o as suas cria\u00e7\u00f5es.<\/p>\n<p>Em comunicado, a companhia de teatro adianta que a 12.\u00aa edi\u00e7\u00e3o do festival volta a &#8220;unir a comunidade em torno do palco&#8221; e \u00e9 o momento em que os grupos de teatro de amadores Os Simples, de Melga\u00e7o, a Associa\u00e7\u00e3o Filarm\u00f3nica Milagrense, de Mon\u00e7\u00e3o, o +TAC, de Paredes de Coura, o VerdeVejo, de Valen\u00e7a e o Outra Cena, de Vila Nova de Cerveira, &#8220;apresentam o trabalho desenvolvido ao longo do ano com os atores das Com\u00e9dias do Minho&#8221;.<\/p>\n<p>Este ano, o festival recupera de dois anos de edi\u00e7\u00e3o <em>online<\/em> com a presen\u00e7a quase completa dos grupos de amadores e, num circuito que envolve os cinco concelhos, cada grupo estreia um espet\u00e1culo, mas nenhum sobe ao palco no seu pr\u00f3prio munic\u00edpio.<\/p>\n<p>A programa\u00e7\u00e3o, com particular pendor para a com\u00e9dia, ocupa as salas do territ\u00f3rio com quatro espet\u00e1culos e um filme. O repert\u00f3rio inclui adapta\u00e7\u00f5es de cl\u00e1ssicos, bem como um texto original.<\/p>\n<p>De sexta-feira a domingo, decorre a apresenta\u00e7\u00e3o das pe\u00e7as <em>Presidente de Coisinha Nenhuma<\/em>, de Rui Mendon\u00e7a,&nbsp;<em>Breve Casamento do Pequeno Burgu\u00eas<\/em>, a partir de Bertold Brecht,&nbsp;<em>O Doente Imagin\u00e1rio<\/em>, de Moli\u00e9re, e&nbsp;<em>Ritual da Gala<\/em>, a partir de&nbsp;<em>Lis\u00edstrata,<\/em>&nbsp;de Arist\u00f3fanes,<em>&nbsp;<\/em>e do universo de&nbsp;<em>Sa\u00eddas da Casca<\/em>, de Paulo da Fonseca, Rog\u00e9rio Bracinha e C\u00e9sar Oliveira.<\/p>\n<div id='gallery-1' class='gallery galleryid-79860 gallery-columns-1 gallery-size-gridlove-single'><figure class='gallery-item'>\n\t\t\t<div class='gallery-icon landscape'>\n\t\t\t\t<a class=\"gridlove-popup\" href='https:\/\/www.altominho.tv\/site\/wp-content\/uploads\/2022\/05\/12oFITAVALE_Presidente-de-Coisinha-Nenhuma-2.jpg'><img loading=\"lazy\" decoding=\"async\" width=\"740\" height=\"463\" src=\"https:\/\/www.altominho.tv\/site\/wp-content\/uploads\/2022\/05\/12oFITAVALE_Presidente-de-Coisinha-Nenhuma-2-740x463.jpg\" class=\"attachment-gridlove-single size-gridlove-single\" alt=\"\" aria-describedby=\"gallery-1-79866\" srcset=\"https:\/\/www.altominho.tv\/site\/wp-content\/uploads\/2022\/05\/12oFITAVALE_Presidente-de-Coisinha-Nenhuma-2-740x463.jpg 740w, https:\/\/www.altominho.tv\/site\/wp-content\/uploads\/2022\/05\/12oFITAVALE_Presidente-de-Coisinha-Nenhuma-2-693x433.jpg 693w, https:\/\/www.altominho.tv\/site\/wp-content\/uploads\/2022\/05\/12oFITAVALE_Presidente-de-Coisinha-Nenhuma-2-1024x640.jpg 1024w, https:\/\/www.altominho.tv\/site\/wp-content\/uploads\/2022\/05\/12oFITAVALE_Presidente-de-Coisinha-Nenhuma-2-768x480.jpg 768w, https:\/\/www.altominho.tv\/site\/wp-content\/uploads\/2022\/05\/12oFITAVALE_Presidente-de-Coisinha-Nenhuma-2-1536x960.jpg 1536w, https:\/\/www.altominho.tv\/site\/wp-content\/uploads\/2022\/05\/12oFITAVALE_Presidente-de-Coisinha-Nenhuma-2-370x231.jpg 370w, https:\/\/www.altominho.tv\/site\/wp-content\/uploads\/2022\/05\/12oFITAVALE_Presidente-de-Coisinha-Nenhuma-2-270x169.jpg 270w, https:\/\/www.altominho.tv\/site\/wp-content\/uploads\/2022\/05\/12oFITAVALE_Presidente-de-Coisinha-Nenhuma-2-570x356.jpg 570w, https:\/\/www.altominho.tv\/site\/wp-content\/uploads\/2022\/05\/12oFITAVALE_Presidente-de-Coisinha-Nenhuma-2.jpg 2000w\" sizes=\"auto, (max-width: 740px) 100vw, 740px\" \/><\/a>\n\t\t\t<\/div>\n\t\t\t\t<figcaption class='wp-caption-text gallery-caption' id='gallery-1-79866'>\n\t\t\t\tCOM\u00c9DIAS DO MINHO                                                                                                                                                                                                                       \n\t\t\t\t<\/figcaption><\/figure><figure class='gallery-item'>\n\t\t\t<div class='gallery-icon landscape'>\n\t\t\t\t<a class=\"gridlove-popup\" href='https:\/\/www.altominho.tv\/site\/wp-content\/uploads\/2022\/05\/12oFITAVALE_O-Doente-Imagina\u0301rio-2.jpg'><img loading=\"lazy\" decoding=\"async\" width=\"740\" height=\"463\" src=\"https:\/\/www.altominho.tv\/site\/wp-content\/uploads\/2022\/05\/12oFITAVALE_O-Doente-Imagina\u0301rio-2-740x463.jpg\" class=\"attachment-gridlove-single size-gridlove-single\" alt=\"\" aria-describedby=\"gallery-1-79868\" srcset=\"https:\/\/www.altominho.tv\/site\/wp-content\/uploads\/2022\/05\/12oFITAVALE_O-Doente-Imagina\u0301rio-2-740x463.jpg 740w, https:\/\/www.altominho.tv\/site\/wp-content\/uploads\/2022\/05\/12oFITAVALE_O-Doente-Imagina\u0301rio-2-693x433.jpg 693w, https:\/\/www.altominho.tv\/site\/wp-content\/uploads\/2022\/05\/12oFITAVALE_O-Doente-Imagina\u0301rio-2-1024x640.jpg 1024w, https:\/\/www.altominho.tv\/site\/wp-content\/uploads\/2022\/05\/12oFITAVALE_O-Doente-Imagina\u0301rio-2-768x480.jpg 768w, https:\/\/www.altominho.tv\/site\/wp-content\/uploads\/2022\/05\/12oFITAVALE_O-Doente-Imagina\u0301rio-2-1536x960.jpg 1536w, https:\/\/www.altominho.tv\/site\/wp-content\/uploads\/2022\/05\/12oFITAVALE_O-Doente-Imagina\u0301rio-2-370x231.jpg 370w, https:\/\/www.altominho.tv\/site\/wp-content\/uploads\/2022\/05\/12oFITAVALE_O-Doente-Imagina\u0301rio-2-270x169.jpg 270w, https:\/\/www.altominho.tv\/site\/wp-content\/uploads\/2022\/05\/12oFITAVALE_O-Doente-Imagina\u0301rio-2-570x356.jpg 570w, https:\/\/www.altominho.tv\/site\/wp-content\/uploads\/2022\/05\/12oFITAVALE_O-Doente-Imagina\u0301rio-2.jpg 2000w\" sizes=\"auto, (max-width: 740px) 100vw, 740px\" \/><\/a>\n\t\t\t<\/div>\n\t\t\t\t<figcaption class='wp-caption-text gallery-caption' id='gallery-1-79868'>\n\t\t\t\tCOM\u00c9DIAS DO MINHO                                                                                                                                                                                                                       \n\t\t\t\t<\/figcaption><\/figure><figure class='gallery-item'>\n\t\t\t<div class='gallery-icon landscape'>\n\t\t\t\t<a class=\"gridlove-popup\" href='https:\/\/www.altominho.tv\/site\/wp-content\/uploads\/2022\/05\/12oFITAVALE_Ritual-da-Gala-2.jpg'><img loading=\"lazy\" decoding=\"async\" width=\"740\" height=\"463\" src=\"https:\/\/www.altominho.tv\/site\/wp-content\/uploads\/2022\/05\/12oFITAVALE_Ritual-da-Gala-2-740x463.jpg\" class=\"attachment-gridlove-single size-gridlove-single\" alt=\"\" aria-describedby=\"gallery-1-79867\" srcset=\"https:\/\/www.altominho.tv\/site\/wp-content\/uploads\/2022\/05\/12oFITAVALE_Ritual-da-Gala-2-740x463.jpg 740w, https:\/\/www.altominho.tv\/site\/wp-content\/uploads\/2022\/05\/12oFITAVALE_Ritual-da-Gala-2-693x433.jpg 693w, https:\/\/www.altominho.tv\/site\/wp-content\/uploads\/2022\/05\/12oFITAVALE_Ritual-da-Gala-2-1024x640.jpg 1024w, https:\/\/www.altominho.tv\/site\/wp-content\/uploads\/2022\/05\/12oFITAVALE_Ritual-da-Gala-2-768x480.jpg 768w, https:\/\/www.altominho.tv\/site\/wp-content\/uploads\/2022\/05\/12oFITAVALE_Ritual-da-Gala-2-1536x960.jpg 1536w, https:\/\/www.altominho.tv\/site\/wp-content\/uploads\/2022\/05\/12oFITAVALE_Ritual-da-Gala-2-370x231.jpg 370w, https:\/\/www.altominho.tv\/site\/wp-content\/uploads\/2022\/05\/12oFITAVALE_Ritual-da-Gala-2-270x169.jpg 270w, https:\/\/www.altominho.tv\/site\/wp-content\/uploads\/2022\/05\/12oFITAVALE_Ritual-da-Gala-2-570x356.jpg 570w, https:\/\/www.altominho.tv\/site\/wp-content\/uploads\/2022\/05\/12oFITAVALE_Ritual-da-Gala-2.jpg 2000w\" sizes=\"auto, (max-width: 740px) 100vw, 740px\" \/><\/a>\n\t\t\t<\/div>\n\t\t\t\t<figcaption class='wp-caption-text gallery-caption' id='gallery-1-79867'>\n\t\t\t\tCOM\u00c9DIAS DO MINHO                                                                                                                                                                                                                       \n\t\t\t\t<\/figcaption><\/figure>\n\t\t<\/div>\n\n<p>A sess\u00e3o de s\u00e1bado \u00e0 noite ser\u00e1 uma homenagem aos grupos de teatro amador do territ\u00f3rio alto-minhoto, com a apresenta\u00e7\u00e3o do filme documental&nbsp;<em>uma Comunidade<\/em>, de Eva \u00c2ngelo, realizado durante o FITAVALE de 2017.<\/p>\n","protected":false},"excerpt":{"rendered":"<p>O FITAVALE&nbsp;&#8211; Festival Itinerante de Teatro de Amadores do&nbsp;Vale do Minho est\u00e1 de regresso de 20 a 22 de maio. A iniciativa das Com\u00e9dias do Minho vai percorrer os cinco concelhos do Vale do Minho, onde grupos de teatro amador apresentar\u00e3o as suas cria\u00e7\u00f5es. Em comunicado, a companhia de teatro adianta que a 12.\u00aa edi\u00e7\u00e3o [&hellip;]<\/p>\n","protected":false},"author":12,"featured_media":79861,"comment_status":"closed","ping_status":"closed","sticky":false,"template":"","format":"standard","meta":{"_exactmetrics_skip_tracking":false,"_exactmetrics_sitenote_active":false,"_exactmetrics_sitenote_note":"","_exactmetrics_sitenote_category":0,"footnotes":""},"categories":[73],"tags":[19],"class_list":["post-79860","post","type-post","status-publish","format-standard","has-post-thumbnail","hentry","category-alto-minho","tag-cultura"],"yoast_head":"<!-- This site is optimized with the Yoast SEO Premium plugin v27.4 (Yoast SEO v27.4) - https:\/\/yoast.com\/product\/yoast-seo-premium-wordpress\/ -->\n<title>FITAVALE leva espet\u00e1culos de teatro e filme a cinco munic\u00edpios<\/title>\n<meta name=\"description\" content=\"O FITAVALE\u00a0- Festival Itinerante de Teatro de Amadores do\u00a0Vale do Minho est\u00e1 de regresso de 20 a 22 de maio.\" \/>\n<meta name=\"robots\" content=\"index, follow, max-snippet:-1, max-image-preview:large, max-video-preview:-1\" \/>\n<link rel=\"canonical\" href=\"https:\/\/www.altominho.tv\/site\/2022\/05\/17\/fitavale-leva-espetaculos-de-teatro-e-filme-a-cinco-municipios\/\" \/>\n<meta property=\"og:locale\" content=\"pt_PT\" \/>\n<meta property=\"og:type\" content=\"article\" \/>\n<meta property=\"og:title\" content=\"FITAVALE leva espet\u00e1culos de teatro e filme a cinco munic\u00edpios\" \/>\n<meta property=\"og:description\" content=\"O FITAVALE\u00a0- Festival Itinerante de Teatro de Amadores do\u00a0Vale do Minho est\u00e1 de regresso de 20 a 22 de maio.\" \/>\n<meta property=\"og:url\" content=\"https:\/\/www.altominho.tv\/site\/2022\/05\/17\/fitavale-leva-espetaculos-de-teatro-e-filme-a-cinco-municipios\/\" \/>\n<meta property=\"og:site_name\" content=\"Altominho.tv\" \/>\n<meta property=\"article:publisher\" content=\"https:\/\/www.facebook.com\/altominhotv\" \/>\n<meta property=\"article:published_time\" content=\"2022-05-17T16:04:18+00:00\" \/>\n<meta property=\"article:modified_time\" content=\"2022-05-17T16:04:22+00:00\" \/>\n<meta property=\"og:image\" content=\"https:\/\/www.altominho.tv\/site\/wp-content\/uploads\/2022\/05\/12oFITAVALE.jpg\" \/>\n\t<meta property=\"og:image:width\" content=\"2000\" \/>\n\t<meta property=\"og:image:height\" content=\"1174\" \/>\n\t<meta property=\"og:image:type\" content=\"image\/jpeg\" \/>\n<meta name=\"author\" content=\"Andreia Ferreira\" \/>\n<meta name=\"twitter:card\" content=\"summary_large_image\" \/>\n<meta name=\"twitter:creator\" content=\"@altominhoTV\" \/>\n<meta name=\"twitter:site\" content=\"@altominhoTV\" \/>\n<meta name=\"twitter:label1\" content=\"Escrito por\" \/>\n\t<meta name=\"twitter:data1\" content=\"Andreia Ferreira\" \/>\n\t<meta name=\"twitter:label2\" content=\"Tempo estimado de leitura\" \/>\n\t<meta name=\"twitter:data2\" content=\"2 minutos\" \/>\n<script type=\"application\/ld+json\" class=\"yoast-schema-graph\">{\"@context\":\"https:\\\/\\\/schema.org\",\"@graph\":[{\"@type\":\"Article\",\"@id\":\"https:\\\/\\\/www.altominho.tv\\\/site\\\/2022\\\/05\\\/17\\\/fitavale-leva-espetaculos-de-teatro-e-filme-a-cinco-municipios\\\/#article\",\"isPartOf\":{\"@id\":\"https:\\\/\\\/www.altominho.tv\\\/site\\\/2022\\\/05\\\/17\\\/fitavale-leva-espetaculos-de-teatro-e-filme-a-cinco-municipios\\\/\"},\"author\":{\"name\":\"Andreia Ferreira\",\"@id\":\"https:\\\/\\\/www.altominho.tv\\\/site\\\/#\\\/schema\\\/person\\\/d9be4265364723f14ea8e0d56a1d38cd\"},\"headline\":\"FITAVALE leva espet\u00e1culos de teatro e filme a cinco munic\u00edpios\",\"datePublished\":\"2022-05-17T16:04:18+00:00\",\"dateModified\":\"2022-05-17T16:04:22+00:00\",\"mainEntityOfPage\":{\"@id\":\"https:\\\/\\\/www.altominho.tv\\\/site\\\/2022\\\/05\\\/17\\\/fitavale-leva-espetaculos-de-teatro-e-filme-a-cinco-municipios\\\/\"},\"wordCount\":345,\"image\":{\"@id\":\"https:\\\/\\\/www.altominho.tv\\\/site\\\/2022\\\/05\\\/17\\\/fitavale-leva-espetaculos-de-teatro-e-filme-a-cinco-municipios\\\/#primaryimage\"},\"thumbnailUrl\":\"https:\\\/\\\/www.altominho.tv\\\/site\\\/wp-content\\\/uploads\\\/2022\\\/05\\\/12oFITAVALE.jpg\",\"keywords\":[\"Cultura\"],\"articleSection\":[\"Alto Minho\"],\"inLanguage\":\"pt-PT\",\"copyrightYear\":\"2022\",\"copyrightHolder\":{\"@id\":\"https:\\\/\\\/www.altominho.tv\\\/site\\\/#organization\"}},{\"@type\":\"WebPage\",\"@id\":\"https:\\\/\\\/www.altominho.tv\\\/site\\\/2022\\\/05\\\/17\\\/fitavale-leva-espetaculos-de-teatro-e-filme-a-cinco-municipios\\\/\",\"url\":\"https:\\\/\\\/www.altominho.tv\\\/site\\\/2022\\\/05\\\/17\\\/fitavale-leva-espetaculos-de-teatro-e-filme-a-cinco-municipios\\\/\",\"name\":\"FITAVALE leva espet\u00e1culos de teatro e filme a cinco munic\u00edpios\",\"isPartOf\":{\"@id\":\"https:\\\/\\\/www.altominho.tv\\\/site\\\/#website\"},\"primaryImageOfPage\":{\"@id\":\"https:\\\/\\\/www.altominho.tv\\\/site\\\/2022\\\/05\\\/17\\\/fitavale-leva-espetaculos-de-teatro-e-filme-a-cinco-municipios\\\/#primaryimage\"},\"image\":{\"@id\":\"https:\\\/\\\/www.altominho.tv\\\/site\\\/2022\\\/05\\\/17\\\/fitavale-leva-espetaculos-de-teatro-e-filme-a-cinco-municipios\\\/#primaryimage\"},\"thumbnailUrl\":\"https:\\\/\\\/www.altominho.tv\\\/site\\\/wp-content\\\/uploads\\\/2022\\\/05\\\/12oFITAVALE.jpg\",\"datePublished\":\"2022-05-17T16:04:18+00:00\",\"dateModified\":\"2022-05-17T16:04:22+00:00\",\"author\":{\"@id\":\"https:\\\/\\\/www.altominho.tv\\\/site\\\/#\\\/schema\\\/person\\\/d9be4265364723f14ea8e0d56a1d38cd\"},\"description\":\"O FITAVALE\u00a0- Festival Itinerante de Teatro de Amadores do\u00a0Vale do Minho est\u00e1 de regresso de 20 a 22 de maio.\",\"breadcrumb\":{\"@id\":\"https:\\\/\\\/www.altominho.tv\\\/site\\\/2022\\\/05\\\/17\\\/fitavale-leva-espetaculos-de-teatro-e-filme-a-cinco-municipios\\\/#breadcrumb\"},\"inLanguage\":\"pt-PT\",\"potentialAction\":[{\"@type\":\"ReadAction\",\"target\":[\"https:\\\/\\\/www.altominho.tv\\\/site\\\/2022\\\/05\\\/17\\\/fitavale-leva-espetaculos-de-teatro-e-filme-a-cinco-municipios\\\/\"]}]},{\"@type\":\"ImageObject\",\"inLanguage\":\"pt-PT\",\"@id\":\"https:\\\/\\\/www.altominho.tv\\\/site\\\/2022\\\/05\\\/17\\\/fitavale-leva-espetaculos-de-teatro-e-filme-a-cinco-municipios\\\/#primaryimage\",\"url\":\"https:\\\/\\\/www.altominho.tv\\\/site\\\/wp-content\\\/uploads\\\/2022\\\/05\\\/12oFITAVALE.jpg\",\"contentUrl\":\"https:\\\/\\\/www.altominho.tv\\\/site\\\/wp-content\\\/uploads\\\/2022\\\/05\\\/12oFITAVALE.jpg\",\"width\":2000,\"height\":1174,\"caption\":\"COM\u00c9DIAS DO MINHO\"},{\"@type\":\"BreadcrumbList\",\"@id\":\"https:\\\/\\\/www.altominho.tv\\\/site\\\/2022\\\/05\\\/17\\\/fitavale-leva-espetaculos-de-teatro-e-filme-a-cinco-municipios\\\/#breadcrumb\",\"itemListElement\":[{\"@type\":\"ListItem\",\"position\":1,\"name\":\"In\u00edcio\",\"item\":\"https:\\\/\\\/www.altominho.tv\\\/site\\\/\"},{\"@type\":\"ListItem\",\"position\":2,\"name\":\"FITAVALE leva espet\u00e1culos de teatro e filme a cinco munic\u00edpios\"}]},{\"@type\":\"WebSite\",\"@id\":\"https:\\\/\\\/www.altominho.tv\\\/site\\\/#website\",\"url\":\"https:\\\/\\\/www.altominho.tv\\\/site\\\/\",\"name\":\"Altominho.tv\",\"description\":\"A sua regi\u00e3o \u00e0 dist\u00e2ncia de um clique...\",\"potentialAction\":[{\"@type\":\"SearchAction\",\"target\":{\"@type\":\"EntryPoint\",\"urlTemplate\":\"https:\\\/\\\/www.altominho.tv\\\/site\\\/?s={search_term_string}\"},\"query-input\":{\"@type\":\"PropertyValueSpecification\",\"valueRequired\":true,\"valueName\":\"search_term_string\"}}],\"inLanguage\":\"pt-PT\"},{\"@type\":\"Person\",\"@id\":\"https:\\\/\\\/www.altominho.tv\\\/site\\\/#\\\/schema\\\/person\\\/d9be4265364723f14ea8e0d56a1d38cd\",\"name\":\"Andreia Ferreira\",\"image\":{\"@type\":\"ImageObject\",\"inLanguage\":\"pt-PT\",\"@id\":\"https:\\\/\\\/www.altominho.tv\\\/site\\\/wp-content\\\/uploads\\\/2021\\\/01\\\/AndreiaFerreira-150x150.jpg\",\"url\":\"https:\\\/\\\/www.altominho.tv\\\/site\\\/wp-content\\\/uploads\\\/2021\\\/01\\\/AndreiaFerreira-150x150.jpg\",\"contentUrl\":\"https:\\\/\\\/www.altominho.tv\\\/site\\\/wp-content\\\/uploads\\\/2021\\\/01\\\/AndreiaFerreira-150x150.jpg\",\"caption\":\"Andreia Ferreira\"},\"url\":\"https:\\\/\\\/www.altominho.tv\\\/site\\\/author\\\/andreiaferreira\\\/\"}]}<\/script>\n<!-- \/ Yoast SEO Premium plugin. -->","yoast_head_json":{"title":"FITAVALE leva espet\u00e1culos de teatro e filme a cinco munic\u00edpios","description":"O FITAVALE\u00a0- Festival Itinerante de Teatro de Amadores do\u00a0Vale do Minho est\u00e1 de regresso de 20 a 22 de maio.","robots":{"index":"index","follow":"follow","max-snippet":"max-snippet:-1","max-image-preview":"max-image-preview:large","max-video-preview":"max-video-preview:-1"},"canonical":"https:\/\/www.altominho.tv\/site\/2022\/05\/17\/fitavale-leva-espetaculos-de-teatro-e-filme-a-cinco-municipios\/","og_locale":"pt_PT","og_type":"article","og_title":"FITAVALE leva espet\u00e1culos de teatro e filme a cinco munic\u00edpios","og_description":"O FITAVALE\u00a0- Festival Itinerante de Teatro de Amadores do\u00a0Vale do Minho est\u00e1 de regresso de 20 a 22 de maio.","og_url":"https:\/\/www.altominho.tv\/site\/2022\/05\/17\/fitavale-leva-espetaculos-de-teatro-e-filme-a-cinco-municipios\/","og_site_name":"Altominho.tv","article_publisher":"https:\/\/www.facebook.com\/altominhotv","article_published_time":"2022-05-17T16:04:18+00:00","article_modified_time":"2022-05-17T16:04:22+00:00","og_image":[{"width":2000,"height":1174,"url":"https:\/\/www.altominho.tv\/site\/wp-content\/uploads\/2022\/05\/12oFITAVALE.jpg","type":"image\/jpeg"}],"author":"Andreia Ferreira","twitter_card":"summary_large_image","twitter_creator":"@altominhoTV","twitter_site":"@altominhoTV","twitter_misc":{"Escrito por":"Andreia Ferreira","Tempo estimado de leitura":"2 minutos"},"schema":{"@context":"https:\/\/schema.org","@graph":[{"@type":"Article","@id":"https:\/\/www.altominho.tv\/site\/2022\/05\/17\/fitavale-leva-espetaculos-de-teatro-e-filme-a-cinco-municipios\/#article","isPartOf":{"@id":"https:\/\/www.altominho.tv\/site\/2022\/05\/17\/fitavale-leva-espetaculos-de-teatro-e-filme-a-cinco-municipios\/"},"author":{"name":"Andreia Ferreira","@id":"https:\/\/www.altominho.tv\/site\/#\/schema\/person\/d9be4265364723f14ea8e0d56a1d38cd"},"headline":"FITAVALE leva espet\u00e1culos de teatro e filme a cinco munic\u00edpios","datePublished":"2022-05-17T16:04:18+00:00","dateModified":"2022-05-17T16:04:22+00:00","mainEntityOfPage":{"@id":"https:\/\/www.altominho.tv\/site\/2022\/05\/17\/fitavale-leva-espetaculos-de-teatro-e-filme-a-cinco-municipios\/"},"wordCount":345,"image":{"@id":"https:\/\/www.altominho.tv\/site\/2022\/05\/17\/fitavale-leva-espetaculos-de-teatro-e-filme-a-cinco-municipios\/#primaryimage"},"thumbnailUrl":"https:\/\/www.altominho.tv\/site\/wp-content\/uploads\/2022\/05\/12oFITAVALE.jpg","keywords":["Cultura"],"articleSection":["Alto Minho"],"inLanguage":"pt-PT","copyrightYear":"2022","copyrightHolder":{"@id":"https:\/\/www.altominho.tv\/site\/#organization"}},{"@type":"WebPage","@id":"https:\/\/www.altominho.tv\/site\/2022\/05\/17\/fitavale-leva-espetaculos-de-teatro-e-filme-a-cinco-municipios\/","url":"https:\/\/www.altominho.tv\/site\/2022\/05\/17\/fitavale-leva-espetaculos-de-teatro-e-filme-a-cinco-municipios\/","name":"FITAVALE leva espet\u00e1culos de teatro e filme a cinco munic\u00edpios","isPartOf":{"@id":"https:\/\/www.altominho.tv\/site\/#website"},"primaryImageOfPage":{"@id":"https:\/\/www.altominho.tv\/site\/2022\/05\/17\/fitavale-leva-espetaculos-de-teatro-e-filme-a-cinco-municipios\/#primaryimage"},"image":{"@id":"https:\/\/www.altominho.tv\/site\/2022\/05\/17\/fitavale-leva-espetaculos-de-teatro-e-filme-a-cinco-municipios\/#primaryimage"},"thumbnailUrl":"https:\/\/www.altominho.tv\/site\/wp-content\/uploads\/2022\/05\/12oFITAVALE.jpg","datePublished":"2022-05-17T16:04:18+00:00","dateModified":"2022-05-17T16:04:22+00:00","author":{"@id":"https:\/\/www.altominho.tv\/site\/#\/schema\/person\/d9be4265364723f14ea8e0d56a1d38cd"},"description":"O FITAVALE\u00a0- Festival Itinerante de Teatro de Amadores do\u00a0Vale do Minho est\u00e1 de regresso de 20 a 22 de maio.","breadcrumb":{"@id":"https:\/\/www.altominho.tv\/site\/2022\/05\/17\/fitavale-leva-espetaculos-de-teatro-e-filme-a-cinco-municipios\/#breadcrumb"},"inLanguage":"pt-PT","potentialAction":[{"@type":"ReadAction","target":["https:\/\/www.altominho.tv\/site\/2022\/05\/17\/fitavale-leva-espetaculos-de-teatro-e-filme-a-cinco-municipios\/"]}]},{"@type":"ImageObject","inLanguage":"pt-PT","@id":"https:\/\/www.altominho.tv\/site\/2022\/05\/17\/fitavale-leva-espetaculos-de-teatro-e-filme-a-cinco-municipios\/#primaryimage","url":"https:\/\/www.altominho.tv\/site\/wp-content\/uploads\/2022\/05\/12oFITAVALE.jpg","contentUrl":"https:\/\/www.altominho.tv\/site\/wp-content\/uploads\/2022\/05\/12oFITAVALE.jpg","width":2000,"height":1174,"caption":"COM\u00c9DIAS DO MINHO"},{"@type":"BreadcrumbList","@id":"https:\/\/www.altominho.tv\/site\/2022\/05\/17\/fitavale-leva-espetaculos-de-teatro-e-filme-a-cinco-municipios\/#breadcrumb","itemListElement":[{"@type":"ListItem","position":1,"name":"In\u00edcio","item":"https:\/\/www.altominho.tv\/site\/"},{"@type":"ListItem","position":2,"name":"FITAVALE leva espet\u00e1culos de teatro e filme a cinco munic\u00edpios"}]},{"@type":"WebSite","@id":"https:\/\/www.altominho.tv\/site\/#website","url":"https:\/\/www.altominho.tv\/site\/","name":"Altominho.tv","description":"A sua regi\u00e3o \u00e0 dist\u00e2ncia de um clique...","potentialAction":[{"@type":"SearchAction","target":{"@type":"EntryPoint","urlTemplate":"https:\/\/www.altominho.tv\/site\/?s={search_term_string}"},"query-input":{"@type":"PropertyValueSpecification","valueRequired":true,"valueName":"search_term_string"}}],"inLanguage":"pt-PT"},{"@type":"Person","@id":"https:\/\/www.altominho.tv\/site\/#\/schema\/person\/d9be4265364723f14ea8e0d56a1d38cd","name":"Andreia Ferreira","image":{"@type":"ImageObject","inLanguage":"pt-PT","@id":"https:\/\/www.altominho.tv\/site\/wp-content\/uploads\/2021\/01\/AndreiaFerreira-150x150.jpg","url":"https:\/\/www.altominho.tv\/site\/wp-content\/uploads\/2021\/01\/AndreiaFerreira-150x150.jpg","contentUrl":"https:\/\/www.altominho.tv\/site\/wp-content\/uploads\/2021\/01\/AndreiaFerreira-150x150.jpg","caption":"Andreia Ferreira"},"url":"https:\/\/www.altominho.tv\/site\/author\/andreiaferreira\/"}]}},"_links":{"self":[{"href":"https:\/\/www.altominho.tv\/site\/wp-json\/wp\/v2\/posts\/79860","targetHints":{"allow":["GET"]}}],"collection":[{"href":"https:\/\/www.altominho.tv\/site\/wp-json\/wp\/v2\/posts"}],"about":[{"href":"https:\/\/www.altominho.tv\/site\/wp-json\/wp\/v2\/types\/post"}],"author":[{"embeddable":true,"href":"https:\/\/www.altominho.tv\/site\/wp-json\/wp\/v2\/users\/12"}],"replies":[{"embeddable":true,"href":"https:\/\/www.altominho.tv\/site\/wp-json\/wp\/v2\/comments?post=79860"}],"version-history":[{"count":0,"href":"https:\/\/www.altominho.tv\/site\/wp-json\/wp\/v2\/posts\/79860\/revisions"}],"wp:featuredmedia":[{"embeddable":true,"href":"https:\/\/www.altominho.tv\/site\/wp-json\/wp\/v2\/media\/79861"}],"wp:attachment":[{"href":"https:\/\/www.altominho.tv\/site\/wp-json\/wp\/v2\/media?parent=79860"}],"wp:term":[{"taxonomy":"category","embeddable":true,"href":"https:\/\/www.altominho.tv\/site\/wp-json\/wp\/v2\/categories?post=79860"},{"taxonomy":"post_tag","embeddable":true,"href":"https:\/\/www.altominho.tv\/site\/wp-json\/wp\/v2\/tags?post=79860"}],"curies":[{"name":"wp","href":"https:\/\/api.w.org\/{rel}","templated":true}]}}