{"id":79840,"date":"2022-05-16T14:38:03","date_gmt":"2022-05-16T13:38:03","guid":{"rendered":"https:\/\/www.altominho.tv\/site\/?p=79840"},"modified":"2022-05-16T14:38:07","modified_gmt":"2022-05-16T13:38:07","slug":"alto-minho-alinhado-com-medidas-que-forem-tomadas-para-travar-aumento-de-casos-de-covid-19","status":"publish","type":"post","link":"https:\/\/www.altominho.tv\/site\/2022\/05\/16\/alto-minho-alinhado-com-medidas-que-forem-tomadas-para-travar-aumento-de-casos-de-covid-19\/","title":{"rendered":"Alto Minho \u201calinhado\u201d com medidas que forem tomadas para travar aumento de casos de Covid-19"},"content":{"rendered":"<p>A Comunidade Intermunicipal (CIM) do Alto Minho, que agrega os 10 concelhos do distrito de Viana do Castelo, garantiu esta segunda-feira que estar\u00e1 \u201calinhada\u201d com as medidas que forem tomadas para travar o aumento de casos de Covid-19.<\/p>\n<p>\u201cA CIM do Alto Minho est\u00e1 perfeitamente alinhada com as medidas que venham a ser tomadas pelas entidades competentes e dispon\u00edvel para colocar a sua capacidade de interven\u00e7\u00e3o, bem como a dos pr\u00f3prios munic\u00edpios, para travar este \u00edmpeto de subida\u201d, afirmou o presidente da CIM do Alto Minho.<\/p>\n<p>Contactado pela ag\u00eancia Lusa face ao aumento de casos de infe\u00e7\u00e3o pelo v\u00edrus SARS-CoV-2, cerca de 3886 segundo <a href=\"\/\/www.altominho.tv\/site\/2022\/05\/13\/alto-minho-com-mais-seis-mortes-e-subida-de-casos-de-covid-19\/\">dados da \u00faltima sexta-feira<\/a>, Manoel Batista adiantou que \u201ca CIM do Alto Minho trabalha em estreita articula\u00e7\u00e3o com a Unidade Local de Sa\u00fade do Alto Minho (ULSAM) e a Administra\u00e7\u00e3o Regional de Sa\u00fade (ARS) do Norte e est\u00e1 dispon\u00edvel para colaborar na implementa\u00e7\u00e3o das medidas que vieram a ser consideradas adequadas\u201d.<\/p>\n<p>De acordo com n\u00fameros revelados \u00e0 Lusa por fonte hospitalar, \u00e0s 11h33 desta segunda-feira encontravam-se internados em enfermaria 40 doentes com Covid-19 e tr\u00eas na Unidade de Cuidados Intensivos (UCI).<\/p>\n<p>Na manh\u00e3 da \u00faltima sexta-feira, o presidente do conselho de administra\u00e7\u00e3o da ULSAM, Franklim Ramos adiantou que estavam internados em enfermaria 45 doentes, metade dos quais com mais de 80 anos e, que em UCI, um doente. Referiu ainda que 60 profissionais de sa\u00fade do hospital de Santa Luzia, em Viana do Castelo, est\u00e3o doentes.<\/p>\n<p>Para o autarca que lidera a CIM do Alto Minho, o aumento do n\u00famero de casos \u00e9 \u201crelativamente normal perante o processo de retirada da m\u00e1scara\u201d.<\/p>\n<p>\u201c\u00c9 fundamental que a popula\u00e7\u00e3o mais fr\u00e1gil, com algumas dificuldades de sa\u00fade, quer pela idade quer por doen\u00e7as associadas, tenha cuidado redobrado\u201d, sublinhou Manoel Batista.<\/p>\n<p>Na sexta-feira, a Dire\u00e7\u00e3o-Geral da Sa\u00fade (DGS) informou do in\u00edcio do processo de inocula\u00e7\u00e3o dos idosos com mais de 80 anos e dos residentes nos lares com a segunda dose de refor\u00e7o da vacina contra a Covid-19.<\/p>\n<p>\u201cEsperamos que at\u00e9 ao ver\u00e3o a popula\u00e7\u00e3o mais fr\u00e1gil esteja vacinada para estar mais defendida. Estamos dispon\u00edveis para colaborar no processo de vacina\u00e7\u00e3o, seja qual for a necessidade de interven\u00e7\u00e3o dos munic\u00edpios e da CIM do Alto Minho\u201d, sublinhou Manoel Batista.<\/p>\n<p>O concelho de Viana do Castelo, capital de distrito, \u00e9 o que apresenta maior n\u00famero de casos ativos. De acordo com dados divulgados pela ULSAM, na sexta, o munic\u00edpio registava 1826 casos de infe\u00e7\u00e3o por SARS-CoV-2.<\/p>\n<p>\u00c0 Lusa, o presidente da C\u00e2mara, Lu\u00eds Nobre garantiu que, \u201ctal como no passado, o munic\u00edpio est\u00e1 a acompanhar o evoluir da situa\u00e7\u00e3o, em articula\u00e7\u00e3o absoluta com as todas as entidades sa\u00fade, prote\u00e7\u00e3o social, civil, policiais\u201d.<\/p>\n<p>\u201cEstamos em contacto cont\u00ednuo com a administra\u00e7\u00e3o da ULSAM e tomaremos as orienta\u00e7\u00f5es que forem definidas, sem ratear medidas, sem criar alarmismo, sempre com descri\u00e7\u00e3o\u201d, afirmou o autarca.<\/p>\n<p>Lu\u00eds Nobre manifestou \u201ctotal disponibilidade para retomar a atividade do centro de vacina\u00e7\u00e3o, dos espa\u00e7os de retaguarda para que o novo hospital possa garantir capacidade de resposta a este crescimento, e aos demais servi\u00e7os de sa\u00fade, absolutamente indispens\u00e1veis para a popula\u00e7\u00e3o\u201d.<\/p>\n<p>\u201cTal como a n\u00edvel nacional, as entidades locais est\u00e3o a acompanhar essa evolu\u00e7\u00e3o e se, porventura, vierem a ser decididas orienta\u00e7\u00f5es nacionais, distritais e concelhias, iremos acompanhar, como fizemos sempre desde o in\u00edcio da pandemia. N\u00e3o \u00e9 a nossa \u00e1rea de compet\u00eancia e n\u00e3o temos os recursos e a capacidade t\u00e9cnica para estabelecer orienta\u00e7\u00f5es, mas estamos dispon\u00edveis para implementar todas as medidas, sejam elas materiais ou imateriais, no sentido de suster a evolu\u00e7\u00e3o da doen\u00e7a\u201d, frisou.<\/p>\n","protected":false},"excerpt":{"rendered":"<p>A Comunidade Intermunicipal (CIM) do Alto Minho, que agrega os 10 concelhos do distrito de Viana do Castelo, garantiu esta segunda-feira que estar\u00e1 \u201calinhada\u201d com as medidas que forem tomadas para travar o aumento de casos de Covid-19. \u201cA CIM do Alto Minho est\u00e1 perfeitamente alinhada com as medidas que venham a ser tomadas pelas [&hellip;]<\/p>\n","protected":false},"author":13,"featured_media":74638,"comment_status":"closed","ping_status":"closed","sticky":false,"template":"","format":"standard","meta":{"_exactmetrics_skip_tracking":false,"_exactmetrics_sitenote_active":false,"_exactmetrics_sitenote_note":"","_exactmetrics_sitenote_category":0,"footnotes":""},"categories":[73],"tags":[26,27],"class_list":["post-79840","post","type-post","status-publish","format-standard","has-post-thumbnail","hentry","category-alto-minho","tag-saude","tag-sociedade"],"yoast_head":"<!-- This site is optimized with the Yoast SEO Premium plugin v27.4 (Yoast SEO v27.4) - https:\/\/yoast.com\/product\/yoast-seo-premium-wordpress\/ -->\n<title>Alto Minho \u201calinhado\u201d com medidas que forem tomadas para travar aumento de casos de Covid-19<\/title>\n<meta name=\"description\" content=\"A Comunidade Intermunicipal do Alto Minho garantiu que estar\u00e1 \u201calinhada\u201d com as medidas que forem tomadas para travar o aumento de casos de Covid-19.\" \/>\n<meta name=\"robots\" content=\"index, follow, max-snippet:-1, max-image-preview:large, max-video-preview:-1\" \/>\n<link rel=\"canonical\" href=\"https:\/\/www.altominho.tv\/site\/2022\/05\/16\/alto-minho-alinhado-com-medidas-que-forem-tomadas-para-travar-aumento-de-casos-de-covid-19\/\" \/>\n<meta property=\"og:locale\" content=\"pt_PT\" \/>\n<meta property=\"og:type\" content=\"article\" \/>\n<meta property=\"og:title\" content=\"Alto Minho \u201calinhado\u201d com medidas que forem tomadas para travar aumento de casos de Covid-19\" \/>\n<meta property=\"og:description\" content=\"A Comunidade Intermunicipal do Alto Minho garantiu que estar\u00e1 \u201calinhada\u201d com as medidas que forem tomadas para travar o aumento de casos de Covid-19.\" \/>\n<meta property=\"og:url\" content=\"https:\/\/www.altominho.tv\/site\/2022\/05\/16\/alto-minho-alinhado-com-medidas-que-forem-tomadas-para-travar-aumento-de-casos-de-covid-19\/\" \/>\n<meta property=\"og:site_name\" content=\"Altominho.tv\" \/>\n<meta property=\"article:publisher\" content=\"https:\/\/www.facebook.com\/altominhotv\" \/>\n<meta property=\"article:published_time\" content=\"2022-05-16T13:38:03+00:00\" \/>\n<meta property=\"article:modified_time\" content=\"2022-05-16T13:38:07+00:00\" \/>\n<meta property=\"og:image\" content=\"https:\/\/www.altominho.tv\/site\/wp-content\/uploads\/2022\/01\/autoteste-covid.jpg\" \/>\n\t<meta property=\"og:image:width\" content=\"800\" \/>\n\t<meta property=\"og:image:height\" content=\"450\" \/>\n\t<meta property=\"og:image:type\" content=\"image\/jpeg\" \/>\n<meta name=\"author\" content=\"Lusa\" \/>\n<meta name=\"twitter:card\" content=\"summary_large_image\" \/>\n<meta name=\"twitter:creator\" content=\"@altominhoTV\" \/>\n<meta name=\"twitter:site\" content=\"@altominhoTV\" \/>\n<meta name=\"twitter:label1\" content=\"Escrito por\" \/>\n\t<meta name=\"twitter:data1\" content=\"Lusa\" \/>\n\t<meta name=\"twitter:label2\" content=\"Tempo estimado de leitura\" \/>\n\t<meta name=\"twitter:data2\" content=\"4 minutos\" \/>\n<script type=\"application\/ld+json\" class=\"yoast-schema-graph\">{\"@context\":\"https:\\\/\\\/schema.org\",\"@graph\":[{\"@type\":\"Article\",\"@id\":\"https:\\\/\\\/www.altominho.tv\\\/site\\\/2022\\\/05\\\/16\\\/alto-minho-alinhado-com-medidas-que-forem-tomadas-para-travar-aumento-de-casos-de-covid-19\\\/#article\",\"isPartOf\":{\"@id\":\"https:\\\/\\\/www.altominho.tv\\\/site\\\/2022\\\/05\\\/16\\\/alto-minho-alinhado-com-medidas-que-forem-tomadas-para-travar-aumento-de-casos-de-covid-19\\\/\"},\"author\":{\"name\":\"Lusa\",\"@id\":\"https:\\\/\\\/www.altominho.tv\\\/site\\\/#\\\/schema\\\/person\\\/63f693da3e1899361cbe955c46f3232e\"},\"headline\":\"Alto Minho \u201calinhado\u201d com medidas que forem tomadas para travar aumento de casos de Covid-19\",\"datePublished\":\"2022-05-16T13:38:03+00:00\",\"dateModified\":\"2022-05-16T13:38:07+00:00\",\"mainEntityOfPage\":{\"@id\":\"https:\\\/\\\/www.altominho.tv\\\/site\\\/2022\\\/05\\\/16\\\/alto-minho-alinhado-com-medidas-que-forem-tomadas-para-travar-aumento-de-casos-de-covid-19\\\/\"},\"wordCount\":657,\"image\":{\"@id\":\"https:\\\/\\\/www.altominho.tv\\\/site\\\/2022\\\/05\\\/16\\\/alto-minho-alinhado-com-medidas-que-forem-tomadas-para-travar-aumento-de-casos-de-covid-19\\\/#primaryimage\"},\"thumbnailUrl\":\"https:\\\/\\\/www.altominho.tv\\\/site\\\/wp-content\\\/uploads\\\/2022\\\/01\\\/autoteste-covid.jpg\",\"keywords\":[\"Sa\u00fade\",\"Sociedade\"],\"articleSection\":[\"Alto Minho\"],\"inLanguage\":\"pt-PT\",\"copyrightYear\":\"2022\",\"copyrightHolder\":{\"@id\":\"https:\\\/\\\/www.altominho.tv\\\/site\\\/#organization\"}},{\"@type\":\"WebPage\",\"@id\":\"https:\\\/\\\/www.altominho.tv\\\/site\\\/2022\\\/05\\\/16\\\/alto-minho-alinhado-com-medidas-que-forem-tomadas-para-travar-aumento-de-casos-de-covid-19\\\/\",\"url\":\"https:\\\/\\\/www.altominho.tv\\\/site\\\/2022\\\/05\\\/16\\\/alto-minho-alinhado-com-medidas-que-forem-tomadas-para-travar-aumento-de-casos-de-covid-19\\\/\",\"name\":\"Alto Minho \u201calinhado\u201d com medidas que forem tomadas para travar aumento de casos de Covid-19\",\"isPartOf\":{\"@id\":\"https:\\\/\\\/www.altominho.tv\\\/site\\\/#website\"},\"primaryImageOfPage\":{\"@id\":\"https:\\\/\\\/www.altominho.tv\\\/site\\\/2022\\\/05\\\/16\\\/alto-minho-alinhado-com-medidas-que-forem-tomadas-para-travar-aumento-de-casos-de-covid-19\\\/#primaryimage\"},\"image\":{\"@id\":\"https:\\\/\\\/www.altominho.tv\\\/site\\\/2022\\\/05\\\/16\\\/alto-minho-alinhado-com-medidas-que-forem-tomadas-para-travar-aumento-de-casos-de-covid-19\\\/#primaryimage\"},\"thumbnailUrl\":\"https:\\\/\\\/www.altominho.tv\\\/site\\\/wp-content\\\/uploads\\\/2022\\\/01\\\/autoteste-covid.jpg\",\"datePublished\":\"2022-05-16T13:38:03+00:00\",\"dateModified\":\"2022-05-16T13:38:07+00:00\",\"author\":{\"@id\":\"https:\\\/\\\/www.altominho.tv\\\/site\\\/#\\\/schema\\\/person\\\/63f693da3e1899361cbe955c46f3232e\"},\"description\":\"A Comunidade Intermunicipal do Alto Minho garantiu que estar\u00e1 \u201calinhada\u201d com as medidas que forem tomadas para travar o aumento de casos de Covid-19.\",\"breadcrumb\":{\"@id\":\"https:\\\/\\\/www.altominho.tv\\\/site\\\/2022\\\/05\\\/16\\\/alto-minho-alinhado-com-medidas-que-forem-tomadas-para-travar-aumento-de-casos-de-covid-19\\\/#breadcrumb\"},\"inLanguage\":\"pt-PT\",\"potentialAction\":[{\"@type\":\"ReadAction\",\"target\":[\"https:\\\/\\\/www.altominho.tv\\\/site\\\/2022\\\/05\\\/16\\\/alto-minho-alinhado-com-medidas-que-forem-tomadas-para-travar-aumento-de-casos-de-covid-19\\\/\"]}]},{\"@type\":\"ImageObject\",\"inLanguage\":\"pt-PT\",\"@id\":\"https:\\\/\\\/www.altominho.tv\\\/site\\\/2022\\\/05\\\/16\\\/alto-minho-alinhado-com-medidas-que-forem-tomadas-para-travar-aumento-de-casos-de-covid-19\\\/#primaryimage\",\"url\":\"https:\\\/\\\/www.altominho.tv\\\/site\\\/wp-content\\\/uploads\\\/2022\\\/01\\\/autoteste-covid.jpg\",\"contentUrl\":\"https:\\\/\\\/www.altominho.tv\\\/site\\\/wp-content\\\/uploads\\\/2022\\\/01\\\/autoteste-covid.jpg\",\"width\":800,\"height\":450},{\"@type\":\"BreadcrumbList\",\"@id\":\"https:\\\/\\\/www.altominho.tv\\\/site\\\/2022\\\/05\\\/16\\\/alto-minho-alinhado-com-medidas-que-forem-tomadas-para-travar-aumento-de-casos-de-covid-19\\\/#breadcrumb\",\"itemListElement\":[{\"@type\":\"ListItem\",\"position\":1,\"name\":\"In\u00edcio\",\"item\":\"https:\\\/\\\/www.altominho.tv\\\/site\\\/\"},{\"@type\":\"ListItem\",\"position\":2,\"name\":\"Alto Minho \u201calinhado\u201d com medidas que forem tomadas para travar aumento de casos de Covid-19\"}]},{\"@type\":\"WebSite\",\"@id\":\"https:\\\/\\\/www.altominho.tv\\\/site\\\/#website\",\"url\":\"https:\\\/\\\/www.altominho.tv\\\/site\\\/\",\"name\":\"Altominho.tv\",\"description\":\"A sua regi\u00e3o \u00e0 dist\u00e2ncia de um clique...\",\"potentialAction\":[{\"@type\":\"SearchAction\",\"target\":{\"@type\":\"EntryPoint\",\"urlTemplate\":\"https:\\\/\\\/www.altominho.tv\\\/site\\\/?s={search_term_string}\"},\"query-input\":{\"@type\":\"PropertyValueSpecification\",\"valueRequired\":true,\"valueName\":\"search_term_string\"}}],\"inLanguage\":\"pt-PT\"},{\"@type\":\"Person\",\"@id\":\"https:\\\/\\\/www.altominho.tv\\\/site\\\/#\\\/schema\\\/person\\\/63f693da3e1899361cbe955c46f3232e\",\"name\":\"Lusa\",\"image\":{\"@type\":\"ImageObject\",\"inLanguage\":\"pt-PT\",\"@id\":\"https:\\\/\\\/www.altominho.tv\\\/site\\\/wp-content\\\/uploads\\\/2019\\\/08\\\/LUSA_Logo.gif\",\"url\":\"https:\\\/\\\/www.altominho.tv\\\/site\\\/wp-content\\\/uploads\\\/2019\\\/08\\\/LUSA_Logo.gif\",\"contentUrl\":\"https:\\\/\\\/www.altominho.tv\\\/site\\\/wp-content\\\/uploads\\\/2019\\\/08\\\/LUSA_Logo.gif\",\"caption\":\"Lusa\"},\"sameAs\":[\"http:\\\/\\\/\\\/\\\/www.altominho.tv\\\/site\"],\"url\":\"https:\\\/\\\/www.altominho.tv\\\/site\\\/author\\\/lusa\\\/\"}]}<\/script>\n<!-- \/ Yoast SEO Premium plugin. -->","yoast_head_json":{"title":"Alto Minho \u201calinhado\u201d com medidas que forem tomadas para travar aumento de casos de Covid-19","description":"A Comunidade Intermunicipal do Alto Minho garantiu que estar\u00e1 \u201calinhada\u201d com as medidas que forem tomadas para travar o aumento de casos de Covid-19.","robots":{"index":"index","follow":"follow","max-snippet":"max-snippet:-1","max-image-preview":"max-image-preview:large","max-video-preview":"max-video-preview:-1"},"canonical":"https:\/\/www.altominho.tv\/site\/2022\/05\/16\/alto-minho-alinhado-com-medidas-que-forem-tomadas-para-travar-aumento-de-casos-de-covid-19\/","og_locale":"pt_PT","og_type":"article","og_title":"Alto Minho \u201calinhado\u201d com medidas que forem tomadas para travar aumento de casos de Covid-19","og_description":"A Comunidade Intermunicipal do Alto Minho garantiu que estar\u00e1 \u201calinhada\u201d com as medidas que forem tomadas para travar o aumento de casos de Covid-19.","og_url":"https:\/\/www.altominho.tv\/site\/2022\/05\/16\/alto-minho-alinhado-com-medidas-que-forem-tomadas-para-travar-aumento-de-casos-de-covid-19\/","og_site_name":"Altominho.tv","article_publisher":"https:\/\/www.facebook.com\/altominhotv","article_published_time":"2022-05-16T13:38:03+00:00","article_modified_time":"2022-05-16T13:38:07+00:00","og_image":[{"width":800,"height":450,"url":"https:\/\/www.altominho.tv\/site\/wp-content\/uploads\/2022\/01\/autoteste-covid.jpg","type":"image\/jpeg"}],"author":"Lusa","twitter_card":"summary_large_image","twitter_creator":"@altominhoTV","twitter_site":"@altominhoTV","twitter_misc":{"Escrito por":"Lusa","Tempo estimado de leitura":"4 minutos"},"schema":{"@context":"https:\/\/schema.org","@graph":[{"@type":"Article","@id":"https:\/\/www.altominho.tv\/site\/2022\/05\/16\/alto-minho-alinhado-com-medidas-que-forem-tomadas-para-travar-aumento-de-casos-de-covid-19\/#article","isPartOf":{"@id":"https:\/\/www.altominho.tv\/site\/2022\/05\/16\/alto-minho-alinhado-com-medidas-que-forem-tomadas-para-travar-aumento-de-casos-de-covid-19\/"},"author":{"name":"Lusa","@id":"https:\/\/www.altominho.tv\/site\/#\/schema\/person\/63f693da3e1899361cbe955c46f3232e"},"headline":"Alto Minho \u201calinhado\u201d com medidas que forem tomadas para travar aumento de casos de Covid-19","datePublished":"2022-05-16T13:38:03+00:00","dateModified":"2022-05-16T13:38:07+00:00","mainEntityOfPage":{"@id":"https:\/\/www.altominho.tv\/site\/2022\/05\/16\/alto-minho-alinhado-com-medidas-que-forem-tomadas-para-travar-aumento-de-casos-de-covid-19\/"},"wordCount":657,"image":{"@id":"https:\/\/www.altominho.tv\/site\/2022\/05\/16\/alto-minho-alinhado-com-medidas-que-forem-tomadas-para-travar-aumento-de-casos-de-covid-19\/#primaryimage"},"thumbnailUrl":"https:\/\/www.altominho.tv\/site\/wp-content\/uploads\/2022\/01\/autoteste-covid.jpg","keywords":["Sa\u00fade","Sociedade"],"articleSection":["Alto Minho"],"inLanguage":"pt-PT","copyrightYear":"2022","copyrightHolder":{"@id":"https:\/\/www.altominho.tv\/site\/#organization"}},{"@type":"WebPage","@id":"https:\/\/www.altominho.tv\/site\/2022\/05\/16\/alto-minho-alinhado-com-medidas-que-forem-tomadas-para-travar-aumento-de-casos-de-covid-19\/","url":"https:\/\/www.altominho.tv\/site\/2022\/05\/16\/alto-minho-alinhado-com-medidas-que-forem-tomadas-para-travar-aumento-de-casos-de-covid-19\/","name":"Alto Minho \u201calinhado\u201d com medidas que forem tomadas para travar aumento de casos de Covid-19","isPartOf":{"@id":"https:\/\/www.altominho.tv\/site\/#website"},"primaryImageOfPage":{"@id":"https:\/\/www.altominho.tv\/site\/2022\/05\/16\/alto-minho-alinhado-com-medidas-que-forem-tomadas-para-travar-aumento-de-casos-de-covid-19\/#primaryimage"},"image":{"@id":"https:\/\/www.altominho.tv\/site\/2022\/05\/16\/alto-minho-alinhado-com-medidas-que-forem-tomadas-para-travar-aumento-de-casos-de-covid-19\/#primaryimage"},"thumbnailUrl":"https:\/\/www.altominho.tv\/site\/wp-content\/uploads\/2022\/01\/autoteste-covid.jpg","datePublished":"2022-05-16T13:38:03+00:00","dateModified":"2022-05-16T13:38:07+00:00","author":{"@id":"https:\/\/www.altominho.tv\/site\/#\/schema\/person\/63f693da3e1899361cbe955c46f3232e"},"description":"A Comunidade Intermunicipal do Alto Minho garantiu que estar\u00e1 \u201calinhada\u201d com as medidas que forem tomadas para travar o aumento de casos de Covid-19.","breadcrumb":{"@id":"https:\/\/www.altominho.tv\/site\/2022\/05\/16\/alto-minho-alinhado-com-medidas-que-forem-tomadas-para-travar-aumento-de-casos-de-covid-19\/#breadcrumb"},"inLanguage":"pt-PT","potentialAction":[{"@type":"ReadAction","target":["https:\/\/www.altominho.tv\/site\/2022\/05\/16\/alto-minho-alinhado-com-medidas-que-forem-tomadas-para-travar-aumento-de-casos-de-covid-19\/"]}]},{"@type":"ImageObject","inLanguage":"pt-PT","@id":"https:\/\/www.altominho.tv\/site\/2022\/05\/16\/alto-minho-alinhado-com-medidas-que-forem-tomadas-para-travar-aumento-de-casos-de-covid-19\/#primaryimage","url":"https:\/\/www.altominho.tv\/site\/wp-content\/uploads\/2022\/01\/autoteste-covid.jpg","contentUrl":"https:\/\/www.altominho.tv\/site\/wp-content\/uploads\/2022\/01\/autoteste-covid.jpg","width":800,"height":450},{"@type":"BreadcrumbList","@id":"https:\/\/www.altominho.tv\/site\/2022\/05\/16\/alto-minho-alinhado-com-medidas-que-forem-tomadas-para-travar-aumento-de-casos-de-covid-19\/#breadcrumb","itemListElement":[{"@type":"ListItem","position":1,"name":"In\u00edcio","item":"https:\/\/www.altominho.tv\/site\/"},{"@type":"ListItem","position":2,"name":"Alto Minho \u201calinhado\u201d com medidas que forem tomadas para travar aumento de casos de Covid-19"}]},{"@type":"WebSite","@id":"https:\/\/www.altominho.tv\/site\/#website","url":"https:\/\/www.altominho.tv\/site\/","name":"Altominho.tv","description":"A sua regi\u00e3o \u00e0 dist\u00e2ncia de um clique...","potentialAction":[{"@type":"SearchAction","target":{"@type":"EntryPoint","urlTemplate":"https:\/\/www.altominho.tv\/site\/?s={search_term_string}"},"query-input":{"@type":"PropertyValueSpecification","valueRequired":true,"valueName":"search_term_string"}}],"inLanguage":"pt-PT"},{"@type":"Person","@id":"https:\/\/www.altominho.tv\/site\/#\/schema\/person\/63f693da3e1899361cbe955c46f3232e","name":"Lusa","image":{"@type":"ImageObject","inLanguage":"pt-PT","@id":"https:\/\/www.altominho.tv\/site\/wp-content\/uploads\/2019\/08\/LUSA_Logo.gif","url":"https:\/\/www.altominho.tv\/site\/wp-content\/uploads\/2019\/08\/LUSA_Logo.gif","contentUrl":"https:\/\/www.altominho.tv\/site\/wp-content\/uploads\/2019\/08\/LUSA_Logo.gif","caption":"Lusa"},"sameAs":["http:\/\/\/\/www.altominho.tv\/site"],"url":"https:\/\/www.altominho.tv\/site\/author\/lusa\/"}]}},"_links":{"self":[{"href":"https:\/\/www.altominho.tv\/site\/wp-json\/wp\/v2\/posts\/79840","targetHints":{"allow":["GET"]}}],"collection":[{"href":"https:\/\/www.altominho.tv\/site\/wp-json\/wp\/v2\/posts"}],"about":[{"href":"https:\/\/www.altominho.tv\/site\/wp-json\/wp\/v2\/types\/post"}],"author":[{"embeddable":true,"href":"https:\/\/www.altominho.tv\/site\/wp-json\/wp\/v2\/users\/13"}],"replies":[{"embeddable":true,"href":"https:\/\/www.altominho.tv\/site\/wp-json\/wp\/v2\/comments?post=79840"}],"version-history":[{"count":0,"href":"https:\/\/www.altominho.tv\/site\/wp-json\/wp\/v2\/posts\/79840\/revisions"}],"wp:featuredmedia":[{"embeddable":true,"href":"https:\/\/www.altominho.tv\/site\/wp-json\/wp\/v2\/media\/74638"}],"wp:attachment":[{"href":"https:\/\/www.altominho.tv\/site\/wp-json\/wp\/v2\/media?parent=79840"}],"wp:term":[{"taxonomy":"category","embeddable":true,"href":"https:\/\/www.altominho.tv\/site\/wp-json\/wp\/v2\/categories?post=79840"},{"taxonomy":"post_tag","embeddable":true,"href":"https:\/\/www.altominho.tv\/site\/wp-json\/wp\/v2\/tags?post=79840"}],"curies":[{"name":"wp","href":"https:\/\/api.w.org\/{rel}","templated":true}]}}