{"id":79811,"date":"2022-05-13T16:55:43","date_gmt":"2022-05-13T15:55:43","guid":{"rendered":"https:\/\/www.altominho.tv\/site\/?p=79811"},"modified":"2022-05-13T17:13:55","modified_gmt":"2022-05-13T16:13:55","slug":"alto-minho-com-mais-seis-mortes-e-subida-de-casos-de-covid-19","status":"publish","type":"post","link":"https:\/\/www.altominho.tv\/site\/2022\/05\/13\/alto-minho-com-mais-seis-mortes-e-subida-de-casos-de-covid-19\/","title":{"rendered":"Alto Minho com mais seis mortes e subida de casos de Covid-19"},"content":{"rendered":"<p>A regi\u00e3o do Alto Minho registou mais seis mortes associadas \u00e0 Covid-19, 3258 novos casos de infe\u00e7\u00e3o pelo coronav\u00edrus SARS-CoV-2 e 2844 recuperados. O n\u00famero de casos ativos subiu e h\u00e1 agora 3886, segundo dados da Unidade Local de Sa\u00fade do Alto Minho (ULSAM).<\/p>\n<p>O novo relat\u00f3rio epidemiol\u00f3gico emitido pela ULSAM com dados atualizados at\u00e9 esta sexta-feira indica que o distrito de Viana do Castelo contabiliza um total de 83.009 casos confirmados, 538 \u00f3bitos e 78.585 recuperados desde o in\u00edcio da pandemia.<\/p>\n<p>As seis v\u00edtimas mortais foram reportadas nos concelhos de Mon\u00e7\u00e3o, Paredes de Coura, Ponte de Lima e Viana do Castelo.<\/p>\n<p>O concelho de Viana do Castelo continua com o maior n\u00famero de infetados, agora 1826, ap\u00f3s confirma\u00e7\u00e3o de 1519 novos casos e 1284 recuperados. Foram ainda reportados mais dois \u00f3bitos.<\/p>\n<p>Al\u00e9m de um \u00f3bito, Ponte de Lima teve ainda mais 525 casos positivos e 464 recuperados, num total de 659 casos ativos.<\/p>\n<p>O concelho de Arcos de Valdevez registou 222 novos casos de infe\u00e7\u00e3o e 187 pessoas recuperaram da doen\u00e7a. H\u00e1 um total de 267 infetados.<\/p>\n<p>Caminha somou 205 novas infe\u00e7\u00f5es e mais 166 pessoas foram dadas como recuperadas. Atualmente, h\u00e1 234 casos ativos.<\/p>\n<p>Ap\u00f3s confirma\u00e7\u00e3o de mais uma morte, 170 casos de Covid-19 e 231 recuperados, o concelho de Mon\u00e7\u00e3o tem 216 infe\u00e7\u00f5es ativas.<\/p>\n<p>O concelho de Valen\u00e7a registou mais 135 casos positivos e mais 136 recuperados, num total de 182 infetados.<\/p>\n<p>H\u00e1 mais 128 casos e 104 recuperados em Vila Nova de Cerveira. Est\u00e3o ativas 163 infe\u00e7\u00f5es.<\/p>\n<p>Paredes de Coura reportou mais duas mortes, 122 novos casos de infe\u00e7\u00e3o e 46 recuperados, num total de 142 casos de Covid-19.<\/p>\n<p>Em Ponte da Barca registaram-se mais 104 casos positivos e mais 89 pessoas recuperaram da doen\u00e7a. O n\u00famero de infetados subiu para 115.<\/p>\n<p>Com mais 128 casos e 137 pessoas dadas como recuperadas, o n\u00famero de casos ativos no concelho de Melga\u00e7o desceu para 82.<\/p>\n\n\n<figure class=\"wp-block-image size-large\"><img loading=\"lazy\" decoding=\"async\" width=\"783\" height=\"1024\" src=\"https:\/\/www.altominho.tv\/site\/wp-content\/uploads\/2022\/05\/Casos-Covid-13-05-2022-783x1024.jpg\" alt=\"\" class=\"wp-image-79812\" srcset=\"https:\/\/www.altominho.tv\/site\/wp-content\/uploads\/2022\/05\/Casos-Covid-13-05-2022-783x1024.jpg 783w, https:\/\/www.altominho.tv\/site\/wp-content\/uploads\/2022\/05\/Casos-Covid-13-05-2022-331x433.jpg 331w, https:\/\/www.altominho.tv\/site\/wp-content\/uploads\/2022\/05\/Casos-Covid-13-05-2022-768x1005.jpg 768w, https:\/\/www.altominho.tv\/site\/wp-content\/uploads\/2022\/05\/Casos-Covid-13-05-2022-1174x1536.jpg 1174w, https:\/\/www.altominho.tv\/site\/wp-content\/uploads\/2022\/05\/Casos-Covid-13-05-2022-370x484.jpg 370w, https:\/\/www.altominho.tv\/site\/wp-content\/uploads\/2022\/05\/Casos-Covid-13-05-2022-270x353.jpg 270w, https:\/\/www.altominho.tv\/site\/wp-content\/uploads\/2022\/05\/Casos-Covid-13-05-2022-570x746.jpg 570w, https:\/\/www.altominho.tv\/site\/wp-content\/uploads\/2022\/05\/Casos-Covid-13-05-2022-740x968.jpg 740w, https:\/\/www.altominho.tv\/site\/wp-content\/uploads\/2022\/05\/Casos-Covid-13-05-2022.jpg 1213w\" sizes=\"auto, (max-width: 783px) 100vw, 783px\" \/><\/figure>\n","protected":false},"excerpt":{"rendered":"<p>A regi\u00e3o do Alto Minho registou mais seis mortes associadas \u00e0 Covid-19, 3258 novos casos de infe\u00e7\u00e3o pelo coronav\u00edrus SARS-CoV-2 e 2844 recuperados. O n\u00famero de casos ativos subiu e h\u00e1 agora 3886, segundo dados da Unidade Local de Sa\u00fade do Alto Minho (ULSAM). O novo relat\u00f3rio epidemiol\u00f3gico emitido pela ULSAM com dados atualizados at\u00e9 [&hellip;]<\/p>\n","protected":false},"author":12,"featured_media":43002,"comment_status":"closed","ping_status":"closed","sticky":false,"template":"","format":"standard","meta":{"_exactmetrics_skip_tracking":false,"_exactmetrics_sitenote_active":false,"_exactmetrics_sitenote_note":"","_exactmetrics_sitenote_category":0,"footnotes":""},"categories":[73],"tags":[26,27],"class_list":["post-79811","post","type-post","status-publish","format-standard","has-post-thumbnail","hentry","category-alto-minho","tag-saude","tag-sociedade"],"yoast_head":"<!-- This site is optimized with the Yoast SEO Premium plugin v27.4 (Yoast SEO v27.4) - https:\/\/yoast.com\/product\/yoast-seo-premium-wordpress\/ -->\n<title>Alto Minho com mais seis mortes e subida de casos de Covid-19<\/title>\n<meta name=\"description\" content=\"A regi\u00e3o do Alto Minho registou mais seis mortes associadas \u00e0 Covid-19, 3258 novos casos de infe\u00e7\u00e3o e 2844 recuperados.\" \/>\n<meta name=\"robots\" content=\"index, follow, max-snippet:-1, max-image-preview:large, max-video-preview:-1\" \/>\n<link rel=\"canonical\" href=\"https:\/\/www.altominho.tv\/site\/2022\/05\/13\/alto-minho-com-mais-seis-mortes-e-subida-de-casos-de-covid-19\/\" \/>\n<meta property=\"og:locale\" content=\"pt_PT\" \/>\n<meta property=\"og:type\" content=\"article\" \/>\n<meta property=\"og:title\" content=\"Alto Minho com mais seis mortes e subida de casos de Covid-19\" \/>\n<meta property=\"og:description\" content=\"A regi\u00e3o do Alto Minho registou mais seis mortes associadas \u00e0 Covid-19, 3258 novos casos de infe\u00e7\u00e3o e 2844 recuperados.\" \/>\n<meta property=\"og:url\" content=\"https:\/\/www.altominho.tv\/site\/2022\/05\/13\/alto-minho-com-mais-seis-mortes-e-subida-de-casos-de-covid-19\/\" \/>\n<meta property=\"og:site_name\" content=\"Altominho.tv\" \/>\n<meta property=\"article:publisher\" content=\"https:\/\/www.facebook.com\/altominhotv\" \/>\n<meta property=\"article:published_time\" content=\"2022-05-13T15:55:43+00:00\" \/>\n<meta property=\"article:modified_time\" content=\"2022-05-13T16:13:55+00:00\" \/>\n<meta property=\"og:image\" content=\"https:\/\/www.altominho.tv\/site\/wp-content\/uploads\/2020\/03\/ulsam-1.jpg\" \/>\n\t<meta property=\"og:image:width\" content=\"940\" \/>\n\t<meta property=\"og:image:height\" content=\"490\" \/>\n\t<meta property=\"og:image:type\" content=\"image\/jpeg\" \/>\n<meta name=\"author\" content=\"Andreia Ferreira\" \/>\n<meta name=\"twitter:card\" content=\"summary_large_image\" \/>\n<meta name=\"twitter:creator\" content=\"@altominhoTV\" \/>\n<meta name=\"twitter:site\" content=\"@altominhoTV\" \/>\n<meta name=\"twitter:label1\" content=\"Escrito por\" \/>\n\t<meta name=\"twitter:data1\" content=\"Andreia Ferreira\" \/>\n\t<meta name=\"twitter:label2\" content=\"Tempo estimado de leitura\" \/>\n\t<meta name=\"twitter:data2\" content=\"2 minutos\" \/>\n<script type=\"application\/ld+json\" class=\"yoast-schema-graph\">{\"@context\":\"https:\\\/\\\/schema.org\",\"@graph\":[{\"@type\":\"Article\",\"@id\":\"https:\\\/\\\/www.altominho.tv\\\/site\\\/2022\\\/05\\\/13\\\/alto-minho-com-mais-seis-mortes-e-subida-de-casos-de-covid-19\\\/#article\",\"isPartOf\":{\"@id\":\"https:\\\/\\\/www.altominho.tv\\\/site\\\/2022\\\/05\\\/13\\\/alto-minho-com-mais-seis-mortes-e-subida-de-casos-de-covid-19\\\/\"},\"author\":{\"name\":\"Andreia Ferreira\",\"@id\":\"https:\\\/\\\/www.altominho.tv\\\/site\\\/#\\\/schema\\\/person\\\/d9be4265364723f14ea8e0d56a1d38cd\"},\"headline\":\"Alto Minho com mais seis mortes e subida de casos de Covid-19\",\"datePublished\":\"2022-05-13T15:55:43+00:00\",\"dateModified\":\"2022-05-13T16:13:55+00:00\",\"mainEntityOfPage\":{\"@id\":\"https:\\\/\\\/www.altominho.tv\\\/site\\\/2022\\\/05\\\/13\\\/alto-minho-com-mais-seis-mortes-e-subida-de-casos-de-covid-19\\\/\"},\"wordCount\":322,\"image\":{\"@id\":\"https:\\\/\\\/www.altominho.tv\\\/site\\\/2022\\\/05\\\/13\\\/alto-minho-com-mais-seis-mortes-e-subida-de-casos-de-covid-19\\\/#primaryimage\"},\"thumbnailUrl\":\"https:\\\/\\\/www.altominho.tv\\\/site\\\/wp-content\\\/uploads\\\/2020\\\/03\\\/ulsam-1.jpg\",\"keywords\":[\"Sa\u00fade\",\"Sociedade\"],\"articleSection\":[\"Alto Minho\"],\"inLanguage\":\"pt-PT\",\"copyrightYear\":\"2022\",\"copyrightHolder\":{\"@id\":\"https:\\\/\\\/www.altominho.tv\\\/site\\\/#organization\"}},{\"@type\":\"WebPage\",\"@id\":\"https:\\\/\\\/www.altominho.tv\\\/site\\\/2022\\\/05\\\/13\\\/alto-minho-com-mais-seis-mortes-e-subida-de-casos-de-covid-19\\\/\",\"url\":\"https:\\\/\\\/www.altominho.tv\\\/site\\\/2022\\\/05\\\/13\\\/alto-minho-com-mais-seis-mortes-e-subida-de-casos-de-covid-19\\\/\",\"name\":\"Alto Minho com mais seis mortes e subida de casos de Covid-19\",\"isPartOf\":{\"@id\":\"https:\\\/\\\/www.altominho.tv\\\/site\\\/#website\"},\"primaryImageOfPage\":{\"@id\":\"https:\\\/\\\/www.altominho.tv\\\/site\\\/2022\\\/05\\\/13\\\/alto-minho-com-mais-seis-mortes-e-subida-de-casos-de-covid-19\\\/#primaryimage\"},\"image\":{\"@id\":\"https:\\\/\\\/www.altominho.tv\\\/site\\\/2022\\\/05\\\/13\\\/alto-minho-com-mais-seis-mortes-e-subida-de-casos-de-covid-19\\\/#primaryimage\"},\"thumbnailUrl\":\"https:\\\/\\\/www.altominho.tv\\\/site\\\/wp-content\\\/uploads\\\/2020\\\/03\\\/ulsam-1.jpg\",\"datePublished\":\"2022-05-13T15:55:43+00:00\",\"dateModified\":\"2022-05-13T16:13:55+00:00\",\"author\":{\"@id\":\"https:\\\/\\\/www.altominho.tv\\\/site\\\/#\\\/schema\\\/person\\\/d9be4265364723f14ea8e0d56a1d38cd\"},\"description\":\"A regi\u00e3o do Alto Minho registou mais seis mortes associadas \u00e0 Covid-19, 3258 novos casos de infe\u00e7\u00e3o e 2844 recuperados.\",\"breadcrumb\":{\"@id\":\"https:\\\/\\\/www.altominho.tv\\\/site\\\/2022\\\/05\\\/13\\\/alto-minho-com-mais-seis-mortes-e-subida-de-casos-de-covid-19\\\/#breadcrumb\"},\"inLanguage\":\"pt-PT\",\"potentialAction\":[{\"@type\":\"ReadAction\",\"target\":[\"https:\\\/\\\/www.altominho.tv\\\/site\\\/2022\\\/05\\\/13\\\/alto-minho-com-mais-seis-mortes-e-subida-de-casos-de-covid-19\\\/\"]}]},{\"@type\":\"ImageObject\",\"inLanguage\":\"pt-PT\",\"@id\":\"https:\\\/\\\/www.altominho.tv\\\/site\\\/2022\\\/05\\\/13\\\/alto-minho-com-mais-seis-mortes-e-subida-de-casos-de-covid-19\\\/#primaryimage\",\"url\":\"https:\\\/\\\/www.altominho.tv\\\/site\\\/wp-content\\\/uploads\\\/2020\\\/03\\\/ulsam-1.jpg\",\"contentUrl\":\"https:\\\/\\\/www.altominho.tv\\\/site\\\/wp-content\\\/uploads\\\/2020\\\/03\\\/ulsam-1.jpg\",\"width\":940,\"height\":490},{\"@type\":\"BreadcrumbList\",\"@id\":\"https:\\\/\\\/www.altominho.tv\\\/site\\\/2022\\\/05\\\/13\\\/alto-minho-com-mais-seis-mortes-e-subida-de-casos-de-covid-19\\\/#breadcrumb\",\"itemListElement\":[{\"@type\":\"ListItem\",\"position\":1,\"name\":\"In\u00edcio\",\"item\":\"https:\\\/\\\/www.altominho.tv\\\/site\\\/\"},{\"@type\":\"ListItem\",\"position\":2,\"name\":\"Alto Minho com mais seis mortes e subida de casos de Covid-19\"}]},{\"@type\":\"WebSite\",\"@id\":\"https:\\\/\\\/www.altominho.tv\\\/site\\\/#website\",\"url\":\"https:\\\/\\\/www.altominho.tv\\\/site\\\/\",\"name\":\"Altominho.tv\",\"description\":\"A sua regi\u00e3o \u00e0 dist\u00e2ncia de um clique...\",\"potentialAction\":[{\"@type\":\"SearchAction\",\"target\":{\"@type\":\"EntryPoint\",\"urlTemplate\":\"https:\\\/\\\/www.altominho.tv\\\/site\\\/?s={search_term_string}\"},\"query-input\":{\"@type\":\"PropertyValueSpecification\",\"valueRequired\":true,\"valueName\":\"search_term_string\"}}],\"inLanguage\":\"pt-PT\"},{\"@type\":\"Person\",\"@id\":\"https:\\\/\\\/www.altominho.tv\\\/site\\\/#\\\/schema\\\/person\\\/d9be4265364723f14ea8e0d56a1d38cd\",\"name\":\"Andreia Ferreira\",\"image\":{\"@type\":\"ImageObject\",\"inLanguage\":\"pt-PT\",\"@id\":\"https:\\\/\\\/www.altominho.tv\\\/site\\\/wp-content\\\/uploads\\\/2021\\\/01\\\/AndreiaFerreira-150x150.jpg\",\"url\":\"https:\\\/\\\/www.altominho.tv\\\/site\\\/wp-content\\\/uploads\\\/2021\\\/01\\\/AndreiaFerreira-150x150.jpg\",\"contentUrl\":\"https:\\\/\\\/www.altominho.tv\\\/site\\\/wp-content\\\/uploads\\\/2021\\\/01\\\/AndreiaFerreira-150x150.jpg\",\"caption\":\"Andreia Ferreira\"},\"url\":\"https:\\\/\\\/www.altominho.tv\\\/site\\\/author\\\/andreiaferreira\\\/\"}]}<\/script>\n<!-- \/ Yoast SEO Premium plugin. -->","yoast_head_json":{"title":"Alto Minho com mais seis mortes e subida de casos de Covid-19","description":"A regi\u00e3o do Alto Minho registou mais seis mortes associadas \u00e0 Covid-19, 3258 novos casos de infe\u00e7\u00e3o e 2844 recuperados.","robots":{"index":"index","follow":"follow","max-snippet":"max-snippet:-1","max-image-preview":"max-image-preview:large","max-video-preview":"max-video-preview:-1"},"canonical":"https:\/\/www.altominho.tv\/site\/2022\/05\/13\/alto-minho-com-mais-seis-mortes-e-subida-de-casos-de-covid-19\/","og_locale":"pt_PT","og_type":"article","og_title":"Alto Minho com mais seis mortes e subida de casos de Covid-19","og_description":"A regi\u00e3o do Alto Minho registou mais seis mortes associadas \u00e0 Covid-19, 3258 novos casos de infe\u00e7\u00e3o e 2844 recuperados.","og_url":"https:\/\/www.altominho.tv\/site\/2022\/05\/13\/alto-minho-com-mais-seis-mortes-e-subida-de-casos-de-covid-19\/","og_site_name":"Altominho.tv","article_publisher":"https:\/\/www.facebook.com\/altominhotv","article_published_time":"2022-05-13T15:55:43+00:00","article_modified_time":"2022-05-13T16:13:55+00:00","og_image":[{"width":940,"height":490,"url":"https:\/\/www.altominho.tv\/site\/wp-content\/uploads\/2020\/03\/ulsam-1.jpg","type":"image\/jpeg"}],"author":"Andreia Ferreira","twitter_card":"summary_large_image","twitter_creator":"@altominhoTV","twitter_site":"@altominhoTV","twitter_misc":{"Escrito por":"Andreia Ferreira","Tempo estimado de leitura":"2 minutos"},"schema":{"@context":"https:\/\/schema.org","@graph":[{"@type":"Article","@id":"https:\/\/www.altominho.tv\/site\/2022\/05\/13\/alto-minho-com-mais-seis-mortes-e-subida-de-casos-de-covid-19\/#article","isPartOf":{"@id":"https:\/\/www.altominho.tv\/site\/2022\/05\/13\/alto-minho-com-mais-seis-mortes-e-subida-de-casos-de-covid-19\/"},"author":{"name":"Andreia Ferreira","@id":"https:\/\/www.altominho.tv\/site\/#\/schema\/person\/d9be4265364723f14ea8e0d56a1d38cd"},"headline":"Alto Minho com mais seis mortes e subida de casos de Covid-19","datePublished":"2022-05-13T15:55:43+00:00","dateModified":"2022-05-13T16:13:55+00:00","mainEntityOfPage":{"@id":"https:\/\/www.altominho.tv\/site\/2022\/05\/13\/alto-minho-com-mais-seis-mortes-e-subida-de-casos-de-covid-19\/"},"wordCount":322,"image":{"@id":"https:\/\/www.altominho.tv\/site\/2022\/05\/13\/alto-minho-com-mais-seis-mortes-e-subida-de-casos-de-covid-19\/#primaryimage"},"thumbnailUrl":"https:\/\/www.altominho.tv\/site\/wp-content\/uploads\/2020\/03\/ulsam-1.jpg","keywords":["Sa\u00fade","Sociedade"],"articleSection":["Alto Minho"],"inLanguage":"pt-PT","copyrightYear":"2022","copyrightHolder":{"@id":"https:\/\/www.altominho.tv\/site\/#organization"}},{"@type":"WebPage","@id":"https:\/\/www.altominho.tv\/site\/2022\/05\/13\/alto-minho-com-mais-seis-mortes-e-subida-de-casos-de-covid-19\/","url":"https:\/\/www.altominho.tv\/site\/2022\/05\/13\/alto-minho-com-mais-seis-mortes-e-subida-de-casos-de-covid-19\/","name":"Alto Minho com mais seis mortes e subida de casos de Covid-19","isPartOf":{"@id":"https:\/\/www.altominho.tv\/site\/#website"},"primaryImageOfPage":{"@id":"https:\/\/www.altominho.tv\/site\/2022\/05\/13\/alto-minho-com-mais-seis-mortes-e-subida-de-casos-de-covid-19\/#primaryimage"},"image":{"@id":"https:\/\/www.altominho.tv\/site\/2022\/05\/13\/alto-minho-com-mais-seis-mortes-e-subida-de-casos-de-covid-19\/#primaryimage"},"thumbnailUrl":"https:\/\/www.altominho.tv\/site\/wp-content\/uploads\/2020\/03\/ulsam-1.jpg","datePublished":"2022-05-13T15:55:43+00:00","dateModified":"2022-05-13T16:13:55+00:00","author":{"@id":"https:\/\/www.altominho.tv\/site\/#\/schema\/person\/d9be4265364723f14ea8e0d56a1d38cd"},"description":"A regi\u00e3o do Alto Minho registou mais seis mortes associadas \u00e0 Covid-19, 3258 novos casos de infe\u00e7\u00e3o e 2844 recuperados.","breadcrumb":{"@id":"https:\/\/www.altominho.tv\/site\/2022\/05\/13\/alto-minho-com-mais-seis-mortes-e-subida-de-casos-de-covid-19\/#breadcrumb"},"inLanguage":"pt-PT","potentialAction":[{"@type":"ReadAction","target":["https:\/\/www.altominho.tv\/site\/2022\/05\/13\/alto-minho-com-mais-seis-mortes-e-subida-de-casos-de-covid-19\/"]}]},{"@type":"ImageObject","inLanguage":"pt-PT","@id":"https:\/\/www.altominho.tv\/site\/2022\/05\/13\/alto-minho-com-mais-seis-mortes-e-subida-de-casos-de-covid-19\/#primaryimage","url":"https:\/\/www.altominho.tv\/site\/wp-content\/uploads\/2020\/03\/ulsam-1.jpg","contentUrl":"https:\/\/www.altominho.tv\/site\/wp-content\/uploads\/2020\/03\/ulsam-1.jpg","width":940,"height":490},{"@type":"BreadcrumbList","@id":"https:\/\/www.altominho.tv\/site\/2022\/05\/13\/alto-minho-com-mais-seis-mortes-e-subida-de-casos-de-covid-19\/#breadcrumb","itemListElement":[{"@type":"ListItem","position":1,"name":"In\u00edcio","item":"https:\/\/www.altominho.tv\/site\/"},{"@type":"ListItem","position":2,"name":"Alto Minho com mais seis mortes e subida de casos de Covid-19"}]},{"@type":"WebSite","@id":"https:\/\/www.altominho.tv\/site\/#website","url":"https:\/\/www.altominho.tv\/site\/","name":"Altominho.tv","description":"A sua regi\u00e3o \u00e0 dist\u00e2ncia de um clique...","potentialAction":[{"@type":"SearchAction","target":{"@type":"EntryPoint","urlTemplate":"https:\/\/www.altominho.tv\/site\/?s={search_term_string}"},"query-input":{"@type":"PropertyValueSpecification","valueRequired":true,"valueName":"search_term_string"}}],"inLanguage":"pt-PT"},{"@type":"Person","@id":"https:\/\/www.altominho.tv\/site\/#\/schema\/person\/d9be4265364723f14ea8e0d56a1d38cd","name":"Andreia Ferreira","image":{"@type":"ImageObject","inLanguage":"pt-PT","@id":"https:\/\/www.altominho.tv\/site\/wp-content\/uploads\/2021\/01\/AndreiaFerreira-150x150.jpg","url":"https:\/\/www.altominho.tv\/site\/wp-content\/uploads\/2021\/01\/AndreiaFerreira-150x150.jpg","contentUrl":"https:\/\/www.altominho.tv\/site\/wp-content\/uploads\/2021\/01\/AndreiaFerreira-150x150.jpg","caption":"Andreia Ferreira"},"url":"https:\/\/www.altominho.tv\/site\/author\/andreiaferreira\/"}]}},"_links":{"self":[{"href":"https:\/\/www.altominho.tv\/site\/wp-json\/wp\/v2\/posts\/79811","targetHints":{"allow":["GET"]}}],"collection":[{"href":"https:\/\/www.altominho.tv\/site\/wp-json\/wp\/v2\/posts"}],"about":[{"href":"https:\/\/www.altominho.tv\/site\/wp-json\/wp\/v2\/types\/post"}],"author":[{"embeddable":true,"href":"https:\/\/www.altominho.tv\/site\/wp-json\/wp\/v2\/users\/12"}],"replies":[{"embeddable":true,"href":"https:\/\/www.altominho.tv\/site\/wp-json\/wp\/v2\/comments?post=79811"}],"version-history":[{"count":0,"href":"https:\/\/www.altominho.tv\/site\/wp-json\/wp\/v2\/posts\/79811\/revisions"}],"wp:featuredmedia":[{"embeddable":true,"href":"https:\/\/www.altominho.tv\/site\/wp-json\/wp\/v2\/media\/43002"}],"wp:attachment":[{"href":"https:\/\/www.altominho.tv\/site\/wp-json\/wp\/v2\/media?parent=79811"}],"wp:term":[{"taxonomy":"category","embeddable":true,"href":"https:\/\/www.altominho.tv\/site\/wp-json\/wp\/v2\/categories?post=79811"},{"taxonomy":"post_tag","embeddable":true,"href":"https:\/\/www.altominho.tv\/site\/wp-json\/wp\/v2\/tags?post=79811"}],"curies":[{"name":"wp","href":"https:\/\/api.w.org\/{rel}","templated":true}]}}