{"id":79804,"date":"2022-05-13T15:46:10","date_gmt":"2022-05-13T14:46:10","guid":{"rendered":"https:\/\/www.altominho.tv\/site\/?p=79804"},"modified":"2022-05-13T15:46:14","modified_gmt":"2022-05-13T14:46:14","slug":"festival-paredes-de-coura-com-cartaz-completo","status":"publish","type":"post","link":"https:\/\/www.altominho.tv\/site\/2022\/05\/13\/festival-paredes-de-coura-com-cartaz-completo\/","title":{"rendered":"Festival Paredes de Coura com cartaz completo"},"content":{"rendered":"<p>Turnstile, Surprise Chef, Xenia Rubinos, Manel Cruz, MEMA. e Nuno Lopes s\u00e3o as novas confirma\u00e7\u00f5es anunciadas esta sexta-feira pelo Vodafone Paredes de Coura. O festival completou o cartaz da 28.\u00aa edi\u00e7\u00e3o, que vai realizar-se de 16 a 20 de agosto, propondo &#8220;uma viagem pela m\u00fasica nacional e internacional&#8221;.<\/p>\n<p>Em comunicado, a organiza\u00e7\u00e3o adianta que ser\u00e3o &#8220;cinco dias repletos de m\u00fasica, com mais de sessenta bandas e centenas de artistas&#8221;, a atuar junto \u00e0 praia fluvial do Tabo\u00e3o.<\/p>\n<p>Al\u00e9m das novas confirma\u00e7\u00f5es, j\u00e1 tinham sido anunciados os Pixies, Beach House, The Blaze, King Gizzard &amp; the Lizard Wizard, IDLES, Slowthai, Princess Nokia, Badbadnotgood, Arlo Parks, Parquet Courts, L&#8217;Imp\u00e9ratrice, Ty Segall &amp; Freedom Band, Perfume Genius, Molchat Doma, Viagra Boys, Yves Tumor &amp; Its Band, La Femme, Mall Grab, John Talabot, Kelly Lee Owens, Boy Harsher, Tommy Cash, The Comet is Coming, Alex G, Nu Genea live band, Yellow Days, Porridge Radio, ATA KAK live band, Donny Ben\u00e9t, HAAi, The Murder Capital, Indigo De Souza, Arp Frique &amp; Family, Far Caspian, Sylvie Kreusch, L&#8217;Eclair, M\u00e1rcia, Gator, The Alligator, Sam The Kid com Orquestra &amp; Orelha Negra, M\u00e3o Morta, Linda Martini, Moullinex, Pluto, Samuel \u00daria, Benjamim, You Can\u2019t Win, Charlie Brown, Noiserv, Bruno Pernadas, Conjunto Corona, 10 000 Russos, Club Makumba, Conjunto Cuca Monga, The Lemon Lovers, The Twist Connection, Rita Vian, Rapaz Ego, Paraguaii e Ocenpsiea.<\/p>\n<p>A organiza\u00e7\u00e3o recorda que os passes gerais para o festival est\u00e3o \u00e0 venda e quem tiver bilhete da edi\u00e7\u00e3o de 2020 e 2021 tem de efetuar, obrigatoriamente, a troca por um bilhete v\u00e1lido para o Vodafone Paredes de Coura 2022.<\/p>\n","protected":false},"excerpt":{"rendered":"<p>Turnstile, Surprise Chef, Xenia Rubinos, Manel Cruz, MEMA. e Nuno Lopes s\u00e3o as novas confirma\u00e7\u00f5es anunciadas esta sexta-feira pelo Vodafone Paredes de Coura. O festival completou o cartaz da 28.\u00aa edi\u00e7\u00e3o, que vai realizar-se de 16 a 20 de agosto, propondo &#8220;uma viagem pela m\u00fasica nacional e internacional&#8221;. Em comunicado, a organiza\u00e7\u00e3o adianta que ser\u00e3o [&hellip;]<\/p>\n","protected":false},"author":12,"featured_media":45858,"comment_status":"closed","ping_status":"closed","sticky":false,"template":"","format":"standard","meta":{"_exactmetrics_skip_tracking":false,"_exactmetrics_sitenote_active":false,"_exactmetrics_sitenote_note":"","_exactmetrics_sitenote_category":0,"footnotes":""},"categories":[10],"tags":[19],"class_list":["post-79804","post","type-post","status-publish","format-standard","has-post-thumbnail","hentry","category-paredes-de-coura","tag-cultura"],"yoast_head":"<!-- This site is optimized with the Yoast SEO Premium plugin v27.4 (Yoast SEO v27.4) - https:\/\/yoast.com\/product\/yoast-seo-premium-wordpress\/ -->\n<title>Festival Paredes de Coura com cartaz completo<\/title>\n<meta name=\"description\" content=\"O festival\u00a0Vodafone\u00a0Paredes de Coura anunciou os nomes que completam o cartaz da 28.\u00aa edi\u00e7\u00e3o, que vai realizar-se de 16 a 20 de agosto.\" \/>\n<meta name=\"robots\" content=\"index, follow, max-snippet:-1, max-image-preview:large, max-video-preview:-1\" \/>\n<link rel=\"canonical\" href=\"https:\/\/www.altominho.tv\/site\/2022\/05\/13\/festival-paredes-de-coura-com-cartaz-completo\/\" \/>\n<meta property=\"og:locale\" content=\"pt_PT\" \/>\n<meta property=\"og:type\" content=\"article\" \/>\n<meta property=\"og:title\" content=\"Festival Paredes de Coura com cartaz completo\" \/>\n<meta property=\"og:description\" content=\"O festival\u00a0Vodafone\u00a0Paredes de Coura anunciou os nomes que completam o cartaz da 28.\u00aa edi\u00e7\u00e3o, que vai realizar-se de 16 a 20 de agosto.\" \/>\n<meta property=\"og:url\" content=\"https:\/\/www.altominho.tv\/site\/2022\/05\/13\/festival-paredes-de-coura-com-cartaz-completo\/\" \/>\n<meta property=\"og:site_name\" content=\"Altominho.tv\" \/>\n<meta property=\"article:publisher\" content=\"https:\/\/www.facebook.com\/altominhotv\" \/>\n<meta property=\"article:published_time\" content=\"2022-05-13T14:46:10+00:00\" \/>\n<meta property=\"article:modified_time\" content=\"2022-05-13T14:46:14+00:00\" \/>\n<meta property=\"og:image\" content=\"https:\/\/www.altominho.tv\/site\/wp-content\/uploads\/2020\/05\/Vodafone_ParedesDeCoura.jpg\" \/>\n\t<meta property=\"og:image:width\" content=\"2048\" \/>\n\t<meta property=\"og:image:height\" content=\"1152\" \/>\n\t<meta property=\"og:image:type\" content=\"image\/jpeg\" \/>\n<meta name=\"author\" content=\"Andreia Ferreira\" \/>\n<meta name=\"twitter:card\" content=\"summary_large_image\" \/>\n<meta name=\"twitter:creator\" content=\"@altominhoTV\" \/>\n<meta name=\"twitter:site\" content=\"@altominhoTV\" \/>\n<meta name=\"twitter:label1\" content=\"Escrito por\" \/>\n\t<meta name=\"twitter:data1\" content=\"Andreia Ferreira\" \/>\n\t<meta name=\"twitter:label2\" content=\"Tempo estimado de leitura\" \/>\n\t<meta name=\"twitter:data2\" content=\"2 minutos\" \/>\n<script type=\"application\/ld+json\" class=\"yoast-schema-graph\">{\"@context\":\"https:\\\/\\\/schema.org\",\"@graph\":[{\"@type\":\"Article\",\"@id\":\"https:\\\/\\\/www.altominho.tv\\\/site\\\/2022\\\/05\\\/13\\\/festival-paredes-de-coura-com-cartaz-completo\\\/#article\",\"isPartOf\":{\"@id\":\"https:\\\/\\\/www.altominho.tv\\\/site\\\/2022\\\/05\\\/13\\\/festival-paredes-de-coura-com-cartaz-completo\\\/\"},\"author\":{\"name\":\"Andreia Ferreira\",\"@id\":\"https:\\\/\\\/www.altominho.tv\\\/site\\\/#\\\/schema\\\/person\\\/d9be4265364723f14ea8e0d56a1d38cd\"},\"headline\":\"Festival Paredes de Coura com cartaz completo\",\"datePublished\":\"2022-05-13T14:46:10+00:00\",\"dateModified\":\"2022-05-13T14:46:14+00:00\",\"mainEntityOfPage\":{\"@id\":\"https:\\\/\\\/www.altominho.tv\\\/site\\\/2022\\\/05\\\/13\\\/festival-paredes-de-coura-com-cartaz-completo\\\/\"},\"wordCount\":280,\"image\":{\"@id\":\"https:\\\/\\\/www.altominho.tv\\\/site\\\/2022\\\/05\\\/13\\\/festival-paredes-de-coura-com-cartaz-completo\\\/#primaryimage\"},\"thumbnailUrl\":\"https:\\\/\\\/www.altominho.tv\\\/site\\\/wp-content\\\/uploads\\\/2020\\\/05\\\/Vodafone_ParedesDeCoura.jpg\",\"keywords\":[\"Cultura\"],\"articleSection\":[\"Paredes de Coura\"],\"inLanguage\":\"pt-PT\",\"copyrightYear\":\"2022\",\"copyrightHolder\":{\"@id\":\"https:\\\/\\\/www.altominho.tv\\\/site\\\/#organization\"}},{\"@type\":\"WebPage\",\"@id\":\"https:\\\/\\\/www.altominho.tv\\\/site\\\/2022\\\/05\\\/13\\\/festival-paredes-de-coura-com-cartaz-completo\\\/\",\"url\":\"https:\\\/\\\/www.altominho.tv\\\/site\\\/2022\\\/05\\\/13\\\/festival-paredes-de-coura-com-cartaz-completo\\\/\",\"name\":\"Festival Paredes de Coura com cartaz completo\",\"isPartOf\":{\"@id\":\"https:\\\/\\\/www.altominho.tv\\\/site\\\/#website\"},\"primaryImageOfPage\":{\"@id\":\"https:\\\/\\\/www.altominho.tv\\\/site\\\/2022\\\/05\\\/13\\\/festival-paredes-de-coura-com-cartaz-completo\\\/#primaryimage\"},\"image\":{\"@id\":\"https:\\\/\\\/www.altominho.tv\\\/site\\\/2022\\\/05\\\/13\\\/festival-paredes-de-coura-com-cartaz-completo\\\/#primaryimage\"},\"thumbnailUrl\":\"https:\\\/\\\/www.altominho.tv\\\/site\\\/wp-content\\\/uploads\\\/2020\\\/05\\\/Vodafone_ParedesDeCoura.jpg\",\"datePublished\":\"2022-05-13T14:46:10+00:00\",\"dateModified\":\"2022-05-13T14:46:14+00:00\",\"author\":{\"@id\":\"https:\\\/\\\/www.altominho.tv\\\/site\\\/#\\\/schema\\\/person\\\/d9be4265364723f14ea8e0d56a1d38cd\"},\"description\":\"O festival\u00a0Vodafone\u00a0Paredes de Coura anunciou os nomes que completam o cartaz da 28.\u00aa edi\u00e7\u00e3o, que vai realizar-se de 16 a 20 de agosto.\",\"breadcrumb\":{\"@id\":\"https:\\\/\\\/www.altominho.tv\\\/site\\\/2022\\\/05\\\/13\\\/festival-paredes-de-coura-com-cartaz-completo\\\/#breadcrumb\"},\"inLanguage\":\"pt-PT\",\"potentialAction\":[{\"@type\":\"ReadAction\",\"target\":[\"https:\\\/\\\/www.altominho.tv\\\/site\\\/2022\\\/05\\\/13\\\/festival-paredes-de-coura-com-cartaz-completo\\\/\"]}]},{\"@type\":\"ImageObject\",\"inLanguage\":\"pt-PT\",\"@id\":\"https:\\\/\\\/www.altominho.tv\\\/site\\\/2022\\\/05\\\/13\\\/festival-paredes-de-coura-com-cartaz-completo\\\/#primaryimage\",\"url\":\"https:\\\/\\\/www.altominho.tv\\\/site\\\/wp-content\\\/uploads\\\/2020\\\/05\\\/Vodafone_ParedesDeCoura.jpg\",\"contentUrl\":\"https:\\\/\\\/www.altominho.tv\\\/site\\\/wp-content\\\/uploads\\\/2020\\\/05\\\/Vodafone_ParedesDeCoura.jpg\",\"width\":2048,\"height\":1152},{\"@type\":\"BreadcrumbList\",\"@id\":\"https:\\\/\\\/www.altominho.tv\\\/site\\\/2022\\\/05\\\/13\\\/festival-paredes-de-coura-com-cartaz-completo\\\/#breadcrumb\",\"itemListElement\":[{\"@type\":\"ListItem\",\"position\":1,\"name\":\"In\u00edcio\",\"item\":\"https:\\\/\\\/www.altominho.tv\\\/site\\\/\"},{\"@type\":\"ListItem\",\"position\":2,\"name\":\"Festival Paredes de Coura com cartaz completo\"}]},{\"@type\":\"WebSite\",\"@id\":\"https:\\\/\\\/www.altominho.tv\\\/site\\\/#website\",\"url\":\"https:\\\/\\\/www.altominho.tv\\\/site\\\/\",\"name\":\"Altominho.tv\",\"description\":\"A sua regi\u00e3o \u00e0 dist\u00e2ncia de um clique...\",\"potentialAction\":[{\"@type\":\"SearchAction\",\"target\":{\"@type\":\"EntryPoint\",\"urlTemplate\":\"https:\\\/\\\/www.altominho.tv\\\/site\\\/?s={search_term_string}\"},\"query-input\":{\"@type\":\"PropertyValueSpecification\",\"valueRequired\":true,\"valueName\":\"search_term_string\"}}],\"inLanguage\":\"pt-PT\"},{\"@type\":\"Person\",\"@id\":\"https:\\\/\\\/www.altominho.tv\\\/site\\\/#\\\/schema\\\/person\\\/d9be4265364723f14ea8e0d56a1d38cd\",\"name\":\"Andreia Ferreira\",\"image\":{\"@type\":\"ImageObject\",\"inLanguage\":\"pt-PT\",\"@id\":\"https:\\\/\\\/www.altominho.tv\\\/site\\\/wp-content\\\/uploads\\\/2021\\\/01\\\/AndreiaFerreira-150x150.jpg\",\"url\":\"https:\\\/\\\/www.altominho.tv\\\/site\\\/wp-content\\\/uploads\\\/2021\\\/01\\\/AndreiaFerreira-150x150.jpg\",\"contentUrl\":\"https:\\\/\\\/www.altominho.tv\\\/site\\\/wp-content\\\/uploads\\\/2021\\\/01\\\/AndreiaFerreira-150x150.jpg\",\"caption\":\"Andreia Ferreira\"},\"url\":\"https:\\\/\\\/www.altominho.tv\\\/site\\\/author\\\/andreiaferreira\\\/\"}]}<\/script>\n<!-- \/ Yoast SEO Premium plugin. -->","yoast_head_json":{"title":"Festival Paredes de Coura com cartaz completo","description":"O festival\u00a0Vodafone\u00a0Paredes de Coura anunciou os nomes que completam o cartaz da 28.\u00aa edi\u00e7\u00e3o, que vai realizar-se de 16 a 20 de agosto.","robots":{"index":"index","follow":"follow","max-snippet":"max-snippet:-1","max-image-preview":"max-image-preview:large","max-video-preview":"max-video-preview:-1"},"canonical":"https:\/\/www.altominho.tv\/site\/2022\/05\/13\/festival-paredes-de-coura-com-cartaz-completo\/","og_locale":"pt_PT","og_type":"article","og_title":"Festival Paredes de Coura com cartaz completo","og_description":"O festival\u00a0Vodafone\u00a0Paredes de Coura anunciou os nomes que completam o cartaz da 28.\u00aa edi\u00e7\u00e3o, que vai realizar-se de 16 a 20 de agosto.","og_url":"https:\/\/www.altominho.tv\/site\/2022\/05\/13\/festival-paredes-de-coura-com-cartaz-completo\/","og_site_name":"Altominho.tv","article_publisher":"https:\/\/www.facebook.com\/altominhotv","article_published_time":"2022-05-13T14:46:10+00:00","article_modified_time":"2022-05-13T14:46:14+00:00","og_image":[{"width":2048,"height":1152,"url":"https:\/\/www.altominho.tv\/site\/wp-content\/uploads\/2020\/05\/Vodafone_ParedesDeCoura.jpg","type":"image\/jpeg"}],"author":"Andreia Ferreira","twitter_card":"summary_large_image","twitter_creator":"@altominhoTV","twitter_site":"@altominhoTV","twitter_misc":{"Escrito por":"Andreia Ferreira","Tempo estimado de leitura":"2 minutos"},"schema":{"@context":"https:\/\/schema.org","@graph":[{"@type":"Article","@id":"https:\/\/www.altominho.tv\/site\/2022\/05\/13\/festival-paredes-de-coura-com-cartaz-completo\/#article","isPartOf":{"@id":"https:\/\/www.altominho.tv\/site\/2022\/05\/13\/festival-paredes-de-coura-com-cartaz-completo\/"},"author":{"name":"Andreia Ferreira","@id":"https:\/\/www.altominho.tv\/site\/#\/schema\/person\/d9be4265364723f14ea8e0d56a1d38cd"},"headline":"Festival Paredes de Coura com cartaz completo","datePublished":"2022-05-13T14:46:10+00:00","dateModified":"2022-05-13T14:46:14+00:00","mainEntityOfPage":{"@id":"https:\/\/www.altominho.tv\/site\/2022\/05\/13\/festival-paredes-de-coura-com-cartaz-completo\/"},"wordCount":280,"image":{"@id":"https:\/\/www.altominho.tv\/site\/2022\/05\/13\/festival-paredes-de-coura-com-cartaz-completo\/#primaryimage"},"thumbnailUrl":"https:\/\/www.altominho.tv\/site\/wp-content\/uploads\/2020\/05\/Vodafone_ParedesDeCoura.jpg","keywords":["Cultura"],"articleSection":["Paredes de Coura"],"inLanguage":"pt-PT","copyrightYear":"2022","copyrightHolder":{"@id":"https:\/\/www.altominho.tv\/site\/#organization"}},{"@type":"WebPage","@id":"https:\/\/www.altominho.tv\/site\/2022\/05\/13\/festival-paredes-de-coura-com-cartaz-completo\/","url":"https:\/\/www.altominho.tv\/site\/2022\/05\/13\/festival-paredes-de-coura-com-cartaz-completo\/","name":"Festival Paredes de Coura com cartaz completo","isPartOf":{"@id":"https:\/\/www.altominho.tv\/site\/#website"},"primaryImageOfPage":{"@id":"https:\/\/www.altominho.tv\/site\/2022\/05\/13\/festival-paredes-de-coura-com-cartaz-completo\/#primaryimage"},"image":{"@id":"https:\/\/www.altominho.tv\/site\/2022\/05\/13\/festival-paredes-de-coura-com-cartaz-completo\/#primaryimage"},"thumbnailUrl":"https:\/\/www.altominho.tv\/site\/wp-content\/uploads\/2020\/05\/Vodafone_ParedesDeCoura.jpg","datePublished":"2022-05-13T14:46:10+00:00","dateModified":"2022-05-13T14:46:14+00:00","author":{"@id":"https:\/\/www.altominho.tv\/site\/#\/schema\/person\/d9be4265364723f14ea8e0d56a1d38cd"},"description":"O festival\u00a0Vodafone\u00a0Paredes de Coura anunciou os nomes que completam o cartaz da 28.\u00aa edi\u00e7\u00e3o, que vai realizar-se de 16 a 20 de agosto.","breadcrumb":{"@id":"https:\/\/www.altominho.tv\/site\/2022\/05\/13\/festival-paredes-de-coura-com-cartaz-completo\/#breadcrumb"},"inLanguage":"pt-PT","potentialAction":[{"@type":"ReadAction","target":["https:\/\/www.altominho.tv\/site\/2022\/05\/13\/festival-paredes-de-coura-com-cartaz-completo\/"]}]},{"@type":"ImageObject","inLanguage":"pt-PT","@id":"https:\/\/www.altominho.tv\/site\/2022\/05\/13\/festival-paredes-de-coura-com-cartaz-completo\/#primaryimage","url":"https:\/\/www.altominho.tv\/site\/wp-content\/uploads\/2020\/05\/Vodafone_ParedesDeCoura.jpg","contentUrl":"https:\/\/www.altominho.tv\/site\/wp-content\/uploads\/2020\/05\/Vodafone_ParedesDeCoura.jpg","width":2048,"height":1152},{"@type":"BreadcrumbList","@id":"https:\/\/www.altominho.tv\/site\/2022\/05\/13\/festival-paredes-de-coura-com-cartaz-completo\/#breadcrumb","itemListElement":[{"@type":"ListItem","position":1,"name":"In\u00edcio","item":"https:\/\/www.altominho.tv\/site\/"},{"@type":"ListItem","position":2,"name":"Festival Paredes de Coura com cartaz completo"}]},{"@type":"WebSite","@id":"https:\/\/www.altominho.tv\/site\/#website","url":"https:\/\/www.altominho.tv\/site\/","name":"Altominho.tv","description":"A sua regi\u00e3o \u00e0 dist\u00e2ncia de um clique...","potentialAction":[{"@type":"SearchAction","target":{"@type":"EntryPoint","urlTemplate":"https:\/\/www.altominho.tv\/site\/?s={search_term_string}"},"query-input":{"@type":"PropertyValueSpecification","valueRequired":true,"valueName":"search_term_string"}}],"inLanguage":"pt-PT"},{"@type":"Person","@id":"https:\/\/www.altominho.tv\/site\/#\/schema\/person\/d9be4265364723f14ea8e0d56a1d38cd","name":"Andreia Ferreira","image":{"@type":"ImageObject","inLanguage":"pt-PT","@id":"https:\/\/www.altominho.tv\/site\/wp-content\/uploads\/2021\/01\/AndreiaFerreira-150x150.jpg","url":"https:\/\/www.altominho.tv\/site\/wp-content\/uploads\/2021\/01\/AndreiaFerreira-150x150.jpg","contentUrl":"https:\/\/www.altominho.tv\/site\/wp-content\/uploads\/2021\/01\/AndreiaFerreira-150x150.jpg","caption":"Andreia Ferreira"},"url":"https:\/\/www.altominho.tv\/site\/author\/andreiaferreira\/"}]}},"_links":{"self":[{"href":"https:\/\/www.altominho.tv\/site\/wp-json\/wp\/v2\/posts\/79804","targetHints":{"allow":["GET"]}}],"collection":[{"href":"https:\/\/www.altominho.tv\/site\/wp-json\/wp\/v2\/posts"}],"about":[{"href":"https:\/\/www.altominho.tv\/site\/wp-json\/wp\/v2\/types\/post"}],"author":[{"embeddable":true,"href":"https:\/\/www.altominho.tv\/site\/wp-json\/wp\/v2\/users\/12"}],"replies":[{"embeddable":true,"href":"https:\/\/www.altominho.tv\/site\/wp-json\/wp\/v2\/comments?post=79804"}],"version-history":[{"count":0,"href":"https:\/\/www.altominho.tv\/site\/wp-json\/wp\/v2\/posts\/79804\/revisions"}],"wp:featuredmedia":[{"embeddable":true,"href":"https:\/\/www.altominho.tv\/site\/wp-json\/wp\/v2\/media\/45858"}],"wp:attachment":[{"href":"https:\/\/www.altominho.tv\/site\/wp-json\/wp\/v2\/media?parent=79804"}],"wp:term":[{"taxonomy":"category","embeddable":true,"href":"https:\/\/www.altominho.tv\/site\/wp-json\/wp\/v2\/categories?post=79804"},{"taxonomy":"post_tag","embeddable":true,"href":"https:\/\/www.altominho.tv\/site\/wp-json\/wp\/v2\/tags?post=79804"}],"curies":[{"name":"wp","href":"https:\/\/api.w.org\/{rel}","templated":true}]}}