{"id":79797,"date":"2022-05-13T14:47:14","date_gmt":"2022-05-13T13:47:14","guid":{"rendered":"https:\/\/www.altominho.tv\/site\/?p=79797"},"modified":"2022-05-13T14:47:18","modified_gmt":"2022-05-13T13:47:18","slug":"obra-de-aquilino-em-espanhol-promove-casa-grande-de-romarigaes","status":"publish","type":"post","link":"https:\/\/www.altominho.tv\/site\/2022\/05\/13\/obra-de-aquilino-em-espanhol-promove-casa-grande-de-romarigaes\/","title":{"rendered":"Obra de Aquilino em espanhol promove Casa Grande de Romarig\u00e3es"},"content":{"rendered":"<p>A primeira edi\u00e7\u00e3o em espanhol do romance \u201cA Casa Grande de Romarig\u00e3es\u201d, de Aquilino Ribeiro, \u00e9 lan\u00e7ada no dia 27 em Paredes de Coura, para promover a vida e obra do escritor, e um novo espa\u00e7o expositivo no concelho.<\/p>\n<p>\u201cFaz muito sentido que, nesta altura, procuremos internacionalizar a vida e obra do grande escritor que \u00e9 Aquilino Ribeiro, como forma de promover a sua obra liter\u00e1ria e a sua perman\u00eancia em Paredes de Coura, ao mesmo tempo que estamos a criar um n\u00facleo de exposi\u00e7\u00e3o permanente\u201d, que vai abrir em setembro, afirmou hoje \u00e0 ag\u00eancia Lusa o presidente da C\u00e2mara do distrito de Viana do Castelo, V\u00edtor Paulo Pereira.<\/p>\n<p>O autarca socialista explicou que o lan\u00e7amento da primeira edi\u00e7\u00e3o da obra em galego e castelhano, e de uma nova edi\u00e7\u00e3o, em portugu\u00eas, vai acontecer no dia 27, \u00e0s 18:00, na Casa Grande, na freguesia de Romarig\u00e3es, onde ser\u00e1 inaugurado um n\u00facleo expositivo dedicado \u00e0 vida e obra de Aquilino Ribeiro.<\/p>\n<p>\u201cA Casa Grande de Romarig\u00e3es\u201d foi publicada na primavera de 1957, sendo considerado at\u00e9 hoje um dos livros mais marcantes da literatura portuguesa do s\u00e9culo XX.<\/p>\n<p>Aquilino Ribeiro viveu em Paredes de Coura, fruto do seu casamento com a filha de Bernardino Machado, tendo ocupado a Casa Grande de Romarig\u00e3es, que acabou por dar t\u00edtulo a uma das suas mais importantes obras liter\u00e1rias, inspirada nas viv\u00eancias locais.<\/p>\n<p>\u201cO lan\u00e7amento destas novas edi\u00e7\u00f5es tem uma vertente liter\u00e1ria, mas tamb\u00e9m de promo\u00e7\u00e3o tur\u00edstica\u201d, disse, referindo-se \u00e0 divulga\u00e7\u00e3o do n\u00facleo expositivo que est\u00e1 a ser criado em \u201cparte do edificado\u201d da casa.<\/p>\n<p>\u201cVai ser um espa\u00e7o aberto \u00e0 visita\u00e7\u00e3o do p\u00fablico em geral e das escolas\u201d, afirmou V\u00edtor Paulo Pereira, explicando que a interven\u00e7\u00e3o resulta de um protocolo assinado, em 2019, com os herdeiros do im\u00f3vel.<\/p>\n<p>A Casa Grande, que deu nome e inspira\u00e7\u00e3o \u00e0 obra, continua na posse da fam\u00edlia de Aquilino Ribeiro, mas em avan\u00e7ado estado de degrada\u00e7\u00e3o.<\/p>\n<p>O autarca socialista adiantou que o projeto de recupera\u00e7\u00e3o da capela do Amparo, no quintal da casa, e de um edif\u00edcio adjacente, no valor de 400 mil euros, foi candidatado a fundos comunit\u00e1rios destinados ao patrim\u00f3nio cultural.<\/p>\n<p>\u201cSer\u00e1 um espa\u00e7o de conhecimento, de frui\u00e7\u00e3o liter\u00e1ria, com as mem\u00f3rias ligadas \u00e0 casa, \u00e0 evolu\u00e7\u00e3o arquitet\u00f3nica e com informa\u00e7\u00e3o sobre a vida e obra de Aquilino, com particular incid\u00eancia naquele que \u00e9 um dos grandes romances da literatura portuguesa\u201d, destacou.<\/p>\n<p>A apresenta\u00e7\u00e3o dos livros &#8211; uma nova edi\u00e7\u00e3o em portugu\u00eas, pela Bertrand, e duas, uma em galego e outra em castelhano, pela editora espanhola Kalandraca &#8211; estar\u00e1 a cargo do escritor M\u00e1rio Cl\u00e1udio e da professora de Literatura Portuguesa Contempor\u00e2nea, Serafina Martins.<\/p>\n<p>Autor de 23 romances e novelas, entre os quais &#8220;A Casa Grande de Romarig\u00e3es&#8221; e &#8220;Quando os Lobos Uivam&#8221;, Aquilino Ribeiro escreveu ainda 10 contos e uma biografia de Camilo Castelo Branco.<\/p>\n<p>Nascido em 1885, em Carregal de Tabosa, no concelho de Sernancelhe, distrito de Viseu, estudou Teologia em v\u00e1rios semin\u00e1rios portugueses e Literatura, na Sorbonne, em Paris.<\/p>\n<p>Em 1963, o escritor foi alvo de v\u00e1rias homenagens no pa\u00eds, tendo falecido, em Lisboa, no dia 27 de maio desse ano.<\/p>\n","protected":false},"excerpt":{"rendered":"<p>A primeira edi\u00e7\u00e3o em espanhol do romance \u201cA Casa Grande de Romarig\u00e3es\u201d, de Aquilino Ribeiro, \u00e9 lan\u00e7ada no dia 27 em Paredes de Coura, para promover a vida e obra do escritor, e um novo espa\u00e7o expositivo no concelho. \u201cFaz muito sentido que, nesta altura, procuremos internacionalizar a vida e obra do grande escritor que [&hellip;]<\/p>\n","protected":false},"author":13,"featured_media":79800,"comment_status":"closed","ping_status":"closed","sticky":false,"template":"","format":"standard","meta":{"_exactmetrics_skip_tracking":false,"_exactmetrics_sitenote_active":false,"_exactmetrics_sitenote_note":"","_exactmetrics_sitenote_category":0,"footnotes":""},"categories":[10],"tags":[19],"class_list":["post-79797","post","type-post","status-publish","format-standard","has-post-thumbnail","hentry","category-paredes-de-coura","tag-cultura"],"yoast_head":"<!-- This site is optimized with the Yoast SEO Premium plugin v27.4 (Yoast SEO v27.4) - https:\/\/yoast.com\/product\/yoast-seo-premium-wordpress\/ -->\n<title>Obra de Aquilino em espanhol promove Casa Grande de Romarig\u00e3es<\/title>\n<meta name=\"description\" content=\"A primeira edi\u00e7\u00e3o em espanhol do romance \u201cA Casa Grande de Romarig\u00e3es\u201d, de Aquilino Ribeiro, \u00e9 lan\u00e7ada no dia 27 em Paredes de Coura, para promover a vida e obra do escritor.\" \/>\n<meta name=\"robots\" content=\"index, follow, max-snippet:-1, max-image-preview:large, max-video-preview:-1\" \/>\n<link rel=\"canonical\" href=\"https:\/\/www.altominho.tv\/site\/2022\/05\/13\/obra-de-aquilino-em-espanhol-promove-casa-grande-de-romarigaes\/\" \/>\n<meta property=\"og:locale\" content=\"pt_PT\" \/>\n<meta property=\"og:type\" content=\"article\" \/>\n<meta property=\"og:title\" content=\"Obra de Aquilino em espanhol promove Casa Grande de Romarig\u00e3es\" \/>\n<meta property=\"og:description\" content=\"A primeira edi\u00e7\u00e3o em espanhol do romance \u201cA Casa Grande de Romarig\u00e3es\u201d, de Aquilino Ribeiro, \u00e9 lan\u00e7ada no dia 27 em Paredes de Coura, para promover a vida e obra do escritor.\" \/>\n<meta property=\"og:url\" content=\"https:\/\/www.altominho.tv\/site\/2022\/05\/13\/obra-de-aquilino-em-espanhol-promove-casa-grande-de-romarigaes\/\" \/>\n<meta property=\"og:site_name\" content=\"Altominho.tv\" \/>\n<meta property=\"article:publisher\" content=\"https:\/\/www.facebook.com\/altominhotv\" \/>\n<meta property=\"article:published_time\" content=\"2022-05-13T13:47:14+00:00\" \/>\n<meta property=\"article:modified_time\" content=\"2022-05-13T13:47:18+00:00\" \/>\n<meta property=\"og:image\" content=\"https:\/\/www.altominho.tv\/site\/wp-content\/uploads\/2022\/05\/Casa-grande-de-romarigaes-scaled.jpg\" \/>\n\t<meta property=\"og:image:width\" content=\"2560\" \/>\n\t<meta property=\"og:image:height\" content=\"1700\" \/>\n\t<meta property=\"og:image:type\" content=\"image\/jpeg\" \/>\n<meta name=\"author\" content=\"Lusa\" \/>\n<meta name=\"twitter:card\" content=\"summary_large_image\" \/>\n<meta name=\"twitter:creator\" content=\"@altominhoTV\" \/>\n<meta name=\"twitter:site\" content=\"@altominhoTV\" \/>\n<meta name=\"twitter:label1\" content=\"Escrito por\" \/>\n\t<meta name=\"twitter:data1\" content=\"Lusa\" \/>\n\t<meta name=\"twitter:label2\" content=\"Tempo estimado de leitura\" \/>\n\t<meta name=\"twitter:data2\" content=\"3 minutos\" \/>\n<script type=\"application\/ld+json\" class=\"yoast-schema-graph\">{\"@context\":\"https:\\\/\\\/schema.org\",\"@graph\":[{\"@type\":\"Article\",\"@id\":\"https:\\\/\\\/www.altominho.tv\\\/site\\\/2022\\\/05\\\/13\\\/obra-de-aquilino-em-espanhol-promove-casa-grande-de-romarigaes\\\/#article\",\"isPartOf\":{\"@id\":\"https:\\\/\\\/www.altominho.tv\\\/site\\\/2022\\\/05\\\/13\\\/obra-de-aquilino-em-espanhol-promove-casa-grande-de-romarigaes\\\/\"},\"author\":{\"name\":\"Lusa\",\"@id\":\"https:\\\/\\\/www.altominho.tv\\\/site\\\/#\\\/schema\\\/person\\\/63f693da3e1899361cbe955c46f3232e\"},\"headline\":\"Obra de Aquilino em espanhol promove Casa Grande de Romarig\u00e3es\",\"datePublished\":\"2022-05-13T13:47:14+00:00\",\"dateModified\":\"2022-05-13T13:47:18+00:00\",\"mainEntityOfPage\":{\"@id\":\"https:\\\/\\\/www.altominho.tv\\\/site\\\/2022\\\/05\\\/13\\\/obra-de-aquilino-em-espanhol-promove-casa-grande-de-romarigaes\\\/\"},\"wordCount\":571,\"image\":{\"@id\":\"https:\\\/\\\/www.altominho.tv\\\/site\\\/2022\\\/05\\\/13\\\/obra-de-aquilino-em-espanhol-promove-casa-grande-de-romarigaes\\\/#primaryimage\"},\"thumbnailUrl\":\"https:\\\/\\\/www.altominho.tv\\\/site\\\/wp-content\\\/uploads\\\/2022\\\/05\\\/Casa-grande-de-romarigaes-scaled.jpg\",\"keywords\":[\"Cultura\"],\"articleSection\":[\"Paredes de Coura\"],\"inLanguage\":\"pt-PT\",\"copyrightYear\":\"2022\",\"copyrightHolder\":{\"@id\":\"https:\\\/\\\/www.altominho.tv\\\/site\\\/#organization\"}},{\"@type\":\"WebPage\",\"@id\":\"https:\\\/\\\/www.altominho.tv\\\/site\\\/2022\\\/05\\\/13\\\/obra-de-aquilino-em-espanhol-promove-casa-grande-de-romarigaes\\\/\",\"url\":\"https:\\\/\\\/www.altominho.tv\\\/site\\\/2022\\\/05\\\/13\\\/obra-de-aquilino-em-espanhol-promove-casa-grande-de-romarigaes\\\/\",\"name\":\"Obra de Aquilino em espanhol promove Casa Grande de Romarig\u00e3es\",\"isPartOf\":{\"@id\":\"https:\\\/\\\/www.altominho.tv\\\/site\\\/#website\"},\"primaryImageOfPage\":{\"@id\":\"https:\\\/\\\/www.altominho.tv\\\/site\\\/2022\\\/05\\\/13\\\/obra-de-aquilino-em-espanhol-promove-casa-grande-de-romarigaes\\\/#primaryimage\"},\"image\":{\"@id\":\"https:\\\/\\\/www.altominho.tv\\\/site\\\/2022\\\/05\\\/13\\\/obra-de-aquilino-em-espanhol-promove-casa-grande-de-romarigaes\\\/#primaryimage\"},\"thumbnailUrl\":\"https:\\\/\\\/www.altominho.tv\\\/site\\\/wp-content\\\/uploads\\\/2022\\\/05\\\/Casa-grande-de-romarigaes-scaled.jpg\",\"datePublished\":\"2022-05-13T13:47:14+00:00\",\"dateModified\":\"2022-05-13T13:47:18+00:00\",\"author\":{\"@id\":\"https:\\\/\\\/www.altominho.tv\\\/site\\\/#\\\/schema\\\/person\\\/63f693da3e1899361cbe955c46f3232e\"},\"description\":\"A primeira edi\u00e7\u00e3o em espanhol do romance \u201cA Casa Grande de Romarig\u00e3es\u201d, de Aquilino Ribeiro, \u00e9 lan\u00e7ada no dia 27 em Paredes de Coura, para promover a vida e obra do escritor.\",\"breadcrumb\":{\"@id\":\"https:\\\/\\\/www.altominho.tv\\\/site\\\/2022\\\/05\\\/13\\\/obra-de-aquilino-em-espanhol-promove-casa-grande-de-romarigaes\\\/#breadcrumb\"},\"inLanguage\":\"pt-PT\",\"potentialAction\":[{\"@type\":\"ReadAction\",\"target\":[\"https:\\\/\\\/www.altominho.tv\\\/site\\\/2022\\\/05\\\/13\\\/obra-de-aquilino-em-espanhol-promove-casa-grande-de-romarigaes\\\/\"]}]},{\"@type\":\"ImageObject\",\"inLanguage\":\"pt-PT\",\"@id\":\"https:\\\/\\\/www.altominho.tv\\\/site\\\/2022\\\/05\\\/13\\\/obra-de-aquilino-em-espanhol-promove-casa-grande-de-romarigaes\\\/#primaryimage\",\"url\":\"https:\\\/\\\/www.altominho.tv\\\/site\\\/wp-content\\\/uploads\\\/2022\\\/05\\\/Casa-grande-de-romarigaes-scaled.jpg\",\"contentUrl\":\"https:\\\/\\\/www.altominho.tv\\\/site\\\/wp-content\\\/uploads\\\/2022\\\/05\\\/Casa-grande-de-romarigaes-scaled.jpg\",\"width\":2560,\"height\":1700},{\"@type\":\"BreadcrumbList\",\"@id\":\"https:\\\/\\\/www.altominho.tv\\\/site\\\/2022\\\/05\\\/13\\\/obra-de-aquilino-em-espanhol-promove-casa-grande-de-romarigaes\\\/#breadcrumb\",\"itemListElement\":[{\"@type\":\"ListItem\",\"position\":1,\"name\":\"In\u00edcio\",\"item\":\"https:\\\/\\\/www.altominho.tv\\\/site\\\/\"},{\"@type\":\"ListItem\",\"position\":2,\"name\":\"Obra de Aquilino em espanhol promove Casa Grande de Romarig\u00e3es\"}]},{\"@type\":\"WebSite\",\"@id\":\"https:\\\/\\\/www.altominho.tv\\\/site\\\/#website\",\"url\":\"https:\\\/\\\/www.altominho.tv\\\/site\\\/\",\"name\":\"Altominho.tv\",\"description\":\"A sua regi\u00e3o \u00e0 dist\u00e2ncia de um clique...\",\"potentialAction\":[{\"@type\":\"SearchAction\",\"target\":{\"@type\":\"EntryPoint\",\"urlTemplate\":\"https:\\\/\\\/www.altominho.tv\\\/site\\\/?s={search_term_string}\"},\"query-input\":{\"@type\":\"PropertyValueSpecification\",\"valueRequired\":true,\"valueName\":\"search_term_string\"}}],\"inLanguage\":\"pt-PT\"},{\"@type\":\"Person\",\"@id\":\"https:\\\/\\\/www.altominho.tv\\\/site\\\/#\\\/schema\\\/person\\\/63f693da3e1899361cbe955c46f3232e\",\"name\":\"Lusa\",\"image\":{\"@type\":\"ImageObject\",\"inLanguage\":\"pt-PT\",\"@id\":\"https:\\\/\\\/www.altominho.tv\\\/site\\\/wp-content\\\/uploads\\\/2019\\\/08\\\/LUSA_Logo.gif\",\"url\":\"https:\\\/\\\/www.altominho.tv\\\/site\\\/wp-content\\\/uploads\\\/2019\\\/08\\\/LUSA_Logo.gif\",\"contentUrl\":\"https:\\\/\\\/www.altominho.tv\\\/site\\\/wp-content\\\/uploads\\\/2019\\\/08\\\/LUSA_Logo.gif\",\"caption\":\"Lusa\"},\"sameAs\":[\"http:\\\/\\\/\\\/\\\/www.altominho.tv\\\/site\"],\"url\":\"https:\\\/\\\/www.altominho.tv\\\/site\\\/author\\\/lusa\\\/\"}]}<\/script>\n<!-- \/ Yoast SEO Premium plugin. -->","yoast_head_json":{"title":"Obra de Aquilino em espanhol promove Casa Grande de Romarig\u00e3es","description":"A primeira edi\u00e7\u00e3o em espanhol do romance \u201cA Casa Grande de Romarig\u00e3es\u201d, de Aquilino Ribeiro, \u00e9 lan\u00e7ada no dia 27 em Paredes de Coura, para promover a vida e obra do escritor.","robots":{"index":"index","follow":"follow","max-snippet":"max-snippet:-1","max-image-preview":"max-image-preview:large","max-video-preview":"max-video-preview:-1"},"canonical":"https:\/\/www.altominho.tv\/site\/2022\/05\/13\/obra-de-aquilino-em-espanhol-promove-casa-grande-de-romarigaes\/","og_locale":"pt_PT","og_type":"article","og_title":"Obra de Aquilino em espanhol promove Casa Grande de Romarig\u00e3es","og_description":"A primeira edi\u00e7\u00e3o em espanhol do romance \u201cA Casa Grande de Romarig\u00e3es\u201d, de Aquilino Ribeiro, \u00e9 lan\u00e7ada no dia 27 em Paredes de Coura, para promover a vida e obra do escritor.","og_url":"https:\/\/www.altominho.tv\/site\/2022\/05\/13\/obra-de-aquilino-em-espanhol-promove-casa-grande-de-romarigaes\/","og_site_name":"Altominho.tv","article_publisher":"https:\/\/www.facebook.com\/altominhotv","article_published_time":"2022-05-13T13:47:14+00:00","article_modified_time":"2022-05-13T13:47:18+00:00","og_image":[{"width":2560,"height":1700,"url":"https:\/\/www.altominho.tv\/site\/wp-content\/uploads\/2022\/05\/Casa-grande-de-romarigaes-scaled.jpg","type":"image\/jpeg"}],"author":"Lusa","twitter_card":"summary_large_image","twitter_creator":"@altominhoTV","twitter_site":"@altominhoTV","twitter_misc":{"Escrito por":"Lusa","Tempo estimado de leitura":"3 minutos"},"schema":{"@context":"https:\/\/schema.org","@graph":[{"@type":"Article","@id":"https:\/\/www.altominho.tv\/site\/2022\/05\/13\/obra-de-aquilino-em-espanhol-promove-casa-grande-de-romarigaes\/#article","isPartOf":{"@id":"https:\/\/www.altominho.tv\/site\/2022\/05\/13\/obra-de-aquilino-em-espanhol-promove-casa-grande-de-romarigaes\/"},"author":{"name":"Lusa","@id":"https:\/\/www.altominho.tv\/site\/#\/schema\/person\/63f693da3e1899361cbe955c46f3232e"},"headline":"Obra de Aquilino em espanhol promove Casa Grande de Romarig\u00e3es","datePublished":"2022-05-13T13:47:14+00:00","dateModified":"2022-05-13T13:47:18+00:00","mainEntityOfPage":{"@id":"https:\/\/www.altominho.tv\/site\/2022\/05\/13\/obra-de-aquilino-em-espanhol-promove-casa-grande-de-romarigaes\/"},"wordCount":571,"image":{"@id":"https:\/\/www.altominho.tv\/site\/2022\/05\/13\/obra-de-aquilino-em-espanhol-promove-casa-grande-de-romarigaes\/#primaryimage"},"thumbnailUrl":"https:\/\/www.altominho.tv\/site\/wp-content\/uploads\/2022\/05\/Casa-grande-de-romarigaes-scaled.jpg","keywords":["Cultura"],"articleSection":["Paredes de Coura"],"inLanguage":"pt-PT","copyrightYear":"2022","copyrightHolder":{"@id":"https:\/\/www.altominho.tv\/site\/#organization"}},{"@type":"WebPage","@id":"https:\/\/www.altominho.tv\/site\/2022\/05\/13\/obra-de-aquilino-em-espanhol-promove-casa-grande-de-romarigaes\/","url":"https:\/\/www.altominho.tv\/site\/2022\/05\/13\/obra-de-aquilino-em-espanhol-promove-casa-grande-de-romarigaes\/","name":"Obra de Aquilino em espanhol promove Casa Grande de Romarig\u00e3es","isPartOf":{"@id":"https:\/\/www.altominho.tv\/site\/#website"},"primaryImageOfPage":{"@id":"https:\/\/www.altominho.tv\/site\/2022\/05\/13\/obra-de-aquilino-em-espanhol-promove-casa-grande-de-romarigaes\/#primaryimage"},"image":{"@id":"https:\/\/www.altominho.tv\/site\/2022\/05\/13\/obra-de-aquilino-em-espanhol-promove-casa-grande-de-romarigaes\/#primaryimage"},"thumbnailUrl":"https:\/\/www.altominho.tv\/site\/wp-content\/uploads\/2022\/05\/Casa-grande-de-romarigaes-scaled.jpg","datePublished":"2022-05-13T13:47:14+00:00","dateModified":"2022-05-13T13:47:18+00:00","author":{"@id":"https:\/\/www.altominho.tv\/site\/#\/schema\/person\/63f693da3e1899361cbe955c46f3232e"},"description":"A primeira edi\u00e7\u00e3o em espanhol do romance \u201cA Casa Grande de Romarig\u00e3es\u201d, de Aquilino Ribeiro, \u00e9 lan\u00e7ada no dia 27 em Paredes de Coura, para promover a vida e obra do escritor.","breadcrumb":{"@id":"https:\/\/www.altominho.tv\/site\/2022\/05\/13\/obra-de-aquilino-em-espanhol-promove-casa-grande-de-romarigaes\/#breadcrumb"},"inLanguage":"pt-PT","potentialAction":[{"@type":"ReadAction","target":["https:\/\/www.altominho.tv\/site\/2022\/05\/13\/obra-de-aquilino-em-espanhol-promove-casa-grande-de-romarigaes\/"]}]},{"@type":"ImageObject","inLanguage":"pt-PT","@id":"https:\/\/www.altominho.tv\/site\/2022\/05\/13\/obra-de-aquilino-em-espanhol-promove-casa-grande-de-romarigaes\/#primaryimage","url":"https:\/\/www.altominho.tv\/site\/wp-content\/uploads\/2022\/05\/Casa-grande-de-romarigaes-scaled.jpg","contentUrl":"https:\/\/www.altominho.tv\/site\/wp-content\/uploads\/2022\/05\/Casa-grande-de-romarigaes-scaled.jpg","width":2560,"height":1700},{"@type":"BreadcrumbList","@id":"https:\/\/www.altominho.tv\/site\/2022\/05\/13\/obra-de-aquilino-em-espanhol-promove-casa-grande-de-romarigaes\/#breadcrumb","itemListElement":[{"@type":"ListItem","position":1,"name":"In\u00edcio","item":"https:\/\/www.altominho.tv\/site\/"},{"@type":"ListItem","position":2,"name":"Obra de Aquilino em espanhol promove Casa Grande de Romarig\u00e3es"}]},{"@type":"WebSite","@id":"https:\/\/www.altominho.tv\/site\/#website","url":"https:\/\/www.altominho.tv\/site\/","name":"Altominho.tv","description":"A sua regi\u00e3o \u00e0 dist\u00e2ncia de um clique...","potentialAction":[{"@type":"SearchAction","target":{"@type":"EntryPoint","urlTemplate":"https:\/\/www.altominho.tv\/site\/?s={search_term_string}"},"query-input":{"@type":"PropertyValueSpecification","valueRequired":true,"valueName":"search_term_string"}}],"inLanguage":"pt-PT"},{"@type":"Person","@id":"https:\/\/www.altominho.tv\/site\/#\/schema\/person\/63f693da3e1899361cbe955c46f3232e","name":"Lusa","image":{"@type":"ImageObject","inLanguage":"pt-PT","@id":"https:\/\/www.altominho.tv\/site\/wp-content\/uploads\/2019\/08\/LUSA_Logo.gif","url":"https:\/\/www.altominho.tv\/site\/wp-content\/uploads\/2019\/08\/LUSA_Logo.gif","contentUrl":"https:\/\/www.altominho.tv\/site\/wp-content\/uploads\/2019\/08\/LUSA_Logo.gif","caption":"Lusa"},"sameAs":["http:\/\/\/\/www.altominho.tv\/site"],"url":"https:\/\/www.altominho.tv\/site\/author\/lusa\/"}]}},"_links":{"self":[{"href":"https:\/\/www.altominho.tv\/site\/wp-json\/wp\/v2\/posts\/79797","targetHints":{"allow":["GET"]}}],"collection":[{"href":"https:\/\/www.altominho.tv\/site\/wp-json\/wp\/v2\/posts"}],"about":[{"href":"https:\/\/www.altominho.tv\/site\/wp-json\/wp\/v2\/types\/post"}],"author":[{"embeddable":true,"href":"https:\/\/www.altominho.tv\/site\/wp-json\/wp\/v2\/users\/13"}],"replies":[{"embeddable":true,"href":"https:\/\/www.altominho.tv\/site\/wp-json\/wp\/v2\/comments?post=79797"}],"version-history":[{"count":0,"href":"https:\/\/www.altominho.tv\/site\/wp-json\/wp\/v2\/posts\/79797\/revisions"}],"wp:featuredmedia":[{"embeddable":true,"href":"https:\/\/www.altominho.tv\/site\/wp-json\/wp\/v2\/media\/79800"}],"wp:attachment":[{"href":"https:\/\/www.altominho.tv\/site\/wp-json\/wp\/v2\/media?parent=79797"}],"wp:term":[{"taxonomy":"category","embeddable":true,"href":"https:\/\/www.altominho.tv\/site\/wp-json\/wp\/v2\/categories?post=79797"},{"taxonomy":"post_tag","embeddable":true,"href":"https:\/\/www.altominho.tv\/site\/wp-json\/wp\/v2\/tags?post=79797"}],"curies":[{"name":"wp","href":"https:\/\/api.w.org\/{rel}","templated":true}]}}