{"id":79772,"date":"2022-05-13T11:48:37","date_gmt":"2022-05-13T10:48:37","guid":{"rendered":"https:\/\/www.altominho.tv\/site\/?p=79772"},"modified":"2022-05-13T13:15:36","modified_gmt":"2022-05-13T12:15:36","slug":"musicos-alto-minho-queen","status":"publish","type":"post","link":"https:\/\/www.altominho.tv\/site\/2022\/05\/13\/musicos-alto-minho-queen\/","title":{"rendered":"Dois m\u00fasicos do Alto Minho integram o maior espet\u00e1culo europeu de tributo aos Queen"},"content":{"rendered":"\n<p>Jo\u00e3o Portugu\u00eas e Nuno Mokuna, dois m\u00fasicos naturais do Alto Minho integram o maior espet\u00e1culo europeu de tributo aos Queen.<\/p>\n\n\n\n<p>Jo\u00e3o Portugu\u00eas, \u00e9 baterista e percussionista e est\u00e1 no mundo da m\u00fasica h\u00e1 mais de 30 anos. Nasceu em Paris mas aos 11 anos mudou-se para Mon\u00e7\u00e3o, a terra Natal dos pais, onde iniciou os seus estudos musicais na Banda Musical de Mon\u00e7\u00e3o. Aos 19 anos rumou a Lisboa, atr\u00e1s do sonho de ser m\u00fasico profissional.<\/p>\n\n\n\n<p>Trabalhou com diversos artistas conhecidos do panorama musical nacional, e atualmente \u00e9 baterista de Marco Paulo e Chefe de Naipe do Naipe da Percuss\u00e3o na Banda Sinf\u00f3nica da PSP. <\/p>\n\n\n\n<p>O convite surgiu por parte da produtora do espet\u00e1culo para assumir a dire\u00e7\u00e3o musical da Banda Queen &#8220;Under Pressure Band&#8221; e Jo\u00e3o mostra-se muito &#8220;entusiasmado&#8221; por voltar a pisar o palco dos Coliseus. <\/p>\n\n\n\n<p>&#8220;Com este convite, senti que da parte da produtora havia um reconhecimento e confian\u00e7a do trabalho que&nbsp;tenho feito com eles&#8221;. <\/p>\n\n\n\n<p>&#8220;Eu encaro sempre como um desafio para aprender mais, evoluir&nbsp;e para me p\u00f4r&nbsp;\u00e0 prova&#8221;.<\/p>\n\n\n\n<p>J\u00e1 Nuno Mokuna, guitarrista, natural e residente em Arcos de Valdevez, ingressou tamb\u00e9m no mundo da m\u00fasica h\u00e1 mais de 30 anos, e este convite foi uma &#8220;agrad\u00e1vel surpresa&#8221;.<\/p>\n\n\n\n<p>&#8220;Comecei a ir regularmente a Lisboa por interm\u00e9dio do meu querido amigo Filipe Mendes (Phil Mendrix), um excelente guitarrista com quem tive o prazer de partilhar os palcos, e foi atrav\u00e9s dele que comecei a tocar na capital. Nessas minhas v\u00e1rias idas a Lisboa cruzei-me com o meu grande amigo Urbano Oliveira que tem sido como um pai para mim, e a ele devo o facto de estar neste grande projeto. Depois as coisas foram acontecendo, e o convite para integrar o espet\u00e1culo surgiu por parte da Yolanda Soares (respons\u00e1vel pelo projeto). O convite foi feito em 2019 mas devido \u00e0 pandemia foi consecutivamente adiado. Mas parece que \u00e0 terceira \u00e9 de vez e irei finalmente pisar os palcos dos dois Coliseus&#8221;.<\/p>\n\n\n\n<p>Nuno confessa que &#8220;\u00c9 um misto de entusiasmo, com ansiedade e nervos porque vou tocar tudo `de ouvido\u00b4, n\u00e3o tenho pauta nem c\u00e1bulas. O profissionalismo de todos os restantes m\u00fasicos \u00e9 de primeira linha&#8221;. <\/p>\n\n\n\n<p>Quanto aos ensaios, &#8220;est\u00e3o a correr muito bem, tem sido uma experi\u00eancia fant\u00e1stica&#8221;, assume Nuno Mokuna.<\/p>\n\n\n\n<p>&#8220;J\u00e1 fizemos muitos ensaios e foi uma agrad\u00e1vel surpresa encontrar o Mokuna no projeto, um conterr\u00e2neo do Alto Minho&#8221;, afirma Jo\u00e3o Portug\u00eas.<\/p>\n\n\n\n<p>A estreia do maior espet\u00e1culo europeu de tributo aos Queen tem lugar no domingo pr\u00f3ximo domingo, dia 15 de maio, em Lisboa e dia 29 de maio no Porto.<\/p>\n\n\n\n<p>O espet\u00e1culo &#8220;est\u00e1 preparado para ir&nbsp;a outros locais, basta haver convites&#8221;. <\/p>\n","protected":false},"excerpt":{"rendered":"<p>Jo\u00e3o Portugu\u00eas e Nuno Mokuna, dois m\u00fasicos naturais do Alto Minho integram o maior espet\u00e1culo europeu de tributo aos Queen. Jo\u00e3o Portugu\u00eas, \u00e9 baterista e percussionista e est\u00e1 no mundo da m\u00fasica h\u00e1 mais de 30 anos. Nasceu em Paris mas aos 11 anos mudou-se para Mon\u00e7\u00e3o, a terra Natal dos pais, onde iniciou os [&hellip;]<\/p>\n","protected":false},"author":7,"featured_media":79789,"comment_status":"closed","ping_status":"closed","sticky":false,"template":"","format":"standard","meta":{"_exactmetrics_skip_tracking":false,"_exactmetrics_sitenote_active":false,"_exactmetrics_sitenote_note":"","_exactmetrics_sitenote_category":0,"footnotes":""},"categories":[73],"tags":[19,24],"class_list":["post-79772","post","type-post","status-publish","format-standard","has-post-thumbnail","hentry","category-alto-minho","tag-cultura","tag-lazer"],"yoast_head":"<!-- This site is optimized with the Yoast SEO Premium plugin v27.4 (Yoast SEO v27.4) - https:\/\/yoast.com\/product\/yoast-seo-premium-wordpress\/ -->\n<title>Dois m\u00fasicos do Alto Minho integram o maior espet\u00e1culo europeu de tributo aos Queen<\/title>\n<meta name=\"description\" content=\"Dois m\u00fasicos do Alto Minho, Jo\u00e3o Portugu\u00eas e Nuno Mokuna, integram o maior espet\u00e1culo europeu de tributo aos Queen.\" \/>\n<meta name=\"robots\" content=\"index, follow, max-snippet:-1, max-image-preview:large, max-video-preview:-1\" \/>\n<link rel=\"canonical\" href=\"https:\/\/www.altominho.tv\/site\/2022\/05\/13\/musicos-alto-minho-queen\/\" \/>\n<meta property=\"og:locale\" content=\"pt_PT\" \/>\n<meta property=\"og:type\" content=\"article\" \/>\n<meta property=\"og:title\" content=\"Dois m\u00fasicos do Alto Minho integram o maior espet\u00e1culo europeu de tributo aos Queen\" \/>\n<meta property=\"og:description\" content=\"Dois m\u00fasicos do Alto Minho, Jo\u00e3o Portugu\u00eas e Nuno Mokuna, integram o maior espet\u00e1culo europeu de tributo aos Queen.\" \/>\n<meta property=\"og:url\" content=\"https:\/\/www.altominho.tv\/site\/2022\/05\/13\/musicos-alto-minho-queen\/\" \/>\n<meta property=\"og:site_name\" content=\"Altominho.tv\" \/>\n<meta property=\"article:publisher\" content=\"https:\/\/www.facebook.com\/altominhotv\" \/>\n<meta property=\"article:published_time\" content=\"2022-05-13T10:48:37+00:00\" \/>\n<meta property=\"article:modified_time\" content=\"2022-05-13T12:15:36+00:00\" \/>\n<meta property=\"og:image\" content=\"https:\/\/www.altominho.tv\/site\/wp-content\/uploads\/2022\/05\/foto.jpg\" \/>\n\t<meta property=\"og:image:width\" content=\"1600\" \/>\n\t<meta property=\"og:image:height\" content=\"900\" \/>\n\t<meta property=\"og:image:type\" content=\"image\/jpeg\" \/>\n<meta name=\"author\" content=\"Andreia Cunha\" \/>\n<meta name=\"twitter:card\" content=\"summary_large_image\" \/>\n<meta name=\"twitter:creator\" content=\"@altominhoTV\" \/>\n<meta name=\"twitter:site\" content=\"@altominhoTV\" \/>\n<meta name=\"twitter:label1\" content=\"Escrito por\" \/>\n\t<meta name=\"twitter:data1\" content=\"Andreia Cunha\" \/>\n\t<meta name=\"twitter:label2\" content=\"Tempo estimado de leitura\" \/>\n\t<meta name=\"twitter:data2\" content=\"3 minutos\" \/>\n<script type=\"application\/ld+json\" class=\"yoast-schema-graph\">{\"@context\":\"https:\\\/\\\/schema.org\",\"@graph\":[{\"@type\":\"Article\",\"@id\":\"https:\\\/\\\/www.altominho.tv\\\/site\\\/2022\\\/05\\\/13\\\/musicos-alto-minho-queen\\\/#article\",\"isPartOf\":{\"@id\":\"https:\\\/\\\/www.altominho.tv\\\/site\\\/2022\\\/05\\\/13\\\/musicos-alto-minho-queen\\\/\"},\"author\":{\"name\":\"Andreia Cunha\",\"@id\":\"https:\\\/\\\/www.altominho.tv\\\/site\\\/#\\\/schema\\\/person\\\/a0e4ef6d041f98ca284393d8f1d97153\"},\"headline\":\"Dois m\u00fasicos do Alto Minho integram o maior espet\u00e1culo europeu de tributo aos Queen\",\"datePublished\":\"2022-05-13T10:48:37+00:00\",\"dateModified\":\"2022-05-13T12:15:36+00:00\",\"mainEntityOfPage\":{\"@id\":\"https:\\\/\\\/www.altominho.tv\\\/site\\\/2022\\\/05\\\/13\\\/musicos-alto-minho-queen\\\/\"},\"wordCount\":483,\"image\":{\"@id\":\"https:\\\/\\\/www.altominho.tv\\\/site\\\/2022\\\/05\\\/13\\\/musicos-alto-minho-queen\\\/#primaryimage\"},\"thumbnailUrl\":\"https:\\\/\\\/www.altominho.tv\\\/site\\\/wp-content\\\/uploads\\\/2022\\\/05\\\/foto.jpg\",\"keywords\":[\"Cultura\",\"Lazer\"],\"articleSection\":[\"Alto Minho\"],\"inLanguage\":\"pt-PT\",\"copyrightYear\":\"2022\",\"copyrightHolder\":{\"@id\":\"https:\\\/\\\/www.altominho.tv\\\/site\\\/#organization\"}},{\"@type\":\"WebPage\",\"@id\":\"https:\\\/\\\/www.altominho.tv\\\/site\\\/2022\\\/05\\\/13\\\/musicos-alto-minho-queen\\\/\",\"url\":\"https:\\\/\\\/www.altominho.tv\\\/site\\\/2022\\\/05\\\/13\\\/musicos-alto-minho-queen\\\/\",\"name\":\"Dois m\u00fasicos do Alto Minho integram o maior espet\u00e1culo europeu de tributo aos Queen\",\"isPartOf\":{\"@id\":\"https:\\\/\\\/www.altominho.tv\\\/site\\\/#website\"},\"primaryImageOfPage\":{\"@id\":\"https:\\\/\\\/www.altominho.tv\\\/site\\\/2022\\\/05\\\/13\\\/musicos-alto-minho-queen\\\/#primaryimage\"},\"image\":{\"@id\":\"https:\\\/\\\/www.altominho.tv\\\/site\\\/2022\\\/05\\\/13\\\/musicos-alto-minho-queen\\\/#primaryimage\"},\"thumbnailUrl\":\"https:\\\/\\\/www.altominho.tv\\\/site\\\/wp-content\\\/uploads\\\/2022\\\/05\\\/foto.jpg\",\"datePublished\":\"2022-05-13T10:48:37+00:00\",\"dateModified\":\"2022-05-13T12:15:36+00:00\",\"author\":{\"@id\":\"https:\\\/\\\/www.altominho.tv\\\/site\\\/#\\\/schema\\\/person\\\/a0e4ef6d041f98ca284393d8f1d97153\"},\"description\":\"Dois m\u00fasicos do Alto Minho, Jo\u00e3o Portugu\u00eas e Nuno Mokuna, integram o maior espet\u00e1culo europeu de tributo aos Queen.\",\"breadcrumb\":{\"@id\":\"https:\\\/\\\/www.altominho.tv\\\/site\\\/2022\\\/05\\\/13\\\/musicos-alto-minho-queen\\\/#breadcrumb\"},\"inLanguage\":\"pt-PT\",\"potentialAction\":[{\"@type\":\"ReadAction\",\"target\":[\"https:\\\/\\\/www.altominho.tv\\\/site\\\/2022\\\/05\\\/13\\\/musicos-alto-minho-queen\\\/\"]}]},{\"@type\":\"ImageObject\",\"inLanguage\":\"pt-PT\",\"@id\":\"https:\\\/\\\/www.altominho.tv\\\/site\\\/2022\\\/05\\\/13\\\/musicos-alto-minho-queen\\\/#primaryimage\",\"url\":\"https:\\\/\\\/www.altominho.tv\\\/site\\\/wp-content\\\/uploads\\\/2022\\\/05\\\/foto.jpg\",\"contentUrl\":\"https:\\\/\\\/www.altominho.tv\\\/site\\\/wp-content\\\/uploads\\\/2022\\\/05\\\/foto.jpg\",\"width\":1600,\"height\":900},{\"@type\":\"BreadcrumbList\",\"@id\":\"https:\\\/\\\/www.altominho.tv\\\/site\\\/2022\\\/05\\\/13\\\/musicos-alto-minho-queen\\\/#breadcrumb\",\"itemListElement\":[{\"@type\":\"ListItem\",\"position\":1,\"name\":\"In\u00edcio\",\"item\":\"https:\\\/\\\/www.altominho.tv\\\/site\\\/\"},{\"@type\":\"ListItem\",\"position\":2,\"name\":\"Dois m\u00fasicos do Alto Minho integram o maior espet\u00e1culo europeu de tributo aos Queen\"}]},{\"@type\":\"WebSite\",\"@id\":\"https:\\\/\\\/www.altominho.tv\\\/site\\\/#website\",\"url\":\"https:\\\/\\\/www.altominho.tv\\\/site\\\/\",\"name\":\"Altominho.tv\",\"description\":\"A sua regi\u00e3o \u00e0 dist\u00e2ncia de um clique...\",\"potentialAction\":[{\"@type\":\"SearchAction\",\"target\":{\"@type\":\"EntryPoint\",\"urlTemplate\":\"https:\\\/\\\/www.altominho.tv\\\/site\\\/?s={search_term_string}\"},\"query-input\":{\"@type\":\"PropertyValueSpecification\",\"valueRequired\":true,\"valueName\":\"search_term_string\"}}],\"inLanguage\":\"pt-PT\"},{\"@type\":\"Person\",\"@id\":\"https:\\\/\\\/www.altominho.tv\\\/site\\\/#\\\/schema\\\/person\\\/a0e4ef6d041f98ca284393d8f1d97153\",\"name\":\"Andreia Cunha\",\"image\":{\"@type\":\"ImageObject\",\"inLanguage\":\"pt-PT\",\"@id\":\"https:\\\/\\\/www.altominho.tv\\\/site\\\/wp-content\\\/uploads\\\/2017\\\/11\\\/Andreia_Cunha-1-150x150.jpg\",\"url\":\"https:\\\/\\\/www.altominho.tv\\\/site\\\/wp-content\\\/uploads\\\/2017\\\/11\\\/Andreia_Cunha-1-150x150.jpg\",\"contentUrl\":\"https:\\\/\\\/www.altominho.tv\\\/site\\\/wp-content\\\/uploads\\\/2017\\\/11\\\/Andreia_Cunha-1-150x150.jpg\",\"caption\":\"Andreia Cunha\"},\"url\":\"https:\\\/\\\/www.altominho.tv\\\/site\\\/author\\\/andreiacunha\\\/\"}]}<\/script>\n<!-- \/ Yoast SEO Premium plugin. -->","yoast_head_json":{"title":"Dois m\u00fasicos do Alto Minho integram o maior espet\u00e1culo europeu de tributo aos Queen","description":"Dois m\u00fasicos do Alto Minho, Jo\u00e3o Portugu\u00eas e Nuno Mokuna, integram o maior espet\u00e1culo europeu de tributo aos Queen.","robots":{"index":"index","follow":"follow","max-snippet":"max-snippet:-1","max-image-preview":"max-image-preview:large","max-video-preview":"max-video-preview:-1"},"canonical":"https:\/\/www.altominho.tv\/site\/2022\/05\/13\/musicos-alto-minho-queen\/","og_locale":"pt_PT","og_type":"article","og_title":"Dois m\u00fasicos do Alto Minho integram o maior espet\u00e1culo europeu de tributo aos Queen","og_description":"Dois m\u00fasicos do Alto Minho, Jo\u00e3o Portugu\u00eas e Nuno Mokuna, integram o maior espet\u00e1culo europeu de tributo aos Queen.","og_url":"https:\/\/www.altominho.tv\/site\/2022\/05\/13\/musicos-alto-minho-queen\/","og_site_name":"Altominho.tv","article_publisher":"https:\/\/www.facebook.com\/altominhotv","article_published_time":"2022-05-13T10:48:37+00:00","article_modified_time":"2022-05-13T12:15:36+00:00","og_image":[{"width":1600,"height":900,"url":"https:\/\/www.altominho.tv\/site\/wp-content\/uploads\/2022\/05\/foto.jpg","type":"image\/jpeg"}],"author":"Andreia Cunha","twitter_card":"summary_large_image","twitter_creator":"@altominhoTV","twitter_site":"@altominhoTV","twitter_misc":{"Escrito por":"Andreia Cunha","Tempo estimado de leitura":"3 minutos"},"schema":{"@context":"https:\/\/schema.org","@graph":[{"@type":"Article","@id":"https:\/\/www.altominho.tv\/site\/2022\/05\/13\/musicos-alto-minho-queen\/#article","isPartOf":{"@id":"https:\/\/www.altominho.tv\/site\/2022\/05\/13\/musicos-alto-minho-queen\/"},"author":{"name":"Andreia Cunha","@id":"https:\/\/www.altominho.tv\/site\/#\/schema\/person\/a0e4ef6d041f98ca284393d8f1d97153"},"headline":"Dois m\u00fasicos do Alto Minho integram o maior espet\u00e1culo europeu de tributo aos Queen","datePublished":"2022-05-13T10:48:37+00:00","dateModified":"2022-05-13T12:15:36+00:00","mainEntityOfPage":{"@id":"https:\/\/www.altominho.tv\/site\/2022\/05\/13\/musicos-alto-minho-queen\/"},"wordCount":483,"image":{"@id":"https:\/\/www.altominho.tv\/site\/2022\/05\/13\/musicos-alto-minho-queen\/#primaryimage"},"thumbnailUrl":"https:\/\/www.altominho.tv\/site\/wp-content\/uploads\/2022\/05\/foto.jpg","keywords":["Cultura","Lazer"],"articleSection":["Alto Minho"],"inLanguage":"pt-PT","copyrightYear":"2022","copyrightHolder":{"@id":"https:\/\/www.altominho.tv\/site\/#organization"}},{"@type":"WebPage","@id":"https:\/\/www.altominho.tv\/site\/2022\/05\/13\/musicos-alto-minho-queen\/","url":"https:\/\/www.altominho.tv\/site\/2022\/05\/13\/musicos-alto-minho-queen\/","name":"Dois m\u00fasicos do Alto Minho integram o maior espet\u00e1culo europeu de tributo aos Queen","isPartOf":{"@id":"https:\/\/www.altominho.tv\/site\/#website"},"primaryImageOfPage":{"@id":"https:\/\/www.altominho.tv\/site\/2022\/05\/13\/musicos-alto-minho-queen\/#primaryimage"},"image":{"@id":"https:\/\/www.altominho.tv\/site\/2022\/05\/13\/musicos-alto-minho-queen\/#primaryimage"},"thumbnailUrl":"https:\/\/www.altominho.tv\/site\/wp-content\/uploads\/2022\/05\/foto.jpg","datePublished":"2022-05-13T10:48:37+00:00","dateModified":"2022-05-13T12:15:36+00:00","author":{"@id":"https:\/\/www.altominho.tv\/site\/#\/schema\/person\/a0e4ef6d041f98ca284393d8f1d97153"},"description":"Dois m\u00fasicos do Alto Minho, Jo\u00e3o Portugu\u00eas e Nuno Mokuna, integram o maior espet\u00e1culo europeu de tributo aos Queen.","breadcrumb":{"@id":"https:\/\/www.altominho.tv\/site\/2022\/05\/13\/musicos-alto-minho-queen\/#breadcrumb"},"inLanguage":"pt-PT","potentialAction":[{"@type":"ReadAction","target":["https:\/\/www.altominho.tv\/site\/2022\/05\/13\/musicos-alto-minho-queen\/"]}]},{"@type":"ImageObject","inLanguage":"pt-PT","@id":"https:\/\/www.altominho.tv\/site\/2022\/05\/13\/musicos-alto-minho-queen\/#primaryimage","url":"https:\/\/www.altominho.tv\/site\/wp-content\/uploads\/2022\/05\/foto.jpg","contentUrl":"https:\/\/www.altominho.tv\/site\/wp-content\/uploads\/2022\/05\/foto.jpg","width":1600,"height":900},{"@type":"BreadcrumbList","@id":"https:\/\/www.altominho.tv\/site\/2022\/05\/13\/musicos-alto-minho-queen\/#breadcrumb","itemListElement":[{"@type":"ListItem","position":1,"name":"In\u00edcio","item":"https:\/\/www.altominho.tv\/site\/"},{"@type":"ListItem","position":2,"name":"Dois m\u00fasicos do Alto Minho integram o maior espet\u00e1culo europeu de tributo aos Queen"}]},{"@type":"WebSite","@id":"https:\/\/www.altominho.tv\/site\/#website","url":"https:\/\/www.altominho.tv\/site\/","name":"Altominho.tv","description":"A sua regi\u00e3o \u00e0 dist\u00e2ncia de um clique...","potentialAction":[{"@type":"SearchAction","target":{"@type":"EntryPoint","urlTemplate":"https:\/\/www.altominho.tv\/site\/?s={search_term_string}"},"query-input":{"@type":"PropertyValueSpecification","valueRequired":true,"valueName":"search_term_string"}}],"inLanguage":"pt-PT"},{"@type":"Person","@id":"https:\/\/www.altominho.tv\/site\/#\/schema\/person\/a0e4ef6d041f98ca284393d8f1d97153","name":"Andreia Cunha","image":{"@type":"ImageObject","inLanguage":"pt-PT","@id":"https:\/\/www.altominho.tv\/site\/wp-content\/uploads\/2017\/11\/Andreia_Cunha-1-150x150.jpg","url":"https:\/\/www.altominho.tv\/site\/wp-content\/uploads\/2017\/11\/Andreia_Cunha-1-150x150.jpg","contentUrl":"https:\/\/www.altominho.tv\/site\/wp-content\/uploads\/2017\/11\/Andreia_Cunha-1-150x150.jpg","caption":"Andreia Cunha"},"url":"https:\/\/www.altominho.tv\/site\/author\/andreiacunha\/"}]}},"_links":{"self":[{"href":"https:\/\/www.altominho.tv\/site\/wp-json\/wp\/v2\/posts\/79772","targetHints":{"allow":["GET"]}}],"collection":[{"href":"https:\/\/www.altominho.tv\/site\/wp-json\/wp\/v2\/posts"}],"about":[{"href":"https:\/\/www.altominho.tv\/site\/wp-json\/wp\/v2\/types\/post"}],"author":[{"embeddable":true,"href":"https:\/\/www.altominho.tv\/site\/wp-json\/wp\/v2\/users\/7"}],"replies":[{"embeddable":true,"href":"https:\/\/www.altominho.tv\/site\/wp-json\/wp\/v2\/comments?post=79772"}],"version-history":[{"count":0,"href":"https:\/\/www.altominho.tv\/site\/wp-json\/wp\/v2\/posts\/79772\/revisions"}],"wp:featuredmedia":[{"embeddable":true,"href":"https:\/\/www.altominho.tv\/site\/wp-json\/wp\/v2\/media\/79789"}],"wp:attachment":[{"href":"https:\/\/www.altominho.tv\/site\/wp-json\/wp\/v2\/media?parent=79772"}],"wp:term":[{"taxonomy":"category","embeddable":true,"href":"https:\/\/www.altominho.tv\/site\/wp-json\/wp\/v2\/categories?post=79772"},{"taxonomy":"post_tag","embeddable":true,"href":"https:\/\/www.altominho.tv\/site\/wp-json\/wp\/v2\/tags?post=79772"}],"curies":[{"name":"wp","href":"https:\/\/api.w.org\/{rel}","templated":true}]}}