{"id":79741,"date":"2022-05-12T12:18:07","date_gmt":"2022-05-12T11:18:07","guid":{"rendered":"https:\/\/www.altominho.tv\/site\/?p=79741"},"modified":"2022-05-12T12:18:10","modified_gmt":"2022-05-12T11:18:10","slug":"alto-minho-candidata-projetos-de-164-milhoes-de-euros-para-criar-377-camas-para-estudantes","status":"publish","type":"post","link":"https:\/\/www.altominho.tv\/site\/2022\/05\/12\/alto-minho-candidata-projetos-de-164-milhoes-de-euros-para-criar-377-camas-para-estudantes\/","title":{"rendered":"Alto Minho candidata projetos de 16,4 milh\u00f5es de euros para criar 377 camas para estudantes"},"content":{"rendered":"<p>O Instituto Polit\u00e9cnico de Viana do Castelo (IPVC) e as c\u00e2maras de Valen\u00e7a e Melga\u00e7o candidataram ao Plano de Recupera\u00e7\u00e3o e Resili\u00eancia (PRR) projetos de 16,4 milh\u00f5es de euros para criar 377 camas para estudantes.<\/p>\n<p>O presidente do IPVC, Carlos Rodrigues, adiantou \u00e0 Lusa que uma das duas candidaturas promovidas pela institui\u00e7\u00e3o prev\u00ea a constru\u00e7\u00e3o de uma nova resid\u00eancia universit\u00e1ria na Escola Superior de Tecnologia e Gest\u00e3o (ESTG), na avenida do Atl\u00e2ntico, junto \u00e0 Praia Norte, em Viana do Castelo.<\/p>\n<p>O segundo projeto prende-se com a requalifica\u00e7\u00e3o do centro acad\u00e9mico do IPVC, situado no centro daquela cidade, \u201cnum investimento estimado em cerca de 1,5 milh\u00f5es de euros\u201d.<\/p>\n<p>Carlos Rodrigues justificou a interven\u00e7\u00e3o com a \u201cnecessidade de melhoria das condi\u00e7\u00f5es do alojamento dos estudantes\u201d. \u201cH\u00e1 tipologias de quartos que j\u00e1 n\u00e3o se adequam \u00e0 realidade atual\u201d, afirmou.<\/p>\n<p>O respons\u00e1vel adiantou que os dois projetos promovidos pelo IPVC passaram, no final de abril, \u00e0 segunda fase do processo de candidatura ao PRR, estimando a sua conclus\u00e3o \u201cat\u00e9 final de julho\u201d.<\/p>\n<p>Em causa est\u00e1 o concurso para apoio financeiro \u00e0 constru\u00e7\u00e3o, reabilita\u00e7\u00e3o e renova\u00e7\u00e3o de resid\u00eancias para estudantes do ensino superior, do Plano de Recupera\u00e7\u00e3o e Resili\u00eancia (PRR), para alargar a atual oferta de camas a pre\u00e7os acess\u00edveis.<\/p>\n<p>\u201cAs nossas expectativas s\u00e3o elevadas porque os projetos foram bastante bem classificados e, por outro lado, por se tratar de uma necessidade urgente\u201d, afirmou, referindo-se \u00e0 cria\u00e7\u00e3o de alojamento para os estudantes.<\/p>\n<p>J\u00e1 as c\u00e2maras de Valen\u00e7a e Melga\u00e7o, em parceria com o IPVC, promoveram mais duas candidaturas para a constru\u00e7\u00e3o de resid\u00eancias universit\u00e1rias para os estudantes que frequentam a Escola Superior de Ci\u00eancias Empresariais (ESCE) e a Escola Superior de Desporto e Lazer (ESDL), respetivamente.<\/p>\n<p>O projeto para cria\u00e7\u00e3o de alojamento estudantil a custos acess\u00edveis de Valen\u00e7a prev\u00ea a cria\u00e7\u00e3o de 56 camas, num investimento de 1.812.600 euros.<\/p>\n<p>Contactado pela Lusa, o presidente da C\u00e2mara, Jos\u00e9 Manuel Carpinteira, disse esta quinta-feira que o munic\u00edpio pretende \u201caumentar as condi\u00e7\u00f5es para alguns dos alunos deslocados e bolseiros que estudam ou que possam vir a estudar na ESCE\u201d, permitindo-lhes \u201co acesso a alojamento de qualidade a pre\u00e7os controlados\u201d.<\/p>\n<p>A nova resid\u00eancia universit\u00e1ria ser\u00e1 dotada de \u201csalas de refei\u00e7\u00e3o, biblioteca, salas de conv\u00edvio e estudo, lavandarias, \u00e1rea de gest\u00e3o e administrativa, sala de TV e jogos, estacionamento exterior e espa\u00e7o exterior de conv\u00edvio\u201d.<\/p>\n<p>Jos\u00e9 Manuel Carpinteira adiantou que o local destinado \u00e0 resid\u00eancia \u201clocaliza-se numa zona estrat\u00e9gica do aglomerado urbano da cidade, que garante a proximidade \u00e0 ESCE e, ao mesmo tempo, num raio de 200 metros permite o acesso a infraestruturas p\u00fablicas, como ao pavilh\u00e3o gimnodesportivo, piscina e biblioteca municipal\u201d.<\/p>\n<p>Ao \u201cn\u00edvel de acesso aos meios de transporte, o espa\u00e7o encontra-se a uma dist\u00e2ncia de 10 minutos a p\u00e9 da esta\u00e7\u00e3o ferrovi\u00e1ria de Valen\u00e7a e numa das principais vias de circula\u00e7\u00e3o de transporte p\u00fablico&#8221;, especificou.<\/p>\n<p>O presidente da C\u00e2mara de Melga\u00e7o, Manoel Batista, adiantou que a candidatura do munic\u00edpio prev\u00ea a reabilita\u00e7\u00e3o da escola prim\u00e1ria de Prado e a sua adapta\u00e7\u00e3o \u00e0s fun\u00e7\u00f5es de alojamento estudantil, num investimento de 680 mil euros que criar\u00e1 21 camas.<\/p>\n<p>O programa de apoio do PRR prev\u00ea que os projetos estejam executados at\u00e9 mar\u00e7o de 2026.<\/p>\n<p>Com cerca de cinco mil alunos, o IPVC tem seis escolas &#8211; de Educa\u00e7\u00e3o, Tecnologia e Gest\u00e3o, Agr\u00e1ria, Enfermagem, Ci\u00eancias Empresariais, Desporto e Lazer -, ministrando 28 licenciaturas, 40 mestrados, 34 CTESP e outras forma\u00e7\u00f5es de car\u00e1ter profissionalizante.<\/p>\n<p>Al\u00e9m das escolas superiores de sa\u00fade, educa\u00e7\u00e3o e tecnologia e gest\u00e3o, situadas em Viana do Castelo, o IPVC tem escolas superiores instaladas em Ponte de Lima (Agr\u00e1ria), Valen\u00e7a (Ci\u00eancias Empresariais) e Melga\u00e7o (Desporto e Lazer).<\/p>\n","protected":false},"excerpt":{"rendered":"<p>O Instituto Polit\u00e9cnico de Viana do Castelo (IPVC) e as c\u00e2maras de Valen\u00e7a e Melga\u00e7o candidataram ao Plano de Recupera\u00e7\u00e3o e Resili\u00eancia (PRR) projetos de 16,4 milh\u00f5es de euros para criar 377 camas para estudantes. O presidente do IPVC, Carlos Rodrigues, adiantou \u00e0 Lusa que uma das duas candidaturas promovidas pela institui\u00e7\u00e3o prev\u00ea a constru\u00e7\u00e3o [&hellip;]<\/p>\n","protected":false},"author":13,"featured_media":79742,"comment_status":"closed","ping_status":"closed","sticky":false,"template":"","format":"standard","meta":{"_exactmetrics_skip_tracking":false,"_exactmetrics_sitenote_active":false,"_exactmetrics_sitenote_note":"","_exactmetrics_sitenote_category":0,"footnotes":""},"categories":[73],"tags":[22,27],"class_list":["post-79741","post","type-post","status-publish","format-standard","has-post-thumbnail","hentry","category-alto-minho","tag-educacao","tag-sociedade"],"yoast_head":"<!-- This site is optimized with the Yoast SEO Premium plugin v27.4 (Yoast SEO v27.4) - https:\/\/yoast.com\/product\/yoast-seo-premium-wordpress\/ -->\n<title>Alto Minho candidata projetos de 16,4 milh\u00f5es de euros para criar 377 camas para estudantes<\/title>\n<meta name=\"description\" content=\"O Instituto Polit\u00e9cnico de Viana do Castelo e as c\u00e2maras de Valen\u00e7a e Melga\u00e7o candidataram ao Plano de Recupera\u00e7\u00e3o e Resili\u00eancia projetos de 16,4 milh\u00f5es de euros para criar 377 camas para estudantes.\" \/>\n<meta name=\"robots\" content=\"index, follow, max-snippet:-1, max-image-preview:large, max-video-preview:-1\" \/>\n<link rel=\"canonical\" href=\"https:\/\/www.altominho.tv\/site\/2022\/05\/12\/alto-minho-candidata-projetos-de-164-milhoes-de-euros-para-criar-377-camas-para-estudantes\/\" \/>\n<meta property=\"og:locale\" content=\"pt_PT\" \/>\n<meta property=\"og:type\" content=\"article\" \/>\n<meta property=\"og:title\" content=\"Alto Minho candidata projetos de 16,4 milh\u00f5es de euros para criar 377 camas para estudantes\" \/>\n<meta property=\"og:description\" content=\"O Instituto Polit\u00e9cnico de Viana do Castelo e as c\u00e2maras de Valen\u00e7a e Melga\u00e7o candidataram ao Plano de Recupera\u00e7\u00e3o e Resili\u00eancia projetos de 16,4 milh\u00f5es de euros para criar 377 camas para estudantes.\" \/>\n<meta property=\"og:url\" content=\"https:\/\/www.altominho.tv\/site\/2022\/05\/12\/alto-minho-candidata-projetos-de-164-milhoes-de-euros-para-criar-377-camas-para-estudantes\/\" \/>\n<meta property=\"og:site_name\" content=\"Altominho.tv\" \/>\n<meta property=\"article:publisher\" content=\"https:\/\/www.facebook.com\/altominhotv\" \/>\n<meta property=\"article:published_time\" content=\"2022-05-12T11:18:07+00:00\" \/>\n<meta property=\"article:modified_time\" content=\"2022-05-12T11:18:10+00:00\" \/>\n<meta property=\"og:image\" content=\"https:\/\/www.altominho.tv\/site\/wp-content\/uploads\/2022\/05\/Alojamento-IPVC.png\" \/>\n\t<meta property=\"og:image:width\" content=\"900\" \/>\n\t<meta property=\"og:image:height\" content=\"500\" \/>\n\t<meta property=\"og:image:type\" content=\"image\/png\" \/>\n<meta name=\"author\" content=\"Lusa\" \/>\n<meta name=\"twitter:card\" content=\"summary_large_image\" \/>\n<meta name=\"twitter:creator\" content=\"@altominhoTV\" \/>\n<meta name=\"twitter:site\" content=\"@altominhoTV\" \/>\n<meta name=\"twitter:label1\" content=\"Escrito por\" \/>\n\t<meta name=\"twitter:data1\" content=\"Lusa\" \/>\n\t<meta name=\"twitter:label2\" content=\"Tempo estimado de leitura\" \/>\n\t<meta name=\"twitter:data2\" content=\"4 minutos\" \/>\n<script type=\"application\/ld+json\" class=\"yoast-schema-graph\">{\"@context\":\"https:\\\/\\\/schema.org\",\"@graph\":[{\"@type\":\"Article\",\"@id\":\"https:\\\/\\\/www.altominho.tv\\\/site\\\/2022\\\/05\\\/12\\\/alto-minho-candidata-projetos-de-164-milhoes-de-euros-para-criar-377-camas-para-estudantes\\\/#article\",\"isPartOf\":{\"@id\":\"https:\\\/\\\/www.altominho.tv\\\/site\\\/2022\\\/05\\\/12\\\/alto-minho-candidata-projetos-de-164-milhoes-de-euros-para-criar-377-camas-para-estudantes\\\/\"},\"author\":{\"name\":\"Lusa\",\"@id\":\"https:\\\/\\\/www.altominho.tv\\\/site\\\/#\\\/schema\\\/person\\\/63f693da3e1899361cbe955c46f3232e\"},\"headline\":\"Alto Minho candidata projetos de 16,4 milh\u00f5es de euros para criar 377 camas para estudantes\",\"datePublished\":\"2022-05-12T11:18:07+00:00\",\"dateModified\":\"2022-05-12T11:18:10+00:00\",\"mainEntityOfPage\":{\"@id\":\"https:\\\/\\\/www.altominho.tv\\\/site\\\/2022\\\/05\\\/12\\\/alto-minho-candidata-projetos-de-164-milhoes-de-euros-para-criar-377-camas-para-estudantes\\\/\"},\"wordCount\":678,\"image\":{\"@id\":\"https:\\\/\\\/www.altominho.tv\\\/site\\\/2022\\\/05\\\/12\\\/alto-minho-candidata-projetos-de-164-milhoes-de-euros-para-criar-377-camas-para-estudantes\\\/#primaryimage\"},\"thumbnailUrl\":\"https:\\\/\\\/www.altominho.tv\\\/site\\\/wp-content\\\/uploads\\\/2022\\\/05\\\/Alojamento-IPVC.png\",\"keywords\":[\"Educa\u00e7\u00e3o\",\"Sociedade\"],\"articleSection\":[\"Alto Minho\"],\"inLanguage\":\"pt-PT\",\"copyrightYear\":\"2022\",\"copyrightHolder\":{\"@id\":\"https:\\\/\\\/www.altominho.tv\\\/site\\\/#organization\"}},{\"@type\":\"WebPage\",\"@id\":\"https:\\\/\\\/www.altominho.tv\\\/site\\\/2022\\\/05\\\/12\\\/alto-minho-candidata-projetos-de-164-milhoes-de-euros-para-criar-377-camas-para-estudantes\\\/\",\"url\":\"https:\\\/\\\/www.altominho.tv\\\/site\\\/2022\\\/05\\\/12\\\/alto-minho-candidata-projetos-de-164-milhoes-de-euros-para-criar-377-camas-para-estudantes\\\/\",\"name\":\"Alto Minho candidata projetos de 16,4 milh\u00f5es de euros para criar 377 camas para estudantes\",\"isPartOf\":{\"@id\":\"https:\\\/\\\/www.altominho.tv\\\/site\\\/#website\"},\"primaryImageOfPage\":{\"@id\":\"https:\\\/\\\/www.altominho.tv\\\/site\\\/2022\\\/05\\\/12\\\/alto-minho-candidata-projetos-de-164-milhoes-de-euros-para-criar-377-camas-para-estudantes\\\/#primaryimage\"},\"image\":{\"@id\":\"https:\\\/\\\/www.altominho.tv\\\/site\\\/2022\\\/05\\\/12\\\/alto-minho-candidata-projetos-de-164-milhoes-de-euros-para-criar-377-camas-para-estudantes\\\/#primaryimage\"},\"thumbnailUrl\":\"https:\\\/\\\/www.altominho.tv\\\/site\\\/wp-content\\\/uploads\\\/2022\\\/05\\\/Alojamento-IPVC.png\",\"datePublished\":\"2022-05-12T11:18:07+00:00\",\"dateModified\":\"2022-05-12T11:18:10+00:00\",\"author\":{\"@id\":\"https:\\\/\\\/www.altominho.tv\\\/site\\\/#\\\/schema\\\/person\\\/63f693da3e1899361cbe955c46f3232e\"},\"description\":\"O Instituto Polit\u00e9cnico de Viana do Castelo e as c\u00e2maras de Valen\u00e7a e Melga\u00e7o candidataram ao Plano de Recupera\u00e7\u00e3o e Resili\u00eancia projetos de 16,4 milh\u00f5es de euros para criar 377 camas para estudantes.\",\"breadcrumb\":{\"@id\":\"https:\\\/\\\/www.altominho.tv\\\/site\\\/2022\\\/05\\\/12\\\/alto-minho-candidata-projetos-de-164-milhoes-de-euros-para-criar-377-camas-para-estudantes\\\/#breadcrumb\"},\"inLanguage\":\"pt-PT\",\"potentialAction\":[{\"@type\":\"ReadAction\",\"target\":[\"https:\\\/\\\/www.altominho.tv\\\/site\\\/2022\\\/05\\\/12\\\/alto-minho-candidata-projetos-de-164-milhoes-de-euros-para-criar-377-camas-para-estudantes\\\/\"]}]},{\"@type\":\"ImageObject\",\"inLanguage\":\"pt-PT\",\"@id\":\"https:\\\/\\\/www.altominho.tv\\\/site\\\/2022\\\/05\\\/12\\\/alto-minho-candidata-projetos-de-164-milhoes-de-euros-para-criar-377-camas-para-estudantes\\\/#primaryimage\",\"url\":\"https:\\\/\\\/www.altominho.tv\\\/site\\\/wp-content\\\/uploads\\\/2022\\\/05\\\/Alojamento-IPVC.png\",\"contentUrl\":\"https:\\\/\\\/www.altominho.tv\\\/site\\\/wp-content\\\/uploads\\\/2022\\\/05\\\/Alojamento-IPVC.png\",\"width\":900,\"height\":500,\"caption\":\"IPVC\"},{\"@type\":\"BreadcrumbList\",\"@id\":\"https:\\\/\\\/www.altominho.tv\\\/site\\\/2022\\\/05\\\/12\\\/alto-minho-candidata-projetos-de-164-milhoes-de-euros-para-criar-377-camas-para-estudantes\\\/#breadcrumb\",\"itemListElement\":[{\"@type\":\"ListItem\",\"position\":1,\"name\":\"In\u00edcio\",\"item\":\"https:\\\/\\\/www.altominho.tv\\\/site\\\/\"},{\"@type\":\"ListItem\",\"position\":2,\"name\":\"Alto Minho candidata projetos de 16,4 milh\u00f5es de euros para criar 377 camas para estudantes\"}]},{\"@type\":\"WebSite\",\"@id\":\"https:\\\/\\\/www.altominho.tv\\\/site\\\/#website\",\"url\":\"https:\\\/\\\/www.altominho.tv\\\/site\\\/\",\"name\":\"Altominho.tv\",\"description\":\"A sua regi\u00e3o \u00e0 dist\u00e2ncia de um clique...\",\"potentialAction\":[{\"@type\":\"SearchAction\",\"target\":{\"@type\":\"EntryPoint\",\"urlTemplate\":\"https:\\\/\\\/www.altominho.tv\\\/site\\\/?s={search_term_string}\"},\"query-input\":{\"@type\":\"PropertyValueSpecification\",\"valueRequired\":true,\"valueName\":\"search_term_string\"}}],\"inLanguage\":\"pt-PT\"},{\"@type\":\"Person\",\"@id\":\"https:\\\/\\\/www.altominho.tv\\\/site\\\/#\\\/schema\\\/person\\\/63f693da3e1899361cbe955c46f3232e\",\"name\":\"Lusa\",\"image\":{\"@type\":\"ImageObject\",\"inLanguage\":\"pt-PT\",\"@id\":\"https:\\\/\\\/www.altominho.tv\\\/site\\\/wp-content\\\/uploads\\\/2019\\\/08\\\/LUSA_Logo.gif\",\"url\":\"https:\\\/\\\/www.altominho.tv\\\/site\\\/wp-content\\\/uploads\\\/2019\\\/08\\\/LUSA_Logo.gif\",\"contentUrl\":\"https:\\\/\\\/www.altominho.tv\\\/site\\\/wp-content\\\/uploads\\\/2019\\\/08\\\/LUSA_Logo.gif\",\"caption\":\"Lusa\"},\"sameAs\":[\"http:\\\/\\\/\\\/\\\/www.altominho.tv\\\/site\"],\"url\":\"https:\\\/\\\/www.altominho.tv\\\/site\\\/author\\\/lusa\\\/\"}]}<\/script>\n<!-- \/ Yoast SEO Premium plugin. -->","yoast_head_json":{"title":"Alto Minho candidata projetos de 16,4 milh\u00f5es de euros para criar 377 camas para estudantes","description":"O Instituto Polit\u00e9cnico de Viana do Castelo e as c\u00e2maras de Valen\u00e7a e Melga\u00e7o candidataram ao Plano de Recupera\u00e7\u00e3o e Resili\u00eancia projetos de 16,4 milh\u00f5es de euros para criar 377 camas para estudantes.","robots":{"index":"index","follow":"follow","max-snippet":"max-snippet:-1","max-image-preview":"max-image-preview:large","max-video-preview":"max-video-preview:-1"},"canonical":"https:\/\/www.altominho.tv\/site\/2022\/05\/12\/alto-minho-candidata-projetos-de-164-milhoes-de-euros-para-criar-377-camas-para-estudantes\/","og_locale":"pt_PT","og_type":"article","og_title":"Alto Minho candidata projetos de 16,4 milh\u00f5es de euros para criar 377 camas para estudantes","og_description":"O Instituto Polit\u00e9cnico de Viana do Castelo e as c\u00e2maras de Valen\u00e7a e Melga\u00e7o candidataram ao Plano de Recupera\u00e7\u00e3o e Resili\u00eancia projetos de 16,4 milh\u00f5es de euros para criar 377 camas para estudantes.","og_url":"https:\/\/www.altominho.tv\/site\/2022\/05\/12\/alto-minho-candidata-projetos-de-164-milhoes-de-euros-para-criar-377-camas-para-estudantes\/","og_site_name":"Altominho.tv","article_publisher":"https:\/\/www.facebook.com\/altominhotv","article_published_time":"2022-05-12T11:18:07+00:00","article_modified_time":"2022-05-12T11:18:10+00:00","og_image":[{"width":900,"height":500,"url":"https:\/\/www.altominho.tv\/site\/wp-content\/uploads\/2022\/05\/Alojamento-IPVC.png","type":"image\/png"}],"author":"Lusa","twitter_card":"summary_large_image","twitter_creator":"@altominhoTV","twitter_site":"@altominhoTV","twitter_misc":{"Escrito por":"Lusa","Tempo estimado de leitura":"4 minutos"},"schema":{"@context":"https:\/\/schema.org","@graph":[{"@type":"Article","@id":"https:\/\/www.altominho.tv\/site\/2022\/05\/12\/alto-minho-candidata-projetos-de-164-milhoes-de-euros-para-criar-377-camas-para-estudantes\/#article","isPartOf":{"@id":"https:\/\/www.altominho.tv\/site\/2022\/05\/12\/alto-minho-candidata-projetos-de-164-milhoes-de-euros-para-criar-377-camas-para-estudantes\/"},"author":{"name":"Lusa","@id":"https:\/\/www.altominho.tv\/site\/#\/schema\/person\/63f693da3e1899361cbe955c46f3232e"},"headline":"Alto Minho candidata projetos de 16,4 milh\u00f5es de euros para criar 377 camas para estudantes","datePublished":"2022-05-12T11:18:07+00:00","dateModified":"2022-05-12T11:18:10+00:00","mainEntityOfPage":{"@id":"https:\/\/www.altominho.tv\/site\/2022\/05\/12\/alto-minho-candidata-projetos-de-164-milhoes-de-euros-para-criar-377-camas-para-estudantes\/"},"wordCount":678,"image":{"@id":"https:\/\/www.altominho.tv\/site\/2022\/05\/12\/alto-minho-candidata-projetos-de-164-milhoes-de-euros-para-criar-377-camas-para-estudantes\/#primaryimage"},"thumbnailUrl":"https:\/\/www.altominho.tv\/site\/wp-content\/uploads\/2022\/05\/Alojamento-IPVC.png","keywords":["Educa\u00e7\u00e3o","Sociedade"],"articleSection":["Alto Minho"],"inLanguage":"pt-PT","copyrightYear":"2022","copyrightHolder":{"@id":"https:\/\/www.altominho.tv\/site\/#organization"}},{"@type":"WebPage","@id":"https:\/\/www.altominho.tv\/site\/2022\/05\/12\/alto-minho-candidata-projetos-de-164-milhoes-de-euros-para-criar-377-camas-para-estudantes\/","url":"https:\/\/www.altominho.tv\/site\/2022\/05\/12\/alto-minho-candidata-projetos-de-164-milhoes-de-euros-para-criar-377-camas-para-estudantes\/","name":"Alto Minho candidata projetos de 16,4 milh\u00f5es de euros para criar 377 camas para estudantes","isPartOf":{"@id":"https:\/\/www.altominho.tv\/site\/#website"},"primaryImageOfPage":{"@id":"https:\/\/www.altominho.tv\/site\/2022\/05\/12\/alto-minho-candidata-projetos-de-164-milhoes-de-euros-para-criar-377-camas-para-estudantes\/#primaryimage"},"image":{"@id":"https:\/\/www.altominho.tv\/site\/2022\/05\/12\/alto-minho-candidata-projetos-de-164-milhoes-de-euros-para-criar-377-camas-para-estudantes\/#primaryimage"},"thumbnailUrl":"https:\/\/www.altominho.tv\/site\/wp-content\/uploads\/2022\/05\/Alojamento-IPVC.png","datePublished":"2022-05-12T11:18:07+00:00","dateModified":"2022-05-12T11:18:10+00:00","author":{"@id":"https:\/\/www.altominho.tv\/site\/#\/schema\/person\/63f693da3e1899361cbe955c46f3232e"},"description":"O Instituto Polit\u00e9cnico de Viana do Castelo e as c\u00e2maras de Valen\u00e7a e Melga\u00e7o candidataram ao Plano de Recupera\u00e7\u00e3o e Resili\u00eancia projetos de 16,4 milh\u00f5es de euros para criar 377 camas para estudantes.","breadcrumb":{"@id":"https:\/\/www.altominho.tv\/site\/2022\/05\/12\/alto-minho-candidata-projetos-de-164-milhoes-de-euros-para-criar-377-camas-para-estudantes\/#breadcrumb"},"inLanguage":"pt-PT","potentialAction":[{"@type":"ReadAction","target":["https:\/\/www.altominho.tv\/site\/2022\/05\/12\/alto-minho-candidata-projetos-de-164-milhoes-de-euros-para-criar-377-camas-para-estudantes\/"]}]},{"@type":"ImageObject","inLanguage":"pt-PT","@id":"https:\/\/www.altominho.tv\/site\/2022\/05\/12\/alto-minho-candidata-projetos-de-164-milhoes-de-euros-para-criar-377-camas-para-estudantes\/#primaryimage","url":"https:\/\/www.altominho.tv\/site\/wp-content\/uploads\/2022\/05\/Alojamento-IPVC.png","contentUrl":"https:\/\/www.altominho.tv\/site\/wp-content\/uploads\/2022\/05\/Alojamento-IPVC.png","width":900,"height":500,"caption":"IPVC"},{"@type":"BreadcrumbList","@id":"https:\/\/www.altominho.tv\/site\/2022\/05\/12\/alto-minho-candidata-projetos-de-164-milhoes-de-euros-para-criar-377-camas-para-estudantes\/#breadcrumb","itemListElement":[{"@type":"ListItem","position":1,"name":"In\u00edcio","item":"https:\/\/www.altominho.tv\/site\/"},{"@type":"ListItem","position":2,"name":"Alto Minho candidata projetos de 16,4 milh\u00f5es de euros para criar 377 camas para estudantes"}]},{"@type":"WebSite","@id":"https:\/\/www.altominho.tv\/site\/#website","url":"https:\/\/www.altominho.tv\/site\/","name":"Altominho.tv","description":"A sua regi\u00e3o \u00e0 dist\u00e2ncia de um clique...","potentialAction":[{"@type":"SearchAction","target":{"@type":"EntryPoint","urlTemplate":"https:\/\/www.altominho.tv\/site\/?s={search_term_string}"},"query-input":{"@type":"PropertyValueSpecification","valueRequired":true,"valueName":"search_term_string"}}],"inLanguage":"pt-PT"},{"@type":"Person","@id":"https:\/\/www.altominho.tv\/site\/#\/schema\/person\/63f693da3e1899361cbe955c46f3232e","name":"Lusa","image":{"@type":"ImageObject","inLanguage":"pt-PT","@id":"https:\/\/www.altominho.tv\/site\/wp-content\/uploads\/2019\/08\/LUSA_Logo.gif","url":"https:\/\/www.altominho.tv\/site\/wp-content\/uploads\/2019\/08\/LUSA_Logo.gif","contentUrl":"https:\/\/www.altominho.tv\/site\/wp-content\/uploads\/2019\/08\/LUSA_Logo.gif","caption":"Lusa"},"sameAs":["http:\/\/\/\/www.altominho.tv\/site"],"url":"https:\/\/www.altominho.tv\/site\/author\/lusa\/"}]}},"_links":{"self":[{"href":"https:\/\/www.altominho.tv\/site\/wp-json\/wp\/v2\/posts\/79741","targetHints":{"allow":["GET"]}}],"collection":[{"href":"https:\/\/www.altominho.tv\/site\/wp-json\/wp\/v2\/posts"}],"about":[{"href":"https:\/\/www.altominho.tv\/site\/wp-json\/wp\/v2\/types\/post"}],"author":[{"embeddable":true,"href":"https:\/\/www.altominho.tv\/site\/wp-json\/wp\/v2\/users\/13"}],"replies":[{"embeddable":true,"href":"https:\/\/www.altominho.tv\/site\/wp-json\/wp\/v2\/comments?post=79741"}],"version-history":[{"count":0,"href":"https:\/\/www.altominho.tv\/site\/wp-json\/wp\/v2\/posts\/79741\/revisions"}],"wp:featuredmedia":[{"embeddable":true,"href":"https:\/\/www.altominho.tv\/site\/wp-json\/wp\/v2\/media\/79742"}],"wp:attachment":[{"href":"https:\/\/www.altominho.tv\/site\/wp-json\/wp\/v2\/media?parent=79741"}],"wp:term":[{"taxonomy":"category","embeddable":true,"href":"https:\/\/www.altominho.tv\/site\/wp-json\/wp\/v2\/categories?post=79741"},{"taxonomy":"post_tag","embeddable":true,"href":"https:\/\/www.altominho.tv\/site\/wp-json\/wp\/v2\/tags?post=79741"}],"curies":[{"name":"wp","href":"https:\/\/api.w.org\/{rel}","templated":true}]}}