{"id":79717,"date":"2022-05-12T10:05:06","date_gmt":"2022-05-12T09:05:06","guid":{"rendered":"https:\/\/www.altominho.tv\/site\/?p=79717"},"modified":"2022-05-12T10:05:10","modified_gmt":"2022-05-12T09:05:10","slug":"desporto-educacao","status":"publish","type":"post","link":"https:\/\/www.altominho.tv\/site\/2022\/05\/12\/desporto-educacao\/","title":{"rendered":"Viana do Castelo e Caminha acolhem os Campeonatos Nacionais Escolares Juvenis de Desporto Escolar"},"content":{"rendered":"\n<p>Entre 19 e 22 de maio, Viana do Castelo e Caminha v\u00e3o acolher os Campeonatos Nacionais Escolares Juvenis de Desporto Escolar.<\/p>\n\n\n\n<p>A iniciativa &#8220;vai contar com a presen\u00e7a de largas centenas de jovens de todo o pa\u00eds&#8221; e inclui atletismo, badminton, basquetebol, canoagem, futsal, nata\u00e7\u00e3o, remo, surf, t\u00e9nis de mesa, vela e voleibol.<\/p>\n\n\n\n<p>Nestes Campeonatos estar\u00e3o em competi\u00e7\u00e3o os alunos apurados nas competi\u00e7\u00f5es regionais das Dire\u00e7\u00f5es de Servi\u00e7os Regionais, nas diferentes modalidades, numa articula\u00e7\u00e3o simult\u00e2nea de v\u00e1rios locais de competi\u00e7\u00e3o, permitindo quadros competitivos nas modalidades.<\/p>\n\n\n\n<p>&#8220;A atitude, a postura competitiva e a participa\u00e7\u00e3o dos alunos-atletas dever\u00e3o pautar-se por uma responsabilidade e um contributo para a promo\u00e7\u00e3o de valores do Desporto Escolar, como sejam a responsabilidade, o esp\u00edrito de equipa, a disciplina, a toler\u00e2ncia e o respeito&#8221;.<\/p>\n\n\n\n<p>Os Campeonatos Nacionais Escolares s\u00e3o uma organiza\u00e7\u00e3o conjunta da Dire\u00e7\u00e3o-Geral da Educa\u00e7\u00e3o (DGE) e da Dire\u00e7\u00e3o-Geral dos Estabelecimentos Escolares (DGEstE), sob a \u00e9gide do Minist\u00e9rio da Educa\u00e7\u00e3o, em parceria com as C\u00e2maras Municipais.<\/p>\n\n\n<div id='gallery-1' class='gallery galleryid-79717 gallery-columns-3 gallery-size-gridlove-single'><figure class='gallery-item'>\n\t\t\t<div class='gallery-icon portrait'>\n\t\t\t\t<a class=\"gridlove-popup\" href='https:\/\/www.altominho.tv\/site\/wp-content\/uploads\/2022\/05\/cned2022.jpg'><img loading=\"lazy\" decoding=\"async\" width=\"601\" height=\"839\" src=\"https:\/\/www.altominho.tv\/site\/wp-content\/uploads\/2022\/05\/cned2022.jpg\" class=\"attachment-gridlove-single size-gridlove-single\" alt=\"\" srcset=\"https:\/\/www.altominho.tv\/site\/wp-content\/uploads\/2022\/05\/cned2022.jpg 601w, https:\/\/www.altominho.tv\/site\/wp-content\/uploads\/2022\/05\/cned2022-310x433.jpg 310w, https:\/\/www.altominho.tv\/site\/wp-content\/uploads\/2022\/05\/cned2022-370x517.jpg 370w, https:\/\/www.altominho.tv\/site\/wp-content\/uploads\/2022\/05\/cned2022-270x377.jpg 270w, https:\/\/www.altominho.tv\/site\/wp-content\/uploads\/2022\/05\/cned2022-570x796.jpg 570w\" sizes=\"auto, (max-width: 601px) 100vw, 601px\" \/><\/a>\n\t\t\t<\/div><\/figure>\n\t\t<\/div>\n","protected":false},"excerpt":{"rendered":"<p>Entre 19 e 22 de maio, Viana do Castelo e Caminha v\u00e3o acolher os Campeonatos Nacionais Escolares Juvenis de Desporto Escolar. A iniciativa &#8220;vai contar com a presen\u00e7a de largas centenas de jovens de todo o pa\u00eds&#8221; e inclui atletismo, badminton, basquetebol, canoagem, futsal, nata\u00e7\u00e3o, remo, surf, t\u00e9nis de mesa, vela e voleibol. Nestes Campeonatos [&hellip;]<\/p>\n","protected":false},"author":7,"featured_media":79719,"comment_status":"closed","ping_status":"closed","sticky":false,"template":"","format":"standard","meta":{"_exactmetrics_skip_tracking":false,"_exactmetrics_sitenote_active":false,"_exactmetrics_sitenote_note":"","_exactmetrics_sitenote_category":0,"footnotes":""},"categories":[73],"tags":[20,22],"class_list":["post-79717","post","type-post","status-publish","format-standard","has-post-thumbnail","hentry","category-alto-minho","tag-desporto","tag-educacao"],"yoast_head":"<!-- This site is optimized with the Yoast SEO Premium plugin v27.4 (Yoast SEO v27.4) - https:\/\/yoast.com\/product\/yoast-seo-premium-wordpress\/ -->\n<title>Viana do Castelo e Caminha acolhem os Campeonatos Nacionais Escolares Juvenis de Desporto Escolar<\/title>\n<meta name=\"description\" content=\"Viana do Castelo e Caminha recebem, de 19 a 22 de maio, os Campeonatos Nacionais Escolares Juvenis de Desporto Escolar.\" \/>\n<meta name=\"robots\" content=\"index, follow, max-snippet:-1, max-image-preview:large, max-video-preview:-1\" \/>\n<link rel=\"canonical\" href=\"https:\/\/www.altominho.tv\/site\/2022\/05\/12\/desporto-educacao\/\" \/>\n<meta property=\"og:locale\" content=\"pt_PT\" \/>\n<meta property=\"og:type\" content=\"article\" \/>\n<meta property=\"og:title\" content=\"Viana do Castelo e Caminha acolhem os Campeonatos Nacionais Escolares Juvenis de Desporto Escolar\" \/>\n<meta property=\"og:description\" content=\"Viana do Castelo e Caminha recebem, de 19 a 22 de maio, os Campeonatos Nacionais Escolares Juvenis de Desporto Escolar.\" \/>\n<meta property=\"og:url\" content=\"https:\/\/www.altominho.tv\/site\/2022\/05\/12\/desporto-educacao\/\" \/>\n<meta property=\"og:site_name\" content=\"Altominho.tv\" \/>\n<meta property=\"article:publisher\" content=\"https:\/\/www.facebook.com\/altominhotv\" \/>\n<meta property=\"article:published_time\" content=\"2022-05-12T09:05:06+00:00\" \/>\n<meta property=\"article:modified_time\" content=\"2022-05-12T09:05:10+00:00\" \/>\n<meta property=\"og:image\" content=\"https:\/\/www.altominho.tv\/site\/wp-content\/uploads\/2022\/05\/desporto-escolar.jpg\" \/>\n\t<meta property=\"og:image:width\" content=\"1903\" \/>\n\t<meta property=\"og:image:height\" content=\"1142\" \/>\n\t<meta property=\"og:image:type\" content=\"image\/jpeg\" \/>\n<meta name=\"author\" content=\"Andreia Cunha\" \/>\n<meta name=\"twitter:card\" content=\"summary_large_image\" \/>\n<meta name=\"twitter:creator\" content=\"@altominhoTV\" \/>\n<meta name=\"twitter:site\" content=\"@altominhoTV\" \/>\n<meta name=\"twitter:label1\" content=\"Escrito por\" \/>\n\t<meta name=\"twitter:data1\" content=\"Andreia Cunha\" \/>\n\t<meta name=\"twitter:label2\" content=\"Tempo estimado de leitura\" \/>\n\t<meta name=\"twitter:data2\" content=\"2 minutos\" \/>\n<script type=\"application\/ld+json\" class=\"yoast-schema-graph\">{\"@context\":\"https:\\\/\\\/schema.org\",\"@graph\":[{\"@type\":\"Article\",\"@id\":\"https:\\\/\\\/www.altominho.tv\\\/site\\\/2022\\\/05\\\/12\\\/desporto-educacao\\\/#article\",\"isPartOf\":{\"@id\":\"https:\\\/\\\/www.altominho.tv\\\/site\\\/2022\\\/05\\\/12\\\/desporto-educacao\\\/\"},\"author\":{\"name\":\"Andreia Cunha\",\"@id\":\"https:\\\/\\\/www.altominho.tv\\\/site\\\/#\\\/schema\\\/person\\\/a0e4ef6d041f98ca284393d8f1d97153\"},\"headline\":\"Viana do Castelo e Caminha acolhem os Campeonatos Nacionais Escolares Juvenis de Desporto Escolar\",\"datePublished\":\"2022-05-12T09:05:06+00:00\",\"dateModified\":\"2022-05-12T09:05:10+00:00\",\"mainEntityOfPage\":{\"@id\":\"https:\\\/\\\/www.altominho.tv\\\/site\\\/2022\\\/05\\\/12\\\/desporto-educacao\\\/\"},\"wordCount\":198,\"image\":{\"@id\":\"https:\\\/\\\/www.altominho.tv\\\/site\\\/2022\\\/05\\\/12\\\/desporto-educacao\\\/#primaryimage\"},\"thumbnailUrl\":\"https:\\\/\\\/www.altominho.tv\\\/site\\\/wp-content\\\/uploads\\\/2022\\\/05\\\/desporto-escolar.jpg\",\"keywords\":[\"Desporto\",\"Educa\u00e7\u00e3o\"],\"articleSection\":[\"Alto Minho\"],\"inLanguage\":\"pt-PT\",\"copyrightYear\":\"2022\",\"copyrightHolder\":{\"@id\":\"https:\\\/\\\/www.altominho.tv\\\/site\\\/#organization\"}},{\"@type\":\"WebPage\",\"@id\":\"https:\\\/\\\/www.altominho.tv\\\/site\\\/2022\\\/05\\\/12\\\/desporto-educacao\\\/\",\"url\":\"https:\\\/\\\/www.altominho.tv\\\/site\\\/2022\\\/05\\\/12\\\/desporto-educacao\\\/\",\"name\":\"Viana do Castelo e Caminha acolhem os Campeonatos Nacionais Escolares Juvenis de Desporto Escolar\",\"isPartOf\":{\"@id\":\"https:\\\/\\\/www.altominho.tv\\\/site\\\/#website\"},\"primaryImageOfPage\":{\"@id\":\"https:\\\/\\\/www.altominho.tv\\\/site\\\/2022\\\/05\\\/12\\\/desporto-educacao\\\/#primaryimage\"},\"image\":{\"@id\":\"https:\\\/\\\/www.altominho.tv\\\/site\\\/2022\\\/05\\\/12\\\/desporto-educacao\\\/#primaryimage\"},\"thumbnailUrl\":\"https:\\\/\\\/www.altominho.tv\\\/site\\\/wp-content\\\/uploads\\\/2022\\\/05\\\/desporto-escolar.jpg\",\"datePublished\":\"2022-05-12T09:05:06+00:00\",\"dateModified\":\"2022-05-12T09:05:10+00:00\",\"author\":{\"@id\":\"https:\\\/\\\/www.altominho.tv\\\/site\\\/#\\\/schema\\\/person\\\/a0e4ef6d041f98ca284393d8f1d97153\"},\"description\":\"Viana do Castelo e Caminha recebem, de 19 a 22 de maio, os Campeonatos Nacionais Escolares Juvenis de Desporto Escolar.\",\"breadcrumb\":{\"@id\":\"https:\\\/\\\/www.altominho.tv\\\/site\\\/2022\\\/05\\\/12\\\/desporto-educacao\\\/#breadcrumb\"},\"inLanguage\":\"pt-PT\",\"potentialAction\":[{\"@type\":\"ReadAction\",\"target\":[\"https:\\\/\\\/www.altominho.tv\\\/site\\\/2022\\\/05\\\/12\\\/desporto-educacao\\\/\"]}]},{\"@type\":\"ImageObject\",\"inLanguage\":\"pt-PT\",\"@id\":\"https:\\\/\\\/www.altominho.tv\\\/site\\\/2022\\\/05\\\/12\\\/desporto-educacao\\\/#primaryimage\",\"url\":\"https:\\\/\\\/www.altominho.tv\\\/site\\\/wp-content\\\/uploads\\\/2022\\\/05\\\/desporto-escolar.jpg\",\"contentUrl\":\"https:\\\/\\\/www.altominho.tv\\\/site\\\/wp-content\\\/uploads\\\/2022\\\/05\\\/desporto-escolar.jpg\",\"width\":1903,\"height\":1142},{\"@type\":\"BreadcrumbList\",\"@id\":\"https:\\\/\\\/www.altominho.tv\\\/site\\\/2022\\\/05\\\/12\\\/desporto-educacao\\\/#breadcrumb\",\"itemListElement\":[{\"@type\":\"ListItem\",\"position\":1,\"name\":\"In\u00edcio\",\"item\":\"https:\\\/\\\/www.altominho.tv\\\/site\\\/\"},{\"@type\":\"ListItem\",\"position\":2,\"name\":\"Viana do Castelo e Caminha acolhem os Campeonatos Nacionais Escolares Juvenis de Desporto Escolar\"}]},{\"@type\":\"WebSite\",\"@id\":\"https:\\\/\\\/www.altominho.tv\\\/site\\\/#website\",\"url\":\"https:\\\/\\\/www.altominho.tv\\\/site\\\/\",\"name\":\"Altominho.tv\",\"description\":\"A sua regi\u00e3o \u00e0 dist\u00e2ncia de um clique...\",\"potentialAction\":[{\"@type\":\"SearchAction\",\"target\":{\"@type\":\"EntryPoint\",\"urlTemplate\":\"https:\\\/\\\/www.altominho.tv\\\/site\\\/?s={search_term_string}\"},\"query-input\":{\"@type\":\"PropertyValueSpecification\",\"valueRequired\":true,\"valueName\":\"search_term_string\"}}],\"inLanguage\":\"pt-PT\"},{\"@type\":\"Person\",\"@id\":\"https:\\\/\\\/www.altominho.tv\\\/site\\\/#\\\/schema\\\/person\\\/a0e4ef6d041f98ca284393d8f1d97153\",\"name\":\"Andreia Cunha\",\"image\":{\"@type\":\"ImageObject\",\"inLanguage\":\"pt-PT\",\"@id\":\"https:\\\/\\\/www.altominho.tv\\\/site\\\/wp-content\\\/uploads\\\/2017\\\/11\\\/Andreia_Cunha-1-150x150.jpg\",\"url\":\"https:\\\/\\\/www.altominho.tv\\\/site\\\/wp-content\\\/uploads\\\/2017\\\/11\\\/Andreia_Cunha-1-150x150.jpg\",\"contentUrl\":\"https:\\\/\\\/www.altominho.tv\\\/site\\\/wp-content\\\/uploads\\\/2017\\\/11\\\/Andreia_Cunha-1-150x150.jpg\",\"caption\":\"Andreia Cunha\"},\"url\":\"https:\\\/\\\/www.altominho.tv\\\/site\\\/author\\\/andreiacunha\\\/\"}]}<\/script>\n<!-- \/ Yoast SEO Premium plugin. -->","yoast_head_json":{"title":"Viana do Castelo e Caminha acolhem os Campeonatos Nacionais Escolares Juvenis de Desporto Escolar","description":"Viana do Castelo e Caminha recebem, de 19 a 22 de maio, os Campeonatos Nacionais Escolares Juvenis de Desporto Escolar.","robots":{"index":"index","follow":"follow","max-snippet":"max-snippet:-1","max-image-preview":"max-image-preview:large","max-video-preview":"max-video-preview:-1"},"canonical":"https:\/\/www.altominho.tv\/site\/2022\/05\/12\/desporto-educacao\/","og_locale":"pt_PT","og_type":"article","og_title":"Viana do Castelo e Caminha acolhem os Campeonatos Nacionais Escolares Juvenis de Desporto Escolar","og_description":"Viana do Castelo e Caminha recebem, de 19 a 22 de maio, os Campeonatos Nacionais Escolares Juvenis de Desporto Escolar.","og_url":"https:\/\/www.altominho.tv\/site\/2022\/05\/12\/desporto-educacao\/","og_site_name":"Altominho.tv","article_publisher":"https:\/\/www.facebook.com\/altominhotv","article_published_time":"2022-05-12T09:05:06+00:00","article_modified_time":"2022-05-12T09:05:10+00:00","og_image":[{"width":1903,"height":1142,"url":"https:\/\/www.altominho.tv\/site\/wp-content\/uploads\/2022\/05\/desporto-escolar.jpg","type":"image\/jpeg"}],"author":"Andreia Cunha","twitter_card":"summary_large_image","twitter_creator":"@altominhoTV","twitter_site":"@altominhoTV","twitter_misc":{"Escrito por":"Andreia Cunha","Tempo estimado de leitura":"2 minutos"},"schema":{"@context":"https:\/\/schema.org","@graph":[{"@type":"Article","@id":"https:\/\/www.altominho.tv\/site\/2022\/05\/12\/desporto-educacao\/#article","isPartOf":{"@id":"https:\/\/www.altominho.tv\/site\/2022\/05\/12\/desporto-educacao\/"},"author":{"name":"Andreia Cunha","@id":"https:\/\/www.altominho.tv\/site\/#\/schema\/person\/a0e4ef6d041f98ca284393d8f1d97153"},"headline":"Viana do Castelo e Caminha acolhem os Campeonatos Nacionais Escolares Juvenis de Desporto Escolar","datePublished":"2022-05-12T09:05:06+00:00","dateModified":"2022-05-12T09:05:10+00:00","mainEntityOfPage":{"@id":"https:\/\/www.altominho.tv\/site\/2022\/05\/12\/desporto-educacao\/"},"wordCount":198,"image":{"@id":"https:\/\/www.altominho.tv\/site\/2022\/05\/12\/desporto-educacao\/#primaryimage"},"thumbnailUrl":"https:\/\/www.altominho.tv\/site\/wp-content\/uploads\/2022\/05\/desporto-escolar.jpg","keywords":["Desporto","Educa\u00e7\u00e3o"],"articleSection":["Alto Minho"],"inLanguage":"pt-PT","copyrightYear":"2022","copyrightHolder":{"@id":"https:\/\/www.altominho.tv\/site\/#organization"}},{"@type":"WebPage","@id":"https:\/\/www.altominho.tv\/site\/2022\/05\/12\/desporto-educacao\/","url":"https:\/\/www.altominho.tv\/site\/2022\/05\/12\/desporto-educacao\/","name":"Viana do Castelo e Caminha acolhem os Campeonatos Nacionais Escolares Juvenis de Desporto Escolar","isPartOf":{"@id":"https:\/\/www.altominho.tv\/site\/#website"},"primaryImageOfPage":{"@id":"https:\/\/www.altominho.tv\/site\/2022\/05\/12\/desporto-educacao\/#primaryimage"},"image":{"@id":"https:\/\/www.altominho.tv\/site\/2022\/05\/12\/desporto-educacao\/#primaryimage"},"thumbnailUrl":"https:\/\/www.altominho.tv\/site\/wp-content\/uploads\/2022\/05\/desporto-escolar.jpg","datePublished":"2022-05-12T09:05:06+00:00","dateModified":"2022-05-12T09:05:10+00:00","author":{"@id":"https:\/\/www.altominho.tv\/site\/#\/schema\/person\/a0e4ef6d041f98ca284393d8f1d97153"},"description":"Viana do Castelo e Caminha recebem, de 19 a 22 de maio, os Campeonatos Nacionais Escolares Juvenis de Desporto Escolar.","breadcrumb":{"@id":"https:\/\/www.altominho.tv\/site\/2022\/05\/12\/desporto-educacao\/#breadcrumb"},"inLanguage":"pt-PT","potentialAction":[{"@type":"ReadAction","target":["https:\/\/www.altominho.tv\/site\/2022\/05\/12\/desporto-educacao\/"]}]},{"@type":"ImageObject","inLanguage":"pt-PT","@id":"https:\/\/www.altominho.tv\/site\/2022\/05\/12\/desporto-educacao\/#primaryimage","url":"https:\/\/www.altominho.tv\/site\/wp-content\/uploads\/2022\/05\/desporto-escolar.jpg","contentUrl":"https:\/\/www.altominho.tv\/site\/wp-content\/uploads\/2022\/05\/desporto-escolar.jpg","width":1903,"height":1142},{"@type":"BreadcrumbList","@id":"https:\/\/www.altominho.tv\/site\/2022\/05\/12\/desporto-educacao\/#breadcrumb","itemListElement":[{"@type":"ListItem","position":1,"name":"In\u00edcio","item":"https:\/\/www.altominho.tv\/site\/"},{"@type":"ListItem","position":2,"name":"Viana do Castelo e Caminha acolhem os Campeonatos Nacionais Escolares Juvenis de Desporto Escolar"}]},{"@type":"WebSite","@id":"https:\/\/www.altominho.tv\/site\/#website","url":"https:\/\/www.altominho.tv\/site\/","name":"Altominho.tv","description":"A sua regi\u00e3o \u00e0 dist\u00e2ncia de um clique...","potentialAction":[{"@type":"SearchAction","target":{"@type":"EntryPoint","urlTemplate":"https:\/\/www.altominho.tv\/site\/?s={search_term_string}"},"query-input":{"@type":"PropertyValueSpecification","valueRequired":true,"valueName":"search_term_string"}}],"inLanguage":"pt-PT"},{"@type":"Person","@id":"https:\/\/www.altominho.tv\/site\/#\/schema\/person\/a0e4ef6d041f98ca284393d8f1d97153","name":"Andreia Cunha","image":{"@type":"ImageObject","inLanguage":"pt-PT","@id":"https:\/\/www.altominho.tv\/site\/wp-content\/uploads\/2017\/11\/Andreia_Cunha-1-150x150.jpg","url":"https:\/\/www.altominho.tv\/site\/wp-content\/uploads\/2017\/11\/Andreia_Cunha-1-150x150.jpg","contentUrl":"https:\/\/www.altominho.tv\/site\/wp-content\/uploads\/2017\/11\/Andreia_Cunha-1-150x150.jpg","caption":"Andreia Cunha"},"url":"https:\/\/www.altominho.tv\/site\/author\/andreiacunha\/"}]}},"_links":{"self":[{"href":"https:\/\/www.altominho.tv\/site\/wp-json\/wp\/v2\/posts\/79717","targetHints":{"allow":["GET"]}}],"collection":[{"href":"https:\/\/www.altominho.tv\/site\/wp-json\/wp\/v2\/posts"}],"about":[{"href":"https:\/\/www.altominho.tv\/site\/wp-json\/wp\/v2\/types\/post"}],"author":[{"embeddable":true,"href":"https:\/\/www.altominho.tv\/site\/wp-json\/wp\/v2\/users\/7"}],"replies":[{"embeddable":true,"href":"https:\/\/www.altominho.tv\/site\/wp-json\/wp\/v2\/comments?post=79717"}],"version-history":[{"count":0,"href":"https:\/\/www.altominho.tv\/site\/wp-json\/wp\/v2\/posts\/79717\/revisions"}],"wp:featuredmedia":[{"embeddable":true,"href":"https:\/\/www.altominho.tv\/site\/wp-json\/wp\/v2\/media\/79719"}],"wp:attachment":[{"href":"https:\/\/www.altominho.tv\/site\/wp-json\/wp\/v2\/media?parent=79717"}],"wp:term":[{"taxonomy":"category","embeddable":true,"href":"https:\/\/www.altominho.tv\/site\/wp-json\/wp\/v2\/categories?post=79717"},{"taxonomy":"post_tag","embeddable":true,"href":"https:\/\/www.altominho.tv\/site\/wp-json\/wp\/v2\/tags?post=79717"}],"curies":[{"name":"wp","href":"https:\/\/api.w.org\/{rel}","templated":true}]}}