{"id":79650,"date":"2022-05-11T08:46:26","date_gmt":"2022-05-11T07:46:26","guid":{"rendered":"https:\/\/www.altominho.tv\/site\/?p=79650"},"modified":"2022-05-11T08:46:35","modified_gmt":"2022-05-11T07:46:35","slug":"tempo-alto-minho","status":"publish","type":"post","link":"https:\/\/www.altominho.tv\/site\/2022\/05\/11\/tempo-alto-minho\/","title":{"rendered":"Onze distritos do continente com risco muito elevado de radia\u00e7\u00e3o"},"content":{"rendered":"\n<p>Onze distritos de Portugal continental apresentam hoje um risco muito elevado de exposi\u00e7\u00e3o \u00e0 radia\u00e7\u00e3o ultravioleta (UV), segundo o Instituto Portugu\u00eas do Mar e da Atmosfera (IPMA).<\/p>\n\n\n\n<p>Em risco muito elevado est\u00e3o os distritos de Vila Real, Bragan\u00e7a, Aveiro, Viseu, Guarda, Castelo Branco, Coimbra, Leiria, Santar\u00e9m, Lisboa e Set\u00fabal.<\/p>\n\n\n\n<p>O IPMA colocou tamb\u00e9m os distritos de Viana do Castelo, Braga, Porto, Portalegre, \u00c9vora, Beja e Faro, as ilhas Terceira e Faial (A\u00e7ores) e Madeira em risco elevado de exposi\u00e7\u00e3o \u00e0 radia\u00e7\u00e3o UV.<\/p>\n\n\n\n<p>As ilhas do Porto Santo, Flores e S\u00e3o Miguel est\u00e3o hoje com risco moderado.<\/p>\n\n\n\n<p>A escala de radia\u00e7\u00e3o ultravioleta tem cinco n\u00edveis, entre risco extremo e baixo.<\/p>\n\n\n\n<p>Para as regi\u00f5es com risco muito elevado, o IPMA aconselha a utiliza\u00e7\u00e3o de \u00f3culos de sol com filtro UV, chap\u00e9u, &#8216;t-shirt&#8217;, guarda-sol, protetor solar e que se evite a exposi\u00e7\u00e3o das crian\u00e7as ao sol.<\/p>\n\n\n\n<p>Para as regi\u00f5es com risco elevado, aconselha o uso de \u00f3culos de sol com filtro UV, chap\u00e9u, \u2018t\u2019shirt\u2019 e protetor solar.<\/p>\n","protected":false},"excerpt":{"rendered":"<p>Onze distritos de Portugal continental apresentam hoje um risco muito elevado de exposi\u00e7\u00e3o \u00e0 radia\u00e7\u00e3o ultravioleta (UV), segundo o Instituto Portugu\u00eas do Mar e da Atmosfera (IPMA). Em risco muito elevado est\u00e3o os distritos de Vila Real, Bragan\u00e7a, Aveiro, Viseu, Guarda, Castelo Branco, Coimbra, Leiria, Santar\u00e9m, Lisboa e Set\u00fabal. O IPMA colocou tamb\u00e9m os distritos [&hellip;]<\/p>\n","protected":false},"author":16,"featured_media":79651,"comment_status":"closed","ping_status":"closed","sticky":false,"template":"","format":"standard","meta":{"_exactmetrics_skip_tracking":false,"_exactmetrics_sitenote_active":false,"_exactmetrics_sitenote_note":"","_exactmetrics_sitenote_category":0,"footnotes":""},"categories":[73],"tags":[27],"class_list":["post-79650","post","type-post","status-publish","format-standard","has-post-thumbnail","hentry","category-alto-minho","tag-sociedade"],"yoast_head":"<!-- This site is optimized with the Yoast SEO Premium plugin v27.4 (Yoast SEO v27.4) - https:\/\/yoast.com\/product\/yoast-seo-premium-wordpress\/ -->\n<title>Onze distritos do continente com risco muito elevado de radia\u00e7\u00e3o<\/title>\n<meta name=\"description\" content=\"Onze distritos do continente com risco muito elevado de radia\u00e7\u00e3o.\" \/>\n<meta name=\"robots\" content=\"index, follow, max-snippet:-1, max-image-preview:large, max-video-preview:-1\" \/>\n<link rel=\"canonical\" href=\"https:\/\/www.altominho.tv\/site\/2022\/05\/11\/tempo-alto-minho\/\" \/>\n<meta property=\"og:locale\" content=\"pt_PT\" \/>\n<meta property=\"og:type\" content=\"article\" \/>\n<meta property=\"og:title\" content=\"Onze distritos do continente com risco muito elevado de radia\u00e7\u00e3o\" \/>\n<meta property=\"og:description\" content=\"Onze distritos do continente com risco muito elevado de radia\u00e7\u00e3o.\" \/>\n<meta property=\"og:url\" content=\"https:\/\/www.altominho.tv\/site\/2022\/05\/11\/tempo-alto-minho\/\" \/>\n<meta property=\"og:site_name\" content=\"Altominho.tv\" \/>\n<meta property=\"article:publisher\" content=\"https:\/\/www.facebook.com\/altominhotv\" \/>\n<meta property=\"article:published_time\" content=\"2022-05-11T07:46:26+00:00\" \/>\n<meta property=\"article:modified_time\" content=\"2022-05-11T07:46:35+00:00\" \/>\n<meta property=\"og:image\" content=\"https:\/\/www.altominho.tv\/site\/wp-content\/uploads\/2022\/05\/Tempo-quente.jpg\" \/>\n\t<meta property=\"og:image:width\" content=\"640\" \/>\n\t<meta property=\"og:image:height\" content=\"425\" \/>\n\t<meta property=\"og:image:type\" content=\"image\/jpeg\" \/>\n<meta name=\"author\" content=\"Andreia Cunha | Lusa\" \/>\n<meta name=\"twitter:card\" content=\"summary_large_image\" \/>\n<meta name=\"twitter:creator\" content=\"@altominhoTV\" \/>\n<meta name=\"twitter:site\" content=\"@altominhoTV\" \/>\n<meta name=\"twitter:label1\" content=\"Escrito por\" \/>\n\t<meta name=\"twitter:data1\" content=\"Andreia Cunha | Lusa\" \/>\n\t<meta name=\"twitter:label2\" content=\"Tempo estimado de leitura\" \/>\n\t<meta name=\"twitter:data2\" content=\"1 minuto\" \/>\n<script type=\"application\/ld+json\" class=\"yoast-schema-graph\">{\"@context\":\"https:\\\/\\\/schema.org\",\"@graph\":[{\"@type\":\"Article\",\"@id\":\"https:\\\/\\\/www.altominho.tv\\\/site\\\/2022\\\/05\\\/11\\\/tempo-alto-minho\\\/#article\",\"isPartOf\":{\"@id\":\"https:\\\/\\\/www.altominho.tv\\\/site\\\/2022\\\/05\\\/11\\\/tempo-alto-minho\\\/\"},\"author\":{\"name\":\"Andreia Cunha | Lusa\",\"@id\":\"https:\\\/\\\/www.altominho.tv\\\/site\\\/#\\\/schema\\\/person\\\/dbaf181c01b51ff40c9f461a905d321e\"},\"headline\":\"Onze distritos do continente com risco muito elevado de radia\u00e7\u00e3o\",\"datePublished\":\"2022-05-11T07:46:26+00:00\",\"dateModified\":\"2022-05-11T07:46:35+00:00\",\"mainEntityOfPage\":{\"@id\":\"https:\\\/\\\/www.altominho.tv\\\/site\\\/2022\\\/05\\\/11\\\/tempo-alto-minho\\\/\"},\"wordCount\":196,\"image\":{\"@id\":\"https:\\\/\\\/www.altominho.tv\\\/site\\\/2022\\\/05\\\/11\\\/tempo-alto-minho\\\/#primaryimage\"},\"thumbnailUrl\":\"https:\\\/\\\/www.altominho.tv\\\/site\\\/wp-content\\\/uploads\\\/2022\\\/05\\\/Tempo-quente.jpg\",\"keywords\":[\"Sociedade\"],\"articleSection\":[\"Alto Minho\"],\"inLanguage\":\"pt-PT\",\"copyrightYear\":\"2022\",\"copyrightHolder\":{\"@id\":\"https:\\\/\\\/www.altominho.tv\\\/site\\\/#organization\"}},{\"@type\":\"WebPage\",\"@id\":\"https:\\\/\\\/www.altominho.tv\\\/site\\\/2022\\\/05\\\/11\\\/tempo-alto-minho\\\/\",\"url\":\"https:\\\/\\\/www.altominho.tv\\\/site\\\/2022\\\/05\\\/11\\\/tempo-alto-minho\\\/\",\"name\":\"Onze distritos do continente com risco muito elevado de radia\u00e7\u00e3o\",\"isPartOf\":{\"@id\":\"https:\\\/\\\/www.altominho.tv\\\/site\\\/#website\"},\"primaryImageOfPage\":{\"@id\":\"https:\\\/\\\/www.altominho.tv\\\/site\\\/2022\\\/05\\\/11\\\/tempo-alto-minho\\\/#primaryimage\"},\"image\":{\"@id\":\"https:\\\/\\\/www.altominho.tv\\\/site\\\/2022\\\/05\\\/11\\\/tempo-alto-minho\\\/#primaryimage\"},\"thumbnailUrl\":\"https:\\\/\\\/www.altominho.tv\\\/site\\\/wp-content\\\/uploads\\\/2022\\\/05\\\/Tempo-quente.jpg\",\"datePublished\":\"2022-05-11T07:46:26+00:00\",\"dateModified\":\"2022-05-11T07:46:35+00:00\",\"author\":{\"@id\":\"https:\\\/\\\/www.altominho.tv\\\/site\\\/#\\\/schema\\\/person\\\/dbaf181c01b51ff40c9f461a905d321e\"},\"description\":\"Onze distritos do continente com risco muito elevado de radia\u00e7\u00e3o.\",\"breadcrumb\":{\"@id\":\"https:\\\/\\\/www.altominho.tv\\\/site\\\/2022\\\/05\\\/11\\\/tempo-alto-minho\\\/#breadcrumb\"},\"inLanguage\":\"pt-PT\",\"potentialAction\":[{\"@type\":\"ReadAction\",\"target\":[\"https:\\\/\\\/www.altominho.tv\\\/site\\\/2022\\\/05\\\/11\\\/tempo-alto-minho\\\/\"]}]},{\"@type\":\"ImageObject\",\"inLanguage\":\"pt-PT\",\"@id\":\"https:\\\/\\\/www.altominho.tv\\\/site\\\/2022\\\/05\\\/11\\\/tempo-alto-minho\\\/#primaryimage\",\"url\":\"https:\\\/\\\/www.altominho.tv\\\/site\\\/wp-content\\\/uploads\\\/2022\\\/05\\\/Tempo-quente.jpg\",\"contentUrl\":\"https:\\\/\\\/www.altominho.tv\\\/site\\\/wp-content\\\/uploads\\\/2022\\\/05\\\/Tempo-quente.jpg\",\"width\":640,\"height\":425},{\"@type\":\"BreadcrumbList\",\"@id\":\"https:\\\/\\\/www.altominho.tv\\\/site\\\/2022\\\/05\\\/11\\\/tempo-alto-minho\\\/#breadcrumb\",\"itemListElement\":[{\"@type\":\"ListItem\",\"position\":1,\"name\":\"In\u00edcio\",\"item\":\"https:\\\/\\\/www.altominho.tv\\\/site\\\/\"},{\"@type\":\"ListItem\",\"position\":2,\"name\":\"Onze distritos do continente com risco muito elevado de radia\u00e7\u00e3o\"}]},{\"@type\":\"WebSite\",\"@id\":\"https:\\\/\\\/www.altominho.tv\\\/site\\\/#website\",\"url\":\"https:\\\/\\\/www.altominho.tv\\\/site\\\/\",\"name\":\"Altominho.tv\",\"description\":\"A sua regi\u00e3o \u00e0 dist\u00e2ncia de um clique...\",\"potentialAction\":[{\"@type\":\"SearchAction\",\"target\":{\"@type\":\"EntryPoint\",\"urlTemplate\":\"https:\\\/\\\/www.altominho.tv\\\/site\\\/?s={search_term_string}\"},\"query-input\":{\"@type\":\"PropertyValueSpecification\",\"valueRequired\":true,\"valueName\":\"search_term_string\"}}],\"inLanguage\":\"pt-PT\"},{\"@type\":\"Person\",\"@id\":\"https:\\\/\\\/www.altominho.tv\\\/site\\\/#\\\/schema\\\/person\\\/dbaf181c01b51ff40c9f461a905d321e\",\"name\":\"Andreia Cunha | Lusa\",\"image\":{\"@type\":\"ImageObject\",\"inLanguage\":\"pt-PT\",\"@id\":\"https:\\\/\\\/www.altominho.tv\\\/site\\\/wp-content\\\/uploads\\\/2017\\\/11\\\/Andreia_Cunha-1-150x150.jpg\",\"url\":\"https:\\\/\\\/www.altominho.tv\\\/site\\\/wp-content\\\/uploads\\\/2017\\\/11\\\/Andreia_Cunha-1-150x150.jpg\",\"contentUrl\":\"https:\\\/\\\/www.altominho.tv\\\/site\\\/wp-content\\\/uploads\\\/2017\\\/11\\\/Andreia_Cunha-1-150x150.jpg\",\"caption\":\"Andreia Cunha | Lusa\"},\"sameAs\":[\"https:\\\/\\\/www.altominho.tv\\\/site\"],\"url\":\"https:\\\/\\\/www.altominho.tv\\\/site\\\/author\\\/andreiacunhalusa\\\/\"}]}<\/script>\n<!-- \/ Yoast SEO Premium plugin. -->","yoast_head_json":{"title":"Onze distritos do continente com risco muito elevado de radia\u00e7\u00e3o","description":"Onze distritos do continente com risco muito elevado de radia\u00e7\u00e3o.","robots":{"index":"index","follow":"follow","max-snippet":"max-snippet:-1","max-image-preview":"max-image-preview:large","max-video-preview":"max-video-preview:-1"},"canonical":"https:\/\/www.altominho.tv\/site\/2022\/05\/11\/tempo-alto-minho\/","og_locale":"pt_PT","og_type":"article","og_title":"Onze distritos do continente com risco muito elevado de radia\u00e7\u00e3o","og_description":"Onze distritos do continente com risco muito elevado de radia\u00e7\u00e3o.","og_url":"https:\/\/www.altominho.tv\/site\/2022\/05\/11\/tempo-alto-minho\/","og_site_name":"Altominho.tv","article_publisher":"https:\/\/www.facebook.com\/altominhotv","article_published_time":"2022-05-11T07:46:26+00:00","article_modified_time":"2022-05-11T07:46:35+00:00","og_image":[{"width":640,"height":425,"url":"https:\/\/www.altominho.tv\/site\/wp-content\/uploads\/2022\/05\/Tempo-quente.jpg","type":"image\/jpeg"}],"author":"Andreia Cunha | Lusa","twitter_card":"summary_large_image","twitter_creator":"@altominhoTV","twitter_site":"@altominhoTV","twitter_misc":{"Escrito por":"Andreia Cunha | Lusa","Tempo estimado de leitura":"1 minuto"},"schema":{"@context":"https:\/\/schema.org","@graph":[{"@type":"Article","@id":"https:\/\/www.altominho.tv\/site\/2022\/05\/11\/tempo-alto-minho\/#article","isPartOf":{"@id":"https:\/\/www.altominho.tv\/site\/2022\/05\/11\/tempo-alto-minho\/"},"author":{"name":"Andreia Cunha | Lusa","@id":"https:\/\/www.altominho.tv\/site\/#\/schema\/person\/dbaf181c01b51ff40c9f461a905d321e"},"headline":"Onze distritos do continente com risco muito elevado de radia\u00e7\u00e3o","datePublished":"2022-05-11T07:46:26+00:00","dateModified":"2022-05-11T07:46:35+00:00","mainEntityOfPage":{"@id":"https:\/\/www.altominho.tv\/site\/2022\/05\/11\/tempo-alto-minho\/"},"wordCount":196,"image":{"@id":"https:\/\/www.altominho.tv\/site\/2022\/05\/11\/tempo-alto-minho\/#primaryimage"},"thumbnailUrl":"https:\/\/www.altominho.tv\/site\/wp-content\/uploads\/2022\/05\/Tempo-quente.jpg","keywords":["Sociedade"],"articleSection":["Alto Minho"],"inLanguage":"pt-PT","copyrightYear":"2022","copyrightHolder":{"@id":"https:\/\/www.altominho.tv\/site\/#organization"}},{"@type":"WebPage","@id":"https:\/\/www.altominho.tv\/site\/2022\/05\/11\/tempo-alto-minho\/","url":"https:\/\/www.altominho.tv\/site\/2022\/05\/11\/tempo-alto-minho\/","name":"Onze distritos do continente com risco muito elevado de radia\u00e7\u00e3o","isPartOf":{"@id":"https:\/\/www.altominho.tv\/site\/#website"},"primaryImageOfPage":{"@id":"https:\/\/www.altominho.tv\/site\/2022\/05\/11\/tempo-alto-minho\/#primaryimage"},"image":{"@id":"https:\/\/www.altominho.tv\/site\/2022\/05\/11\/tempo-alto-minho\/#primaryimage"},"thumbnailUrl":"https:\/\/www.altominho.tv\/site\/wp-content\/uploads\/2022\/05\/Tempo-quente.jpg","datePublished":"2022-05-11T07:46:26+00:00","dateModified":"2022-05-11T07:46:35+00:00","author":{"@id":"https:\/\/www.altominho.tv\/site\/#\/schema\/person\/dbaf181c01b51ff40c9f461a905d321e"},"description":"Onze distritos do continente com risco muito elevado de radia\u00e7\u00e3o.","breadcrumb":{"@id":"https:\/\/www.altominho.tv\/site\/2022\/05\/11\/tempo-alto-minho\/#breadcrumb"},"inLanguage":"pt-PT","potentialAction":[{"@type":"ReadAction","target":["https:\/\/www.altominho.tv\/site\/2022\/05\/11\/tempo-alto-minho\/"]}]},{"@type":"ImageObject","inLanguage":"pt-PT","@id":"https:\/\/www.altominho.tv\/site\/2022\/05\/11\/tempo-alto-minho\/#primaryimage","url":"https:\/\/www.altominho.tv\/site\/wp-content\/uploads\/2022\/05\/Tempo-quente.jpg","contentUrl":"https:\/\/www.altominho.tv\/site\/wp-content\/uploads\/2022\/05\/Tempo-quente.jpg","width":640,"height":425},{"@type":"BreadcrumbList","@id":"https:\/\/www.altominho.tv\/site\/2022\/05\/11\/tempo-alto-minho\/#breadcrumb","itemListElement":[{"@type":"ListItem","position":1,"name":"In\u00edcio","item":"https:\/\/www.altominho.tv\/site\/"},{"@type":"ListItem","position":2,"name":"Onze distritos do continente com risco muito elevado de radia\u00e7\u00e3o"}]},{"@type":"WebSite","@id":"https:\/\/www.altominho.tv\/site\/#website","url":"https:\/\/www.altominho.tv\/site\/","name":"Altominho.tv","description":"A sua regi\u00e3o \u00e0 dist\u00e2ncia de um clique...","potentialAction":[{"@type":"SearchAction","target":{"@type":"EntryPoint","urlTemplate":"https:\/\/www.altominho.tv\/site\/?s={search_term_string}"},"query-input":{"@type":"PropertyValueSpecification","valueRequired":true,"valueName":"search_term_string"}}],"inLanguage":"pt-PT"},{"@type":"Person","@id":"https:\/\/www.altominho.tv\/site\/#\/schema\/person\/dbaf181c01b51ff40c9f461a905d321e","name":"Andreia Cunha | Lusa","image":{"@type":"ImageObject","inLanguage":"pt-PT","@id":"https:\/\/www.altominho.tv\/site\/wp-content\/uploads\/2017\/11\/Andreia_Cunha-1-150x150.jpg","url":"https:\/\/www.altominho.tv\/site\/wp-content\/uploads\/2017\/11\/Andreia_Cunha-1-150x150.jpg","contentUrl":"https:\/\/www.altominho.tv\/site\/wp-content\/uploads\/2017\/11\/Andreia_Cunha-1-150x150.jpg","caption":"Andreia Cunha | Lusa"},"sameAs":["https:\/\/www.altominho.tv\/site"],"url":"https:\/\/www.altominho.tv\/site\/author\/andreiacunhalusa\/"}]}},"_links":{"self":[{"href":"https:\/\/www.altominho.tv\/site\/wp-json\/wp\/v2\/posts\/79650","targetHints":{"allow":["GET"]}}],"collection":[{"href":"https:\/\/www.altominho.tv\/site\/wp-json\/wp\/v2\/posts"}],"about":[{"href":"https:\/\/www.altominho.tv\/site\/wp-json\/wp\/v2\/types\/post"}],"author":[{"embeddable":true,"href":"https:\/\/www.altominho.tv\/site\/wp-json\/wp\/v2\/users\/16"}],"replies":[{"embeddable":true,"href":"https:\/\/www.altominho.tv\/site\/wp-json\/wp\/v2\/comments?post=79650"}],"version-history":[{"count":0,"href":"https:\/\/www.altominho.tv\/site\/wp-json\/wp\/v2\/posts\/79650\/revisions"}],"wp:featuredmedia":[{"embeddable":true,"href":"https:\/\/www.altominho.tv\/site\/wp-json\/wp\/v2\/media\/79651"}],"wp:attachment":[{"href":"https:\/\/www.altominho.tv\/site\/wp-json\/wp\/v2\/media?parent=79650"}],"wp:term":[{"taxonomy":"category","embeddable":true,"href":"https:\/\/www.altominho.tv\/site\/wp-json\/wp\/v2\/categories?post=79650"},{"taxonomy":"post_tag","embeddable":true,"href":"https:\/\/www.altominho.tv\/site\/wp-json\/wp\/v2\/tags?post=79650"}],"curies":[{"name":"wp","href":"https:\/\/api.w.org\/{rel}","templated":true}]}}