{"id":79642,"date":"2022-05-10T17:34:12","date_gmt":"2022-05-10T16:34:12","guid":{"rendered":"https:\/\/www.altominho.tv\/site\/?p=79642"},"modified":"2022-05-10T17:34:16","modified_gmt":"2022-05-10T16:34:16","slug":"paredes-de-coura-dedica-fim-de-semana-ao-cozido","status":"publish","type":"post","link":"https:\/\/www.altominho.tv\/site\/2022\/05\/10\/paredes-de-coura-dedica-fim-de-semana-ao-cozido\/","title":{"rendered":"Paredes de Coura dedica fim de semana ao cozido"},"content":{"rendered":"<p>O Cozido \u00e0 Moda de Coura vai estar \u00e0 mesa de oito restaurantes de Paredes de Coura, no s\u00e1bado e no domingo. \u00c9 mais um fim de semana gastron\u00f3mico promovido pelo munic\u00edpio, que contempla ainda outras iniciativas.<\/p>\n<p>O Barba\u00e7as, Albergaria, O Fur\u00e3o, Miquelina, Pizzaria Rom\u00e2ntica, Xisto, Os Mouras e Casa do Frei s\u00e3o os restaurantes aderentes que v\u00e3o confecionar o tradicional cozido.<\/p>\n<p>Al\u00e9m da gastronomia, o fim de semana reserva ainda um desafio de BTT entre Barcelos e Paredes de Coura. Com partida na manh\u00e3 de s\u00e1bado, os participantes\u00a0v\u00e3o percorrer de bicicleta, em regime de semi-autossufici\u00eancia e com orienta\u00e7\u00e3o exclusivamente por GPS, uma dist\u00e2ncia de cerca de 150 quil\u00f3metros, num tempo m\u00e1ximo de 14 horas.<\/p>\n<p>J\u00e1 no domingo, a partir das 14h00, decorre mais uma edi\u00e7\u00e3o da descida de carrinhos de rolamentos, que volta a p\u00f4r os b\u00f3lides nas ruas desta vila.<\/p>\n","protected":false},"excerpt":{"rendered":"<p>O Cozido \u00e0 Moda de Coura vai estar \u00e0 mesa de oito restaurantes de Paredes de Coura, no s\u00e1bado e no domingo. \u00c9 mais um fim de semana gastron\u00f3mico promovido pelo munic\u00edpio, que contempla ainda outras iniciativas. O Barba\u00e7as, Albergaria, O Fur\u00e3o, Miquelina, Pizzaria Rom\u00e2ntica, Xisto, Os Mouras e Casa do Frei s\u00e3o os restaurantes [&hellip;]<\/p>\n","protected":false},"author":12,"featured_media":28331,"comment_status":"closed","ping_status":"closed","sticky":false,"template":"","format":"standard","meta":{"_exactmetrics_skip_tracking":false,"_exactmetrics_sitenote_active":false,"_exactmetrics_sitenote_note":"","_exactmetrics_sitenote_category":0,"footnotes":""},"categories":[10],"tags":[81,24],"class_list":["post-79642","post","type-post","status-publish","format-standard","has-post-thumbnail","hentry","category-paredes-de-coura","tag-gastronomia","tag-lazer"],"yoast_head":"<!-- This site is optimized with the Yoast SEO Premium plugin v27.4 (Yoast SEO v27.4) - https:\/\/yoast.com\/product\/yoast-seo-premium-wordpress\/ -->\n<title>Paredes de Coura dedica fim de semana ao cozido<\/title>\n<meta name=\"description\" content=\"O Cozido \u00e0 Moda de Coura vai estar \u00e0 mesa de oito restaurantes de Paredes de Coura. \u00c9 mais um fim de semana gastron\u00f3mico promovido pelo munic\u00edpio, que contempla ainda outras iniciativas.\" \/>\n<meta name=\"robots\" content=\"index, follow, max-snippet:-1, max-image-preview:large, max-video-preview:-1\" \/>\n<link rel=\"canonical\" href=\"https:\/\/www.altominho.tv\/site\/2022\/05\/10\/paredes-de-coura-dedica-fim-de-semana-ao-cozido\/\" \/>\n<meta property=\"og:locale\" content=\"pt_PT\" \/>\n<meta property=\"og:type\" content=\"article\" \/>\n<meta property=\"og:title\" content=\"Paredes de Coura dedica fim de semana ao cozido\" \/>\n<meta property=\"og:description\" content=\"O Cozido \u00e0 Moda de Coura vai estar \u00e0 mesa de oito restaurantes de Paredes de Coura. \u00c9 mais um fim de semana gastron\u00f3mico promovido pelo munic\u00edpio, que contempla ainda outras iniciativas.\" \/>\n<meta property=\"og:url\" content=\"https:\/\/www.altominho.tv\/site\/2022\/05\/10\/paredes-de-coura-dedica-fim-de-semana-ao-cozido\/\" \/>\n<meta property=\"og:site_name\" content=\"Altominho.tv\" \/>\n<meta property=\"article:publisher\" content=\"https:\/\/www.facebook.com\/altominhotv\" \/>\n<meta property=\"article:published_time\" content=\"2022-05-10T16:34:12+00:00\" \/>\n<meta property=\"article:modified_time\" content=\"2022-05-10T16:34:16+00:00\" \/>\n<meta property=\"og:image\" content=\"https:\/\/www.altominho.tv\/site\/wp-content\/uploads\/2019\/05\/Captura-de-ecra\u0303-2019-05-13-a\u0300s-17.26.34.jpg\" \/>\n\t<meta property=\"og:image:width\" content=\"2560\" \/>\n\t<meta property=\"og:image:height\" content=\"1440\" \/>\n\t<meta property=\"og:image:type\" content=\"image\/jpeg\" \/>\n<meta name=\"author\" content=\"Andreia Ferreira\" \/>\n<meta name=\"twitter:card\" content=\"summary_large_image\" \/>\n<meta name=\"twitter:creator\" content=\"@altominhoTV\" \/>\n<meta name=\"twitter:site\" content=\"@altominhoTV\" \/>\n<meta name=\"twitter:label1\" content=\"Escrito por\" \/>\n\t<meta name=\"twitter:data1\" content=\"Andreia Ferreira\" \/>\n\t<meta name=\"twitter:label2\" content=\"Tempo estimado de leitura\" \/>\n\t<meta name=\"twitter:data2\" content=\"1 minuto\" \/>\n<script type=\"application\/ld+json\" class=\"yoast-schema-graph\">{\"@context\":\"https:\\\/\\\/schema.org\",\"@graph\":[{\"@type\":\"Article\",\"@id\":\"https:\\\/\\\/www.altominho.tv\\\/site\\\/2022\\\/05\\\/10\\\/paredes-de-coura-dedica-fim-de-semana-ao-cozido\\\/#article\",\"isPartOf\":{\"@id\":\"https:\\\/\\\/www.altominho.tv\\\/site\\\/2022\\\/05\\\/10\\\/paredes-de-coura-dedica-fim-de-semana-ao-cozido\\\/\"},\"author\":{\"name\":\"Andreia Ferreira\",\"@id\":\"https:\\\/\\\/www.altominho.tv\\\/site\\\/#\\\/schema\\\/person\\\/d9be4265364723f14ea8e0d56a1d38cd\"},\"headline\":\"Paredes de Coura dedica fim de semana ao cozido\",\"datePublished\":\"2022-05-10T16:34:12+00:00\",\"dateModified\":\"2022-05-10T16:34:16+00:00\",\"mainEntityOfPage\":{\"@id\":\"https:\\\/\\\/www.altominho.tv\\\/site\\\/2022\\\/05\\\/10\\\/paredes-de-coura-dedica-fim-de-semana-ao-cozido\\\/\"},\"wordCount\":166,\"image\":{\"@id\":\"https:\\\/\\\/www.altominho.tv\\\/site\\\/2022\\\/05\\\/10\\\/paredes-de-coura-dedica-fim-de-semana-ao-cozido\\\/#primaryimage\"},\"thumbnailUrl\":\"https:\\\/\\\/www.altominho.tv\\\/site\\\/wp-content\\\/uploads\\\/2019\\\/05\\\/Captura-de-ecra\u0303-2019-05-13-a\u0300s-17.26.34.jpg\",\"keywords\":[\"Gastronomia\",\"Lazer\"],\"articleSection\":[\"Paredes de Coura\"],\"inLanguage\":\"pt-PT\",\"copyrightYear\":\"2022\",\"copyrightHolder\":{\"@id\":\"https:\\\/\\\/www.altominho.tv\\\/site\\\/#organization\"}},{\"@type\":\"WebPage\",\"@id\":\"https:\\\/\\\/www.altominho.tv\\\/site\\\/2022\\\/05\\\/10\\\/paredes-de-coura-dedica-fim-de-semana-ao-cozido\\\/\",\"url\":\"https:\\\/\\\/www.altominho.tv\\\/site\\\/2022\\\/05\\\/10\\\/paredes-de-coura-dedica-fim-de-semana-ao-cozido\\\/\",\"name\":\"Paredes de Coura dedica fim de semana ao cozido\",\"isPartOf\":{\"@id\":\"https:\\\/\\\/www.altominho.tv\\\/site\\\/#website\"},\"primaryImageOfPage\":{\"@id\":\"https:\\\/\\\/www.altominho.tv\\\/site\\\/2022\\\/05\\\/10\\\/paredes-de-coura-dedica-fim-de-semana-ao-cozido\\\/#primaryimage\"},\"image\":{\"@id\":\"https:\\\/\\\/www.altominho.tv\\\/site\\\/2022\\\/05\\\/10\\\/paredes-de-coura-dedica-fim-de-semana-ao-cozido\\\/#primaryimage\"},\"thumbnailUrl\":\"https:\\\/\\\/www.altominho.tv\\\/site\\\/wp-content\\\/uploads\\\/2019\\\/05\\\/Captura-de-ecra\u0303-2019-05-13-a\u0300s-17.26.34.jpg\",\"datePublished\":\"2022-05-10T16:34:12+00:00\",\"dateModified\":\"2022-05-10T16:34:16+00:00\",\"author\":{\"@id\":\"https:\\\/\\\/www.altominho.tv\\\/site\\\/#\\\/schema\\\/person\\\/d9be4265364723f14ea8e0d56a1d38cd\"},\"description\":\"O Cozido \u00e0 Moda de Coura vai estar \u00e0 mesa de oito restaurantes de Paredes de Coura. \u00c9 mais um fim de semana gastron\u00f3mico promovido pelo munic\u00edpio, que contempla ainda outras iniciativas.\",\"breadcrumb\":{\"@id\":\"https:\\\/\\\/www.altominho.tv\\\/site\\\/2022\\\/05\\\/10\\\/paredes-de-coura-dedica-fim-de-semana-ao-cozido\\\/#breadcrumb\"},\"inLanguage\":\"pt-PT\",\"potentialAction\":[{\"@type\":\"ReadAction\",\"target\":[\"https:\\\/\\\/www.altominho.tv\\\/site\\\/2022\\\/05\\\/10\\\/paredes-de-coura-dedica-fim-de-semana-ao-cozido\\\/\"]}]},{\"@type\":\"ImageObject\",\"inLanguage\":\"pt-PT\",\"@id\":\"https:\\\/\\\/www.altominho.tv\\\/site\\\/2022\\\/05\\\/10\\\/paredes-de-coura-dedica-fim-de-semana-ao-cozido\\\/#primaryimage\",\"url\":\"https:\\\/\\\/www.altominho.tv\\\/site\\\/wp-content\\\/uploads\\\/2019\\\/05\\\/Captura-de-ecra\u0303-2019-05-13-a\u0300s-17.26.34.jpg\",\"contentUrl\":\"https:\\\/\\\/www.altominho.tv\\\/site\\\/wp-content\\\/uploads\\\/2019\\\/05\\\/Captura-de-ecra\u0303-2019-05-13-a\u0300s-17.26.34.jpg\",\"width\":2560,\"height\":1440},{\"@type\":\"BreadcrumbList\",\"@id\":\"https:\\\/\\\/www.altominho.tv\\\/site\\\/2022\\\/05\\\/10\\\/paredes-de-coura-dedica-fim-de-semana-ao-cozido\\\/#breadcrumb\",\"itemListElement\":[{\"@type\":\"ListItem\",\"position\":1,\"name\":\"In\u00edcio\",\"item\":\"https:\\\/\\\/www.altominho.tv\\\/site\\\/\"},{\"@type\":\"ListItem\",\"position\":2,\"name\":\"Paredes de Coura dedica fim de semana ao cozido\"}]},{\"@type\":\"WebSite\",\"@id\":\"https:\\\/\\\/www.altominho.tv\\\/site\\\/#website\",\"url\":\"https:\\\/\\\/www.altominho.tv\\\/site\\\/\",\"name\":\"Altominho.tv\",\"description\":\"A sua regi\u00e3o \u00e0 dist\u00e2ncia de um clique...\",\"potentialAction\":[{\"@type\":\"SearchAction\",\"target\":{\"@type\":\"EntryPoint\",\"urlTemplate\":\"https:\\\/\\\/www.altominho.tv\\\/site\\\/?s={search_term_string}\"},\"query-input\":{\"@type\":\"PropertyValueSpecification\",\"valueRequired\":true,\"valueName\":\"search_term_string\"}}],\"inLanguage\":\"pt-PT\"},{\"@type\":\"Person\",\"@id\":\"https:\\\/\\\/www.altominho.tv\\\/site\\\/#\\\/schema\\\/person\\\/d9be4265364723f14ea8e0d56a1d38cd\",\"name\":\"Andreia Ferreira\",\"image\":{\"@type\":\"ImageObject\",\"inLanguage\":\"pt-PT\",\"@id\":\"https:\\\/\\\/www.altominho.tv\\\/site\\\/wp-content\\\/uploads\\\/2021\\\/01\\\/AndreiaFerreira-150x150.jpg\",\"url\":\"https:\\\/\\\/www.altominho.tv\\\/site\\\/wp-content\\\/uploads\\\/2021\\\/01\\\/AndreiaFerreira-150x150.jpg\",\"contentUrl\":\"https:\\\/\\\/www.altominho.tv\\\/site\\\/wp-content\\\/uploads\\\/2021\\\/01\\\/AndreiaFerreira-150x150.jpg\",\"caption\":\"Andreia Ferreira\"},\"url\":\"https:\\\/\\\/www.altominho.tv\\\/site\\\/author\\\/andreiaferreira\\\/\"}]}<\/script>\n<!-- \/ Yoast SEO Premium plugin. -->","yoast_head_json":{"title":"Paredes de Coura dedica fim de semana ao cozido","description":"O Cozido \u00e0 Moda de Coura vai estar \u00e0 mesa de oito restaurantes de Paredes de Coura. \u00c9 mais um fim de semana gastron\u00f3mico promovido pelo munic\u00edpio, que contempla ainda outras iniciativas.","robots":{"index":"index","follow":"follow","max-snippet":"max-snippet:-1","max-image-preview":"max-image-preview:large","max-video-preview":"max-video-preview:-1"},"canonical":"https:\/\/www.altominho.tv\/site\/2022\/05\/10\/paredes-de-coura-dedica-fim-de-semana-ao-cozido\/","og_locale":"pt_PT","og_type":"article","og_title":"Paredes de Coura dedica fim de semana ao cozido","og_description":"O Cozido \u00e0 Moda de Coura vai estar \u00e0 mesa de oito restaurantes de Paredes de Coura. \u00c9 mais um fim de semana gastron\u00f3mico promovido pelo munic\u00edpio, que contempla ainda outras iniciativas.","og_url":"https:\/\/www.altominho.tv\/site\/2022\/05\/10\/paredes-de-coura-dedica-fim-de-semana-ao-cozido\/","og_site_name":"Altominho.tv","article_publisher":"https:\/\/www.facebook.com\/altominhotv","article_published_time":"2022-05-10T16:34:12+00:00","article_modified_time":"2022-05-10T16:34:16+00:00","og_image":[{"width":2560,"height":1440,"url":"https:\/\/www.altominho.tv\/site\/wp-content\/uploads\/2019\/05\/Captura-de-ecra\u0303-2019-05-13-a\u0300s-17.26.34.jpg","type":"image\/jpeg"}],"author":"Andreia Ferreira","twitter_card":"summary_large_image","twitter_creator":"@altominhoTV","twitter_site":"@altominhoTV","twitter_misc":{"Escrito por":"Andreia Ferreira","Tempo estimado de leitura":"1 minuto"},"schema":{"@context":"https:\/\/schema.org","@graph":[{"@type":"Article","@id":"https:\/\/www.altominho.tv\/site\/2022\/05\/10\/paredes-de-coura-dedica-fim-de-semana-ao-cozido\/#article","isPartOf":{"@id":"https:\/\/www.altominho.tv\/site\/2022\/05\/10\/paredes-de-coura-dedica-fim-de-semana-ao-cozido\/"},"author":{"name":"Andreia Ferreira","@id":"https:\/\/www.altominho.tv\/site\/#\/schema\/person\/d9be4265364723f14ea8e0d56a1d38cd"},"headline":"Paredes de Coura dedica fim de semana ao cozido","datePublished":"2022-05-10T16:34:12+00:00","dateModified":"2022-05-10T16:34:16+00:00","mainEntityOfPage":{"@id":"https:\/\/www.altominho.tv\/site\/2022\/05\/10\/paredes-de-coura-dedica-fim-de-semana-ao-cozido\/"},"wordCount":166,"image":{"@id":"https:\/\/www.altominho.tv\/site\/2022\/05\/10\/paredes-de-coura-dedica-fim-de-semana-ao-cozido\/#primaryimage"},"thumbnailUrl":"https:\/\/www.altominho.tv\/site\/wp-content\/uploads\/2019\/05\/Captura-de-ecra\u0303-2019-05-13-a\u0300s-17.26.34.jpg","keywords":["Gastronomia","Lazer"],"articleSection":["Paredes de Coura"],"inLanguage":"pt-PT","copyrightYear":"2022","copyrightHolder":{"@id":"https:\/\/www.altominho.tv\/site\/#organization"}},{"@type":"WebPage","@id":"https:\/\/www.altominho.tv\/site\/2022\/05\/10\/paredes-de-coura-dedica-fim-de-semana-ao-cozido\/","url":"https:\/\/www.altominho.tv\/site\/2022\/05\/10\/paredes-de-coura-dedica-fim-de-semana-ao-cozido\/","name":"Paredes de Coura dedica fim de semana ao cozido","isPartOf":{"@id":"https:\/\/www.altominho.tv\/site\/#website"},"primaryImageOfPage":{"@id":"https:\/\/www.altominho.tv\/site\/2022\/05\/10\/paredes-de-coura-dedica-fim-de-semana-ao-cozido\/#primaryimage"},"image":{"@id":"https:\/\/www.altominho.tv\/site\/2022\/05\/10\/paredes-de-coura-dedica-fim-de-semana-ao-cozido\/#primaryimage"},"thumbnailUrl":"https:\/\/www.altominho.tv\/site\/wp-content\/uploads\/2019\/05\/Captura-de-ecra\u0303-2019-05-13-a\u0300s-17.26.34.jpg","datePublished":"2022-05-10T16:34:12+00:00","dateModified":"2022-05-10T16:34:16+00:00","author":{"@id":"https:\/\/www.altominho.tv\/site\/#\/schema\/person\/d9be4265364723f14ea8e0d56a1d38cd"},"description":"O Cozido \u00e0 Moda de Coura vai estar \u00e0 mesa de oito restaurantes de Paredes de Coura. \u00c9 mais um fim de semana gastron\u00f3mico promovido pelo munic\u00edpio, que contempla ainda outras iniciativas.","breadcrumb":{"@id":"https:\/\/www.altominho.tv\/site\/2022\/05\/10\/paredes-de-coura-dedica-fim-de-semana-ao-cozido\/#breadcrumb"},"inLanguage":"pt-PT","potentialAction":[{"@type":"ReadAction","target":["https:\/\/www.altominho.tv\/site\/2022\/05\/10\/paredes-de-coura-dedica-fim-de-semana-ao-cozido\/"]}]},{"@type":"ImageObject","inLanguage":"pt-PT","@id":"https:\/\/www.altominho.tv\/site\/2022\/05\/10\/paredes-de-coura-dedica-fim-de-semana-ao-cozido\/#primaryimage","url":"https:\/\/www.altominho.tv\/site\/wp-content\/uploads\/2019\/05\/Captura-de-ecra\u0303-2019-05-13-a\u0300s-17.26.34.jpg","contentUrl":"https:\/\/www.altominho.tv\/site\/wp-content\/uploads\/2019\/05\/Captura-de-ecra\u0303-2019-05-13-a\u0300s-17.26.34.jpg","width":2560,"height":1440},{"@type":"BreadcrumbList","@id":"https:\/\/www.altominho.tv\/site\/2022\/05\/10\/paredes-de-coura-dedica-fim-de-semana-ao-cozido\/#breadcrumb","itemListElement":[{"@type":"ListItem","position":1,"name":"In\u00edcio","item":"https:\/\/www.altominho.tv\/site\/"},{"@type":"ListItem","position":2,"name":"Paredes de Coura dedica fim de semana ao cozido"}]},{"@type":"WebSite","@id":"https:\/\/www.altominho.tv\/site\/#website","url":"https:\/\/www.altominho.tv\/site\/","name":"Altominho.tv","description":"A sua regi\u00e3o \u00e0 dist\u00e2ncia de um clique...","potentialAction":[{"@type":"SearchAction","target":{"@type":"EntryPoint","urlTemplate":"https:\/\/www.altominho.tv\/site\/?s={search_term_string}"},"query-input":{"@type":"PropertyValueSpecification","valueRequired":true,"valueName":"search_term_string"}}],"inLanguage":"pt-PT"},{"@type":"Person","@id":"https:\/\/www.altominho.tv\/site\/#\/schema\/person\/d9be4265364723f14ea8e0d56a1d38cd","name":"Andreia Ferreira","image":{"@type":"ImageObject","inLanguage":"pt-PT","@id":"https:\/\/www.altominho.tv\/site\/wp-content\/uploads\/2021\/01\/AndreiaFerreira-150x150.jpg","url":"https:\/\/www.altominho.tv\/site\/wp-content\/uploads\/2021\/01\/AndreiaFerreira-150x150.jpg","contentUrl":"https:\/\/www.altominho.tv\/site\/wp-content\/uploads\/2021\/01\/AndreiaFerreira-150x150.jpg","caption":"Andreia Ferreira"},"url":"https:\/\/www.altominho.tv\/site\/author\/andreiaferreira\/"}]}},"_links":{"self":[{"href":"https:\/\/www.altominho.tv\/site\/wp-json\/wp\/v2\/posts\/79642","targetHints":{"allow":["GET"]}}],"collection":[{"href":"https:\/\/www.altominho.tv\/site\/wp-json\/wp\/v2\/posts"}],"about":[{"href":"https:\/\/www.altominho.tv\/site\/wp-json\/wp\/v2\/types\/post"}],"author":[{"embeddable":true,"href":"https:\/\/www.altominho.tv\/site\/wp-json\/wp\/v2\/users\/12"}],"replies":[{"embeddable":true,"href":"https:\/\/www.altominho.tv\/site\/wp-json\/wp\/v2\/comments?post=79642"}],"version-history":[{"count":0,"href":"https:\/\/www.altominho.tv\/site\/wp-json\/wp\/v2\/posts\/79642\/revisions"}],"wp:featuredmedia":[{"embeddable":true,"href":"https:\/\/www.altominho.tv\/site\/wp-json\/wp\/v2\/media\/28331"}],"wp:attachment":[{"href":"https:\/\/www.altominho.tv\/site\/wp-json\/wp\/v2\/media?parent=79642"}],"wp:term":[{"taxonomy":"category","embeddable":true,"href":"https:\/\/www.altominho.tv\/site\/wp-json\/wp\/v2\/categories?post=79642"},{"taxonomy":"post_tag","embeddable":true,"href":"https:\/\/www.altominho.tv\/site\/wp-json\/wp\/v2\/tags?post=79642"}],"curies":[{"name":"wp","href":"https:\/\/api.w.org\/{rel}","templated":true}]}}