{"id":79628,"date":"2022-05-10T09:57:03","date_gmt":"2022-05-10T08:57:03","guid":{"rendered":"https:\/\/www.altominho.tv\/site\/?p=79628"},"modified":"2022-05-10T09:57:06","modified_gmt":"2022-05-10T08:57:06","slug":"exercicio-de-busca-e-salvamento-no-rio-minho-decorre-durante-tres-dias","status":"publish","type":"post","link":"https:\/\/www.altominho.tv\/site\/2022\/05\/10\/exercicio-de-busca-e-salvamento-no-rio-minho-decorre-durante-tres-dias\/","title":{"rendered":"Exerc\u00edcio de busca e salvamento no rio Minho decorre durante tr\u00eas dias"},"content":{"rendered":"<p>A capitania do porto e Pol\u00edcia Mar\u00edtima (PM) de Caminha participam, na quarta-feira e, nos dias 18 e 19, num exerc\u00edcio de busca, salvamento e seguran\u00e7a, promovido pela Armada Espanhola, no tro\u00e7o internacional do rio Minho.<\/p>\n<p>Em comunicado, a capitania de Caminha informou que o exerc\u00edcio, designado MARSEC, decorre anualmente no tro\u00e7o internacional do rio Minho, com a participa\u00e7\u00e3o de diversas for\u00e7as militares, de seguran\u00e7a e de prote\u00e7\u00e3o civil.<\/p>\n<p>A exerc\u00edcio tem como objetivo principal treinar os procedimentos operacionais de coordena\u00e7\u00e3o entre a Comand\u00e2ncia Naval del Mi\u00f1o, a Capitania de Caminha e a Pol\u00edcia Mar\u00edtima de Caminha.<\/p>\n<p>No simulacro participar\u00e3o tamb\u00e9m todas as entidades que normalmente contribuem para o dispositivo de seguran\u00e7a e salvamento fluvial no rio Minho, tais como o NRP \u201cRio Minho\u201d, a lancha de fiscaliza\u00e7\u00e3o espanhola \u201cCabo Fradera\u201d, mergulhadores militares, e as corpora\u00e7\u00f5es de bombeiros dos munic\u00edpios portugueses e espanh\u00f3is, adjacentes \u00e0 \u00e1rea do exerc\u00edcio.<\/p>\n<p><u><\/u>Na quarta-feira, 11 de maio, nas imedia\u00e7\u00f5es da <i>Comand\u00e2ncia Naval del Mi\u00f1o<\/i>, em Tui, vai decorrer um exerc\u00edcio de salvamento fluvial, atrav\u00e9s de um cen\u00e1rio de simula\u00e7\u00e3o do naufr\u00e1gio de uma embarca\u00e7\u00e3o de recreio, que resultar\u00e1 em alguns feridos e desaparecidos. Este exerc\u00edcio envolve o resgate aqu\u00e1tico, buscas nas margens e subaqu\u00e1ticas, com equipas de mergulhadores de ambas as marinhas.<u><\/u><u><\/u><u><\/u>\u00a0<u><\/u><\/p>\n<p class=\"m_-184437784879972295TextoMarinha\">No dia 18 de maio, nas imedia\u00e7\u00f5es do Parque do Castelinho em Vila Nova de Cerveira, v\u00e3o ser treinados os procedimentos policiais mar\u00edtimos e fluviais, tendo como base um cen\u00e1rio de abordagem a uma embarca\u00e7\u00e3o que, para efeitos de exerc\u00edcio, simular\u00e1 ser suspeita de tr\u00e1fico de estupefacientes.<u><\/u><u><\/u><\/p>\n<p class=\"m_-184437784879972295TextoMarinha\">J\u00e1 a 19 de maio, v\u00e3o ser treinados os procedimentos de apoio \u00e0 prote\u00e7\u00e3o civil, no \u00e2mbito das opera\u00e7\u00f5es de recolha de \u00e1gua por aeronave (<i>scooping<\/i>), em a\u00e7\u00f5es de apoio ao combate aos fogos florestais entre Caminha e Valen\u00e7a. Segundo a nota da capitania de Caminha, vai ser efetuada a limpeza e interdi\u00e7\u00e3o da \u00e1rea naveg\u00e1vel, e consequente controlo da navega\u00e7\u00e3o no TIRM, possibilitando a realiza\u00e7\u00e3o das opera\u00e7\u00f5es a\u00e9reas em seguran\u00e7a.<u><\/u><u><\/u><\/p>\n","protected":false},"excerpt":{"rendered":"<p>A capitania do porto e Pol\u00edcia Mar\u00edtima (PM) de Caminha participam, na quarta-feira e, nos dias 18 e 19, num exerc\u00edcio de busca, salvamento e seguran\u00e7a, promovido pela Armada Espanhola, no tro\u00e7o internacional do rio Minho. Em comunicado, a capitania de Caminha informou que o exerc\u00edcio, designado MARSEC, decorre anualmente no tro\u00e7o internacional do rio [&hellip;]<\/p>\n","protected":false},"author":15,"featured_media":79629,"comment_status":"closed","ping_status":"closed","sticky":false,"template":"","format":"standard","meta":{"_exactmetrics_skip_tracking":false,"_exactmetrics_sitenote_active":false,"_exactmetrics_sitenote_note":"","_exactmetrics_sitenote_category":0,"footnotes":""},"categories":[73],"tags":[27],"class_list":["post-79628","post","type-post","status-publish","format-standard","has-post-thumbnail","hentry","category-alto-minho","tag-sociedade"],"yoast_head":"<!-- This site is optimized with the Yoast SEO Premium plugin v27.4 (Yoast SEO v27.4) - https:\/\/yoast.com\/product\/yoast-seo-premium-wordpress\/ -->\n<title>Exerc\u00edcio de busca e salvamento no rio Minho decorre durante tr\u00eas dias<\/title>\n<meta name=\"description\" content=\"A capitania do porto e Pol\u00edcia Mar\u00edtima de Caminha participam num exerc\u00edcio de busca, salvamento e seguran\u00e7a no rio Minho.\" \/>\n<meta name=\"robots\" content=\"index, follow, max-snippet:-1, max-image-preview:large, max-video-preview:-1\" \/>\n<link rel=\"canonical\" href=\"https:\/\/www.altominho.tv\/site\/2022\/05\/10\/exercicio-de-busca-e-salvamento-no-rio-minho-decorre-durante-tres-dias\/\" \/>\n<meta property=\"og:locale\" content=\"pt_PT\" \/>\n<meta property=\"og:type\" content=\"article\" \/>\n<meta property=\"og:title\" content=\"Exerc\u00edcio de busca e salvamento no rio Minho decorre durante tr\u00eas dias\" \/>\n<meta property=\"og:description\" content=\"A capitania do porto e Pol\u00edcia Mar\u00edtima de Caminha participam num exerc\u00edcio de busca, salvamento e seguran\u00e7a no rio Minho.\" \/>\n<meta property=\"og:url\" content=\"https:\/\/www.altominho.tv\/site\/2022\/05\/10\/exercicio-de-busca-e-salvamento-no-rio-minho-decorre-durante-tres-dias\/\" \/>\n<meta property=\"og:site_name\" content=\"Altominho.tv\" \/>\n<meta property=\"article:publisher\" content=\"https:\/\/www.facebook.com\/altominhotv\" \/>\n<meta property=\"article:published_time\" content=\"2022-05-10T08:57:03+00:00\" \/>\n<meta property=\"article:modified_time\" content=\"2022-05-10T08:57:06+00:00\" \/>\n<meta property=\"og:image\" content=\"https:\/\/www.altominho.tv\/site\/wp-content\/uploads\/2022\/05\/Rio-Minho.jpg\" \/>\n\t<meta property=\"og:image:width\" content=\"502\" \/>\n\t<meta property=\"og:image:height\" content=\"283\" \/>\n\t<meta property=\"og:image:type\" content=\"image\/jpeg\" \/>\n<meta name=\"author\" content=\"Andreia Ferreira | Lusa\" \/>\n<meta name=\"twitter:card\" content=\"summary_large_image\" \/>\n<meta name=\"twitter:creator\" content=\"@altominhoTV\" \/>\n<meta name=\"twitter:site\" content=\"@altominhoTV\" \/>\n<meta name=\"twitter:label1\" content=\"Escrito por\" \/>\n\t<meta name=\"twitter:data1\" content=\"Andreia Ferreira | Lusa\" \/>\n\t<meta name=\"twitter:label2\" content=\"Tempo estimado de leitura\" \/>\n\t<meta name=\"twitter:data2\" content=\"2 minutos\" \/>\n<script type=\"application\/ld+json\" class=\"yoast-schema-graph\">{\"@context\":\"https:\\\/\\\/schema.org\",\"@graph\":[{\"@type\":\"Article\",\"@id\":\"https:\\\/\\\/www.altominho.tv\\\/site\\\/2022\\\/05\\\/10\\\/exercicio-de-busca-e-salvamento-no-rio-minho-decorre-durante-tres-dias\\\/#article\",\"isPartOf\":{\"@id\":\"https:\\\/\\\/www.altominho.tv\\\/site\\\/2022\\\/05\\\/10\\\/exercicio-de-busca-e-salvamento-no-rio-minho-decorre-durante-tres-dias\\\/\"},\"author\":{\"name\":\"Andreia Ferreira | Lusa\",\"@id\":\"https:\\\/\\\/www.altominho.tv\\\/site\\\/#\\\/schema\\\/person\\\/a0bff6dc1041aadd46fa81887444b017\"},\"headline\":\"Exerc\u00edcio de busca e salvamento no rio Minho decorre durante tr\u00eas dias\",\"datePublished\":\"2022-05-10T08:57:03+00:00\",\"dateModified\":\"2022-05-10T08:57:06+00:00\",\"mainEntityOfPage\":{\"@id\":\"https:\\\/\\\/www.altominho.tv\\\/site\\\/2022\\\/05\\\/10\\\/exercicio-de-busca-e-salvamento-no-rio-minho-decorre-durante-tres-dias\\\/\"},\"wordCount\":389,\"image\":{\"@id\":\"https:\\\/\\\/www.altominho.tv\\\/site\\\/2022\\\/05\\\/10\\\/exercicio-de-busca-e-salvamento-no-rio-minho-decorre-durante-tres-dias\\\/#primaryimage\"},\"thumbnailUrl\":\"https:\\\/\\\/www.altominho.tv\\\/site\\\/wp-content\\\/uploads\\\/2022\\\/05\\\/Rio-Minho.jpg\",\"keywords\":[\"Sociedade\"],\"articleSection\":[\"Alto Minho\"],\"inLanguage\":\"pt-PT\",\"copyrightYear\":\"2022\",\"copyrightHolder\":{\"@id\":\"https:\\\/\\\/www.altominho.tv\\\/site\\\/#organization\"}},{\"@type\":\"WebPage\",\"@id\":\"https:\\\/\\\/www.altominho.tv\\\/site\\\/2022\\\/05\\\/10\\\/exercicio-de-busca-e-salvamento-no-rio-minho-decorre-durante-tres-dias\\\/\",\"url\":\"https:\\\/\\\/www.altominho.tv\\\/site\\\/2022\\\/05\\\/10\\\/exercicio-de-busca-e-salvamento-no-rio-minho-decorre-durante-tres-dias\\\/\",\"name\":\"Exerc\u00edcio de busca e salvamento no rio Minho decorre durante tr\u00eas dias\",\"isPartOf\":{\"@id\":\"https:\\\/\\\/www.altominho.tv\\\/site\\\/#website\"},\"primaryImageOfPage\":{\"@id\":\"https:\\\/\\\/www.altominho.tv\\\/site\\\/2022\\\/05\\\/10\\\/exercicio-de-busca-e-salvamento-no-rio-minho-decorre-durante-tres-dias\\\/#primaryimage\"},\"image\":{\"@id\":\"https:\\\/\\\/www.altominho.tv\\\/site\\\/2022\\\/05\\\/10\\\/exercicio-de-busca-e-salvamento-no-rio-minho-decorre-durante-tres-dias\\\/#primaryimage\"},\"thumbnailUrl\":\"https:\\\/\\\/www.altominho.tv\\\/site\\\/wp-content\\\/uploads\\\/2022\\\/05\\\/Rio-Minho.jpg\",\"datePublished\":\"2022-05-10T08:57:03+00:00\",\"dateModified\":\"2022-05-10T08:57:06+00:00\",\"author\":{\"@id\":\"https:\\\/\\\/www.altominho.tv\\\/site\\\/#\\\/schema\\\/person\\\/a0bff6dc1041aadd46fa81887444b017\"},\"description\":\"A capitania do porto e Pol\u00edcia Mar\u00edtima de Caminha participam num exerc\u00edcio de busca, salvamento e seguran\u00e7a no rio Minho.\",\"breadcrumb\":{\"@id\":\"https:\\\/\\\/www.altominho.tv\\\/site\\\/2022\\\/05\\\/10\\\/exercicio-de-busca-e-salvamento-no-rio-minho-decorre-durante-tres-dias\\\/#breadcrumb\"},\"inLanguage\":\"pt-PT\",\"potentialAction\":[{\"@type\":\"ReadAction\",\"target\":[\"https:\\\/\\\/www.altominho.tv\\\/site\\\/2022\\\/05\\\/10\\\/exercicio-de-busca-e-salvamento-no-rio-minho-decorre-durante-tres-dias\\\/\"]}]},{\"@type\":\"ImageObject\",\"inLanguage\":\"pt-PT\",\"@id\":\"https:\\\/\\\/www.altominho.tv\\\/site\\\/2022\\\/05\\\/10\\\/exercicio-de-busca-e-salvamento-no-rio-minho-decorre-durante-tres-dias\\\/#primaryimage\",\"url\":\"https:\\\/\\\/www.altominho.tv\\\/site\\\/wp-content\\\/uploads\\\/2022\\\/05\\\/Rio-Minho.jpg\",\"contentUrl\":\"https:\\\/\\\/www.altominho.tv\\\/site\\\/wp-content\\\/uploads\\\/2022\\\/05\\\/Rio-Minho.jpg\",\"width\":502,\"height\":283,\"caption\":\"AMN\"},{\"@type\":\"BreadcrumbList\",\"@id\":\"https:\\\/\\\/www.altominho.tv\\\/site\\\/2022\\\/05\\\/10\\\/exercicio-de-busca-e-salvamento-no-rio-minho-decorre-durante-tres-dias\\\/#breadcrumb\",\"itemListElement\":[{\"@type\":\"ListItem\",\"position\":1,\"name\":\"In\u00edcio\",\"item\":\"https:\\\/\\\/www.altominho.tv\\\/site\\\/\"},{\"@type\":\"ListItem\",\"position\":2,\"name\":\"Exerc\u00edcio de busca e salvamento no rio Minho decorre durante tr\u00eas dias\"}]},{\"@type\":\"WebSite\",\"@id\":\"https:\\\/\\\/www.altominho.tv\\\/site\\\/#website\",\"url\":\"https:\\\/\\\/www.altominho.tv\\\/site\\\/\",\"name\":\"Altominho.tv\",\"description\":\"A sua regi\u00e3o \u00e0 dist\u00e2ncia de um clique...\",\"potentialAction\":[{\"@type\":\"SearchAction\",\"target\":{\"@type\":\"EntryPoint\",\"urlTemplate\":\"https:\\\/\\\/www.altominho.tv\\\/site\\\/?s={search_term_string}\"},\"query-input\":{\"@type\":\"PropertyValueSpecification\",\"valueRequired\":true,\"valueName\":\"search_term_string\"}}],\"inLanguage\":\"pt-PT\"},{\"@type\":\"Person\",\"@id\":\"https:\\\/\\\/www.altominho.tv\\\/site\\\/#\\\/schema\\\/person\\\/a0bff6dc1041aadd46fa81887444b017\",\"name\":\"Andreia Ferreira | Lusa\",\"image\":{\"@type\":\"ImageObject\",\"inLanguage\":\"pt-PT\",\"@id\":\"https:\\\/\\\/www.altominho.tv\\\/site\\\/wp-content\\\/uploads\\\/2018\\\/04\\\/Andreia-150x150.jpg\",\"url\":\"https:\\\/\\\/www.altominho.tv\\\/site\\\/wp-content\\\/uploads\\\/2018\\\/04\\\/Andreia-150x150.jpg\",\"contentUrl\":\"https:\\\/\\\/www.altominho.tv\\\/site\\\/wp-content\\\/uploads\\\/2018\\\/04\\\/Andreia-150x150.jpg\",\"caption\":\"Andreia Ferreira | Lusa\"},\"sameAs\":[\"https:\\\/\\\/www.altominho.tv\\\/site\"],\"url\":\"https:\\\/\\\/www.altominho.tv\\\/site\\\/author\\\/andreiaferreiralusa\\\/\"}]}<\/script>\n<!-- \/ Yoast SEO Premium plugin. -->","yoast_head_json":{"title":"Exerc\u00edcio de busca e salvamento no rio Minho decorre durante tr\u00eas dias","description":"A capitania do porto e Pol\u00edcia Mar\u00edtima de Caminha participam num exerc\u00edcio de busca, salvamento e seguran\u00e7a no rio Minho.","robots":{"index":"index","follow":"follow","max-snippet":"max-snippet:-1","max-image-preview":"max-image-preview:large","max-video-preview":"max-video-preview:-1"},"canonical":"https:\/\/www.altominho.tv\/site\/2022\/05\/10\/exercicio-de-busca-e-salvamento-no-rio-minho-decorre-durante-tres-dias\/","og_locale":"pt_PT","og_type":"article","og_title":"Exerc\u00edcio de busca e salvamento no rio Minho decorre durante tr\u00eas dias","og_description":"A capitania do porto e Pol\u00edcia Mar\u00edtima de Caminha participam num exerc\u00edcio de busca, salvamento e seguran\u00e7a no rio Minho.","og_url":"https:\/\/www.altominho.tv\/site\/2022\/05\/10\/exercicio-de-busca-e-salvamento-no-rio-minho-decorre-durante-tres-dias\/","og_site_name":"Altominho.tv","article_publisher":"https:\/\/www.facebook.com\/altominhotv","article_published_time":"2022-05-10T08:57:03+00:00","article_modified_time":"2022-05-10T08:57:06+00:00","og_image":[{"width":502,"height":283,"url":"https:\/\/www.altominho.tv\/site\/wp-content\/uploads\/2022\/05\/Rio-Minho.jpg","type":"image\/jpeg"}],"author":"Andreia Ferreira | Lusa","twitter_card":"summary_large_image","twitter_creator":"@altominhoTV","twitter_site":"@altominhoTV","twitter_misc":{"Escrito por":"Andreia Ferreira | Lusa","Tempo estimado de leitura":"2 minutos"},"schema":{"@context":"https:\/\/schema.org","@graph":[{"@type":"Article","@id":"https:\/\/www.altominho.tv\/site\/2022\/05\/10\/exercicio-de-busca-e-salvamento-no-rio-minho-decorre-durante-tres-dias\/#article","isPartOf":{"@id":"https:\/\/www.altominho.tv\/site\/2022\/05\/10\/exercicio-de-busca-e-salvamento-no-rio-minho-decorre-durante-tres-dias\/"},"author":{"name":"Andreia Ferreira | Lusa","@id":"https:\/\/www.altominho.tv\/site\/#\/schema\/person\/a0bff6dc1041aadd46fa81887444b017"},"headline":"Exerc\u00edcio de busca e salvamento no rio Minho decorre durante tr\u00eas dias","datePublished":"2022-05-10T08:57:03+00:00","dateModified":"2022-05-10T08:57:06+00:00","mainEntityOfPage":{"@id":"https:\/\/www.altominho.tv\/site\/2022\/05\/10\/exercicio-de-busca-e-salvamento-no-rio-minho-decorre-durante-tres-dias\/"},"wordCount":389,"image":{"@id":"https:\/\/www.altominho.tv\/site\/2022\/05\/10\/exercicio-de-busca-e-salvamento-no-rio-minho-decorre-durante-tres-dias\/#primaryimage"},"thumbnailUrl":"https:\/\/www.altominho.tv\/site\/wp-content\/uploads\/2022\/05\/Rio-Minho.jpg","keywords":["Sociedade"],"articleSection":["Alto Minho"],"inLanguage":"pt-PT","copyrightYear":"2022","copyrightHolder":{"@id":"https:\/\/www.altominho.tv\/site\/#organization"}},{"@type":"WebPage","@id":"https:\/\/www.altominho.tv\/site\/2022\/05\/10\/exercicio-de-busca-e-salvamento-no-rio-minho-decorre-durante-tres-dias\/","url":"https:\/\/www.altominho.tv\/site\/2022\/05\/10\/exercicio-de-busca-e-salvamento-no-rio-minho-decorre-durante-tres-dias\/","name":"Exerc\u00edcio de busca e salvamento no rio Minho decorre durante tr\u00eas dias","isPartOf":{"@id":"https:\/\/www.altominho.tv\/site\/#website"},"primaryImageOfPage":{"@id":"https:\/\/www.altominho.tv\/site\/2022\/05\/10\/exercicio-de-busca-e-salvamento-no-rio-minho-decorre-durante-tres-dias\/#primaryimage"},"image":{"@id":"https:\/\/www.altominho.tv\/site\/2022\/05\/10\/exercicio-de-busca-e-salvamento-no-rio-minho-decorre-durante-tres-dias\/#primaryimage"},"thumbnailUrl":"https:\/\/www.altominho.tv\/site\/wp-content\/uploads\/2022\/05\/Rio-Minho.jpg","datePublished":"2022-05-10T08:57:03+00:00","dateModified":"2022-05-10T08:57:06+00:00","author":{"@id":"https:\/\/www.altominho.tv\/site\/#\/schema\/person\/a0bff6dc1041aadd46fa81887444b017"},"description":"A capitania do porto e Pol\u00edcia Mar\u00edtima de Caminha participam num exerc\u00edcio de busca, salvamento e seguran\u00e7a no rio Minho.","breadcrumb":{"@id":"https:\/\/www.altominho.tv\/site\/2022\/05\/10\/exercicio-de-busca-e-salvamento-no-rio-minho-decorre-durante-tres-dias\/#breadcrumb"},"inLanguage":"pt-PT","potentialAction":[{"@type":"ReadAction","target":["https:\/\/www.altominho.tv\/site\/2022\/05\/10\/exercicio-de-busca-e-salvamento-no-rio-minho-decorre-durante-tres-dias\/"]}]},{"@type":"ImageObject","inLanguage":"pt-PT","@id":"https:\/\/www.altominho.tv\/site\/2022\/05\/10\/exercicio-de-busca-e-salvamento-no-rio-minho-decorre-durante-tres-dias\/#primaryimage","url":"https:\/\/www.altominho.tv\/site\/wp-content\/uploads\/2022\/05\/Rio-Minho.jpg","contentUrl":"https:\/\/www.altominho.tv\/site\/wp-content\/uploads\/2022\/05\/Rio-Minho.jpg","width":502,"height":283,"caption":"AMN"},{"@type":"BreadcrumbList","@id":"https:\/\/www.altominho.tv\/site\/2022\/05\/10\/exercicio-de-busca-e-salvamento-no-rio-minho-decorre-durante-tres-dias\/#breadcrumb","itemListElement":[{"@type":"ListItem","position":1,"name":"In\u00edcio","item":"https:\/\/www.altominho.tv\/site\/"},{"@type":"ListItem","position":2,"name":"Exerc\u00edcio de busca e salvamento no rio Minho decorre durante tr\u00eas dias"}]},{"@type":"WebSite","@id":"https:\/\/www.altominho.tv\/site\/#website","url":"https:\/\/www.altominho.tv\/site\/","name":"Altominho.tv","description":"A sua regi\u00e3o \u00e0 dist\u00e2ncia de um clique...","potentialAction":[{"@type":"SearchAction","target":{"@type":"EntryPoint","urlTemplate":"https:\/\/www.altominho.tv\/site\/?s={search_term_string}"},"query-input":{"@type":"PropertyValueSpecification","valueRequired":true,"valueName":"search_term_string"}}],"inLanguage":"pt-PT"},{"@type":"Person","@id":"https:\/\/www.altominho.tv\/site\/#\/schema\/person\/a0bff6dc1041aadd46fa81887444b017","name":"Andreia Ferreira | Lusa","image":{"@type":"ImageObject","inLanguage":"pt-PT","@id":"https:\/\/www.altominho.tv\/site\/wp-content\/uploads\/2018\/04\/Andreia-150x150.jpg","url":"https:\/\/www.altominho.tv\/site\/wp-content\/uploads\/2018\/04\/Andreia-150x150.jpg","contentUrl":"https:\/\/www.altominho.tv\/site\/wp-content\/uploads\/2018\/04\/Andreia-150x150.jpg","caption":"Andreia Ferreira | Lusa"},"sameAs":["https:\/\/www.altominho.tv\/site"],"url":"https:\/\/www.altominho.tv\/site\/author\/andreiaferreiralusa\/"}]}},"_links":{"self":[{"href":"https:\/\/www.altominho.tv\/site\/wp-json\/wp\/v2\/posts\/79628","targetHints":{"allow":["GET"]}}],"collection":[{"href":"https:\/\/www.altominho.tv\/site\/wp-json\/wp\/v2\/posts"}],"about":[{"href":"https:\/\/www.altominho.tv\/site\/wp-json\/wp\/v2\/types\/post"}],"author":[{"embeddable":true,"href":"https:\/\/www.altominho.tv\/site\/wp-json\/wp\/v2\/users\/15"}],"replies":[{"embeddable":true,"href":"https:\/\/www.altominho.tv\/site\/wp-json\/wp\/v2\/comments?post=79628"}],"version-history":[{"count":0,"href":"https:\/\/www.altominho.tv\/site\/wp-json\/wp\/v2\/posts\/79628\/revisions"}],"wp:featuredmedia":[{"embeddable":true,"href":"https:\/\/www.altominho.tv\/site\/wp-json\/wp\/v2\/media\/79629"}],"wp:attachment":[{"href":"https:\/\/www.altominho.tv\/site\/wp-json\/wp\/v2\/media?parent=79628"}],"wp:term":[{"taxonomy":"category","embeddable":true,"href":"https:\/\/www.altominho.tv\/site\/wp-json\/wp\/v2\/categories?post=79628"},{"taxonomy":"post_tag","embeddable":true,"href":"https:\/\/www.altominho.tv\/site\/wp-json\/wp\/v2\/tags?post=79628"}],"curies":[{"name":"wp","href":"https:\/\/api.w.org\/{rel}","templated":true}]}}