{"id":79613,"date":"2022-05-09T16:08:10","date_gmt":"2022-05-09T15:08:10","guid":{"rendered":"https:\/\/www.altominho.tv\/site\/?p=79613"},"modified":"2022-05-09T16:08:15","modified_gmt":"2022-05-09T15:08:15","slug":"gnr-regista-260-infracoes-e-20-detencoes-no-alto-minho","status":"publish","type":"post","link":"https:\/\/www.altominho.tv\/site\/2022\/05\/09\/gnr-regista-260-infracoes-e-20-detencoes-no-alto-minho\/","title":{"rendered":"GNR regista 260 infra\u00e7\u00f5es e 20 deten\u00e7\u00f5es no Alto Minho"},"content":{"rendered":"\n<p>A Guarda Nacional Republicana (GNR) registou, na \u00faltima semana, no distrito de Viana do Castelo, 260 infra\u00e7\u00f5es de tr\u00e2nsito e deteve 20 pessoas.<\/p>\n\n\n\n<p>Em comunicado, com o balan\u00e7o da atividade operacional da semana entre os dias 2 e 8 de maio, o Comando Territorial da GNR de Viana do Castelo destacou, entre as 260 infra\u00e7\u00f5es de tr\u00e2nsito, 59 por excesso de velocidade, 20 por uso indevido do telem\u00f3vel no exerc\u00edcio da condu\u00e7\u00e3o, 23 por falta de inspe\u00e7\u00e3o peri\u00f3dica obrigat\u00f3ria, 25 por condu\u00e7\u00e3o com taxa de \u00e1lcool no sangue superior ao permitido por lei, 12 por falta ou incorreta utiliza\u00e7\u00e3o do cinto de seguran\u00e7a e\/ou sistema de reten\u00e7\u00e3o para crian\u00e7as, seis por falta de seguro de responsabilidade civil e tr\u00eas por infra\u00e7\u00f5es aos tac\u00f3grafos.<\/p>\n\n\n\n<p>J\u00e1 entre as 20 deten\u00e7\u00f5es, contam-se 15 por condu\u00e7\u00e3o sob o efeito do \u00e1lcool, tr\u00eas por deten\u00e7\u00e3o ou tr\u00e1fico de armas proibidas, um por condu\u00e7\u00e3o sem habilita\u00e7\u00e3o legal.<\/p>\n\n\n\n<p>Durante este per\u00edodo, os militares da GNR apreenderam 18 doses de coca\u00edna, 14 doses de haxixe, uma\u00a0dose de liamba, duas armas brancas, 28 muni\u00e7\u00f5es.<\/p>\n\n\n\n<p>A for\u00e7a policial registou ainda  42 acidentes, dos quais resultaram , duas v\u00edtimas mortais, um ferido grave, oito feridos ligeiros.<\/p>\n","protected":false},"excerpt":{"rendered":"<p>A Guarda Nacional Republicana (GNR) registou, na \u00faltima semana, no distrito de Viana do Castelo, 260 infra\u00e7\u00f5es de tr\u00e2nsito e deteve 20 pessoas. Em comunicado, com o balan\u00e7o da atividade operacional da semana entre os dias 2 e 8 de maio, o Comando Territorial da GNR de Viana do Castelo destacou, entre as 260 infra\u00e7\u00f5es [&hellip;]<\/p>\n","protected":false},"author":1,"featured_media":78923,"comment_status":"closed","ping_status":"closed","sticky":false,"template":"","format":"standard","meta":{"_exactmetrics_skip_tracking":false,"_exactmetrics_sitenote_active":false,"_exactmetrics_sitenote_note":"","_exactmetrics_sitenote_category":0,"footnotes":""},"categories":[73],"tags":[27],"class_list":["post-79613","post","type-post","status-publish","format-standard","has-post-thumbnail","hentry","category-alto-minho","tag-sociedade"],"yoast_head":"<!-- This site is optimized with the Yoast SEO Premium plugin v27.4 (Yoast SEO v27.4) - https:\/\/yoast.com\/product\/yoast-seo-premium-wordpress\/ -->\n<title>GNR regista 260 infra\u00e7\u00f5es e 20 deten\u00e7\u00f5es no Alto Minho<\/title>\n<meta name=\"description\" content=\"A Guarda Nacional Republicana registou, na \u00faltima semana, no distrito de Viana do Castelo, 260 infra\u00e7\u00f5es de tr\u00e2nsito e deteve 20 pessoas.\" \/>\n<meta name=\"robots\" content=\"index, follow, max-snippet:-1, max-image-preview:large, max-video-preview:-1\" \/>\n<link rel=\"canonical\" href=\"https:\/\/www.altominho.tv\/site\/2022\/05\/09\/gnr-regista-260-infracoes-e-20-detencoes-no-alto-minho\/\" \/>\n<meta property=\"og:locale\" content=\"pt_PT\" \/>\n<meta property=\"og:type\" content=\"article\" \/>\n<meta property=\"og:title\" content=\"GNR regista 260 infra\u00e7\u00f5es e 20 deten\u00e7\u00f5es no Alto Minho\" \/>\n<meta property=\"og:description\" content=\"A Guarda Nacional Republicana registou, na \u00faltima semana, no distrito de Viana do Castelo, 260 infra\u00e7\u00f5es de tr\u00e2nsito e deteve 20 pessoas.\" \/>\n<meta property=\"og:url\" content=\"https:\/\/www.altominho.tv\/site\/2022\/05\/09\/gnr-regista-260-infracoes-e-20-detencoes-no-alto-minho\/\" \/>\n<meta property=\"og:site_name\" content=\"Altominho.tv\" \/>\n<meta property=\"article:publisher\" content=\"https:\/\/www.facebook.com\/altominhotv\" \/>\n<meta property=\"article:published_time\" content=\"2022-05-09T15:08:10+00:00\" \/>\n<meta property=\"article:modified_time\" content=\"2022-05-09T15:08:15+00:00\" \/>\n<meta property=\"og:image\" content=\"https:\/\/www.altominho.tv\/site\/wp-content\/uploads\/2022\/04\/GNR1.jpeg\" \/>\n\t<meta property=\"og:image:width\" content=\"1024\" \/>\n\t<meta property=\"og:image:height\" content=\"574\" \/>\n\t<meta property=\"og:image:type\" content=\"image\/jpeg\" \/>\n<meta name=\"author\" content=\"Altominho.tv\" \/>\n<meta name=\"twitter:card\" content=\"summary_large_image\" \/>\n<meta name=\"twitter:creator\" content=\"@altominhoTV\" \/>\n<meta name=\"twitter:site\" content=\"@altominhoTV\" \/>\n<meta name=\"twitter:label1\" content=\"Escrito por\" \/>\n\t<meta name=\"twitter:data1\" content=\"Altominho.tv\" \/>\n\t<meta name=\"twitter:label2\" content=\"Tempo estimado de leitura\" \/>\n\t<meta name=\"twitter:data2\" content=\"2 minutos\" \/>\n<script type=\"application\/ld+json\" class=\"yoast-schema-graph\">{\"@context\":\"https:\\\/\\\/schema.org\",\"@graph\":[{\"@type\":\"Article\",\"@id\":\"https:\\\/\\\/www.altominho.tv\\\/site\\\/2022\\\/05\\\/09\\\/gnr-regista-260-infracoes-e-20-detencoes-no-alto-minho\\\/#article\",\"isPartOf\":{\"@id\":\"https:\\\/\\\/www.altominho.tv\\\/site\\\/2022\\\/05\\\/09\\\/gnr-regista-260-infracoes-e-20-detencoes-no-alto-minho\\\/\"},\"author\":{\"name\":\"Altominho.tv\",\"@id\":\"https:\\\/\\\/www.altominho.tv\\\/site\\\/#\\\/schema\\\/person\\\/4e536851627d7914baf3dac752b6af22\"},\"headline\":\"GNR regista 260 infra\u00e7\u00f5es e 20 deten\u00e7\u00f5es no Alto Minho\",\"datePublished\":\"2022-05-09T15:08:10+00:00\",\"dateModified\":\"2022-05-09T15:08:15+00:00\",\"mainEntityOfPage\":{\"@id\":\"https:\\\/\\\/www.altominho.tv\\\/site\\\/2022\\\/05\\\/09\\\/gnr-regista-260-infracoes-e-20-detencoes-no-alto-minho\\\/\"},\"wordCount\":221,\"image\":{\"@id\":\"https:\\\/\\\/www.altominho.tv\\\/site\\\/2022\\\/05\\\/09\\\/gnr-regista-260-infracoes-e-20-detencoes-no-alto-minho\\\/#primaryimage\"},\"thumbnailUrl\":\"https:\\\/\\\/www.altominho.tv\\\/site\\\/wp-content\\\/uploads\\\/2022\\\/04\\\/GNR1.jpeg\",\"keywords\":[\"Sociedade\"],\"articleSection\":[\"Alto Minho\"],\"inLanguage\":\"pt-PT\",\"copyrightYear\":\"2022\",\"copyrightHolder\":{\"@id\":\"https:\\\/\\\/www.altominho.tv\\\/site\\\/#organization\"}},{\"@type\":\"WebPage\",\"@id\":\"https:\\\/\\\/www.altominho.tv\\\/site\\\/2022\\\/05\\\/09\\\/gnr-regista-260-infracoes-e-20-detencoes-no-alto-minho\\\/\",\"url\":\"https:\\\/\\\/www.altominho.tv\\\/site\\\/2022\\\/05\\\/09\\\/gnr-regista-260-infracoes-e-20-detencoes-no-alto-minho\\\/\",\"name\":\"GNR regista 260 infra\u00e7\u00f5es e 20 deten\u00e7\u00f5es no Alto Minho\",\"isPartOf\":{\"@id\":\"https:\\\/\\\/www.altominho.tv\\\/site\\\/#website\"},\"primaryImageOfPage\":{\"@id\":\"https:\\\/\\\/www.altominho.tv\\\/site\\\/2022\\\/05\\\/09\\\/gnr-regista-260-infracoes-e-20-detencoes-no-alto-minho\\\/#primaryimage\"},\"image\":{\"@id\":\"https:\\\/\\\/www.altominho.tv\\\/site\\\/2022\\\/05\\\/09\\\/gnr-regista-260-infracoes-e-20-detencoes-no-alto-minho\\\/#primaryimage\"},\"thumbnailUrl\":\"https:\\\/\\\/www.altominho.tv\\\/site\\\/wp-content\\\/uploads\\\/2022\\\/04\\\/GNR1.jpeg\",\"datePublished\":\"2022-05-09T15:08:10+00:00\",\"dateModified\":\"2022-05-09T15:08:15+00:00\",\"author\":{\"@id\":\"https:\\\/\\\/www.altominho.tv\\\/site\\\/#\\\/schema\\\/person\\\/4e536851627d7914baf3dac752b6af22\"},\"description\":\"A Guarda Nacional Republicana registou, na \u00faltima semana, no distrito de Viana do Castelo, 260 infra\u00e7\u00f5es de tr\u00e2nsito e deteve 20 pessoas.\",\"breadcrumb\":{\"@id\":\"https:\\\/\\\/www.altominho.tv\\\/site\\\/2022\\\/05\\\/09\\\/gnr-regista-260-infracoes-e-20-detencoes-no-alto-minho\\\/#breadcrumb\"},\"inLanguage\":\"pt-PT\",\"potentialAction\":[{\"@type\":\"ReadAction\",\"target\":[\"https:\\\/\\\/www.altominho.tv\\\/site\\\/2022\\\/05\\\/09\\\/gnr-regista-260-infracoes-e-20-detencoes-no-alto-minho\\\/\"]}]},{\"@type\":\"ImageObject\",\"inLanguage\":\"pt-PT\",\"@id\":\"https:\\\/\\\/www.altominho.tv\\\/site\\\/2022\\\/05\\\/09\\\/gnr-regista-260-infracoes-e-20-detencoes-no-alto-minho\\\/#primaryimage\",\"url\":\"https:\\\/\\\/www.altominho.tv\\\/site\\\/wp-content\\\/uploads\\\/2022\\\/04\\\/GNR1.jpeg\",\"contentUrl\":\"https:\\\/\\\/www.altominho.tv\\\/site\\\/wp-content\\\/uploads\\\/2022\\\/04\\\/GNR1.jpeg\",\"width\":1024,\"height\":574},{\"@type\":\"BreadcrumbList\",\"@id\":\"https:\\\/\\\/www.altominho.tv\\\/site\\\/2022\\\/05\\\/09\\\/gnr-regista-260-infracoes-e-20-detencoes-no-alto-minho\\\/#breadcrumb\",\"itemListElement\":[{\"@type\":\"ListItem\",\"position\":1,\"name\":\"In\u00edcio\",\"item\":\"https:\\\/\\\/www.altominho.tv\\\/site\\\/\"},{\"@type\":\"ListItem\",\"position\":2,\"name\":\"GNR regista 260 infra\u00e7\u00f5es e 20 deten\u00e7\u00f5es no Alto Minho\"}]},{\"@type\":\"WebSite\",\"@id\":\"https:\\\/\\\/www.altominho.tv\\\/site\\\/#website\",\"url\":\"https:\\\/\\\/www.altominho.tv\\\/site\\\/\",\"name\":\"Altominho.tv\",\"description\":\"A sua regi\u00e3o \u00e0 dist\u00e2ncia de um clique...\",\"potentialAction\":[{\"@type\":\"SearchAction\",\"target\":{\"@type\":\"EntryPoint\",\"urlTemplate\":\"https:\\\/\\\/www.altominho.tv\\\/site\\\/?s={search_term_string}\"},\"query-input\":{\"@type\":\"PropertyValueSpecification\",\"valueRequired\":true,\"valueName\":\"search_term_string\"}}],\"inLanguage\":\"pt-PT\"},{\"@type\":\"Person\",\"@id\":\"https:\\\/\\\/www.altominho.tv\\\/site\\\/#\\\/schema\\\/person\\\/4e536851627d7914baf3dac752b6af22\",\"name\":\"Altominho.tv\",\"image\":{\"@type\":\"ImageObject\",\"inLanguage\":\"pt-PT\",\"@id\":\"https:\\\/\\\/www.altominho.tv\\\/site\\\/wp-content\\\/uploads\\\/2019\\\/11\\\/Logo_Avatar_2-150x150.jpg\",\"url\":\"https:\\\/\\\/www.altominho.tv\\\/site\\\/wp-content\\\/uploads\\\/2019\\\/11\\\/Logo_Avatar_2-150x150.jpg\",\"contentUrl\":\"https:\\\/\\\/www.altominho.tv\\\/site\\\/wp-content\\\/uploads\\\/2019\\\/11\\\/Logo_Avatar_2-150x150.jpg\",\"caption\":\"Altominho.tv\"},\"url\":\"https:\\\/\\\/www.altominho.tv\\\/site\\\/author\\\/altominhotv-tecnico\\\/\"}]}<\/script>\n<!-- \/ Yoast SEO Premium plugin. -->","yoast_head_json":{"title":"GNR regista 260 infra\u00e7\u00f5es e 20 deten\u00e7\u00f5es no Alto Minho","description":"A Guarda Nacional Republicana registou, na \u00faltima semana, no distrito de Viana do Castelo, 260 infra\u00e7\u00f5es de tr\u00e2nsito e deteve 20 pessoas.","robots":{"index":"index","follow":"follow","max-snippet":"max-snippet:-1","max-image-preview":"max-image-preview:large","max-video-preview":"max-video-preview:-1"},"canonical":"https:\/\/www.altominho.tv\/site\/2022\/05\/09\/gnr-regista-260-infracoes-e-20-detencoes-no-alto-minho\/","og_locale":"pt_PT","og_type":"article","og_title":"GNR regista 260 infra\u00e7\u00f5es e 20 deten\u00e7\u00f5es no Alto Minho","og_description":"A Guarda Nacional Republicana registou, na \u00faltima semana, no distrito de Viana do Castelo, 260 infra\u00e7\u00f5es de tr\u00e2nsito e deteve 20 pessoas.","og_url":"https:\/\/www.altominho.tv\/site\/2022\/05\/09\/gnr-regista-260-infracoes-e-20-detencoes-no-alto-minho\/","og_site_name":"Altominho.tv","article_publisher":"https:\/\/www.facebook.com\/altominhotv","article_published_time":"2022-05-09T15:08:10+00:00","article_modified_time":"2022-05-09T15:08:15+00:00","og_image":[{"width":1024,"height":574,"url":"https:\/\/www.altominho.tv\/site\/wp-content\/uploads\/2022\/04\/GNR1.jpeg","type":"image\/jpeg"}],"author":"Altominho.tv","twitter_card":"summary_large_image","twitter_creator":"@altominhoTV","twitter_site":"@altominhoTV","twitter_misc":{"Escrito por":"Altominho.tv","Tempo estimado de leitura":"2 minutos"},"schema":{"@context":"https:\/\/schema.org","@graph":[{"@type":"Article","@id":"https:\/\/www.altominho.tv\/site\/2022\/05\/09\/gnr-regista-260-infracoes-e-20-detencoes-no-alto-minho\/#article","isPartOf":{"@id":"https:\/\/www.altominho.tv\/site\/2022\/05\/09\/gnr-regista-260-infracoes-e-20-detencoes-no-alto-minho\/"},"author":{"name":"Altominho.tv","@id":"https:\/\/www.altominho.tv\/site\/#\/schema\/person\/4e536851627d7914baf3dac752b6af22"},"headline":"GNR regista 260 infra\u00e7\u00f5es e 20 deten\u00e7\u00f5es no Alto Minho","datePublished":"2022-05-09T15:08:10+00:00","dateModified":"2022-05-09T15:08:15+00:00","mainEntityOfPage":{"@id":"https:\/\/www.altominho.tv\/site\/2022\/05\/09\/gnr-regista-260-infracoes-e-20-detencoes-no-alto-minho\/"},"wordCount":221,"image":{"@id":"https:\/\/www.altominho.tv\/site\/2022\/05\/09\/gnr-regista-260-infracoes-e-20-detencoes-no-alto-minho\/#primaryimage"},"thumbnailUrl":"https:\/\/www.altominho.tv\/site\/wp-content\/uploads\/2022\/04\/GNR1.jpeg","keywords":["Sociedade"],"articleSection":["Alto Minho"],"inLanguage":"pt-PT","copyrightYear":"2022","copyrightHolder":{"@id":"https:\/\/www.altominho.tv\/site\/#organization"}},{"@type":"WebPage","@id":"https:\/\/www.altominho.tv\/site\/2022\/05\/09\/gnr-regista-260-infracoes-e-20-detencoes-no-alto-minho\/","url":"https:\/\/www.altominho.tv\/site\/2022\/05\/09\/gnr-regista-260-infracoes-e-20-detencoes-no-alto-minho\/","name":"GNR regista 260 infra\u00e7\u00f5es e 20 deten\u00e7\u00f5es no Alto Minho","isPartOf":{"@id":"https:\/\/www.altominho.tv\/site\/#website"},"primaryImageOfPage":{"@id":"https:\/\/www.altominho.tv\/site\/2022\/05\/09\/gnr-regista-260-infracoes-e-20-detencoes-no-alto-minho\/#primaryimage"},"image":{"@id":"https:\/\/www.altominho.tv\/site\/2022\/05\/09\/gnr-regista-260-infracoes-e-20-detencoes-no-alto-minho\/#primaryimage"},"thumbnailUrl":"https:\/\/www.altominho.tv\/site\/wp-content\/uploads\/2022\/04\/GNR1.jpeg","datePublished":"2022-05-09T15:08:10+00:00","dateModified":"2022-05-09T15:08:15+00:00","author":{"@id":"https:\/\/www.altominho.tv\/site\/#\/schema\/person\/4e536851627d7914baf3dac752b6af22"},"description":"A Guarda Nacional Republicana registou, na \u00faltima semana, no distrito de Viana do Castelo, 260 infra\u00e7\u00f5es de tr\u00e2nsito e deteve 20 pessoas.","breadcrumb":{"@id":"https:\/\/www.altominho.tv\/site\/2022\/05\/09\/gnr-regista-260-infracoes-e-20-detencoes-no-alto-minho\/#breadcrumb"},"inLanguage":"pt-PT","potentialAction":[{"@type":"ReadAction","target":["https:\/\/www.altominho.tv\/site\/2022\/05\/09\/gnr-regista-260-infracoes-e-20-detencoes-no-alto-minho\/"]}]},{"@type":"ImageObject","inLanguage":"pt-PT","@id":"https:\/\/www.altominho.tv\/site\/2022\/05\/09\/gnr-regista-260-infracoes-e-20-detencoes-no-alto-minho\/#primaryimage","url":"https:\/\/www.altominho.tv\/site\/wp-content\/uploads\/2022\/04\/GNR1.jpeg","contentUrl":"https:\/\/www.altominho.tv\/site\/wp-content\/uploads\/2022\/04\/GNR1.jpeg","width":1024,"height":574},{"@type":"BreadcrumbList","@id":"https:\/\/www.altominho.tv\/site\/2022\/05\/09\/gnr-regista-260-infracoes-e-20-detencoes-no-alto-minho\/#breadcrumb","itemListElement":[{"@type":"ListItem","position":1,"name":"In\u00edcio","item":"https:\/\/www.altominho.tv\/site\/"},{"@type":"ListItem","position":2,"name":"GNR regista 260 infra\u00e7\u00f5es e 20 deten\u00e7\u00f5es no Alto Minho"}]},{"@type":"WebSite","@id":"https:\/\/www.altominho.tv\/site\/#website","url":"https:\/\/www.altominho.tv\/site\/","name":"Altominho.tv","description":"A sua regi\u00e3o \u00e0 dist\u00e2ncia de um clique...","potentialAction":[{"@type":"SearchAction","target":{"@type":"EntryPoint","urlTemplate":"https:\/\/www.altominho.tv\/site\/?s={search_term_string}"},"query-input":{"@type":"PropertyValueSpecification","valueRequired":true,"valueName":"search_term_string"}}],"inLanguage":"pt-PT"},{"@type":"Person","@id":"https:\/\/www.altominho.tv\/site\/#\/schema\/person\/4e536851627d7914baf3dac752b6af22","name":"Altominho.tv","image":{"@type":"ImageObject","inLanguage":"pt-PT","@id":"https:\/\/www.altominho.tv\/site\/wp-content\/uploads\/2019\/11\/Logo_Avatar_2-150x150.jpg","url":"https:\/\/www.altominho.tv\/site\/wp-content\/uploads\/2019\/11\/Logo_Avatar_2-150x150.jpg","contentUrl":"https:\/\/www.altominho.tv\/site\/wp-content\/uploads\/2019\/11\/Logo_Avatar_2-150x150.jpg","caption":"Altominho.tv"},"url":"https:\/\/www.altominho.tv\/site\/author\/altominhotv-tecnico\/"}]}},"_links":{"self":[{"href":"https:\/\/www.altominho.tv\/site\/wp-json\/wp\/v2\/posts\/79613","targetHints":{"allow":["GET"]}}],"collection":[{"href":"https:\/\/www.altominho.tv\/site\/wp-json\/wp\/v2\/posts"}],"about":[{"href":"https:\/\/www.altominho.tv\/site\/wp-json\/wp\/v2\/types\/post"}],"author":[{"embeddable":true,"href":"https:\/\/www.altominho.tv\/site\/wp-json\/wp\/v2\/users\/1"}],"replies":[{"embeddable":true,"href":"https:\/\/www.altominho.tv\/site\/wp-json\/wp\/v2\/comments?post=79613"}],"version-history":[{"count":0,"href":"https:\/\/www.altominho.tv\/site\/wp-json\/wp\/v2\/posts\/79613\/revisions"}],"wp:featuredmedia":[{"embeddable":true,"href":"https:\/\/www.altominho.tv\/site\/wp-json\/wp\/v2\/media\/78923"}],"wp:attachment":[{"href":"https:\/\/www.altominho.tv\/site\/wp-json\/wp\/v2\/media?parent=79613"}],"wp:term":[{"taxonomy":"category","embeddable":true,"href":"https:\/\/www.altominho.tv\/site\/wp-json\/wp\/v2\/categories?post=79613"},{"taxonomy":"post_tag","embeddable":true,"href":"https:\/\/www.altominho.tv\/site\/wp-json\/wp\/v2\/tags?post=79613"}],"curies":[{"name":"wp","href":"https:\/\/api.w.org\/{rel}","templated":true}]}}