{"id":79610,"date":"2022-05-09T08:53:17","date_gmt":"2022-05-09T07:53:17","guid":{"rendered":"https:\/\/www.altominho.tv\/site\/?p=79610"},"modified":"2022-05-09T08:55:31","modified_gmt":"2022-05-09T07:55:31","slug":"construcao-de-novo-polo-industrial-em-vila-nova-de-cerveira-arranca-este-mes","status":"publish","type":"post","link":"https:\/\/www.altominho.tv\/site\/2022\/05\/09\/construcao-de-novo-polo-industrial-em-vila-nova-de-cerveira-arranca-este-mes\/","title":{"rendered":"Constru\u00e7\u00e3o de novo polo industrial em Vila Nova de Cerveira arranca este m\u00eas"},"content":{"rendered":"<p>A constru\u00e7\u00e3o do novo polo do parque empresarial de Vila Nova de Cerveira, em Sapardos, vai come\u00e7ar este m\u00eas, num investimento de 1,2 milh\u00f5es de euros, estimando-se a sua conclus\u00e3o em nove meses.<\/p>\n<p>\u201c\u00c9 uma necessidade para desenvolvimento do interior do concelho, atraindo mais atividade econ\u00f3mica e, por consequ\u00eancia, mais pessoas, assegurando a potencia\u00e7\u00e3o do vigor industrial de Vila Nova de Cerveira\u201d, afirmou o presidente da C\u00e2mara, Rui Teixeira, citado num comunicado enviado \u00e0s reda\u00e7\u00f5es.<\/p>\n<p>Para \u201cagilizar o processo de capta\u00e7\u00e3o de empresas\u201d, o autarca disse estar a \u201cponderar colocar os lotes em hasta p\u00fablica ainda antes da conclus\u00e3o da obra, de forma que, no momento da inaugura\u00e7\u00e3o, j\u00e1 se possa ter empresas a iniciar a constru\u00e7\u00e3o das suas ind\u00fastrias\u201d.<\/p>\n<p>O \u201cinvestimento de 1,2 milh\u00f5es de euros \u00e9 comparticipado pelo Programa Operacional Regional do NORTE 2020, com FEDER aprovado, de 750 mil euros\u201d.<\/p>\n<p>Aquela autarquia adiantou tratar-se da \u201cquinta \u00e1rea empresarial do concelho, a terceira de \u00e2mbito municipal, e surge da necessidade de colmatar a falta de resposta a uma real e crescente procura por este tipo de espa\u00e7os, al\u00e9m de contribuir para melhorar a atratividade e a competitividade do territ\u00f3rio\u201d.<\/p>\n<p>\u201cNeste momento, os dois polos industriais de foro municipal e o polo IV de iniciativa privada encontram-se lotados, havendo apenas disponibilidade no Parque Empresarial do Ful\u00e3o, de capital privado, que apresenta um conjunto de lotes com dimens\u00f5es e caracter\u00edsticas muito espec\u00edficas para ind\u00fastrias do tipo 2\u201d, especifica a nota.<\/p>\n<p>Com a constru\u00e7\u00e3o do polo V daquele parque empresarial, com \u201clocaliza\u00e7\u00e3o estrat\u00e9gica, junto ao n\u00f3 da autoestrada A3, ser\u00e3o criados \u201c12 lotes de dimens\u00f5es id\u00eanticas, divididos por uma \u00e1rea total de 32.602,00 metros quadrados, com a garantia do Sistema de Ind\u00fastria Respons\u00e1vel (SIR).<\/p>\n<p>\u201cEsta nova \u00e1rea de acolhimento empresarial apresenta algumas particularidades, nomeadamente do ponto de vista urban\u00edstico, com a preocupa\u00e7\u00e3o de otimizar o melhor poss\u00edvel a integra\u00e7\u00e3o da infraestrutura na topografia existente\u201d, especifica a nota.<\/p>\n<p>O projeto \u201cacautela a cria\u00e7\u00e3o de quatro plataformas, a diferentes cotas, com a instala\u00e7\u00e3o de tr\u00eas lotes em cada, como forma de minimizar o movimento de terras e reduzir o ru\u00eddo visual\u201d.<\/p>\n<p>Todo o espa\u00e7o \u201cser\u00e1 dotado de um conjunto de infraestruturas com repercuss\u00f5es nos custos do produto (produ\u00e7\u00e3o e utiliza\u00e7\u00e3o de energias renov\u00e1veis, e reutiliza\u00e7\u00e3o de \u00e1guas), e com caracter\u00edsticas compat\u00edveis com as exig\u00eancias da procura, principalmente ao n\u00edvel do SIR\u201d.<\/p>\n<p>O acesso aos lotes \u201cser\u00e1 feito de forma individual e diretamente pela via existente, que tamb\u00e9m ser\u00e1 alvo de beneficia\u00e7\u00e3o&#8221;. A interven\u00e7\u00e3o &#8220;na zona p\u00fablica contempla a constru\u00e7\u00e3o de uma faixa de rodagem, de duplo sentido, com sete metros de largura, articulando uma futura melhoria da via at\u00e9 \u00e0 liga\u00e7\u00e3o com a Estrada Municipal (EM) 303\u201d.<\/p>\n<p>A empreitada contempla ainda \u201ca cria\u00e7\u00e3o de uma zona de estacionamento de ligeiros, de passeios em ambos os lados da via\u201d e com \u201cespa\u00e7os verdes, zonas de sombreamento e mobili\u00e1rio urbano\u201d.<\/p>\n<p>O contrato para arranque da constru\u00e7\u00e3o da nova zona empresarial foi assinado, na quinta-feira, pelo presidente da C\u00e2mara de Vila Nova de Cerveira, Rui Teixeira, os representantes da empresa adjudicat\u00e1ria \u2013 Manuel da Silva Pereira &amp; Filhos, Lda., Rui Pereira e S\u00e9rgio Pereira, e com a presen\u00e7a do presidente da Junta de Freguesia de Sapardos, Manuel Esteves, que se congratulou com a concretiza\u00e7\u00e3o de um projeto por \u201cdesenvolver a freguesia, classificada como do interior, e muita atingida pelo envelhecimento da popula\u00e7\u00e3o\u201d.<\/p>\n<p>\u201cEste polo industrial vai trazer mais pessoas a Sapardos e \u00e0s freguesias lim\u00edtrofes\u201d, disse Manuel Esteves, tamb\u00e9m citado na nota.<\/p>\n","protected":false},"excerpt":{"rendered":"<p>A constru\u00e7\u00e3o do novo polo do parque empresarial de Vila Nova de Cerveira, em Sapardos, vai come\u00e7ar este m\u00eas, num investimento de 1,2 milh\u00f5es de euros, estimando-se a sua conclus\u00e3o em nove meses. \u201c\u00c9 uma necessidade para desenvolvimento do interior do concelho, atraindo mais atividade econ\u00f3mica e, por consequ\u00eancia, mais pessoas, assegurando a potencia\u00e7\u00e3o do [&hellip;]<\/p>\n","protected":false},"author":15,"featured_media":79611,"comment_status":"closed","ping_status":"closed","sticky":false,"template":"","format":"standard","meta":{"_exactmetrics_skip_tracking":false,"_exactmetrics_sitenote_active":false,"_exactmetrics_sitenote_note":"","_exactmetrics_sitenote_category":0,"footnotes":""},"categories":[15],"tags":[21],"class_list":["post-79610","post","type-post","status-publish","format-standard","has-post-thumbnail","hentry","category-vila-nova-de-cerveira","tag-economia"],"yoast_head":"<!-- This site is optimized with the Yoast SEO Premium plugin v27.5 (Yoast SEO v27.5) - https:\/\/yoast.com\/product\/yoast-seo-premium-wordpress\/ -->\n<title>Constru\u00e7\u00e3o de novo polo industrial em Vila Nova de Cerveira arranca este m\u00eas<\/title>\n<meta name=\"description\" content=\"A constru\u00e7\u00e3o do novo polo do parque empresarial, em Sapardos, vai come\u00e7ar este m\u00eas, num investimento de 1,2 milh\u00f5es de euros.\" \/>\n<meta name=\"robots\" content=\"index, follow, max-snippet:-1, max-image-preview:large, max-video-preview:-1\" \/>\n<link rel=\"canonical\" href=\"https:\/\/www.altominho.tv\/site\/2022\/05\/09\/construcao-de-novo-polo-industrial-em-vila-nova-de-cerveira-arranca-este-mes\/\" \/>\n<meta property=\"og:locale\" content=\"pt_PT\" \/>\n<meta property=\"og:type\" content=\"article\" \/>\n<meta property=\"og:title\" content=\"Constru\u00e7\u00e3o de novo polo industrial em Vila Nova de Cerveira arranca este m\u00eas\" \/>\n<meta property=\"og:description\" content=\"A constru\u00e7\u00e3o do novo polo do parque empresarial, em Sapardos, vai come\u00e7ar este m\u00eas, num investimento de 1,2 milh\u00f5es de euros.\" \/>\n<meta property=\"og:url\" content=\"https:\/\/www.altominho.tv\/site\/2022\/05\/09\/construcao-de-novo-polo-industrial-em-vila-nova-de-cerveira-arranca-este-mes\/\" \/>\n<meta property=\"og:site_name\" content=\"Altominho.tv\" \/>\n<meta property=\"article:publisher\" content=\"https:\/\/www.facebook.com\/altominhotv\" \/>\n<meta property=\"article:published_time\" content=\"2022-05-09T07:53:17+00:00\" \/>\n<meta property=\"article:modified_time\" content=\"2022-05-09T07:55:31+00:00\" \/>\n<meta property=\"og:image\" content=\"https:\/\/www.altominho.tv\/site\/wp-content\/uploads\/2022\/05\/Contrato-ZI-Sapardos.jpg\" \/>\n\t<meta property=\"og:image:width\" content=\"1080\" \/>\n\t<meta property=\"og:image:height\" content=\"608\" \/>\n\t<meta property=\"og:image:type\" content=\"image\/jpeg\" \/>\n<meta name=\"author\" content=\"Andreia Ferreira | Lusa\" \/>\n<meta name=\"twitter:card\" content=\"summary_large_image\" \/>\n<meta name=\"twitter:creator\" content=\"@altominhoTV\" \/>\n<meta name=\"twitter:site\" content=\"@altominhoTV\" \/>\n<meta name=\"twitter:label1\" content=\"Escrito por\" \/>\n\t<meta name=\"twitter:data1\" content=\"Andreia Ferreira | Lusa\" \/>\n\t<meta name=\"twitter:label2\" content=\"Tempo estimado de leitura\" \/>\n\t<meta name=\"twitter:data2\" content=\"4 minutos\" \/>\n<script type=\"application\/ld+json\" class=\"yoast-schema-graph\">{\"@context\":\"https:\\\/\\\/schema.org\",\"@graph\":[{\"@type\":\"Article\",\"@id\":\"https:\\\/\\\/www.altominho.tv\\\/site\\\/2022\\\/05\\\/09\\\/construcao-de-novo-polo-industrial-em-vila-nova-de-cerveira-arranca-este-mes\\\/#article\",\"isPartOf\":{\"@id\":\"https:\\\/\\\/www.altominho.tv\\\/site\\\/2022\\\/05\\\/09\\\/construcao-de-novo-polo-industrial-em-vila-nova-de-cerveira-arranca-este-mes\\\/\"},\"author\":{\"name\":\"Andreia Ferreira | Lusa\",\"@id\":\"https:\\\/\\\/www.altominho.tv\\\/site\\\/#\\\/schema\\\/person\\\/a0bff6dc1041aadd46fa81887444b017\"},\"headline\":\"Constru\u00e7\u00e3o de novo polo industrial em Vila Nova de Cerveira arranca este m\u00eas\",\"datePublished\":\"2022-05-09T07:53:17+00:00\",\"dateModified\":\"2022-05-09T07:55:31+00:00\",\"mainEntityOfPage\":{\"@id\":\"https:\\\/\\\/www.altominho.tv\\\/site\\\/2022\\\/05\\\/09\\\/construcao-de-novo-polo-industrial-em-vila-nova-de-cerveira-arranca-este-mes\\\/\"},\"wordCount\":648,\"image\":{\"@id\":\"https:\\\/\\\/www.altominho.tv\\\/site\\\/2022\\\/05\\\/09\\\/construcao-de-novo-polo-industrial-em-vila-nova-de-cerveira-arranca-este-mes\\\/#primaryimage\"},\"thumbnailUrl\":\"https:\\\/\\\/www.altominho.tv\\\/site\\\/wp-content\\\/uploads\\\/2022\\\/05\\\/Contrato-ZI-Sapardos.jpg\",\"keywords\":[\"Economia\"],\"articleSection\":[\"Vila Nova de Cerveira\"],\"inLanguage\":\"pt-PT\",\"copyrightYear\":\"2022\",\"copyrightHolder\":{\"@id\":\"https:\\\/\\\/www.altominho.tv\\\/site\\\/#organization\"}},{\"@type\":\"WebPage\",\"@id\":\"https:\\\/\\\/www.altominho.tv\\\/site\\\/2022\\\/05\\\/09\\\/construcao-de-novo-polo-industrial-em-vila-nova-de-cerveira-arranca-este-mes\\\/\",\"url\":\"https:\\\/\\\/www.altominho.tv\\\/site\\\/2022\\\/05\\\/09\\\/construcao-de-novo-polo-industrial-em-vila-nova-de-cerveira-arranca-este-mes\\\/\",\"name\":\"Constru\u00e7\u00e3o de novo polo industrial em Vila Nova de Cerveira arranca este m\u00eas\",\"isPartOf\":{\"@id\":\"https:\\\/\\\/www.altominho.tv\\\/site\\\/#website\"},\"primaryImageOfPage\":{\"@id\":\"https:\\\/\\\/www.altominho.tv\\\/site\\\/2022\\\/05\\\/09\\\/construcao-de-novo-polo-industrial-em-vila-nova-de-cerveira-arranca-este-mes\\\/#primaryimage\"},\"image\":{\"@id\":\"https:\\\/\\\/www.altominho.tv\\\/site\\\/2022\\\/05\\\/09\\\/construcao-de-novo-polo-industrial-em-vila-nova-de-cerveira-arranca-este-mes\\\/#primaryimage\"},\"thumbnailUrl\":\"https:\\\/\\\/www.altominho.tv\\\/site\\\/wp-content\\\/uploads\\\/2022\\\/05\\\/Contrato-ZI-Sapardos.jpg\",\"datePublished\":\"2022-05-09T07:53:17+00:00\",\"dateModified\":\"2022-05-09T07:55:31+00:00\",\"author\":{\"@id\":\"https:\\\/\\\/www.altominho.tv\\\/site\\\/#\\\/schema\\\/person\\\/a0bff6dc1041aadd46fa81887444b017\"},\"description\":\"A constru\u00e7\u00e3o do novo polo do parque empresarial, em Sapardos, vai come\u00e7ar este m\u00eas, num investimento de 1,2 milh\u00f5es de euros.\",\"breadcrumb\":{\"@id\":\"https:\\\/\\\/www.altominho.tv\\\/site\\\/2022\\\/05\\\/09\\\/construcao-de-novo-polo-industrial-em-vila-nova-de-cerveira-arranca-este-mes\\\/#breadcrumb\"},\"inLanguage\":\"pt-PT\",\"potentialAction\":[{\"@type\":\"ReadAction\",\"target\":[\"https:\\\/\\\/www.altominho.tv\\\/site\\\/2022\\\/05\\\/09\\\/construcao-de-novo-polo-industrial-em-vila-nova-de-cerveira-arranca-este-mes\\\/\"]}]},{\"@type\":\"ImageObject\",\"inLanguage\":\"pt-PT\",\"@id\":\"https:\\\/\\\/www.altominho.tv\\\/site\\\/2022\\\/05\\\/09\\\/construcao-de-novo-polo-industrial-em-vila-nova-de-cerveira-arranca-este-mes\\\/#primaryimage\",\"url\":\"https:\\\/\\\/www.altominho.tv\\\/site\\\/wp-content\\\/uploads\\\/2022\\\/05\\\/Contrato-ZI-Sapardos.jpg\",\"contentUrl\":\"https:\\\/\\\/www.altominho.tv\\\/site\\\/wp-content\\\/uploads\\\/2022\\\/05\\\/Contrato-ZI-Sapardos.jpg\",\"width\":1080,\"height\":608,\"caption\":\"MUNIC\u00cdPIO DE VILA NOVA DE CERVEIRA\"},{\"@type\":\"BreadcrumbList\",\"@id\":\"https:\\\/\\\/www.altominho.tv\\\/site\\\/2022\\\/05\\\/09\\\/construcao-de-novo-polo-industrial-em-vila-nova-de-cerveira-arranca-este-mes\\\/#breadcrumb\",\"itemListElement\":[{\"@type\":\"ListItem\",\"position\":1,\"name\":\"In\u00edcio\",\"item\":\"https:\\\/\\\/www.altominho.tv\\\/site\\\/\"},{\"@type\":\"ListItem\",\"position\":2,\"name\":\"Constru\u00e7\u00e3o de novo polo industrial em Vila Nova de Cerveira arranca este m\u00eas\"}]},{\"@type\":\"WebSite\",\"@id\":\"https:\\\/\\\/www.altominho.tv\\\/site\\\/#website\",\"url\":\"https:\\\/\\\/www.altominho.tv\\\/site\\\/\",\"name\":\"Altominho.tv\",\"description\":\"A sua regi\u00e3o \u00e0 dist\u00e2ncia de um clique...\",\"potentialAction\":[{\"@type\":\"SearchAction\",\"target\":{\"@type\":\"EntryPoint\",\"urlTemplate\":\"https:\\\/\\\/www.altominho.tv\\\/site\\\/?s={search_term_string}\"},\"query-input\":{\"@type\":\"PropertyValueSpecification\",\"valueRequired\":true,\"valueName\":\"search_term_string\"}}],\"inLanguage\":\"pt-PT\"},{\"@type\":\"Person\",\"@id\":\"https:\\\/\\\/www.altominho.tv\\\/site\\\/#\\\/schema\\\/person\\\/a0bff6dc1041aadd46fa81887444b017\",\"name\":\"Andreia Ferreira | Lusa\",\"image\":{\"@type\":\"ImageObject\",\"inLanguage\":\"pt-PT\",\"@id\":\"https:\\\/\\\/www.altominho.tv\\\/site\\\/wp-content\\\/uploads\\\/2018\\\/04\\\/Andreia-150x150.jpg\",\"url\":\"https:\\\/\\\/www.altominho.tv\\\/site\\\/wp-content\\\/uploads\\\/2018\\\/04\\\/Andreia-150x150.jpg\",\"contentUrl\":\"https:\\\/\\\/www.altominho.tv\\\/site\\\/wp-content\\\/uploads\\\/2018\\\/04\\\/Andreia-150x150.jpg\",\"caption\":\"Andreia Ferreira | Lusa\"},\"sameAs\":[\"https:\\\/\\\/www.altominho.tv\\\/site\"],\"url\":\"https:\\\/\\\/www.altominho.tv\\\/site\\\/author\\\/andreiaferreiralusa\\\/\"}]}<\/script>\n<!-- \/ Yoast SEO Premium plugin. -->","yoast_head_json":{"title":"Constru\u00e7\u00e3o de novo polo industrial em Vila Nova de Cerveira arranca este m\u00eas","description":"A constru\u00e7\u00e3o do novo polo do parque empresarial, em Sapardos, vai come\u00e7ar este m\u00eas, num investimento de 1,2 milh\u00f5es de euros.","robots":{"index":"index","follow":"follow","max-snippet":"max-snippet:-1","max-image-preview":"max-image-preview:large","max-video-preview":"max-video-preview:-1"},"canonical":"https:\/\/www.altominho.tv\/site\/2022\/05\/09\/construcao-de-novo-polo-industrial-em-vila-nova-de-cerveira-arranca-este-mes\/","og_locale":"pt_PT","og_type":"article","og_title":"Constru\u00e7\u00e3o de novo polo industrial em Vila Nova de Cerveira arranca este m\u00eas","og_description":"A constru\u00e7\u00e3o do novo polo do parque empresarial, em Sapardos, vai come\u00e7ar este m\u00eas, num investimento de 1,2 milh\u00f5es de euros.","og_url":"https:\/\/www.altominho.tv\/site\/2022\/05\/09\/construcao-de-novo-polo-industrial-em-vila-nova-de-cerveira-arranca-este-mes\/","og_site_name":"Altominho.tv","article_publisher":"https:\/\/www.facebook.com\/altominhotv","article_published_time":"2022-05-09T07:53:17+00:00","article_modified_time":"2022-05-09T07:55:31+00:00","og_image":[{"width":1080,"height":608,"url":"https:\/\/www.altominho.tv\/site\/wp-content\/uploads\/2022\/05\/Contrato-ZI-Sapardos.jpg","type":"image\/jpeg"}],"author":"Andreia Ferreira | Lusa","twitter_card":"summary_large_image","twitter_creator":"@altominhoTV","twitter_site":"@altominhoTV","twitter_misc":{"Escrito por":"Andreia Ferreira | Lusa","Tempo estimado de leitura":"4 minutos"},"schema":{"@context":"https:\/\/schema.org","@graph":[{"@type":"Article","@id":"https:\/\/www.altominho.tv\/site\/2022\/05\/09\/construcao-de-novo-polo-industrial-em-vila-nova-de-cerveira-arranca-este-mes\/#article","isPartOf":{"@id":"https:\/\/www.altominho.tv\/site\/2022\/05\/09\/construcao-de-novo-polo-industrial-em-vila-nova-de-cerveira-arranca-este-mes\/"},"author":{"name":"Andreia Ferreira | Lusa","@id":"https:\/\/www.altominho.tv\/site\/#\/schema\/person\/a0bff6dc1041aadd46fa81887444b017"},"headline":"Constru\u00e7\u00e3o de novo polo industrial em Vila Nova de Cerveira arranca este m\u00eas","datePublished":"2022-05-09T07:53:17+00:00","dateModified":"2022-05-09T07:55:31+00:00","mainEntityOfPage":{"@id":"https:\/\/www.altominho.tv\/site\/2022\/05\/09\/construcao-de-novo-polo-industrial-em-vila-nova-de-cerveira-arranca-este-mes\/"},"wordCount":648,"image":{"@id":"https:\/\/www.altominho.tv\/site\/2022\/05\/09\/construcao-de-novo-polo-industrial-em-vila-nova-de-cerveira-arranca-este-mes\/#primaryimage"},"thumbnailUrl":"https:\/\/www.altominho.tv\/site\/wp-content\/uploads\/2022\/05\/Contrato-ZI-Sapardos.jpg","keywords":["Economia"],"articleSection":["Vila Nova de Cerveira"],"inLanguage":"pt-PT","copyrightYear":"2022","copyrightHolder":{"@id":"https:\/\/www.altominho.tv\/site\/#organization"}},{"@type":"WebPage","@id":"https:\/\/www.altominho.tv\/site\/2022\/05\/09\/construcao-de-novo-polo-industrial-em-vila-nova-de-cerveira-arranca-este-mes\/","url":"https:\/\/www.altominho.tv\/site\/2022\/05\/09\/construcao-de-novo-polo-industrial-em-vila-nova-de-cerveira-arranca-este-mes\/","name":"Constru\u00e7\u00e3o de novo polo industrial em Vila Nova de Cerveira arranca este m\u00eas","isPartOf":{"@id":"https:\/\/www.altominho.tv\/site\/#website"},"primaryImageOfPage":{"@id":"https:\/\/www.altominho.tv\/site\/2022\/05\/09\/construcao-de-novo-polo-industrial-em-vila-nova-de-cerveira-arranca-este-mes\/#primaryimage"},"image":{"@id":"https:\/\/www.altominho.tv\/site\/2022\/05\/09\/construcao-de-novo-polo-industrial-em-vila-nova-de-cerveira-arranca-este-mes\/#primaryimage"},"thumbnailUrl":"https:\/\/www.altominho.tv\/site\/wp-content\/uploads\/2022\/05\/Contrato-ZI-Sapardos.jpg","datePublished":"2022-05-09T07:53:17+00:00","dateModified":"2022-05-09T07:55:31+00:00","author":{"@id":"https:\/\/www.altominho.tv\/site\/#\/schema\/person\/a0bff6dc1041aadd46fa81887444b017"},"description":"A constru\u00e7\u00e3o do novo polo do parque empresarial, em Sapardos, vai come\u00e7ar este m\u00eas, num investimento de 1,2 milh\u00f5es de euros.","breadcrumb":{"@id":"https:\/\/www.altominho.tv\/site\/2022\/05\/09\/construcao-de-novo-polo-industrial-em-vila-nova-de-cerveira-arranca-este-mes\/#breadcrumb"},"inLanguage":"pt-PT","potentialAction":[{"@type":"ReadAction","target":["https:\/\/www.altominho.tv\/site\/2022\/05\/09\/construcao-de-novo-polo-industrial-em-vila-nova-de-cerveira-arranca-este-mes\/"]}]},{"@type":"ImageObject","inLanguage":"pt-PT","@id":"https:\/\/www.altominho.tv\/site\/2022\/05\/09\/construcao-de-novo-polo-industrial-em-vila-nova-de-cerveira-arranca-este-mes\/#primaryimage","url":"https:\/\/www.altominho.tv\/site\/wp-content\/uploads\/2022\/05\/Contrato-ZI-Sapardos.jpg","contentUrl":"https:\/\/www.altominho.tv\/site\/wp-content\/uploads\/2022\/05\/Contrato-ZI-Sapardos.jpg","width":1080,"height":608,"caption":"MUNIC\u00cdPIO DE VILA NOVA DE CERVEIRA"},{"@type":"BreadcrumbList","@id":"https:\/\/www.altominho.tv\/site\/2022\/05\/09\/construcao-de-novo-polo-industrial-em-vila-nova-de-cerveira-arranca-este-mes\/#breadcrumb","itemListElement":[{"@type":"ListItem","position":1,"name":"In\u00edcio","item":"https:\/\/www.altominho.tv\/site\/"},{"@type":"ListItem","position":2,"name":"Constru\u00e7\u00e3o de novo polo industrial em Vila Nova de Cerveira arranca este m\u00eas"}]},{"@type":"WebSite","@id":"https:\/\/www.altominho.tv\/site\/#website","url":"https:\/\/www.altominho.tv\/site\/","name":"Altominho.tv","description":"A sua regi\u00e3o \u00e0 dist\u00e2ncia de um clique...","potentialAction":[{"@type":"SearchAction","target":{"@type":"EntryPoint","urlTemplate":"https:\/\/www.altominho.tv\/site\/?s={search_term_string}"},"query-input":{"@type":"PropertyValueSpecification","valueRequired":true,"valueName":"search_term_string"}}],"inLanguage":"pt-PT"},{"@type":"Person","@id":"https:\/\/www.altominho.tv\/site\/#\/schema\/person\/a0bff6dc1041aadd46fa81887444b017","name":"Andreia Ferreira | Lusa","image":{"@type":"ImageObject","inLanguage":"pt-PT","@id":"https:\/\/www.altominho.tv\/site\/wp-content\/uploads\/2018\/04\/Andreia-150x150.jpg","url":"https:\/\/www.altominho.tv\/site\/wp-content\/uploads\/2018\/04\/Andreia-150x150.jpg","contentUrl":"https:\/\/www.altominho.tv\/site\/wp-content\/uploads\/2018\/04\/Andreia-150x150.jpg","caption":"Andreia Ferreira | Lusa"},"sameAs":["https:\/\/www.altominho.tv\/site"],"url":"https:\/\/www.altominho.tv\/site\/author\/andreiaferreiralusa\/"}]}},"_links":{"self":[{"href":"https:\/\/www.altominho.tv\/site\/wp-json\/wp\/v2\/posts\/79610","targetHints":{"allow":["GET"]}}],"collection":[{"href":"https:\/\/www.altominho.tv\/site\/wp-json\/wp\/v2\/posts"}],"about":[{"href":"https:\/\/www.altominho.tv\/site\/wp-json\/wp\/v2\/types\/post"}],"author":[{"embeddable":true,"href":"https:\/\/www.altominho.tv\/site\/wp-json\/wp\/v2\/users\/15"}],"replies":[{"embeddable":true,"href":"https:\/\/www.altominho.tv\/site\/wp-json\/wp\/v2\/comments?post=79610"}],"version-history":[{"count":0,"href":"https:\/\/www.altominho.tv\/site\/wp-json\/wp\/v2\/posts\/79610\/revisions"}],"wp:featuredmedia":[{"embeddable":true,"href":"https:\/\/www.altominho.tv\/site\/wp-json\/wp\/v2\/media\/79611"}],"wp:attachment":[{"href":"https:\/\/www.altominho.tv\/site\/wp-json\/wp\/v2\/media?parent=79610"}],"wp:term":[{"taxonomy":"category","embeddable":true,"href":"https:\/\/www.altominho.tv\/site\/wp-json\/wp\/v2\/categories?post=79610"},{"taxonomy":"post_tag","embeddable":true,"href":"https:\/\/www.altominho.tv\/site\/wp-json\/wp\/v2\/tags?post=79610"}],"curies":[{"name":"wp","href":"https:\/\/api.w.org\/{rel}","templated":true}]}}