{"id":79508,"date":"2022-05-04T18:11:44","date_gmt":"2022-05-04T17:11:44","guid":{"rendered":"https:\/\/www.altominho.tv\/site\/?p=79508"},"modified":"2022-05-04T18:11:49","modified_gmt":"2022-05-04T17:11:49","slug":"assembleia-de-valenca-aprova-referendo-local-sobre-saida-da-aguas-do-alto-minho","status":"publish","type":"post","link":"https:\/\/www.altominho.tv\/site\/2022\/05\/04\/assembleia-de-valenca-aprova-referendo-local-sobre-saida-da-aguas-do-alto-minho\/","title":{"rendered":"Assembleia de Valen\u00e7a aprova referendo local sobre sa\u00edda da \u00c1guas do Alto Minho"},"content":{"rendered":"<p>A Assembleia Municipal de Valen\u00e7a aprovou, por maioria, a realiza\u00e7\u00e3o de um referendo local \u00e0 sa\u00edda do concelho da \u00c1guas do Alto Minho, proposto pelo deputado eleito pelo PSD, Paulo Esteves.<\/p>\n<p>Em declara\u00e7\u00f5es \u00e0 ag\u00eancia Lusa, Paulo Esteves explicou que a proposta de realiza\u00e7\u00e3o de um referendo local, apresentada a \u201ct\u00edtulo pessoal\u201d pelo deputado do PSD, foi aprovada \u201ccom 20 votos a favor e 10 contra\u201d, num universo de 30 elementos presentes no momento da vota\u00e7\u00e3o em sess\u00e3o da Assembleia Municipal, realizada no dia 28\u201d.<\/p>\n<p>A Assembleia Municipal de Valen\u00e7a \u00e9 constitu\u00edda por 21 deputados municipais, 10 do PS, seis do PSD, quatro do movimento Fortalecer Valen\u00e7a, e um eleito pelo movimento N\u00f3s Cidad\u00e3os, intitulado como Cidad\u00e3os por Valen\u00e7a. Naquele \u00f3rg\u00e3o t\u00eam tamb\u00e9m assento os 11 presidentes de Uni\u00f5es e Juntas de Freguesia, com direito de voto.<\/p>\n<p>Em causa est\u00e1 a empresa \u00c1guas do Alto Minho (AdAM), cuja atividade operacional teve in\u00edcio a 01 de janeiro de 2020. A empresa de gest\u00e3o das redes de abastecimento de \u00e1gua em baixa e de saneamento b\u00e1sico \u00e9 detida em 51% pela \u00c1guas de Portugal (AdP) e em 49% pelos munic\u00edpios de Arcos de Valdevez (PSD), Caminha (PS), Paredes de Coura (PS), Ponte de Lima (CDS-PP), Valen\u00e7a (PS), Viana do Castelo (PS) e Vila Nova de Cerveira (PS), que comp\u00f5em a Comunidade Intermunicipal (CIM) do Alto Minho.<\/p>\n<p>Paulo Esteves garantiu estar contra, desde o in\u00edcio, a constitui\u00e7\u00e3o da empresa que a maioria PSD que no mandato anterior liderava a C\u00e2mara de Valen\u00e7a, aprovou. \u201cFui o \u00fanico deputado do PSD na Assembleia Municipal a votar contra a constitui\u00e7\u00e3o da empresa. Por uma quest\u00e3o de coer\u00eancia e, para n\u00e3o politizar a quest\u00e3o, decidi agora apresentar, a t\u00edtulo pessoal a proposta de referendo local\u201d, explicou.<\/p>\n<p>O deputado do PSD na Assembleia Municipal espera que a medida venha a ter \u201cum efeito cascata, sendo seguida por outros munic\u00edpios da regi\u00e3o que se confrontam com os mesmos problemas, como o aumento brutal do pre\u00e7o da \u00e1gua, aos investimentos que s\u00e3o da compet\u00eancia da empresa, mas que s\u00e3o os munic\u00edpios que est\u00e3o a suportar\u201d.<\/p>\n<p>\u201cEsta empresa \u00e9 um desastre absoluto e o contrato \u00e9 por 30 anos. Ainda s\u00f3 passaram tr\u00eas\u201d, referiu.<\/p>\n<p>Segundo Paulo Esteves, a delibera\u00e7\u00e3o e a proposta de realiza\u00e7\u00e3o da consulta p\u00fablica \u201ct\u00eam de ser enviadas, at\u00e9 amanh\u00e3 [quinta-feira] para o Tribunal Constitucional, no cumprimento dos sete dias \u00fateis previstos na lei do referendo\u201d.<\/p>\n<p>\u201cValen\u00e7a deu o primeiro passo para dar seguimento \u00e0 realiza\u00e7\u00e3o material do referendo. Nesse momento, ser\u00e3o as pessoas a decidir se querem permanecer ou sa\u00edda da AdAM e a C\u00e2mara Municipal ter\u00e1 de cumprir a veredicto da popula\u00e7\u00e3o\u201d, apontou.<\/p>\n<p>A ag\u00eancia Lusa contactou o presidente da C\u00e2mara, Jos\u00e9 Manuel Carpinteira, mas ainda sem sucesso. No entanto, fonte aut\u00e1rquica disse \u00e0 Lusa que \u201co envio da documenta\u00e7\u00e3o para o Tribunal Constitucional \u00e9 uma compet\u00eancia do presidente da Assembleia Municipal\u201d.<\/p>\n<p>A Lusa tentou, mas n\u00e3o conseguiu falar com o presidente da assembleia municipal, Jos\u00e9 Ant\u00f3nio Cerqueira. J\u00e1 a fonte aut\u00e1rquica avan\u00e7ou que a documenta\u00e7\u00e3o \u201cvai ser enviada dentro do prazo legal\u201d.<\/p>\n<p>A eventual revers\u00e3o da AdAM e a remunicipaliza\u00e7\u00e3o da gest\u00e3o das redes de abastecimento de \u00e1gua em baixa e de saneamento b\u00e1sico foi uma das promessas eleitorais do presidente da C\u00e2mara de Valen\u00e7a.<\/p>\n<p>Em 2021, aquando da campanha para as elei\u00e7\u00f5es aut\u00e1rquicas, Jos\u00e9 Manuel Carpinteira afirmou que, se conquistasse o munic\u00edpio ao PSD iria \u201cpromover a realiza\u00e7\u00e3o de um estudo jur\u00eddico e financeiro para aferir da viabilidade da revers\u00e3o da ADAM\u201d. Admitiu ser um processo \u201cmuito dif\u00edcil\u201d, mas garantiu que iria tentar concretizar a promessa eleitoral.<\/p>\n<p>A AdAM, com sede em Viana do Castelo, come\u00e7ou a operar em janeiro de 2020, &#8220;dimensionada para fornecer mais de nove milh\u00f5es de metros c\u00fabicos de \u00e1gua pot\u00e1vel, por ano, e para recolher e tratar mais de seis milh\u00f5es de metros c\u00fabicos de \u00e1gua residual, por ano, a cerca de 70 mil clientes&#8221;.<\/p>\n<p>A constitui\u00e7\u00e3o da empresa tem sido contestada por v\u00e1rios partidos e pela popula\u00e7\u00e3o, que se queixam do aumento &#8220;exponencial&#8221; das tarifas e do &#8220;mau&#8221; funcionamento dos servi\u00e7os.<\/p>\n","protected":false},"excerpt":{"rendered":"<p>A Assembleia Municipal de Valen\u00e7a aprovou, por maioria, a realiza\u00e7\u00e3o de um referendo local \u00e0 sa\u00edda do concelho da \u00c1guas do Alto Minho, proposto pelo deputado eleito pelo PSD, Paulo Esteves. Em declara\u00e7\u00f5es \u00e0 ag\u00eancia Lusa, Paulo Esteves explicou que a proposta de realiza\u00e7\u00e3o de um referendo local, apresentada a \u201ct\u00edtulo pessoal\u201d pelo deputado do [&hellip;]<\/p>\n","protected":false},"author":13,"featured_media":79509,"comment_status":"closed","ping_status":"closed","sticky":false,"template":"","format":"standard","meta":{"_exactmetrics_skip_tracking":false,"_exactmetrics_sitenote_active":false,"_exactmetrics_sitenote_note":"","_exactmetrics_sitenote_category":0,"footnotes":""},"categories":[13],"tags":[21],"class_list":["post-79508","post","type-post","status-publish","format-standard","has-post-thumbnail","hentry","category-valenca","tag-economia"],"yoast_head":"<!-- This site is optimized with the Yoast SEO Premium plugin v27.5 (Yoast SEO v27.5) - https:\/\/yoast.com\/product\/yoast-seo-premium-wordpress\/ -->\n<title>Assembleia de Valen\u00e7a aprova referendo local sobre sa\u00edda da \u00c1guas do Alto Minho<\/title>\n<meta name=\"description\" content=\"A Assembleia Municipal de Valen\u00e7a aprovou, por maioria, a realiza\u00e7\u00e3o de um referendo local \u00e0 sa\u00edda do concelho da \u00c1guas do Alto Minho.\" \/>\n<meta name=\"robots\" content=\"index, follow, max-snippet:-1, max-image-preview:large, max-video-preview:-1\" \/>\n<link rel=\"canonical\" href=\"https:\/\/www.altominho.tv\/site\/2022\/05\/04\/assembleia-de-valenca-aprova-referendo-local-sobre-saida-da-aguas-do-alto-minho\/\" \/>\n<meta property=\"og:locale\" content=\"pt_PT\" \/>\n<meta property=\"og:type\" content=\"article\" \/>\n<meta property=\"og:title\" content=\"Assembleia de Valen\u00e7a aprova referendo local sobre sa\u00edda da \u00c1guas do Alto Minho\" \/>\n<meta property=\"og:description\" content=\"A Assembleia Municipal de Valen\u00e7a aprovou, por maioria, a realiza\u00e7\u00e3o de um referendo local \u00e0 sa\u00edda do concelho da \u00c1guas do Alto Minho.\" \/>\n<meta property=\"og:url\" content=\"https:\/\/www.altominho.tv\/site\/2022\/05\/04\/assembleia-de-valenca-aprova-referendo-local-sobre-saida-da-aguas-do-alto-minho\/\" \/>\n<meta property=\"og:site_name\" content=\"Altominho.tv\" \/>\n<meta property=\"article:publisher\" content=\"https:\/\/www.facebook.com\/altominhotv\" \/>\n<meta property=\"article:published_time\" content=\"2022-05-04T17:11:44+00:00\" \/>\n<meta property=\"article:modified_time\" content=\"2022-05-04T17:11:49+00:00\" \/>\n<meta property=\"og:image\" content=\"https:\/\/www.altominho.tv\/site\/wp-content\/uploads\/2022\/05\/Torneira-a\u0301gua.jpg\" \/>\n\t<meta property=\"og:image:width\" content=\"1920\" \/>\n\t<meta property=\"og:image:height\" content=\"1278\" \/>\n\t<meta property=\"og:image:type\" content=\"image\/jpeg\" \/>\n<meta name=\"author\" content=\"Lusa\" \/>\n<meta name=\"twitter:card\" content=\"summary_large_image\" \/>\n<meta name=\"twitter:creator\" content=\"@altominhoTV\" \/>\n<meta name=\"twitter:site\" content=\"@altominhoTV\" \/>\n<meta name=\"twitter:label1\" content=\"Escrito por\" \/>\n\t<meta name=\"twitter:data1\" content=\"Lusa\" \/>\n\t<meta name=\"twitter:label2\" content=\"Tempo estimado de leitura\" \/>\n\t<meta name=\"twitter:data2\" content=\"4 minutos\" \/>\n<script type=\"application\/ld+json\" class=\"yoast-schema-graph\">{\"@context\":\"https:\\\/\\\/schema.org\",\"@graph\":[{\"@type\":\"Article\",\"@id\":\"https:\\\/\\\/www.altominho.tv\\\/site\\\/2022\\\/05\\\/04\\\/assembleia-de-valenca-aprova-referendo-local-sobre-saida-da-aguas-do-alto-minho\\\/#article\",\"isPartOf\":{\"@id\":\"https:\\\/\\\/www.altominho.tv\\\/site\\\/2022\\\/05\\\/04\\\/assembleia-de-valenca-aprova-referendo-local-sobre-saida-da-aguas-do-alto-minho\\\/\"},\"author\":{\"name\":\"Lusa\",\"@id\":\"https:\\\/\\\/www.altominho.tv\\\/site\\\/#\\\/schema\\\/person\\\/63f693da3e1899361cbe955c46f3232e\"},\"headline\":\"Assembleia de Valen\u00e7a aprova referendo local sobre sa\u00edda da \u00c1guas do Alto Minho\",\"datePublished\":\"2022-05-04T17:11:44+00:00\",\"dateModified\":\"2022-05-04T17:11:49+00:00\",\"mainEntityOfPage\":{\"@id\":\"https:\\\/\\\/www.altominho.tv\\\/site\\\/2022\\\/05\\\/04\\\/assembleia-de-valenca-aprova-referendo-local-sobre-saida-da-aguas-do-alto-minho\\\/\"},\"wordCount\":752,\"image\":{\"@id\":\"https:\\\/\\\/www.altominho.tv\\\/site\\\/2022\\\/05\\\/04\\\/assembleia-de-valenca-aprova-referendo-local-sobre-saida-da-aguas-do-alto-minho\\\/#primaryimage\"},\"thumbnailUrl\":\"https:\\\/\\\/www.altominho.tv\\\/site\\\/wp-content\\\/uploads\\\/2022\\\/05\\\/Torneira-a\u0301gua.jpg\",\"keywords\":[\"Economia\"],\"articleSection\":[\"Valen\u00e7a\"],\"inLanguage\":\"pt-PT\",\"copyrightYear\":\"2022\",\"copyrightHolder\":{\"@id\":\"https:\\\/\\\/www.altominho.tv\\\/site\\\/#organization\"}},{\"@type\":\"WebPage\",\"@id\":\"https:\\\/\\\/www.altominho.tv\\\/site\\\/2022\\\/05\\\/04\\\/assembleia-de-valenca-aprova-referendo-local-sobre-saida-da-aguas-do-alto-minho\\\/\",\"url\":\"https:\\\/\\\/www.altominho.tv\\\/site\\\/2022\\\/05\\\/04\\\/assembleia-de-valenca-aprova-referendo-local-sobre-saida-da-aguas-do-alto-minho\\\/\",\"name\":\"Assembleia de Valen\u00e7a aprova referendo local sobre sa\u00edda da \u00c1guas do Alto Minho\",\"isPartOf\":{\"@id\":\"https:\\\/\\\/www.altominho.tv\\\/site\\\/#website\"},\"primaryImageOfPage\":{\"@id\":\"https:\\\/\\\/www.altominho.tv\\\/site\\\/2022\\\/05\\\/04\\\/assembleia-de-valenca-aprova-referendo-local-sobre-saida-da-aguas-do-alto-minho\\\/#primaryimage\"},\"image\":{\"@id\":\"https:\\\/\\\/www.altominho.tv\\\/site\\\/2022\\\/05\\\/04\\\/assembleia-de-valenca-aprova-referendo-local-sobre-saida-da-aguas-do-alto-minho\\\/#primaryimage\"},\"thumbnailUrl\":\"https:\\\/\\\/www.altominho.tv\\\/site\\\/wp-content\\\/uploads\\\/2022\\\/05\\\/Torneira-a\u0301gua.jpg\",\"datePublished\":\"2022-05-04T17:11:44+00:00\",\"dateModified\":\"2022-05-04T17:11:49+00:00\",\"author\":{\"@id\":\"https:\\\/\\\/www.altominho.tv\\\/site\\\/#\\\/schema\\\/person\\\/63f693da3e1899361cbe955c46f3232e\"},\"description\":\"A Assembleia Municipal de Valen\u00e7a aprovou, por maioria, a realiza\u00e7\u00e3o de um referendo local \u00e0 sa\u00edda do concelho da \u00c1guas do Alto Minho.\",\"breadcrumb\":{\"@id\":\"https:\\\/\\\/www.altominho.tv\\\/site\\\/2022\\\/05\\\/04\\\/assembleia-de-valenca-aprova-referendo-local-sobre-saida-da-aguas-do-alto-minho\\\/#breadcrumb\"},\"inLanguage\":\"pt-PT\",\"potentialAction\":[{\"@type\":\"ReadAction\",\"target\":[\"https:\\\/\\\/www.altominho.tv\\\/site\\\/2022\\\/05\\\/04\\\/assembleia-de-valenca-aprova-referendo-local-sobre-saida-da-aguas-do-alto-minho\\\/\"]}]},{\"@type\":\"ImageObject\",\"inLanguage\":\"pt-PT\",\"@id\":\"https:\\\/\\\/www.altominho.tv\\\/site\\\/2022\\\/05\\\/04\\\/assembleia-de-valenca-aprova-referendo-local-sobre-saida-da-aguas-do-alto-minho\\\/#primaryimage\",\"url\":\"https:\\\/\\\/www.altominho.tv\\\/site\\\/wp-content\\\/uploads\\\/2022\\\/05\\\/Torneira-a\u0301gua.jpg\",\"contentUrl\":\"https:\\\/\\\/www.altominho.tv\\\/site\\\/wp-content\\\/uploads\\\/2022\\\/05\\\/Torneira-a\u0301gua.jpg\",\"width\":1920,\"height\":1278},{\"@type\":\"BreadcrumbList\",\"@id\":\"https:\\\/\\\/www.altominho.tv\\\/site\\\/2022\\\/05\\\/04\\\/assembleia-de-valenca-aprova-referendo-local-sobre-saida-da-aguas-do-alto-minho\\\/#breadcrumb\",\"itemListElement\":[{\"@type\":\"ListItem\",\"position\":1,\"name\":\"In\u00edcio\",\"item\":\"https:\\\/\\\/www.altominho.tv\\\/site\\\/\"},{\"@type\":\"ListItem\",\"position\":2,\"name\":\"Assembleia de Valen\u00e7a aprova referendo local sobre sa\u00edda da \u00c1guas do Alto Minho\"}]},{\"@type\":\"WebSite\",\"@id\":\"https:\\\/\\\/www.altominho.tv\\\/site\\\/#website\",\"url\":\"https:\\\/\\\/www.altominho.tv\\\/site\\\/\",\"name\":\"Altominho.tv\",\"description\":\"A sua regi\u00e3o \u00e0 dist\u00e2ncia de um clique...\",\"potentialAction\":[{\"@type\":\"SearchAction\",\"target\":{\"@type\":\"EntryPoint\",\"urlTemplate\":\"https:\\\/\\\/www.altominho.tv\\\/site\\\/?s={search_term_string}\"},\"query-input\":{\"@type\":\"PropertyValueSpecification\",\"valueRequired\":true,\"valueName\":\"search_term_string\"}}],\"inLanguage\":\"pt-PT\"},{\"@type\":\"Person\",\"@id\":\"https:\\\/\\\/www.altominho.tv\\\/site\\\/#\\\/schema\\\/person\\\/63f693da3e1899361cbe955c46f3232e\",\"name\":\"Lusa\",\"image\":{\"@type\":\"ImageObject\",\"inLanguage\":\"pt-PT\",\"@id\":\"https:\\\/\\\/www.altominho.tv\\\/site\\\/wp-content\\\/uploads\\\/2019\\\/08\\\/LUSA_Logo.gif\",\"url\":\"https:\\\/\\\/www.altominho.tv\\\/site\\\/wp-content\\\/uploads\\\/2019\\\/08\\\/LUSA_Logo.gif\",\"contentUrl\":\"https:\\\/\\\/www.altominho.tv\\\/site\\\/wp-content\\\/uploads\\\/2019\\\/08\\\/LUSA_Logo.gif\",\"caption\":\"Lusa\"},\"sameAs\":[\"http:\\\/\\\/\\\/\\\/www.altominho.tv\\\/site\"],\"url\":\"https:\\\/\\\/www.altominho.tv\\\/site\\\/author\\\/lusa\\\/\"}]}<\/script>\n<!-- \/ Yoast SEO Premium plugin. -->","yoast_head_json":{"title":"Assembleia de Valen\u00e7a aprova referendo local sobre sa\u00edda da \u00c1guas do Alto Minho","description":"A Assembleia Municipal de Valen\u00e7a aprovou, por maioria, a realiza\u00e7\u00e3o de um referendo local \u00e0 sa\u00edda do concelho da \u00c1guas do Alto Minho.","robots":{"index":"index","follow":"follow","max-snippet":"max-snippet:-1","max-image-preview":"max-image-preview:large","max-video-preview":"max-video-preview:-1"},"canonical":"https:\/\/www.altominho.tv\/site\/2022\/05\/04\/assembleia-de-valenca-aprova-referendo-local-sobre-saida-da-aguas-do-alto-minho\/","og_locale":"pt_PT","og_type":"article","og_title":"Assembleia de Valen\u00e7a aprova referendo local sobre sa\u00edda da \u00c1guas do Alto Minho","og_description":"A Assembleia Municipal de Valen\u00e7a aprovou, por maioria, a realiza\u00e7\u00e3o de um referendo local \u00e0 sa\u00edda do concelho da \u00c1guas do Alto Minho.","og_url":"https:\/\/www.altominho.tv\/site\/2022\/05\/04\/assembleia-de-valenca-aprova-referendo-local-sobre-saida-da-aguas-do-alto-minho\/","og_site_name":"Altominho.tv","article_publisher":"https:\/\/www.facebook.com\/altominhotv","article_published_time":"2022-05-04T17:11:44+00:00","article_modified_time":"2022-05-04T17:11:49+00:00","og_image":[{"width":1920,"height":1278,"url":"https:\/\/www.altominho.tv\/site\/wp-content\/uploads\/2022\/05\/Torneira-a\u0301gua.jpg","type":"image\/jpeg"}],"author":"Lusa","twitter_card":"summary_large_image","twitter_creator":"@altominhoTV","twitter_site":"@altominhoTV","twitter_misc":{"Escrito por":"Lusa","Tempo estimado de leitura":"4 minutos"},"schema":{"@context":"https:\/\/schema.org","@graph":[{"@type":"Article","@id":"https:\/\/www.altominho.tv\/site\/2022\/05\/04\/assembleia-de-valenca-aprova-referendo-local-sobre-saida-da-aguas-do-alto-minho\/#article","isPartOf":{"@id":"https:\/\/www.altominho.tv\/site\/2022\/05\/04\/assembleia-de-valenca-aprova-referendo-local-sobre-saida-da-aguas-do-alto-minho\/"},"author":{"name":"Lusa","@id":"https:\/\/www.altominho.tv\/site\/#\/schema\/person\/63f693da3e1899361cbe955c46f3232e"},"headline":"Assembleia de Valen\u00e7a aprova referendo local sobre sa\u00edda da \u00c1guas do Alto Minho","datePublished":"2022-05-04T17:11:44+00:00","dateModified":"2022-05-04T17:11:49+00:00","mainEntityOfPage":{"@id":"https:\/\/www.altominho.tv\/site\/2022\/05\/04\/assembleia-de-valenca-aprova-referendo-local-sobre-saida-da-aguas-do-alto-minho\/"},"wordCount":752,"image":{"@id":"https:\/\/www.altominho.tv\/site\/2022\/05\/04\/assembleia-de-valenca-aprova-referendo-local-sobre-saida-da-aguas-do-alto-minho\/#primaryimage"},"thumbnailUrl":"https:\/\/www.altominho.tv\/site\/wp-content\/uploads\/2022\/05\/Torneira-a\u0301gua.jpg","keywords":["Economia"],"articleSection":["Valen\u00e7a"],"inLanguage":"pt-PT","copyrightYear":"2022","copyrightHolder":{"@id":"https:\/\/www.altominho.tv\/site\/#organization"}},{"@type":"WebPage","@id":"https:\/\/www.altominho.tv\/site\/2022\/05\/04\/assembleia-de-valenca-aprova-referendo-local-sobre-saida-da-aguas-do-alto-minho\/","url":"https:\/\/www.altominho.tv\/site\/2022\/05\/04\/assembleia-de-valenca-aprova-referendo-local-sobre-saida-da-aguas-do-alto-minho\/","name":"Assembleia de Valen\u00e7a aprova referendo local sobre sa\u00edda da \u00c1guas do Alto Minho","isPartOf":{"@id":"https:\/\/www.altominho.tv\/site\/#website"},"primaryImageOfPage":{"@id":"https:\/\/www.altominho.tv\/site\/2022\/05\/04\/assembleia-de-valenca-aprova-referendo-local-sobre-saida-da-aguas-do-alto-minho\/#primaryimage"},"image":{"@id":"https:\/\/www.altominho.tv\/site\/2022\/05\/04\/assembleia-de-valenca-aprova-referendo-local-sobre-saida-da-aguas-do-alto-minho\/#primaryimage"},"thumbnailUrl":"https:\/\/www.altominho.tv\/site\/wp-content\/uploads\/2022\/05\/Torneira-a\u0301gua.jpg","datePublished":"2022-05-04T17:11:44+00:00","dateModified":"2022-05-04T17:11:49+00:00","author":{"@id":"https:\/\/www.altominho.tv\/site\/#\/schema\/person\/63f693da3e1899361cbe955c46f3232e"},"description":"A Assembleia Municipal de Valen\u00e7a aprovou, por maioria, a realiza\u00e7\u00e3o de um referendo local \u00e0 sa\u00edda do concelho da \u00c1guas do Alto Minho.","breadcrumb":{"@id":"https:\/\/www.altominho.tv\/site\/2022\/05\/04\/assembleia-de-valenca-aprova-referendo-local-sobre-saida-da-aguas-do-alto-minho\/#breadcrumb"},"inLanguage":"pt-PT","potentialAction":[{"@type":"ReadAction","target":["https:\/\/www.altominho.tv\/site\/2022\/05\/04\/assembleia-de-valenca-aprova-referendo-local-sobre-saida-da-aguas-do-alto-minho\/"]}]},{"@type":"ImageObject","inLanguage":"pt-PT","@id":"https:\/\/www.altominho.tv\/site\/2022\/05\/04\/assembleia-de-valenca-aprova-referendo-local-sobre-saida-da-aguas-do-alto-minho\/#primaryimage","url":"https:\/\/www.altominho.tv\/site\/wp-content\/uploads\/2022\/05\/Torneira-a\u0301gua.jpg","contentUrl":"https:\/\/www.altominho.tv\/site\/wp-content\/uploads\/2022\/05\/Torneira-a\u0301gua.jpg","width":1920,"height":1278},{"@type":"BreadcrumbList","@id":"https:\/\/www.altominho.tv\/site\/2022\/05\/04\/assembleia-de-valenca-aprova-referendo-local-sobre-saida-da-aguas-do-alto-minho\/#breadcrumb","itemListElement":[{"@type":"ListItem","position":1,"name":"In\u00edcio","item":"https:\/\/www.altominho.tv\/site\/"},{"@type":"ListItem","position":2,"name":"Assembleia de Valen\u00e7a aprova referendo local sobre sa\u00edda da \u00c1guas do Alto Minho"}]},{"@type":"WebSite","@id":"https:\/\/www.altominho.tv\/site\/#website","url":"https:\/\/www.altominho.tv\/site\/","name":"Altominho.tv","description":"A sua regi\u00e3o \u00e0 dist\u00e2ncia de um clique...","potentialAction":[{"@type":"SearchAction","target":{"@type":"EntryPoint","urlTemplate":"https:\/\/www.altominho.tv\/site\/?s={search_term_string}"},"query-input":{"@type":"PropertyValueSpecification","valueRequired":true,"valueName":"search_term_string"}}],"inLanguage":"pt-PT"},{"@type":"Person","@id":"https:\/\/www.altominho.tv\/site\/#\/schema\/person\/63f693da3e1899361cbe955c46f3232e","name":"Lusa","image":{"@type":"ImageObject","inLanguage":"pt-PT","@id":"https:\/\/www.altominho.tv\/site\/wp-content\/uploads\/2019\/08\/LUSA_Logo.gif","url":"https:\/\/www.altominho.tv\/site\/wp-content\/uploads\/2019\/08\/LUSA_Logo.gif","contentUrl":"https:\/\/www.altominho.tv\/site\/wp-content\/uploads\/2019\/08\/LUSA_Logo.gif","caption":"Lusa"},"sameAs":["http:\/\/\/\/www.altominho.tv\/site"],"url":"https:\/\/www.altominho.tv\/site\/author\/lusa\/"}]}},"_links":{"self":[{"href":"https:\/\/www.altominho.tv\/site\/wp-json\/wp\/v2\/posts\/79508","targetHints":{"allow":["GET"]}}],"collection":[{"href":"https:\/\/www.altominho.tv\/site\/wp-json\/wp\/v2\/posts"}],"about":[{"href":"https:\/\/www.altominho.tv\/site\/wp-json\/wp\/v2\/types\/post"}],"author":[{"embeddable":true,"href":"https:\/\/www.altominho.tv\/site\/wp-json\/wp\/v2\/users\/13"}],"replies":[{"embeddable":true,"href":"https:\/\/www.altominho.tv\/site\/wp-json\/wp\/v2\/comments?post=79508"}],"version-history":[{"count":0,"href":"https:\/\/www.altominho.tv\/site\/wp-json\/wp\/v2\/posts\/79508\/revisions"}],"wp:featuredmedia":[{"embeddable":true,"href":"https:\/\/www.altominho.tv\/site\/wp-json\/wp\/v2\/media\/79509"}],"wp:attachment":[{"href":"https:\/\/www.altominho.tv\/site\/wp-json\/wp\/v2\/media?parent=79508"}],"wp:term":[{"taxonomy":"category","embeddable":true,"href":"https:\/\/www.altominho.tv\/site\/wp-json\/wp\/v2\/categories?post=79508"},{"taxonomy":"post_tag","embeddable":true,"href":"https:\/\/www.altominho.tv\/site\/wp-json\/wp\/v2\/tags?post=79508"}],"curies":[{"name":"wp","href":"https:\/\/api.w.org\/{rel}","templated":true}]}}