{"id":79399,"date":"2022-05-02T17:06:53","date_gmt":"2022-05-02T16:06:53","guid":{"rendered":"https:\/\/www.altominho.tv\/site\/?p=79399"},"modified":"2022-05-02T17:08:50","modified_gmt":"2022-05-02T16:08:50","slug":"musica-paredes-de-coura-2","status":"publish","type":"post","link":"https:\/\/www.altominho.tv\/site\/2022\/05\/02\/musica-paredes-de-coura-2\/","title":{"rendered":"Ciclo de Poliniza\u00e7\u00e3o regressa a 13, 14 e 15 de maio"},"content":{"rendered":"\n<p>O Ciclo de Poliniza\u00e7\u00e3o Musical \u00e9 o encontro derradeiro entre a m\u00fasica e Paredes de Coura e est\u00e1 de regresso j\u00e1 nos dias 13, 14 e 15 de maio.<\/p>\n\n\n\n<p>Os concertos prosseguem depois a 27, 28 e 29 de maio, e ainda nos dias 17, 18 e 19 de junho.<\/p>\n\n\n\n<p>S\u00e3o v\u00e1rios fins de semana a \u201cpolinizar\u201d o territ\u00f3rio com m\u00fasica dos mais diversos g\u00e9neros, entre concertos, atividades l\u00fadicas e workshops, numa tentativa de ampliar, no tempo e no espa\u00e7o, o impacto positivo da m\u00fasica nesta regi\u00e3o.<\/p>\n\n\n\n<p>Com base na m\u00fasica cl\u00e1ssica, tradicional e jazz, o Ciclo de Poliniza\u00e7\u00e3o Musical acolhe projetos nacionais e internacionais que encontram nestes g\u00e9neros a sua base, mas que trazem a Paredes de Coura novas abordagens contempor\u00e2neas.\u00a0<\/p>\n\n\n\n<p>A edi\u00e7\u00e3o de 2022 deste ciclo de concertos e atividades culturais \u00e9 uma iniciativa do\u00a0Munic\u00edpio de Paredes de Coura, em parceria com a\u00a0Associa\u00e7\u00e3o Cultural Rock\u2019n\u2019Cave\u00a0e a\u00a0Associa\u00e7\u00e3o Porta-Jazz, no \u00e2mbito da\u00a0Rede de Teatros e Cineteatros Portugueses.\u00a0<\/p>\n","protected":false},"excerpt":{"rendered":"<p>O Ciclo de Poliniza\u00e7\u00e3o Musical \u00e9 o encontro derradeiro entre a m\u00fasica e Paredes de Coura e est\u00e1 de regresso j\u00e1 nos dias 13, 14 e 15 de maio. Os concertos prosseguem depois a 27, 28 e 29 de maio, e ainda nos dias 17, 18 e 19 de junho. S\u00e3o v\u00e1rios fins de semana [&hellip;]<\/p>\n","protected":false},"author":7,"featured_media":79400,"comment_status":"closed","ping_status":"closed","sticky":false,"template":"","format":"standard","meta":{"_exactmetrics_skip_tracking":false,"_exactmetrics_sitenote_active":false,"_exactmetrics_sitenote_note":"","_exactmetrics_sitenote_category":0,"footnotes":""},"categories":[10],"tags":[19,24],"class_list":["post-79399","post","type-post","status-publish","format-standard","has-post-thumbnail","hentry","category-paredes-de-coura","tag-cultura","tag-lazer"],"yoast_head":"<!-- This site is optimized with the Yoast SEO Premium plugin v27.4 (Yoast SEO v27.4) - https:\/\/yoast.com\/product\/yoast-seo-premium-wordpress\/ -->\n<title>Ciclo de Poliniza\u00e7\u00e3o regressa a 13, 14 e 15 de maio<\/title>\n<meta name=\"description\" content=\"O Ciclo de Poliniza\u00e7\u00e3o est\u00e1 de regresso a Paredes de Coura e traz muita m\u00fasica, nos dias a 13, 14 e 15 de maio.\" \/>\n<meta name=\"robots\" content=\"index, follow, max-snippet:-1, max-image-preview:large, max-video-preview:-1\" \/>\n<link rel=\"canonical\" href=\"https:\/\/www.altominho.tv\/site\/2022\/05\/02\/musica-paredes-de-coura-2\/\" \/>\n<meta property=\"og:locale\" content=\"pt_PT\" \/>\n<meta property=\"og:type\" content=\"article\" \/>\n<meta property=\"og:title\" content=\"Ciclo de Poliniza\u00e7\u00e3o regressa a 13, 14 e 15 de maio\" \/>\n<meta property=\"og:description\" content=\"O Ciclo de Poliniza\u00e7\u00e3o est\u00e1 de regresso a Paredes de Coura e traz muita m\u00fasica, nos dias a 13, 14 e 15 de maio.\" \/>\n<meta property=\"og:url\" content=\"https:\/\/www.altominho.tv\/site\/2022\/05\/02\/musica-paredes-de-coura-2\/\" \/>\n<meta property=\"og:site_name\" content=\"Altominho.tv\" \/>\n<meta property=\"article:publisher\" content=\"https:\/\/www.facebook.com\/altominhotv\" \/>\n<meta property=\"article:published_time\" content=\"2022-05-02T16:06:53+00:00\" \/>\n<meta property=\"article:modified_time\" content=\"2022-05-02T16:08:50+00:00\" \/>\n<meta property=\"og:image\" content=\"https:\/\/www.altominho.tv\/site\/wp-content\/uploads\/2022\/05\/Ciclo-de-Polinizac\u0327a\u0303o-de-Paredes-de-Coura_Concerto-Macadame-scaled-1.jpeg\" \/>\n\t<meta property=\"og:image:width\" content=\"2560\" \/>\n\t<meta property=\"og:image:height\" content=\"1440\" \/>\n\t<meta property=\"og:image:type\" content=\"image\/jpeg\" \/>\n<meta name=\"author\" content=\"Andreia Cunha\" \/>\n<meta name=\"twitter:card\" content=\"summary_large_image\" \/>\n<meta name=\"twitter:creator\" content=\"@altominhoTV\" \/>\n<meta name=\"twitter:site\" content=\"@altominhoTV\" \/>\n<meta name=\"twitter:label1\" content=\"Escrito por\" \/>\n\t<meta name=\"twitter:data1\" content=\"Andreia Cunha\" \/>\n\t<meta name=\"twitter:label2\" content=\"Tempo estimado de leitura\" \/>\n\t<meta name=\"twitter:data2\" content=\"1 minuto\" \/>\n<script type=\"application\/ld+json\" class=\"yoast-schema-graph\">{\"@context\":\"https:\\\/\\\/schema.org\",\"@graph\":[{\"@type\":\"Article\",\"@id\":\"https:\\\/\\\/www.altominho.tv\\\/site\\\/2022\\\/05\\\/02\\\/musica-paredes-de-coura-2\\\/#article\",\"isPartOf\":{\"@id\":\"https:\\\/\\\/www.altominho.tv\\\/site\\\/2022\\\/05\\\/02\\\/musica-paredes-de-coura-2\\\/\"},\"author\":{\"name\":\"Andreia Cunha\",\"@id\":\"https:\\\/\\\/www.altominho.tv\\\/site\\\/#\\\/schema\\\/person\\\/a0e4ef6d041f98ca284393d8f1d97153\"},\"headline\":\"Ciclo de Poliniza\u00e7\u00e3o regressa a 13, 14 e 15 de maio\",\"datePublished\":\"2022-05-02T16:06:53+00:00\",\"dateModified\":\"2022-05-02T16:08:50+00:00\",\"mainEntityOfPage\":{\"@id\":\"https:\\\/\\\/www.altominho.tv\\\/site\\\/2022\\\/05\\\/02\\\/musica-paredes-de-coura-2\\\/\"},\"wordCount\":181,\"image\":{\"@id\":\"https:\\\/\\\/www.altominho.tv\\\/site\\\/2022\\\/05\\\/02\\\/musica-paredes-de-coura-2\\\/#primaryimage\"},\"thumbnailUrl\":\"https:\\\/\\\/www.altominho.tv\\\/site\\\/wp-content\\\/uploads\\\/2022\\\/05\\\/Ciclo-de-Polinizac\u0327a\u0303o-de-Paredes-de-Coura_Concerto-Macadame-scaled-1.jpeg\",\"keywords\":[\"Cultura\",\"Lazer\"],\"articleSection\":[\"Paredes de Coura\"],\"inLanguage\":\"pt-PT\",\"copyrightYear\":\"2022\",\"copyrightHolder\":{\"@id\":\"https:\\\/\\\/www.altominho.tv\\\/site\\\/#organization\"}},{\"@type\":\"WebPage\",\"@id\":\"https:\\\/\\\/www.altominho.tv\\\/site\\\/2022\\\/05\\\/02\\\/musica-paredes-de-coura-2\\\/\",\"url\":\"https:\\\/\\\/www.altominho.tv\\\/site\\\/2022\\\/05\\\/02\\\/musica-paredes-de-coura-2\\\/\",\"name\":\"Ciclo de Poliniza\u00e7\u00e3o regressa a 13, 14 e 15 de maio\",\"isPartOf\":{\"@id\":\"https:\\\/\\\/www.altominho.tv\\\/site\\\/#website\"},\"primaryImageOfPage\":{\"@id\":\"https:\\\/\\\/www.altominho.tv\\\/site\\\/2022\\\/05\\\/02\\\/musica-paredes-de-coura-2\\\/#primaryimage\"},\"image\":{\"@id\":\"https:\\\/\\\/www.altominho.tv\\\/site\\\/2022\\\/05\\\/02\\\/musica-paredes-de-coura-2\\\/#primaryimage\"},\"thumbnailUrl\":\"https:\\\/\\\/www.altominho.tv\\\/site\\\/wp-content\\\/uploads\\\/2022\\\/05\\\/Ciclo-de-Polinizac\u0327a\u0303o-de-Paredes-de-Coura_Concerto-Macadame-scaled-1.jpeg\",\"datePublished\":\"2022-05-02T16:06:53+00:00\",\"dateModified\":\"2022-05-02T16:08:50+00:00\",\"author\":{\"@id\":\"https:\\\/\\\/www.altominho.tv\\\/site\\\/#\\\/schema\\\/person\\\/a0e4ef6d041f98ca284393d8f1d97153\"},\"description\":\"O Ciclo de Poliniza\u00e7\u00e3o est\u00e1 de regresso a Paredes de Coura e traz muita m\u00fasica, nos dias a 13, 14 e 15 de maio.\",\"breadcrumb\":{\"@id\":\"https:\\\/\\\/www.altominho.tv\\\/site\\\/2022\\\/05\\\/02\\\/musica-paredes-de-coura-2\\\/#breadcrumb\"},\"inLanguage\":\"pt-PT\",\"potentialAction\":[{\"@type\":\"ReadAction\",\"target\":[\"https:\\\/\\\/www.altominho.tv\\\/site\\\/2022\\\/05\\\/02\\\/musica-paredes-de-coura-2\\\/\"]}]},{\"@type\":\"ImageObject\",\"inLanguage\":\"pt-PT\",\"@id\":\"https:\\\/\\\/www.altominho.tv\\\/site\\\/2022\\\/05\\\/02\\\/musica-paredes-de-coura-2\\\/#primaryimage\",\"url\":\"https:\\\/\\\/www.altominho.tv\\\/site\\\/wp-content\\\/uploads\\\/2022\\\/05\\\/Ciclo-de-Polinizac\u0327a\u0303o-de-Paredes-de-Coura_Concerto-Macadame-scaled-1.jpeg\",\"contentUrl\":\"https:\\\/\\\/www.altominho.tv\\\/site\\\/wp-content\\\/uploads\\\/2022\\\/05\\\/Ciclo-de-Polinizac\u0327a\u0303o-de-Paredes-de-Coura_Concerto-Macadame-scaled-1.jpeg\",\"width\":2560,\"height\":1440},{\"@type\":\"BreadcrumbList\",\"@id\":\"https:\\\/\\\/www.altominho.tv\\\/site\\\/2022\\\/05\\\/02\\\/musica-paredes-de-coura-2\\\/#breadcrumb\",\"itemListElement\":[{\"@type\":\"ListItem\",\"position\":1,\"name\":\"In\u00edcio\",\"item\":\"https:\\\/\\\/www.altominho.tv\\\/site\\\/\"},{\"@type\":\"ListItem\",\"position\":2,\"name\":\"Ciclo de Poliniza\u00e7\u00e3o regressa a 13, 14 e 15 de maio\"}]},{\"@type\":\"WebSite\",\"@id\":\"https:\\\/\\\/www.altominho.tv\\\/site\\\/#website\",\"url\":\"https:\\\/\\\/www.altominho.tv\\\/site\\\/\",\"name\":\"Altominho.tv\",\"description\":\"A sua regi\u00e3o \u00e0 dist\u00e2ncia de um clique...\",\"potentialAction\":[{\"@type\":\"SearchAction\",\"target\":{\"@type\":\"EntryPoint\",\"urlTemplate\":\"https:\\\/\\\/www.altominho.tv\\\/site\\\/?s={search_term_string}\"},\"query-input\":{\"@type\":\"PropertyValueSpecification\",\"valueRequired\":true,\"valueName\":\"search_term_string\"}}],\"inLanguage\":\"pt-PT\"},{\"@type\":\"Person\",\"@id\":\"https:\\\/\\\/www.altominho.tv\\\/site\\\/#\\\/schema\\\/person\\\/a0e4ef6d041f98ca284393d8f1d97153\",\"name\":\"Andreia Cunha\",\"image\":{\"@type\":\"ImageObject\",\"inLanguage\":\"pt-PT\",\"@id\":\"https:\\\/\\\/www.altominho.tv\\\/site\\\/wp-content\\\/uploads\\\/2017\\\/11\\\/Andreia_Cunha-1-150x150.jpg\",\"url\":\"https:\\\/\\\/www.altominho.tv\\\/site\\\/wp-content\\\/uploads\\\/2017\\\/11\\\/Andreia_Cunha-1-150x150.jpg\",\"contentUrl\":\"https:\\\/\\\/www.altominho.tv\\\/site\\\/wp-content\\\/uploads\\\/2017\\\/11\\\/Andreia_Cunha-1-150x150.jpg\",\"caption\":\"Andreia Cunha\"},\"url\":\"https:\\\/\\\/www.altominho.tv\\\/site\\\/author\\\/andreiacunha\\\/\"}]}<\/script>\n<!-- \/ Yoast SEO Premium plugin. -->","yoast_head_json":{"title":"Ciclo de Poliniza\u00e7\u00e3o regressa a 13, 14 e 15 de maio","description":"O Ciclo de Poliniza\u00e7\u00e3o est\u00e1 de regresso a Paredes de Coura e traz muita m\u00fasica, nos dias a 13, 14 e 15 de maio.","robots":{"index":"index","follow":"follow","max-snippet":"max-snippet:-1","max-image-preview":"max-image-preview:large","max-video-preview":"max-video-preview:-1"},"canonical":"https:\/\/www.altominho.tv\/site\/2022\/05\/02\/musica-paredes-de-coura-2\/","og_locale":"pt_PT","og_type":"article","og_title":"Ciclo de Poliniza\u00e7\u00e3o regressa a 13, 14 e 15 de maio","og_description":"O Ciclo de Poliniza\u00e7\u00e3o est\u00e1 de regresso a Paredes de Coura e traz muita m\u00fasica, nos dias a 13, 14 e 15 de maio.","og_url":"https:\/\/www.altominho.tv\/site\/2022\/05\/02\/musica-paredes-de-coura-2\/","og_site_name":"Altominho.tv","article_publisher":"https:\/\/www.facebook.com\/altominhotv","article_published_time":"2022-05-02T16:06:53+00:00","article_modified_time":"2022-05-02T16:08:50+00:00","og_image":[{"width":2560,"height":1440,"url":"https:\/\/www.altominho.tv\/site\/wp-content\/uploads\/2022\/05\/Ciclo-de-Polinizac\u0327a\u0303o-de-Paredes-de-Coura_Concerto-Macadame-scaled-1.jpeg","type":"image\/jpeg"}],"author":"Andreia Cunha","twitter_card":"summary_large_image","twitter_creator":"@altominhoTV","twitter_site":"@altominhoTV","twitter_misc":{"Escrito por":"Andreia Cunha","Tempo estimado de leitura":"1 minuto"},"schema":{"@context":"https:\/\/schema.org","@graph":[{"@type":"Article","@id":"https:\/\/www.altominho.tv\/site\/2022\/05\/02\/musica-paredes-de-coura-2\/#article","isPartOf":{"@id":"https:\/\/www.altominho.tv\/site\/2022\/05\/02\/musica-paredes-de-coura-2\/"},"author":{"name":"Andreia Cunha","@id":"https:\/\/www.altominho.tv\/site\/#\/schema\/person\/a0e4ef6d041f98ca284393d8f1d97153"},"headline":"Ciclo de Poliniza\u00e7\u00e3o regressa a 13, 14 e 15 de maio","datePublished":"2022-05-02T16:06:53+00:00","dateModified":"2022-05-02T16:08:50+00:00","mainEntityOfPage":{"@id":"https:\/\/www.altominho.tv\/site\/2022\/05\/02\/musica-paredes-de-coura-2\/"},"wordCount":181,"image":{"@id":"https:\/\/www.altominho.tv\/site\/2022\/05\/02\/musica-paredes-de-coura-2\/#primaryimage"},"thumbnailUrl":"https:\/\/www.altominho.tv\/site\/wp-content\/uploads\/2022\/05\/Ciclo-de-Polinizac\u0327a\u0303o-de-Paredes-de-Coura_Concerto-Macadame-scaled-1.jpeg","keywords":["Cultura","Lazer"],"articleSection":["Paredes de Coura"],"inLanguage":"pt-PT","copyrightYear":"2022","copyrightHolder":{"@id":"https:\/\/www.altominho.tv\/site\/#organization"}},{"@type":"WebPage","@id":"https:\/\/www.altominho.tv\/site\/2022\/05\/02\/musica-paredes-de-coura-2\/","url":"https:\/\/www.altominho.tv\/site\/2022\/05\/02\/musica-paredes-de-coura-2\/","name":"Ciclo de Poliniza\u00e7\u00e3o regressa a 13, 14 e 15 de maio","isPartOf":{"@id":"https:\/\/www.altominho.tv\/site\/#website"},"primaryImageOfPage":{"@id":"https:\/\/www.altominho.tv\/site\/2022\/05\/02\/musica-paredes-de-coura-2\/#primaryimage"},"image":{"@id":"https:\/\/www.altominho.tv\/site\/2022\/05\/02\/musica-paredes-de-coura-2\/#primaryimage"},"thumbnailUrl":"https:\/\/www.altominho.tv\/site\/wp-content\/uploads\/2022\/05\/Ciclo-de-Polinizac\u0327a\u0303o-de-Paredes-de-Coura_Concerto-Macadame-scaled-1.jpeg","datePublished":"2022-05-02T16:06:53+00:00","dateModified":"2022-05-02T16:08:50+00:00","author":{"@id":"https:\/\/www.altominho.tv\/site\/#\/schema\/person\/a0e4ef6d041f98ca284393d8f1d97153"},"description":"O Ciclo de Poliniza\u00e7\u00e3o est\u00e1 de regresso a Paredes de Coura e traz muita m\u00fasica, nos dias a 13, 14 e 15 de maio.","breadcrumb":{"@id":"https:\/\/www.altominho.tv\/site\/2022\/05\/02\/musica-paredes-de-coura-2\/#breadcrumb"},"inLanguage":"pt-PT","potentialAction":[{"@type":"ReadAction","target":["https:\/\/www.altominho.tv\/site\/2022\/05\/02\/musica-paredes-de-coura-2\/"]}]},{"@type":"ImageObject","inLanguage":"pt-PT","@id":"https:\/\/www.altominho.tv\/site\/2022\/05\/02\/musica-paredes-de-coura-2\/#primaryimage","url":"https:\/\/www.altominho.tv\/site\/wp-content\/uploads\/2022\/05\/Ciclo-de-Polinizac\u0327a\u0303o-de-Paredes-de-Coura_Concerto-Macadame-scaled-1.jpeg","contentUrl":"https:\/\/www.altominho.tv\/site\/wp-content\/uploads\/2022\/05\/Ciclo-de-Polinizac\u0327a\u0303o-de-Paredes-de-Coura_Concerto-Macadame-scaled-1.jpeg","width":2560,"height":1440},{"@type":"BreadcrumbList","@id":"https:\/\/www.altominho.tv\/site\/2022\/05\/02\/musica-paredes-de-coura-2\/#breadcrumb","itemListElement":[{"@type":"ListItem","position":1,"name":"In\u00edcio","item":"https:\/\/www.altominho.tv\/site\/"},{"@type":"ListItem","position":2,"name":"Ciclo de Poliniza\u00e7\u00e3o regressa a 13, 14 e 15 de maio"}]},{"@type":"WebSite","@id":"https:\/\/www.altominho.tv\/site\/#website","url":"https:\/\/www.altominho.tv\/site\/","name":"Altominho.tv","description":"A sua regi\u00e3o \u00e0 dist\u00e2ncia de um clique...","potentialAction":[{"@type":"SearchAction","target":{"@type":"EntryPoint","urlTemplate":"https:\/\/www.altominho.tv\/site\/?s={search_term_string}"},"query-input":{"@type":"PropertyValueSpecification","valueRequired":true,"valueName":"search_term_string"}}],"inLanguage":"pt-PT"},{"@type":"Person","@id":"https:\/\/www.altominho.tv\/site\/#\/schema\/person\/a0e4ef6d041f98ca284393d8f1d97153","name":"Andreia Cunha","image":{"@type":"ImageObject","inLanguage":"pt-PT","@id":"https:\/\/www.altominho.tv\/site\/wp-content\/uploads\/2017\/11\/Andreia_Cunha-1-150x150.jpg","url":"https:\/\/www.altominho.tv\/site\/wp-content\/uploads\/2017\/11\/Andreia_Cunha-1-150x150.jpg","contentUrl":"https:\/\/www.altominho.tv\/site\/wp-content\/uploads\/2017\/11\/Andreia_Cunha-1-150x150.jpg","caption":"Andreia Cunha"},"url":"https:\/\/www.altominho.tv\/site\/author\/andreiacunha\/"}]}},"_links":{"self":[{"href":"https:\/\/www.altominho.tv\/site\/wp-json\/wp\/v2\/posts\/79399","targetHints":{"allow":["GET"]}}],"collection":[{"href":"https:\/\/www.altominho.tv\/site\/wp-json\/wp\/v2\/posts"}],"about":[{"href":"https:\/\/www.altominho.tv\/site\/wp-json\/wp\/v2\/types\/post"}],"author":[{"embeddable":true,"href":"https:\/\/www.altominho.tv\/site\/wp-json\/wp\/v2\/users\/7"}],"replies":[{"embeddable":true,"href":"https:\/\/www.altominho.tv\/site\/wp-json\/wp\/v2\/comments?post=79399"}],"version-history":[{"count":0,"href":"https:\/\/www.altominho.tv\/site\/wp-json\/wp\/v2\/posts\/79399\/revisions"}],"wp:featuredmedia":[{"embeddable":true,"href":"https:\/\/www.altominho.tv\/site\/wp-json\/wp\/v2\/media\/79400"}],"wp:attachment":[{"href":"https:\/\/www.altominho.tv\/site\/wp-json\/wp\/v2\/media?parent=79399"}],"wp:term":[{"taxonomy":"category","embeddable":true,"href":"https:\/\/www.altominho.tv\/site\/wp-json\/wp\/v2\/categories?post=79399"},{"taxonomy":"post_tag","embeddable":true,"href":"https:\/\/www.altominho.tv\/site\/wp-json\/wp\/v2\/tags?post=79399"}],"curies":[{"name":"wp","href":"https:\/\/api.w.org\/{rel}","templated":true}]}}