{"id":79378,"date":"2022-05-02T15:16:54","date_gmt":"2022-05-02T14:16:54","guid":{"rendered":"https:\/\/www.altominho.tv\/site\/?p=79378"},"modified":"2022-05-02T15:21:49","modified_gmt":"2022-05-02T14:21:49","slug":"paredes-de-coura-com-taxa-de-execucao-de-87","status":"publish","type":"post","link":"https:\/\/www.altominho.tv\/site\/2022\/05\/02\/paredes-de-coura-com-taxa-de-execucao-de-87\/","title":{"rendered":"Paredes de Coura com taxa de execu\u00e7\u00e3o de 87%"},"content":{"rendered":"<p>Paredes de Coura apresentou em 2021 uma taxa de execu\u00e7\u00e3o ao n\u00edvel da receita de 87%:\u00a0\u201cconseguimos resultados muito positivos que evidenciam contas saud\u00e1veis, rigorosas e que\u00a0refor\u00e7am a consolida\u00e7\u00e3o do equil\u00edbrio financeiro, alcan\u00e7ado nos \u00faltimos anos&#8221;.<\/p>\n<p>A d\u00edvida atual e\u00a0consolidada \u00e9 de 5 061 936,88 \u20ac, o que representa uma diminui\u00e7\u00e3o de 754 442,77\u20ac\u201d, sublinhou\u00a0Vitor Paulo Pereira, presidente da C\u00e2mara, na apresenta\u00e7\u00e3o do Relat\u00f3rio de Presta\u00e7\u00e3o de Contas\u00a0de 2021.<\/p>\n<p>O documento que mereceu a aprova\u00e7\u00e3o por unanimidade da Assembleia Municipal reflete a\u00a0capacidade de investimento com a redu\u00e7\u00e3o da d\u00edvida, o que permitir\u00e1 fortalecer as necessidades\u00a0de investimento que suportar\u00e3o financeiramente alguns projetos que mudar\u00e3o para melhor a\u00a0vida de todos os courenses.<\/p>\n<p>Recorde-se que ser\u00e1 conclu\u00edda em breve a nova liga\u00e7\u00e3o da A3 a Paredes de Coura, a\u00a0requalifica\u00e7\u00e3o e amplia\u00e7\u00e3o da Zona Industrial de Formariz, bem como ter\u00e1 in\u00edcio a constru\u00e7\u00e3o\u00a0da nova Zona Industrial de Linhares.<\/p>\n<p>\u201cNo sector farmac\u00eautico est\u00e1 em fase de conclus\u00e3o a\u00a0primeira f\u00e1brica de vacinas e preparamos o arranque de mais duas unidades, bem como a\u00a0constru\u00e7\u00e3o de um armaz\u00e9m de produtos farmac\u00eauticos com laborat\u00f3rio e controlo de\u00a0qualidade. Este investimento estimular\u00e1 novos investimentos na \u00e1rea da biotecnologia, pelo que\u00a0Paredes de Coura ser\u00e1 pioneira na produ\u00e7\u00e3o industrial de vacinas, o que constitui motivo de\u00a0orgulho para todos n\u00f3s\u201d, relembrou o autarca, sustentando que as rubricas que mais recursos\u00a0consumiram ao or\u00e7amento municipal foram as zonas industriais, a educa\u00e7\u00e3o e a cultura, a\u00a0coes\u00e3o social, a reabilita\u00e7\u00e3o urbana e a rede vi\u00e1ria.<\/p>\n<p>\u201cApostamos no investimento estrat\u00e9gico e n\u00e3o esquecemos as freguesias\u201d, refor\u00e7ou Vitor Paulo\u00a0Pereira, recordando tamb\u00e9m que de 2017 a 2021 o investimento nas freguesias do concelho foi\u00a0de 8,5 M\u20ac: \u201cTemos boas contas e estamos a fazer uma gest\u00e3o rigorosa do dinheiro p\u00fablico, sem\u00a0perder a capacidade de investimento. Sabemos por onde queremos ir e temos uma estrat\u00e9gia\u201d,\u00a0real\u00e7ou.<\/p>\n<p>\u201cProcuramos, sobretudo, aproveitar as oportunidades e n\u00e3o apenas resolver problemas.\u00a0Sabemos por onde vai o futuro. N\u00e3o procuramos ser modernos. Procuramos ser inovadores e\u00a0assumir riscos. Porque n\u00e3o assumir riscos, no presente, \u00e9 uma atitude potencialmente suicida\u00a0no futuro\u201d, enfatizou Vitor Paulo Pereira, recordando que Paredes de Coura continua a ser \u201cum\u00a0territ\u00f3rio que cresce, que cria emprego. Uma terra de ind\u00fastria, uma terra empreendedora e\u00a0que se afirma no contexto nacional pela ousadia e inova\u00e7\u00e3o dos seus projetos\u201d.<\/p>\n<p>No Relat\u00f3rio de Presta\u00e7\u00e3o de Contas de 2021 ressalta tamb\u00e9m que as despesas efetuadas no\u00a0ano corrente foram de 13 165 599,64\u20ac, o que representa um acr\u00e9scimo de cerca de 10%.<\/p>\n<p>\u201cEsta\u00a0varia\u00e7\u00e3o nas transfer\u00eancias correntes ficou a dever-se aos apoios \u00e0s institui\u00e7\u00f5es de solidariedade\u00a0social e humanit\u00e1rias, ao com\u00e9rcio local e \u00e0 popula\u00e7\u00e3o em geral\u201d, explicou Vitor Paulo Pereira,\u00a0recordando que no ano de 2021, e ainda atualmente, foram muitos os courenses que viveram\u00a0tempos muito dif\u00edceis: \u201cprocuramos estar sempre pr\u00f3ximos daqueles que sofreram mais os\u00a0efeitos indesej\u00e1veis desta pandemia. As fam\u00edlias, as empresas, os comerciantes e as institui\u00e7\u00f5es\u00a0sociais continuar\u00e3o a enfrentar muitas dificuldades e n\u00f3s procuraremos ter pol\u00edticas capazes de\u00a0atenuar os efeitos nefastos desta crise que atravessamos\u201d, refor\u00e7ou.<\/p>\n<p>O apoio \u00e0s fam\u00edlias foi uma preocupa\u00e7\u00e3o, com subs\u00eddios de natalidade, apoios escolares e apoios\u00a0\u00e0 ajuda da manuten\u00e7\u00e3o do rendimento, atrav\u00e9s de v\u00e1rias modalidades de apoio social, explicou\u00a0o autarca, recordando tamb\u00e9m que no ano de 2021 o Munic\u00edpio investiu na educa\u00e7\u00e3o quase um\u00a0milh\u00e3o de euros.<\/p>\n<p>No entanto, a Presta\u00e7\u00e3o de Contas de 2021 volta a ser marcada pelo refor\u00e7o das condi\u00e7\u00f5es de\u00a0acolhimento de novas empresas, atrav\u00e9s da melhoria da liga\u00e7\u00e3o \u00e0 A3 e da requalifica\u00e7\u00e3o do\u00a0Parque Empresarial de Formariz.<\/p>\n<p>\u201cEstamos permanentemente focados na cria\u00e7\u00e3o de condi\u00e7\u00f5es\u00a0que favore\u00e7am a implanta\u00e7\u00e3o de empresas de base tecnol\u00f3gica que ser\u00e3o respons\u00e1veis pela\u00a0cria\u00e7\u00e3o de emprego qualificado\u201d, sublinhou Vitor Paulo Pereira, para quem \u201co futuro pertence\u00a0aqueles que est\u00e3o dispostos a perder o equil\u00edbrio. Equil\u00edbrio nas contas e desequil\u00edbrio ou\u00a0ousadia na arte de pensar o desenvolvimento de Paredes de Coura. Nos tempos que correm,\u00a0arriscar, ser inquieto e ousado \u00e9 o que de mais sensato se pode fazer. N\u00e3o h\u00e1 verdadeiro\u00a0desenvolvimento sem decis\u00f5es corajosas. Estamos dispostos a lutar e a correr riscos. A gente de<br \/>\nParedes de Coura sabe disso\u201d, concluiu.<\/p>\n","protected":false},"excerpt":{"rendered":"<p>Paredes de Coura apresentou em 2021 uma taxa de execu\u00e7\u00e3o ao n\u00edvel da receita de 87%:\u00a0\u201cconseguimos resultados muito positivos que evidenciam contas saud\u00e1veis, rigorosas e que\u00a0refor\u00e7am a consolida\u00e7\u00e3o do equil\u00edbrio financeiro, alcan\u00e7ado nos \u00faltimos anos&#8221;. A d\u00edvida atual e\u00a0consolidada \u00e9 de 5 061 936,88 \u20ac, o que representa uma diminui\u00e7\u00e3o de 754 442,77\u20ac\u201d, sublinhou\u00a0Vitor Paulo [&hellip;]<\/p>\n","protected":false},"author":1,"featured_media":79381,"comment_status":"closed","ping_status":"closed","sticky":false,"template":"","format":"standard","meta":{"_exactmetrics_skip_tracking":false,"_exactmetrics_sitenote_active":false,"_exactmetrics_sitenote_note":"","_exactmetrics_sitenote_category":0,"footnotes":""},"categories":[10],"tags":[21],"class_list":["post-79378","post","type-post","status-publish","format-standard","has-post-thumbnail","hentry","category-paredes-de-coura","tag-economia"],"yoast_head":"<!-- This site is optimized with the Yoast SEO Premium plugin v27.4 (Yoast SEO v27.4) - https:\/\/yoast.com\/product\/yoast-seo-premium-wordpress\/ -->\n<title>Paredes de Coura com taxa de execu\u00e7\u00e3o de 87%<\/title>\n<meta name=\"description\" content=\"Paredes de Coura apresentou em 2021 uma taxa de execu\u00e7\u00e3o ao n\u00edvel da receita de 87%:\u00a0\u201cconseguimos resultados muito positivos&quot;.\" \/>\n<meta name=\"robots\" content=\"index, follow, max-snippet:-1, max-image-preview:large, max-video-preview:-1\" \/>\n<link rel=\"canonical\" href=\"https:\/\/www.altominho.tv\/site\/2022\/05\/02\/paredes-de-coura-com-taxa-de-execucao-de-87\/\" \/>\n<meta property=\"og:locale\" content=\"pt_PT\" \/>\n<meta property=\"og:type\" content=\"article\" \/>\n<meta property=\"og:title\" content=\"Paredes de Coura com taxa de execu\u00e7\u00e3o de 87%\" \/>\n<meta property=\"og:description\" content=\"Paredes de Coura apresentou em 2021 uma taxa de execu\u00e7\u00e3o ao n\u00edvel da receita de 87%:\u00a0\u201cconseguimos resultados muito positivos&quot;.\" \/>\n<meta property=\"og:url\" content=\"https:\/\/www.altominho.tv\/site\/2022\/05\/02\/paredes-de-coura-com-taxa-de-execucao-de-87\/\" \/>\n<meta property=\"og:site_name\" content=\"Altominho.tv\" \/>\n<meta property=\"article:publisher\" content=\"https:\/\/www.facebook.com\/altominhotv\" \/>\n<meta property=\"article:published_time\" content=\"2022-05-02T14:16:54+00:00\" \/>\n<meta property=\"article:modified_time\" content=\"2022-05-02T14:21:49+00:00\" \/>\n<meta property=\"og:image\" content=\"https:\/\/www.altominho.tv\/site\/wp-content\/uploads\/2022\/05\/Camara-2_Easy-Resize.com_-e1651500758180.jpg\" \/>\n\t<meta property=\"og:image:width\" content=\"1280\" \/>\n\t<meta property=\"og:image:height\" content=\"822\" \/>\n\t<meta property=\"og:image:type\" content=\"image\/jpeg\" \/>\n<meta name=\"author\" content=\"Altominho.tv\" \/>\n<meta name=\"twitter:card\" content=\"summary_large_image\" \/>\n<meta name=\"twitter:creator\" content=\"@altominhoTV\" \/>\n<meta name=\"twitter:site\" content=\"@altominhoTV\" \/>\n<meta name=\"twitter:label1\" content=\"Escrito por\" \/>\n\t<meta name=\"twitter:data1\" content=\"Altominho.tv\" \/>\n\t<meta name=\"twitter:label2\" content=\"Tempo estimado de leitura\" \/>\n\t<meta name=\"twitter:data2\" content=\"4 minutos\" \/>\n<script type=\"application\/ld+json\" class=\"yoast-schema-graph\">{\"@context\":\"https:\\\/\\\/schema.org\",\"@graph\":[{\"@type\":\"Article\",\"@id\":\"https:\\\/\\\/www.altominho.tv\\\/site\\\/2022\\\/05\\\/02\\\/paredes-de-coura-com-taxa-de-execucao-de-87\\\/#article\",\"isPartOf\":{\"@id\":\"https:\\\/\\\/www.altominho.tv\\\/site\\\/2022\\\/05\\\/02\\\/paredes-de-coura-com-taxa-de-execucao-de-87\\\/\"},\"author\":{\"name\":\"Altominho.tv\",\"@id\":\"https:\\\/\\\/www.altominho.tv\\\/site\\\/#\\\/schema\\\/person\\\/4e536851627d7914baf3dac752b6af22\"},\"headline\":\"Paredes de Coura com taxa de execu\u00e7\u00e3o de 87%\",\"datePublished\":\"2022-05-02T14:16:54+00:00\",\"dateModified\":\"2022-05-02T14:21:49+00:00\",\"mainEntityOfPage\":{\"@id\":\"https:\\\/\\\/www.altominho.tv\\\/site\\\/2022\\\/05\\\/02\\\/paredes-de-coura-com-taxa-de-execucao-de-87\\\/\"},\"wordCount\":781,\"image\":{\"@id\":\"https:\\\/\\\/www.altominho.tv\\\/site\\\/2022\\\/05\\\/02\\\/paredes-de-coura-com-taxa-de-execucao-de-87\\\/#primaryimage\"},\"thumbnailUrl\":\"https:\\\/\\\/www.altominho.tv\\\/site\\\/wp-content\\\/uploads\\\/2022\\\/05\\\/Camara-2_Easy-Resize.com_-e1651500758180.jpg\",\"keywords\":[\"Economia\"],\"articleSection\":[\"Paredes de Coura\"],\"inLanguage\":\"pt-PT\",\"copyrightYear\":\"2022\",\"copyrightHolder\":{\"@id\":\"https:\\\/\\\/www.altominho.tv\\\/site\\\/#organization\"}},{\"@type\":\"WebPage\",\"@id\":\"https:\\\/\\\/www.altominho.tv\\\/site\\\/2022\\\/05\\\/02\\\/paredes-de-coura-com-taxa-de-execucao-de-87\\\/\",\"url\":\"https:\\\/\\\/www.altominho.tv\\\/site\\\/2022\\\/05\\\/02\\\/paredes-de-coura-com-taxa-de-execucao-de-87\\\/\",\"name\":\"Paredes de Coura com taxa de execu\u00e7\u00e3o de 87%\",\"isPartOf\":{\"@id\":\"https:\\\/\\\/www.altominho.tv\\\/site\\\/#website\"},\"primaryImageOfPage\":{\"@id\":\"https:\\\/\\\/www.altominho.tv\\\/site\\\/2022\\\/05\\\/02\\\/paredes-de-coura-com-taxa-de-execucao-de-87\\\/#primaryimage\"},\"image\":{\"@id\":\"https:\\\/\\\/www.altominho.tv\\\/site\\\/2022\\\/05\\\/02\\\/paredes-de-coura-com-taxa-de-execucao-de-87\\\/#primaryimage\"},\"thumbnailUrl\":\"https:\\\/\\\/www.altominho.tv\\\/site\\\/wp-content\\\/uploads\\\/2022\\\/05\\\/Camara-2_Easy-Resize.com_-e1651500758180.jpg\",\"datePublished\":\"2022-05-02T14:16:54+00:00\",\"dateModified\":\"2022-05-02T14:21:49+00:00\",\"author\":{\"@id\":\"https:\\\/\\\/www.altominho.tv\\\/site\\\/#\\\/schema\\\/person\\\/4e536851627d7914baf3dac752b6af22\"},\"description\":\"Paredes de Coura apresentou em 2021 uma taxa de execu\u00e7\u00e3o ao n\u00edvel da receita de 87%:\u00a0\u201cconseguimos resultados muito positivos\\\".\",\"breadcrumb\":{\"@id\":\"https:\\\/\\\/www.altominho.tv\\\/site\\\/2022\\\/05\\\/02\\\/paredes-de-coura-com-taxa-de-execucao-de-87\\\/#breadcrumb\"},\"inLanguage\":\"pt-PT\",\"potentialAction\":[{\"@type\":\"ReadAction\",\"target\":[\"https:\\\/\\\/www.altominho.tv\\\/site\\\/2022\\\/05\\\/02\\\/paredes-de-coura-com-taxa-de-execucao-de-87\\\/\"]}]},{\"@type\":\"ImageObject\",\"inLanguage\":\"pt-PT\",\"@id\":\"https:\\\/\\\/www.altominho.tv\\\/site\\\/2022\\\/05\\\/02\\\/paredes-de-coura-com-taxa-de-execucao-de-87\\\/#primaryimage\",\"url\":\"https:\\\/\\\/www.altominho.tv\\\/site\\\/wp-content\\\/uploads\\\/2022\\\/05\\\/Camara-2_Easy-Resize.com_-e1651500758180.jpg\",\"contentUrl\":\"https:\\\/\\\/www.altominho.tv\\\/site\\\/wp-content\\\/uploads\\\/2022\\\/05\\\/Camara-2_Easy-Resize.com_-e1651500758180.jpg\",\"width\":1280,\"height\":822},{\"@type\":\"BreadcrumbList\",\"@id\":\"https:\\\/\\\/www.altominho.tv\\\/site\\\/2022\\\/05\\\/02\\\/paredes-de-coura-com-taxa-de-execucao-de-87\\\/#breadcrumb\",\"itemListElement\":[{\"@type\":\"ListItem\",\"position\":1,\"name\":\"In\u00edcio\",\"item\":\"https:\\\/\\\/www.altominho.tv\\\/site\\\/\"},{\"@type\":\"ListItem\",\"position\":2,\"name\":\"Paredes de Coura com taxa de execu\u00e7\u00e3o de 87%\"}]},{\"@type\":\"WebSite\",\"@id\":\"https:\\\/\\\/www.altominho.tv\\\/site\\\/#website\",\"url\":\"https:\\\/\\\/www.altominho.tv\\\/site\\\/\",\"name\":\"Altominho.tv\",\"description\":\"A sua regi\u00e3o \u00e0 dist\u00e2ncia de um clique...\",\"potentialAction\":[{\"@type\":\"SearchAction\",\"target\":{\"@type\":\"EntryPoint\",\"urlTemplate\":\"https:\\\/\\\/www.altominho.tv\\\/site\\\/?s={search_term_string}\"},\"query-input\":{\"@type\":\"PropertyValueSpecification\",\"valueRequired\":true,\"valueName\":\"search_term_string\"}}],\"inLanguage\":\"pt-PT\"},{\"@type\":\"Person\",\"@id\":\"https:\\\/\\\/www.altominho.tv\\\/site\\\/#\\\/schema\\\/person\\\/4e536851627d7914baf3dac752b6af22\",\"name\":\"Altominho.tv\",\"image\":{\"@type\":\"ImageObject\",\"inLanguage\":\"pt-PT\",\"@id\":\"https:\\\/\\\/www.altominho.tv\\\/site\\\/wp-content\\\/uploads\\\/2019\\\/11\\\/Logo_Avatar_2-150x150.jpg\",\"url\":\"https:\\\/\\\/www.altominho.tv\\\/site\\\/wp-content\\\/uploads\\\/2019\\\/11\\\/Logo_Avatar_2-150x150.jpg\",\"contentUrl\":\"https:\\\/\\\/www.altominho.tv\\\/site\\\/wp-content\\\/uploads\\\/2019\\\/11\\\/Logo_Avatar_2-150x150.jpg\",\"caption\":\"Altominho.tv\"},\"url\":\"https:\\\/\\\/www.altominho.tv\\\/site\\\/author\\\/altominhotv-tecnico\\\/\"}]}<\/script>\n<!-- \/ Yoast SEO Premium plugin. -->","yoast_head_json":{"title":"Paredes de Coura com taxa de execu\u00e7\u00e3o de 87%","description":"Paredes de Coura apresentou em 2021 uma taxa de execu\u00e7\u00e3o ao n\u00edvel da receita de 87%:\u00a0\u201cconseguimos resultados muito positivos\".","robots":{"index":"index","follow":"follow","max-snippet":"max-snippet:-1","max-image-preview":"max-image-preview:large","max-video-preview":"max-video-preview:-1"},"canonical":"https:\/\/www.altominho.tv\/site\/2022\/05\/02\/paredes-de-coura-com-taxa-de-execucao-de-87\/","og_locale":"pt_PT","og_type":"article","og_title":"Paredes de Coura com taxa de execu\u00e7\u00e3o de 87%","og_description":"Paredes de Coura apresentou em 2021 uma taxa de execu\u00e7\u00e3o ao n\u00edvel da receita de 87%:\u00a0\u201cconseguimos resultados muito positivos\".","og_url":"https:\/\/www.altominho.tv\/site\/2022\/05\/02\/paredes-de-coura-com-taxa-de-execucao-de-87\/","og_site_name":"Altominho.tv","article_publisher":"https:\/\/www.facebook.com\/altominhotv","article_published_time":"2022-05-02T14:16:54+00:00","article_modified_time":"2022-05-02T14:21:49+00:00","og_image":[{"width":1280,"height":822,"url":"https:\/\/www.altominho.tv\/site\/wp-content\/uploads\/2022\/05\/Camara-2_Easy-Resize.com_-e1651500758180.jpg","type":"image\/jpeg"}],"author":"Altominho.tv","twitter_card":"summary_large_image","twitter_creator":"@altominhoTV","twitter_site":"@altominhoTV","twitter_misc":{"Escrito por":"Altominho.tv","Tempo estimado de leitura":"4 minutos"},"schema":{"@context":"https:\/\/schema.org","@graph":[{"@type":"Article","@id":"https:\/\/www.altominho.tv\/site\/2022\/05\/02\/paredes-de-coura-com-taxa-de-execucao-de-87\/#article","isPartOf":{"@id":"https:\/\/www.altominho.tv\/site\/2022\/05\/02\/paredes-de-coura-com-taxa-de-execucao-de-87\/"},"author":{"name":"Altominho.tv","@id":"https:\/\/www.altominho.tv\/site\/#\/schema\/person\/4e536851627d7914baf3dac752b6af22"},"headline":"Paredes de Coura com taxa de execu\u00e7\u00e3o de 87%","datePublished":"2022-05-02T14:16:54+00:00","dateModified":"2022-05-02T14:21:49+00:00","mainEntityOfPage":{"@id":"https:\/\/www.altominho.tv\/site\/2022\/05\/02\/paredes-de-coura-com-taxa-de-execucao-de-87\/"},"wordCount":781,"image":{"@id":"https:\/\/www.altominho.tv\/site\/2022\/05\/02\/paredes-de-coura-com-taxa-de-execucao-de-87\/#primaryimage"},"thumbnailUrl":"https:\/\/www.altominho.tv\/site\/wp-content\/uploads\/2022\/05\/Camara-2_Easy-Resize.com_-e1651500758180.jpg","keywords":["Economia"],"articleSection":["Paredes de Coura"],"inLanguage":"pt-PT","copyrightYear":"2022","copyrightHolder":{"@id":"https:\/\/www.altominho.tv\/site\/#organization"}},{"@type":"WebPage","@id":"https:\/\/www.altominho.tv\/site\/2022\/05\/02\/paredes-de-coura-com-taxa-de-execucao-de-87\/","url":"https:\/\/www.altominho.tv\/site\/2022\/05\/02\/paredes-de-coura-com-taxa-de-execucao-de-87\/","name":"Paredes de Coura com taxa de execu\u00e7\u00e3o de 87%","isPartOf":{"@id":"https:\/\/www.altominho.tv\/site\/#website"},"primaryImageOfPage":{"@id":"https:\/\/www.altominho.tv\/site\/2022\/05\/02\/paredes-de-coura-com-taxa-de-execucao-de-87\/#primaryimage"},"image":{"@id":"https:\/\/www.altominho.tv\/site\/2022\/05\/02\/paredes-de-coura-com-taxa-de-execucao-de-87\/#primaryimage"},"thumbnailUrl":"https:\/\/www.altominho.tv\/site\/wp-content\/uploads\/2022\/05\/Camara-2_Easy-Resize.com_-e1651500758180.jpg","datePublished":"2022-05-02T14:16:54+00:00","dateModified":"2022-05-02T14:21:49+00:00","author":{"@id":"https:\/\/www.altominho.tv\/site\/#\/schema\/person\/4e536851627d7914baf3dac752b6af22"},"description":"Paredes de Coura apresentou em 2021 uma taxa de execu\u00e7\u00e3o ao n\u00edvel da receita de 87%:\u00a0\u201cconseguimos resultados muito positivos\".","breadcrumb":{"@id":"https:\/\/www.altominho.tv\/site\/2022\/05\/02\/paredes-de-coura-com-taxa-de-execucao-de-87\/#breadcrumb"},"inLanguage":"pt-PT","potentialAction":[{"@type":"ReadAction","target":["https:\/\/www.altominho.tv\/site\/2022\/05\/02\/paredes-de-coura-com-taxa-de-execucao-de-87\/"]}]},{"@type":"ImageObject","inLanguage":"pt-PT","@id":"https:\/\/www.altominho.tv\/site\/2022\/05\/02\/paredes-de-coura-com-taxa-de-execucao-de-87\/#primaryimage","url":"https:\/\/www.altominho.tv\/site\/wp-content\/uploads\/2022\/05\/Camara-2_Easy-Resize.com_-e1651500758180.jpg","contentUrl":"https:\/\/www.altominho.tv\/site\/wp-content\/uploads\/2022\/05\/Camara-2_Easy-Resize.com_-e1651500758180.jpg","width":1280,"height":822},{"@type":"BreadcrumbList","@id":"https:\/\/www.altominho.tv\/site\/2022\/05\/02\/paredes-de-coura-com-taxa-de-execucao-de-87\/#breadcrumb","itemListElement":[{"@type":"ListItem","position":1,"name":"In\u00edcio","item":"https:\/\/www.altominho.tv\/site\/"},{"@type":"ListItem","position":2,"name":"Paredes de Coura com taxa de execu\u00e7\u00e3o de 87%"}]},{"@type":"WebSite","@id":"https:\/\/www.altominho.tv\/site\/#website","url":"https:\/\/www.altominho.tv\/site\/","name":"Altominho.tv","description":"A sua regi\u00e3o \u00e0 dist\u00e2ncia de um clique...","potentialAction":[{"@type":"SearchAction","target":{"@type":"EntryPoint","urlTemplate":"https:\/\/www.altominho.tv\/site\/?s={search_term_string}"},"query-input":{"@type":"PropertyValueSpecification","valueRequired":true,"valueName":"search_term_string"}}],"inLanguage":"pt-PT"},{"@type":"Person","@id":"https:\/\/www.altominho.tv\/site\/#\/schema\/person\/4e536851627d7914baf3dac752b6af22","name":"Altominho.tv","image":{"@type":"ImageObject","inLanguage":"pt-PT","@id":"https:\/\/www.altominho.tv\/site\/wp-content\/uploads\/2019\/11\/Logo_Avatar_2-150x150.jpg","url":"https:\/\/www.altominho.tv\/site\/wp-content\/uploads\/2019\/11\/Logo_Avatar_2-150x150.jpg","contentUrl":"https:\/\/www.altominho.tv\/site\/wp-content\/uploads\/2019\/11\/Logo_Avatar_2-150x150.jpg","caption":"Altominho.tv"},"url":"https:\/\/www.altominho.tv\/site\/author\/altominhotv-tecnico\/"}]}},"_links":{"self":[{"href":"https:\/\/www.altominho.tv\/site\/wp-json\/wp\/v2\/posts\/79378","targetHints":{"allow":["GET"]}}],"collection":[{"href":"https:\/\/www.altominho.tv\/site\/wp-json\/wp\/v2\/posts"}],"about":[{"href":"https:\/\/www.altominho.tv\/site\/wp-json\/wp\/v2\/types\/post"}],"author":[{"embeddable":true,"href":"https:\/\/www.altominho.tv\/site\/wp-json\/wp\/v2\/users\/1"}],"replies":[{"embeddable":true,"href":"https:\/\/www.altominho.tv\/site\/wp-json\/wp\/v2\/comments?post=79378"}],"version-history":[{"count":0,"href":"https:\/\/www.altominho.tv\/site\/wp-json\/wp\/v2\/posts\/79378\/revisions"}],"wp:featuredmedia":[{"embeddable":true,"href":"https:\/\/www.altominho.tv\/site\/wp-json\/wp\/v2\/media\/79381"}],"wp:attachment":[{"href":"https:\/\/www.altominho.tv\/site\/wp-json\/wp\/v2\/media?parent=79378"}],"wp:term":[{"taxonomy":"category","embeddable":true,"href":"https:\/\/www.altominho.tv\/site\/wp-json\/wp\/v2\/categories?post=79378"},{"taxonomy":"post_tag","embeddable":true,"href":"https:\/\/www.altominho.tv\/site\/wp-json\/wp\/v2\/tags?post=79378"}],"curies":[{"name":"wp","href":"https:\/\/api.w.org\/{rel}","templated":true}]}}