{"id":79135,"date":"2022-04-21T13:44:45","date_gmt":"2022-04-21T12:44:45","guid":{"rendered":"https:\/\/www.altominho.tv\/site\/?p=79135"},"modified":"2022-04-21T13:44:49","modified_gmt":"2022-04-21T12:44:49","slug":"camara-de-caminha-aprova-contas-com-execucao-de-receita-de-86-em-2021","status":"publish","type":"post","link":"https:\/\/www.altominho.tv\/site\/2022\/04\/21\/camara-de-caminha-aprova-contas-com-execucao-de-receita-de-86-em-2021\/","title":{"rendered":"C\u00e2mara de Caminha aprova contas com execu\u00e7\u00e3o de receita de 86% em 2021"},"content":{"rendered":"<p>A C\u00e2mara Municipal de Caminha aprovou, por maioria, o relat\u00f3rio e contas de 2021, registando uma receita l\u00edquida de 22,8 milh\u00f5es de euros, numa execu\u00e7\u00e3o or\u00e7amental superior a 86%, foi hoje divulgado.<\/p>\n<p>O documento, rejeitado pelos vereadores da coliga\u00e7\u00e3o O Concelho em Primeiro (PSD, CDS-PP, Alian\u00e7a e PPM) \u201capresenta uma despesa l\u00edquida total de 22,1 milh\u00f5es de euros, o que corresponde a uma execu\u00e7\u00e3o or\u00e7amental de 84,16%\u201d.<\/p>\n<p>\u201cA execu\u00e7\u00e3o da receita foi muito boa, a execu\u00e7\u00e3o da despesa tamb\u00e9m; foi cumprido o princ\u00edpio do equil\u00edbrio or\u00e7amental, o saldo de ger\u00eancia a incorporar no or\u00e7amento em curso \u00e9 de 607.598,25 euros\u201d, destacou o presidente da c\u00e2mara, Miguel Alves, citado numa nota hoje enviada \u00e0s reda\u00e7\u00f5es.<\/p>\n<p>Segundo o autarca socialista, \u201co resultado l\u00edquido de exerc\u00edcio \u00e9 positivo em 1.537.892,78 euros, positivo pelo terceiro ano consecutivo, a d\u00edvida de curto prazo baixou, a d\u00edvida de m\u00e9dio e longo prazo baixou, a d\u00edvida \u00e0 banca baixou e a d\u00edvida total baixou\u201d.<\/p>\n<p>Para Miguel Alves, as contas de 2021 \u201cdemonstram bem a melhoria da situa\u00e7\u00e3o financeira da c\u00e2mara, trabalho n\u00e3o finalizado, em cont\u00ednuo, mas com resultados cada vez mais evidentes e com repercuss\u00f5es na tesouraria do munic\u00edpio, na capacidade de investimento, no \u2018encaixe de surpresas\u2019 de \u00faltima hora e nas demonstra\u00e7\u00f5es financeiras\u201d.<\/p>\n<p>De acordo com os n\u00fameros apresentados pelos servi\u00e7os municipais, \u201cas contas de 2021 mostram um saldo de ger\u00eancia positivo superior a 600 mil euros, sendo este o terceiro exerc\u00edcio consecutivo que a C\u00e2mara de Caminha apresenta um resultado l\u00edquido positivo, algo que j\u00e1 n\u00e3o acontecia desde o ano 2009\u201d.<\/p>\n<p>Miguel Alves referiu ter ficado demonstrado que \u201co exerc\u00edcio de 2021, apresenta contas muito positivas, equilibradas e adequadas ao momento que foi vivido\u201d, ressalvando que \u201cnem tudo est\u00e1 resolvido, mas a C\u00e2mara Municipal de Caminha est\u00e1 no bom caminho\u201d.<\/p>\n<p>Destacou que \u201cos mun\u00edcipes de Caminha receberam, em 2021, atrav\u00e9s de obra, mais de cinco milh\u00f5es de euros vindos do Estado ou dos fundos comunit\u00e1rios\u201d.<\/p>\n<p>\u201cEste \u00e9 um n\u00famero extraordin\u00e1rio que ganhar\u00e1 todo o relevo quando analisarmos as despesas de capital, ou seja, o investimento feito no ano anterior. E sobre esta componente (despesas de capital), ou seja, as despesas em investimento, atingiram os 7.733.109,93 de euros, um acr\u00e9scimo de 3.146.422,86 euros face a 2020, ou seja, uma subida de 68,80% em investimento municipal no concelho de Caminha\u201d, refor\u00e7ou.<\/p>\n<p>J\u00e1 os vereadores da coliga\u00e7\u00e3o O Concelho em Primeiro justificaram o voto contra por n\u00e3o poderem \u201caceitar que sejam os caminhenses a pagar as gorduras municipais em alturas como a da pandemia [covid-19] em que tanto sofreram, inclusive com redu\u00e7\u00f5es dr\u00e1sticas nos seus or\u00e7amentos familiares por motivos diversos\u201d.<\/p>\n<p>\u201cN\u00e3o podemos aceitar que cobrem os impostos no m\u00e1ximo aos mun\u00edcipes e mesmo assim aumentem o passivo da c\u00e2mara e a d\u00edvida da \u00e1gua. Estas contas, como os Revisores Oficiais de Contas (ROC) informam, foram aprovadas com reservas porque efetivamente h\u00e1 dados que n\u00e3o se conseguem observar\u201d, sustentam.<\/p>\n<p>Os vereadores da coliga\u00e7\u00e3o O Concelho em Primeiro destacam, \u201ccomo omiss\u00e3o grave, a d\u00edvida do munic\u00edpio ao Banco Europeu de Investimentos, feita atrav\u00e9s da cess\u00e3o de cr\u00e9ditos e que n\u00e3o se encontra plasmada no relat\u00f3rio, ali\u00e1s nem uma palavra para a d\u00edvida da \u00e1gua que o munic\u00edpio tem de pagar\u201d.<\/p>\n<p>\u201cRecebeu mais dinheiro dos mun\u00edcipes, mas n\u00e3o o utilizou para abater \u00e0s d\u00edvidas da sua responsabilidade. N\u00e3o usou o dinheiro para criar uma estrat\u00e9gia de futuro para Caminha. Futuro esse que se v\u00ea a construir em todos os concelhos lim\u00edtrofes menos em Caminha que vive atualmente num marasmo, reconhecido por todos. Ali\u00e1s fez exatamente o contr\u00e1rio: aumentou de forma global no passivo municipal\u201d, acrescentam na nota hoje enviada \u00e0 imprensa.<\/p>\n","protected":false},"excerpt":{"rendered":"<p>A C\u00e2mara Municipal de Caminha aprovou, por maioria, o relat\u00f3rio e contas de 2021, registando uma receita l\u00edquida de 22,8 milh\u00f5es de euros, numa execu\u00e7\u00e3o or\u00e7amental superior a 86%, foi hoje divulgado. O documento, rejeitado pelos vereadores da coliga\u00e7\u00e3o O Concelho em Primeiro (PSD, CDS-PP, Alian\u00e7a e PPM) \u201capresenta uma despesa l\u00edquida total de 22,1 [&hellip;]<\/p>\n","protected":false},"author":13,"featured_media":78947,"comment_status":"closed","ping_status":"closed","sticky":false,"template":"","format":"standard","meta":{"_exactmetrics_skip_tracking":false,"_exactmetrics_sitenote_active":false,"_exactmetrics_sitenote_note":"","_exactmetrics_sitenote_category":0,"footnotes":""},"categories":[7],"tags":[27],"class_list":["post-79135","post","type-post","status-publish","format-standard","has-post-thumbnail","hentry","category-caminha","tag-sociedade"],"yoast_head":"<!-- This site is optimized with the Yoast SEO Premium plugin v27.5 (Yoast SEO v27.5) - https:\/\/yoast.com\/product\/yoast-seo-premium-wordpress\/ -->\n<title>C\u00e2mara de Caminha aprova contas com execu\u00e7\u00e3o de receita de 86% em 2021<\/title>\n<meta name=\"description\" content=\"A C\u00e2mara Municipal de Caminha aprovou, por maioria, o relat\u00f3rio e contas de 2021, registando uma receita l\u00edquida de 22,8 milh\u00f5es de euros.\" \/>\n<meta name=\"robots\" content=\"index, follow, max-snippet:-1, max-image-preview:large, max-video-preview:-1\" \/>\n<link rel=\"canonical\" href=\"https:\/\/www.altominho.tv\/site\/2022\/04\/21\/camara-de-caminha-aprova-contas-com-execucao-de-receita-de-86-em-2021\/\" \/>\n<meta property=\"og:locale\" content=\"pt_PT\" \/>\n<meta property=\"og:type\" content=\"article\" \/>\n<meta property=\"og:title\" content=\"C\u00e2mara de Caminha aprova contas com execu\u00e7\u00e3o de receita de 86% em 2021\" \/>\n<meta property=\"og:description\" content=\"A C\u00e2mara Municipal de Caminha aprovou, por maioria, o relat\u00f3rio e contas de 2021, registando uma receita l\u00edquida de 22,8 milh\u00f5es de euros.\" \/>\n<meta property=\"og:url\" content=\"https:\/\/www.altominho.tv\/site\/2022\/04\/21\/camara-de-caminha-aprova-contas-com-execucao-de-receita-de-86-em-2021\/\" \/>\n<meta property=\"og:site_name\" content=\"Altominho.tv\" \/>\n<meta property=\"article:publisher\" content=\"https:\/\/www.facebook.com\/altominhotv\" \/>\n<meta property=\"article:published_time\" content=\"2022-04-21T12:44:45+00:00\" \/>\n<meta property=\"article:modified_time\" content=\"2022-04-21T12:44:49+00:00\" \/>\n<meta property=\"og:image\" content=\"https:\/\/www.altominho.tv\/site\/wp-content\/uploads\/2022\/04\/Ca\u0302mara-Caminha-e1649925822814.jpeg\" \/>\n\t<meta property=\"og:image:width\" content=\"740\" \/>\n\t<meta property=\"og:image:height\" content=\"423\" \/>\n\t<meta property=\"og:image:type\" content=\"image\/jpeg\" \/>\n<meta name=\"author\" content=\"Lusa\" \/>\n<meta name=\"twitter:card\" content=\"summary_large_image\" \/>\n<meta name=\"twitter:creator\" content=\"@altominhoTV\" \/>\n<meta name=\"twitter:site\" content=\"@altominhoTV\" \/>\n<meta name=\"twitter:label1\" content=\"Escrito por\" \/>\n\t<meta name=\"twitter:data1\" content=\"Lusa\" \/>\n\t<meta name=\"twitter:label2\" content=\"Tempo estimado de leitura\" \/>\n\t<meta name=\"twitter:data2\" content=\"4 minutos\" \/>\n<script type=\"application\/ld+json\" class=\"yoast-schema-graph\">{\"@context\":\"https:\\\/\\\/schema.org\",\"@graph\":[{\"@type\":\"Article\",\"@id\":\"https:\\\/\\\/www.altominho.tv\\\/site\\\/2022\\\/04\\\/21\\\/camara-de-caminha-aprova-contas-com-execucao-de-receita-de-86-em-2021\\\/#article\",\"isPartOf\":{\"@id\":\"https:\\\/\\\/www.altominho.tv\\\/site\\\/2022\\\/04\\\/21\\\/camara-de-caminha-aprova-contas-com-execucao-de-receita-de-86-em-2021\\\/\"},\"author\":{\"name\":\"Lusa\",\"@id\":\"https:\\\/\\\/www.altominho.tv\\\/site\\\/#\\\/schema\\\/person\\\/63f693da3e1899361cbe955c46f3232e\"},\"headline\":\"C\u00e2mara de Caminha aprova contas com execu\u00e7\u00e3o de receita de 86% em 2021\",\"datePublished\":\"2022-04-21T12:44:45+00:00\",\"dateModified\":\"2022-04-21T12:44:49+00:00\",\"mainEntityOfPage\":{\"@id\":\"https:\\\/\\\/www.altominho.tv\\\/site\\\/2022\\\/04\\\/21\\\/camara-de-caminha-aprova-contas-com-execucao-de-receita-de-86-em-2021\\\/\"},\"wordCount\":675,\"image\":{\"@id\":\"https:\\\/\\\/www.altominho.tv\\\/site\\\/2022\\\/04\\\/21\\\/camara-de-caminha-aprova-contas-com-execucao-de-receita-de-86-em-2021\\\/#primaryimage\"},\"thumbnailUrl\":\"https:\\\/\\\/www.altominho.tv\\\/site\\\/wp-content\\\/uploads\\\/2022\\\/04\\\/Ca\u0302mara-Caminha-e1649925822814.jpeg\",\"keywords\":[\"Sociedade\"],\"articleSection\":[\"Caminha\"],\"inLanguage\":\"pt-PT\",\"copyrightYear\":\"2022\",\"copyrightHolder\":{\"@id\":\"https:\\\/\\\/www.altominho.tv\\\/site\\\/#organization\"}},{\"@type\":\"WebPage\",\"@id\":\"https:\\\/\\\/www.altominho.tv\\\/site\\\/2022\\\/04\\\/21\\\/camara-de-caminha-aprova-contas-com-execucao-de-receita-de-86-em-2021\\\/\",\"url\":\"https:\\\/\\\/www.altominho.tv\\\/site\\\/2022\\\/04\\\/21\\\/camara-de-caminha-aprova-contas-com-execucao-de-receita-de-86-em-2021\\\/\",\"name\":\"C\u00e2mara de Caminha aprova contas com execu\u00e7\u00e3o de receita de 86% em 2021\",\"isPartOf\":{\"@id\":\"https:\\\/\\\/www.altominho.tv\\\/site\\\/#website\"},\"primaryImageOfPage\":{\"@id\":\"https:\\\/\\\/www.altominho.tv\\\/site\\\/2022\\\/04\\\/21\\\/camara-de-caminha-aprova-contas-com-execucao-de-receita-de-86-em-2021\\\/#primaryimage\"},\"image\":{\"@id\":\"https:\\\/\\\/www.altominho.tv\\\/site\\\/2022\\\/04\\\/21\\\/camara-de-caminha-aprova-contas-com-execucao-de-receita-de-86-em-2021\\\/#primaryimage\"},\"thumbnailUrl\":\"https:\\\/\\\/www.altominho.tv\\\/site\\\/wp-content\\\/uploads\\\/2022\\\/04\\\/Ca\u0302mara-Caminha-e1649925822814.jpeg\",\"datePublished\":\"2022-04-21T12:44:45+00:00\",\"dateModified\":\"2022-04-21T12:44:49+00:00\",\"author\":{\"@id\":\"https:\\\/\\\/www.altominho.tv\\\/site\\\/#\\\/schema\\\/person\\\/63f693da3e1899361cbe955c46f3232e\"},\"description\":\"A C\u00e2mara Municipal de Caminha aprovou, por maioria, o relat\u00f3rio e contas de 2021, registando uma receita l\u00edquida de 22,8 milh\u00f5es de euros.\",\"breadcrumb\":{\"@id\":\"https:\\\/\\\/www.altominho.tv\\\/site\\\/2022\\\/04\\\/21\\\/camara-de-caminha-aprova-contas-com-execucao-de-receita-de-86-em-2021\\\/#breadcrumb\"},\"inLanguage\":\"pt-PT\",\"potentialAction\":[{\"@type\":\"ReadAction\",\"target\":[\"https:\\\/\\\/www.altominho.tv\\\/site\\\/2022\\\/04\\\/21\\\/camara-de-caminha-aprova-contas-com-execucao-de-receita-de-86-em-2021\\\/\"]}]},{\"@type\":\"ImageObject\",\"inLanguage\":\"pt-PT\",\"@id\":\"https:\\\/\\\/www.altominho.tv\\\/site\\\/2022\\\/04\\\/21\\\/camara-de-caminha-aprova-contas-com-execucao-de-receita-de-86-em-2021\\\/#primaryimage\",\"url\":\"https:\\\/\\\/www.altominho.tv\\\/site\\\/wp-content\\\/uploads\\\/2022\\\/04\\\/Ca\u0302mara-Caminha-e1649925822814.jpeg\",\"contentUrl\":\"https:\\\/\\\/www.altominho.tv\\\/site\\\/wp-content\\\/uploads\\\/2022\\\/04\\\/Ca\u0302mara-Caminha-e1649925822814.jpeg\",\"width\":740,\"height\":423},{\"@type\":\"BreadcrumbList\",\"@id\":\"https:\\\/\\\/www.altominho.tv\\\/site\\\/2022\\\/04\\\/21\\\/camara-de-caminha-aprova-contas-com-execucao-de-receita-de-86-em-2021\\\/#breadcrumb\",\"itemListElement\":[{\"@type\":\"ListItem\",\"position\":1,\"name\":\"In\u00edcio\",\"item\":\"https:\\\/\\\/www.altominho.tv\\\/site\\\/\"},{\"@type\":\"ListItem\",\"position\":2,\"name\":\"C\u00e2mara de Caminha aprova contas com execu\u00e7\u00e3o de receita de 86% em 2021\"}]},{\"@type\":\"WebSite\",\"@id\":\"https:\\\/\\\/www.altominho.tv\\\/site\\\/#website\",\"url\":\"https:\\\/\\\/www.altominho.tv\\\/site\\\/\",\"name\":\"Altominho.tv\",\"description\":\"A sua regi\u00e3o \u00e0 dist\u00e2ncia de um clique...\",\"potentialAction\":[{\"@type\":\"SearchAction\",\"target\":{\"@type\":\"EntryPoint\",\"urlTemplate\":\"https:\\\/\\\/www.altominho.tv\\\/site\\\/?s={search_term_string}\"},\"query-input\":{\"@type\":\"PropertyValueSpecification\",\"valueRequired\":true,\"valueName\":\"search_term_string\"}}],\"inLanguage\":\"pt-PT\"},{\"@type\":\"Person\",\"@id\":\"https:\\\/\\\/www.altominho.tv\\\/site\\\/#\\\/schema\\\/person\\\/63f693da3e1899361cbe955c46f3232e\",\"name\":\"Lusa\",\"image\":{\"@type\":\"ImageObject\",\"inLanguage\":\"pt-PT\",\"@id\":\"https:\\\/\\\/www.altominho.tv\\\/site\\\/wp-content\\\/uploads\\\/2019\\\/08\\\/LUSA_Logo.gif\",\"url\":\"https:\\\/\\\/www.altominho.tv\\\/site\\\/wp-content\\\/uploads\\\/2019\\\/08\\\/LUSA_Logo.gif\",\"contentUrl\":\"https:\\\/\\\/www.altominho.tv\\\/site\\\/wp-content\\\/uploads\\\/2019\\\/08\\\/LUSA_Logo.gif\",\"caption\":\"Lusa\"},\"sameAs\":[\"http:\\\/\\\/\\\/\\\/www.altominho.tv\\\/site\"],\"url\":\"https:\\\/\\\/www.altominho.tv\\\/site\\\/author\\\/lusa\\\/\"}]}<\/script>\n<!-- \/ Yoast SEO Premium plugin. -->","yoast_head_json":{"title":"C\u00e2mara de Caminha aprova contas com execu\u00e7\u00e3o de receita de 86% em 2021","description":"A C\u00e2mara Municipal de Caminha aprovou, por maioria, o relat\u00f3rio e contas de 2021, registando uma receita l\u00edquida de 22,8 milh\u00f5es de euros.","robots":{"index":"index","follow":"follow","max-snippet":"max-snippet:-1","max-image-preview":"max-image-preview:large","max-video-preview":"max-video-preview:-1"},"canonical":"https:\/\/www.altominho.tv\/site\/2022\/04\/21\/camara-de-caminha-aprova-contas-com-execucao-de-receita-de-86-em-2021\/","og_locale":"pt_PT","og_type":"article","og_title":"C\u00e2mara de Caminha aprova contas com execu\u00e7\u00e3o de receita de 86% em 2021","og_description":"A C\u00e2mara Municipal de Caminha aprovou, por maioria, o relat\u00f3rio e contas de 2021, registando uma receita l\u00edquida de 22,8 milh\u00f5es de euros.","og_url":"https:\/\/www.altominho.tv\/site\/2022\/04\/21\/camara-de-caminha-aprova-contas-com-execucao-de-receita-de-86-em-2021\/","og_site_name":"Altominho.tv","article_publisher":"https:\/\/www.facebook.com\/altominhotv","article_published_time":"2022-04-21T12:44:45+00:00","article_modified_time":"2022-04-21T12:44:49+00:00","og_image":[{"width":740,"height":423,"url":"https:\/\/www.altominho.tv\/site\/wp-content\/uploads\/2022\/04\/Ca\u0302mara-Caminha-e1649925822814.jpeg","type":"image\/jpeg"}],"author":"Lusa","twitter_card":"summary_large_image","twitter_creator":"@altominhoTV","twitter_site":"@altominhoTV","twitter_misc":{"Escrito por":"Lusa","Tempo estimado de leitura":"4 minutos"},"schema":{"@context":"https:\/\/schema.org","@graph":[{"@type":"Article","@id":"https:\/\/www.altominho.tv\/site\/2022\/04\/21\/camara-de-caminha-aprova-contas-com-execucao-de-receita-de-86-em-2021\/#article","isPartOf":{"@id":"https:\/\/www.altominho.tv\/site\/2022\/04\/21\/camara-de-caminha-aprova-contas-com-execucao-de-receita-de-86-em-2021\/"},"author":{"name":"Lusa","@id":"https:\/\/www.altominho.tv\/site\/#\/schema\/person\/63f693da3e1899361cbe955c46f3232e"},"headline":"C\u00e2mara de Caminha aprova contas com execu\u00e7\u00e3o de receita de 86% em 2021","datePublished":"2022-04-21T12:44:45+00:00","dateModified":"2022-04-21T12:44:49+00:00","mainEntityOfPage":{"@id":"https:\/\/www.altominho.tv\/site\/2022\/04\/21\/camara-de-caminha-aprova-contas-com-execucao-de-receita-de-86-em-2021\/"},"wordCount":675,"image":{"@id":"https:\/\/www.altominho.tv\/site\/2022\/04\/21\/camara-de-caminha-aprova-contas-com-execucao-de-receita-de-86-em-2021\/#primaryimage"},"thumbnailUrl":"https:\/\/www.altominho.tv\/site\/wp-content\/uploads\/2022\/04\/Ca\u0302mara-Caminha-e1649925822814.jpeg","keywords":["Sociedade"],"articleSection":["Caminha"],"inLanguage":"pt-PT","copyrightYear":"2022","copyrightHolder":{"@id":"https:\/\/www.altominho.tv\/site\/#organization"}},{"@type":"WebPage","@id":"https:\/\/www.altominho.tv\/site\/2022\/04\/21\/camara-de-caminha-aprova-contas-com-execucao-de-receita-de-86-em-2021\/","url":"https:\/\/www.altominho.tv\/site\/2022\/04\/21\/camara-de-caminha-aprova-contas-com-execucao-de-receita-de-86-em-2021\/","name":"C\u00e2mara de Caminha aprova contas com execu\u00e7\u00e3o de receita de 86% em 2021","isPartOf":{"@id":"https:\/\/www.altominho.tv\/site\/#website"},"primaryImageOfPage":{"@id":"https:\/\/www.altominho.tv\/site\/2022\/04\/21\/camara-de-caminha-aprova-contas-com-execucao-de-receita-de-86-em-2021\/#primaryimage"},"image":{"@id":"https:\/\/www.altominho.tv\/site\/2022\/04\/21\/camara-de-caminha-aprova-contas-com-execucao-de-receita-de-86-em-2021\/#primaryimage"},"thumbnailUrl":"https:\/\/www.altominho.tv\/site\/wp-content\/uploads\/2022\/04\/Ca\u0302mara-Caminha-e1649925822814.jpeg","datePublished":"2022-04-21T12:44:45+00:00","dateModified":"2022-04-21T12:44:49+00:00","author":{"@id":"https:\/\/www.altominho.tv\/site\/#\/schema\/person\/63f693da3e1899361cbe955c46f3232e"},"description":"A C\u00e2mara Municipal de Caminha aprovou, por maioria, o relat\u00f3rio e contas de 2021, registando uma receita l\u00edquida de 22,8 milh\u00f5es de euros.","breadcrumb":{"@id":"https:\/\/www.altominho.tv\/site\/2022\/04\/21\/camara-de-caminha-aprova-contas-com-execucao-de-receita-de-86-em-2021\/#breadcrumb"},"inLanguage":"pt-PT","potentialAction":[{"@type":"ReadAction","target":["https:\/\/www.altominho.tv\/site\/2022\/04\/21\/camara-de-caminha-aprova-contas-com-execucao-de-receita-de-86-em-2021\/"]}]},{"@type":"ImageObject","inLanguage":"pt-PT","@id":"https:\/\/www.altominho.tv\/site\/2022\/04\/21\/camara-de-caminha-aprova-contas-com-execucao-de-receita-de-86-em-2021\/#primaryimage","url":"https:\/\/www.altominho.tv\/site\/wp-content\/uploads\/2022\/04\/Ca\u0302mara-Caminha-e1649925822814.jpeg","contentUrl":"https:\/\/www.altominho.tv\/site\/wp-content\/uploads\/2022\/04\/Ca\u0302mara-Caminha-e1649925822814.jpeg","width":740,"height":423},{"@type":"BreadcrumbList","@id":"https:\/\/www.altominho.tv\/site\/2022\/04\/21\/camara-de-caminha-aprova-contas-com-execucao-de-receita-de-86-em-2021\/#breadcrumb","itemListElement":[{"@type":"ListItem","position":1,"name":"In\u00edcio","item":"https:\/\/www.altominho.tv\/site\/"},{"@type":"ListItem","position":2,"name":"C\u00e2mara de Caminha aprova contas com execu\u00e7\u00e3o de receita de 86% em 2021"}]},{"@type":"WebSite","@id":"https:\/\/www.altominho.tv\/site\/#website","url":"https:\/\/www.altominho.tv\/site\/","name":"Altominho.tv","description":"A sua regi\u00e3o \u00e0 dist\u00e2ncia de um clique...","potentialAction":[{"@type":"SearchAction","target":{"@type":"EntryPoint","urlTemplate":"https:\/\/www.altominho.tv\/site\/?s={search_term_string}"},"query-input":{"@type":"PropertyValueSpecification","valueRequired":true,"valueName":"search_term_string"}}],"inLanguage":"pt-PT"},{"@type":"Person","@id":"https:\/\/www.altominho.tv\/site\/#\/schema\/person\/63f693da3e1899361cbe955c46f3232e","name":"Lusa","image":{"@type":"ImageObject","inLanguage":"pt-PT","@id":"https:\/\/www.altominho.tv\/site\/wp-content\/uploads\/2019\/08\/LUSA_Logo.gif","url":"https:\/\/www.altominho.tv\/site\/wp-content\/uploads\/2019\/08\/LUSA_Logo.gif","contentUrl":"https:\/\/www.altominho.tv\/site\/wp-content\/uploads\/2019\/08\/LUSA_Logo.gif","caption":"Lusa"},"sameAs":["http:\/\/\/\/www.altominho.tv\/site"],"url":"https:\/\/www.altominho.tv\/site\/author\/lusa\/"}]}},"_links":{"self":[{"href":"https:\/\/www.altominho.tv\/site\/wp-json\/wp\/v2\/posts\/79135","targetHints":{"allow":["GET"]}}],"collection":[{"href":"https:\/\/www.altominho.tv\/site\/wp-json\/wp\/v2\/posts"}],"about":[{"href":"https:\/\/www.altominho.tv\/site\/wp-json\/wp\/v2\/types\/post"}],"author":[{"embeddable":true,"href":"https:\/\/www.altominho.tv\/site\/wp-json\/wp\/v2\/users\/13"}],"replies":[{"embeddable":true,"href":"https:\/\/www.altominho.tv\/site\/wp-json\/wp\/v2\/comments?post=79135"}],"version-history":[{"count":0,"href":"https:\/\/www.altominho.tv\/site\/wp-json\/wp\/v2\/posts\/79135\/revisions"}],"wp:featuredmedia":[{"embeddable":true,"href":"https:\/\/www.altominho.tv\/site\/wp-json\/wp\/v2\/media\/78947"}],"wp:attachment":[{"href":"https:\/\/www.altominho.tv\/site\/wp-json\/wp\/v2\/media?parent=79135"}],"wp:term":[{"taxonomy":"category","embeddable":true,"href":"https:\/\/www.altominho.tv\/site\/wp-json\/wp\/v2\/categories?post=79135"},{"taxonomy":"post_tag","embeddable":true,"href":"https:\/\/www.altominho.tv\/site\/wp-json\/wp\/v2\/tags?post=79135"}],"curies":[{"name":"wp","href":"https:\/\/api.w.org\/{rel}","templated":true}]}}