{"id":79104,"date":"2022-04-20T11:21:31","date_gmt":"2022-04-20T10:21:31","guid":{"rendered":"https:\/\/www.altominho.tv\/site\/?p=79104"},"modified":"2022-04-20T11:23:44","modified_gmt":"2022-04-20T10:23:44","slug":"fbac-promove-exposicao-de-arte-computacional-e-novos-media","status":"publish","type":"post","link":"https:\/\/www.altominho.tv\/site\/2022\/04\/20\/fbac-promove-exposicao-de-arte-computacional-e-novos-media\/","title":{"rendered":"FBAC promove exposi\u00e7\u00e3o de arte computacional e novos media"},"content":{"rendered":"\n<p>Pela primeira vez na sua atividade, o Museu Bienal de Cerveira vai apresentar uma exposi\u00e7\u00e3o inteiramente dedicada \u00e0 arte computacional e aos novos media.<\/p>\n\n\n\n<p>\u201cEspa\u00e7o\/Programa\u201d inaugura no pr\u00f3ximo s\u00e1bado, 23 de abril, e apresenta sete artistas portugueses que recorrem \u00e0 programa\u00e7\u00e3o e aos algoritmos para criarem as suas obras.<\/p>\n\n\n\n<p>A exposi\u00e7\u00e3o \u201cEspa\u00e7o\/Programa\u201d apresenta, a partir deste s\u00e1bado, sete criadores portugueses, de diferentes gera\u00e7\u00f5es, cuja pr\u00e1tica incide sobre a computa\u00e7\u00e3o e os novos media.<\/p>\n\n\n\n<p>Em nota, a Funda\u00e7\u00e3o disse que &#8220;a partir de seis trabalhos, de v\u00e1rios formatos e modalidades, ser\u00e1 explorado o car\u00e1ter experiencial, situado, perform\u00e1tico e experimental da arte computacional e como a computa\u00e7\u00e3o traz \u00e0 arte um conjunto de dualidades \u2014 entre digital e anal\u00f3gico, material e imaterial, superf\u00edcie e subf\u00edcie, determinismo e imprevisibilidade \u2014 que permitem o desenvolvimento de rela\u00e7\u00f5es est\u00e9ticas muito caracter\u00edsticas e participativas, mesmo em contextos que n\u00e3o recorrem \u00e0 intera\u00e7\u00e3o&#8221;.<\/p>\n\n\n\n<p>Nas palavras dos curadores da exposi\u00e7\u00e3o, Miguel Carvalhais e Lu\u00eds Pinto Nunes: \u201cPartindo destas dualidades, pretende-se investigar como os programas destas obras lhes permitem desenvolver rela\u00e7\u00f5es entre si, com o espa\u00e7o do Museu e com os visitantes, e como essas intera\u00e7\u00f5es s\u00e3o agentes potenciadores de uma leitura da diversidade da arte computacional portuguesa\u201d.<\/p>\n\n\n\n<p>O Museu Bienal de Cerveira acolhe, assim, at\u00e9 12 de junho, trabalhos como: o mapeamento de Ana Carvalho, a instala\u00e7\u00e3o bio-eletr\u00f3nica de Andr\u00e9 Sier, suportadas pela recolha e an\u00e1lise de dados, a dualidade da intelig\u00eancia artificial ensaiada por Jo\u00e3o Martinho Moura, as mem\u00f3rias generativas de Mariana Vilanova, a s\u00e9rie de esculturas sonoras dialogantes de Pedro Tudela e Miguel Carvalhais e o mecanismo de emula\u00e7\u00e3o de cordas vocais de Diogo Tudela.<\/p>\n\n\n\n<p>A inaugura\u00e7\u00e3o da exposi\u00e7\u00e3o incluir\u00e1 uma visita guiada comentada pelos artistas e palestras de tr\u00eas convidados que exploram o pensamento cr\u00edtico em torno da arte e da est\u00e9tica computacionais.<\/p>\n\n\n\n<p>A par desta inaugura\u00e7\u00e3o, ser\u00e1 ainda realizada a abertura da &#8220;Esta\u00e7\u00e3o do Tempo do Moderno ao Contempor\u00e2neo&#8221; de Vila Nova de Cerveira, no \u00e2mbito do projeto &#8220;Alto Minho 4D &#8211; Viagem no Tempo&#8221;, promovido pela CIM Alto Minho e pelo Munic\u00edpio de Vila Nova de Cerveira.<\/p>\n\n\n\n<p>De referir que o \u201cEspa\u00e7o \/ Programa\u201d prev\u00ea, ainda, o lan\u00e7amento de uma publica\u00e7\u00e3o em junho e que desenvolver\u00e1 atividades sat\u00e9lite no gnration em Braga, tamb\u00e9m a partir deste s\u00e1bado no programa \u201c\u00d3rbita\u201d, bem como no Museu Zer0 no Algarve, com uma extens\u00e3o da exposi\u00e7\u00e3o no ver\u00e3o.<\/p>\n\n\n\n<p>O evento integra a candidatura \u201cFunda\u00e7\u00e3o Bienal de Arte de Cerveira: a Arte Contempor\u00e2nea integrada na sociedade e no mundo\u201d (2020 \u2013 2021 \u2013 Apoio Sustentado \u2013 Artes Visuais), que conta com o apoio da Rep\u00fablica Portuguesa \u2013 Cultura \/ Dire\u00e7\u00e3o-Geral das Artes.<\/p>\n","protected":false},"excerpt":{"rendered":"<p>Pela primeira vez na sua atividade, o Museu Bienal de Cerveira vai apresentar uma exposi\u00e7\u00e3o inteiramente dedicada \u00e0 arte computacional e aos novos media. \u201cEspa\u00e7o\/Programa\u201d inaugura no pr\u00f3ximo s\u00e1bado, 23 de abril, e apresenta sete artistas portugueses que recorrem \u00e0 programa\u00e7\u00e3o e aos algoritmos para criarem as suas obras. A exposi\u00e7\u00e3o \u201cEspa\u00e7o\/Programa\u201d apresenta, a partir [&hellip;]<\/p>\n","protected":false},"author":7,"featured_media":79105,"comment_status":"closed","ping_status":"closed","sticky":false,"template":"","format":"standard","meta":{"_exactmetrics_skip_tracking":false,"_exactmetrics_sitenote_active":false,"_exactmetrics_sitenote_note":"","_exactmetrics_sitenote_category":0,"footnotes":""},"categories":[15],"tags":[19,27],"class_list":["post-79104","post","type-post","status-publish","format-standard","has-post-thumbnail","hentry","category-vila-nova-de-cerveira","tag-cultura","tag-sociedade"],"yoast_head":"<!-- This site is optimized with the Yoast SEO Premium plugin v27.5 (Yoast SEO v27.5) - https:\/\/yoast.com\/product\/yoast-seo-premium-wordpress\/ -->\n<title>FBAC promove exposi\u00e7\u00e3o de arte computacional e novos media<\/title>\n<meta name=\"description\" content=\"Pela primeira vez o Museu Bienal de Cerveira vai apresentar uma exposi\u00e7\u00e3o inteiramente dedicada \u00e0 arte computacional e aos novos media.\" \/>\n<meta name=\"robots\" content=\"index, follow, max-snippet:-1, max-image-preview:large, max-video-preview:-1\" \/>\n<link rel=\"canonical\" href=\"https:\/\/www.altominho.tv\/site\/2022\/04\/20\/fbac-promove-exposicao-de-arte-computacional-e-novos-media\/\" \/>\n<meta property=\"og:locale\" content=\"pt_PT\" \/>\n<meta property=\"og:type\" content=\"article\" \/>\n<meta property=\"og:title\" content=\"FBAC promove exposi\u00e7\u00e3o de arte computacional e novos media\" \/>\n<meta property=\"og:description\" content=\"Pela primeira vez o Museu Bienal de Cerveira vai apresentar uma exposi\u00e7\u00e3o inteiramente dedicada \u00e0 arte computacional e aos novos media.\" \/>\n<meta property=\"og:url\" content=\"https:\/\/www.altominho.tv\/site\/2022\/04\/20\/fbac-promove-exposicao-de-arte-computacional-e-novos-media\/\" \/>\n<meta property=\"og:site_name\" content=\"Altominho.tv\" \/>\n<meta property=\"article:publisher\" content=\"https:\/\/www.facebook.com\/altominhotv\" \/>\n<meta property=\"article:published_time\" content=\"2022-04-20T10:21:31+00:00\" \/>\n<meta property=\"article:modified_time\" content=\"2022-04-20T10:23:44+00:00\" \/>\n<meta property=\"og:image\" content=\"https:\/\/www.altominho.tv\/site\/wp-content\/uploads\/2022\/04\/Mariana-Vilanova-scaled.jpg\" \/>\n\t<meta property=\"og:image:width\" content=\"2560\" \/>\n\t<meta property=\"og:image:height\" content=\"1707\" \/>\n\t<meta property=\"og:image:type\" content=\"image\/jpeg\" \/>\n<meta name=\"author\" content=\"Andreia Cunha\" \/>\n<meta name=\"twitter:card\" content=\"summary_large_image\" \/>\n<meta name=\"twitter:creator\" content=\"@altominhoTV\" \/>\n<meta name=\"twitter:site\" content=\"@altominhoTV\" \/>\n<meta name=\"twitter:label1\" content=\"Escrito por\" \/>\n\t<meta name=\"twitter:data1\" content=\"Andreia Cunha\" \/>\n\t<meta name=\"twitter:label2\" content=\"Tempo estimado de leitura\" \/>\n\t<meta name=\"twitter:data2\" content=\"3 minutos\" \/>\n<script type=\"application\/ld+json\" class=\"yoast-schema-graph\">{\"@context\":\"https:\\\/\\\/schema.org\",\"@graph\":[{\"@type\":\"Article\",\"@id\":\"https:\\\/\\\/www.altominho.tv\\\/site\\\/2022\\\/04\\\/20\\\/fbac-promove-exposicao-de-arte-computacional-e-novos-media\\\/#article\",\"isPartOf\":{\"@id\":\"https:\\\/\\\/www.altominho.tv\\\/site\\\/2022\\\/04\\\/20\\\/fbac-promove-exposicao-de-arte-computacional-e-novos-media\\\/\"},\"author\":{\"name\":\"Andreia Cunha\",\"@id\":\"https:\\\/\\\/www.altominho.tv\\\/site\\\/#\\\/schema\\\/person\\\/a0e4ef6d041f98ca284393d8f1d97153\"},\"headline\":\"FBAC promove exposi\u00e7\u00e3o de arte computacional e novos media\",\"datePublished\":\"2022-04-20T10:21:31+00:00\",\"dateModified\":\"2022-04-20T10:23:44+00:00\",\"mainEntityOfPage\":{\"@id\":\"https:\\\/\\\/www.altominho.tv\\\/site\\\/2022\\\/04\\\/20\\\/fbac-promove-exposicao-de-arte-computacional-e-novos-media\\\/\"},\"wordCount\":490,\"image\":{\"@id\":\"https:\\\/\\\/www.altominho.tv\\\/site\\\/2022\\\/04\\\/20\\\/fbac-promove-exposicao-de-arte-computacional-e-novos-media\\\/#primaryimage\"},\"thumbnailUrl\":\"https:\\\/\\\/www.altominho.tv\\\/site\\\/wp-content\\\/uploads\\\/2022\\\/04\\\/Mariana-Vilanova-scaled.jpg\",\"keywords\":[\"Cultura\",\"Sociedade\"],\"articleSection\":[\"Vila Nova de Cerveira\"],\"inLanguage\":\"pt-PT\",\"copyrightYear\":\"2022\",\"copyrightHolder\":{\"@id\":\"https:\\\/\\\/www.altominho.tv\\\/site\\\/#organization\"}},{\"@type\":\"WebPage\",\"@id\":\"https:\\\/\\\/www.altominho.tv\\\/site\\\/2022\\\/04\\\/20\\\/fbac-promove-exposicao-de-arte-computacional-e-novos-media\\\/\",\"url\":\"https:\\\/\\\/www.altominho.tv\\\/site\\\/2022\\\/04\\\/20\\\/fbac-promove-exposicao-de-arte-computacional-e-novos-media\\\/\",\"name\":\"FBAC promove exposi\u00e7\u00e3o de arte computacional e novos media\",\"isPartOf\":{\"@id\":\"https:\\\/\\\/www.altominho.tv\\\/site\\\/#website\"},\"primaryImageOfPage\":{\"@id\":\"https:\\\/\\\/www.altominho.tv\\\/site\\\/2022\\\/04\\\/20\\\/fbac-promove-exposicao-de-arte-computacional-e-novos-media\\\/#primaryimage\"},\"image\":{\"@id\":\"https:\\\/\\\/www.altominho.tv\\\/site\\\/2022\\\/04\\\/20\\\/fbac-promove-exposicao-de-arte-computacional-e-novos-media\\\/#primaryimage\"},\"thumbnailUrl\":\"https:\\\/\\\/www.altominho.tv\\\/site\\\/wp-content\\\/uploads\\\/2022\\\/04\\\/Mariana-Vilanova-scaled.jpg\",\"datePublished\":\"2022-04-20T10:21:31+00:00\",\"dateModified\":\"2022-04-20T10:23:44+00:00\",\"author\":{\"@id\":\"https:\\\/\\\/www.altominho.tv\\\/site\\\/#\\\/schema\\\/person\\\/a0e4ef6d041f98ca284393d8f1d97153\"},\"description\":\"Pela primeira vez o Museu Bienal de Cerveira vai apresentar uma exposi\u00e7\u00e3o inteiramente dedicada \u00e0 arte computacional e aos novos media.\",\"breadcrumb\":{\"@id\":\"https:\\\/\\\/www.altominho.tv\\\/site\\\/2022\\\/04\\\/20\\\/fbac-promove-exposicao-de-arte-computacional-e-novos-media\\\/#breadcrumb\"},\"inLanguage\":\"pt-PT\",\"potentialAction\":[{\"@type\":\"ReadAction\",\"target\":[\"https:\\\/\\\/www.altominho.tv\\\/site\\\/2022\\\/04\\\/20\\\/fbac-promove-exposicao-de-arte-computacional-e-novos-media\\\/\"]}]},{\"@type\":\"ImageObject\",\"inLanguage\":\"pt-PT\",\"@id\":\"https:\\\/\\\/www.altominho.tv\\\/site\\\/2022\\\/04\\\/20\\\/fbac-promove-exposicao-de-arte-computacional-e-novos-media\\\/#primaryimage\",\"url\":\"https:\\\/\\\/www.altominho.tv\\\/site\\\/wp-content\\\/uploads\\\/2022\\\/04\\\/Mariana-Vilanova-scaled.jpg\",\"contentUrl\":\"https:\\\/\\\/www.altominho.tv\\\/site\\\/wp-content\\\/uploads\\\/2022\\\/04\\\/Mariana-Vilanova-scaled.jpg\",\"width\":2560,\"height\":1707},{\"@type\":\"BreadcrumbList\",\"@id\":\"https:\\\/\\\/www.altominho.tv\\\/site\\\/2022\\\/04\\\/20\\\/fbac-promove-exposicao-de-arte-computacional-e-novos-media\\\/#breadcrumb\",\"itemListElement\":[{\"@type\":\"ListItem\",\"position\":1,\"name\":\"In\u00edcio\",\"item\":\"https:\\\/\\\/www.altominho.tv\\\/site\\\/\"},{\"@type\":\"ListItem\",\"position\":2,\"name\":\"FBAC promove exposi\u00e7\u00e3o de arte computacional e novos media\"}]},{\"@type\":\"WebSite\",\"@id\":\"https:\\\/\\\/www.altominho.tv\\\/site\\\/#website\",\"url\":\"https:\\\/\\\/www.altominho.tv\\\/site\\\/\",\"name\":\"Altominho.tv\",\"description\":\"A sua regi\u00e3o \u00e0 dist\u00e2ncia de um clique...\",\"potentialAction\":[{\"@type\":\"SearchAction\",\"target\":{\"@type\":\"EntryPoint\",\"urlTemplate\":\"https:\\\/\\\/www.altominho.tv\\\/site\\\/?s={search_term_string}\"},\"query-input\":{\"@type\":\"PropertyValueSpecification\",\"valueRequired\":true,\"valueName\":\"search_term_string\"}}],\"inLanguage\":\"pt-PT\"},{\"@type\":\"Person\",\"@id\":\"https:\\\/\\\/www.altominho.tv\\\/site\\\/#\\\/schema\\\/person\\\/a0e4ef6d041f98ca284393d8f1d97153\",\"name\":\"Andreia Cunha\",\"image\":{\"@type\":\"ImageObject\",\"inLanguage\":\"pt-PT\",\"@id\":\"https:\\\/\\\/www.altominho.tv\\\/site\\\/wp-content\\\/uploads\\\/2017\\\/11\\\/Andreia_Cunha-1-150x150.jpg\",\"url\":\"https:\\\/\\\/www.altominho.tv\\\/site\\\/wp-content\\\/uploads\\\/2017\\\/11\\\/Andreia_Cunha-1-150x150.jpg\",\"contentUrl\":\"https:\\\/\\\/www.altominho.tv\\\/site\\\/wp-content\\\/uploads\\\/2017\\\/11\\\/Andreia_Cunha-1-150x150.jpg\",\"caption\":\"Andreia Cunha\"},\"url\":\"https:\\\/\\\/www.altominho.tv\\\/site\\\/author\\\/andreiacunha\\\/\"}]}<\/script>\n<!-- \/ Yoast SEO Premium plugin. -->","yoast_head_json":{"title":"FBAC promove exposi\u00e7\u00e3o de arte computacional e novos media","description":"Pela primeira vez o Museu Bienal de Cerveira vai apresentar uma exposi\u00e7\u00e3o inteiramente dedicada \u00e0 arte computacional e aos novos media.","robots":{"index":"index","follow":"follow","max-snippet":"max-snippet:-1","max-image-preview":"max-image-preview:large","max-video-preview":"max-video-preview:-1"},"canonical":"https:\/\/www.altominho.tv\/site\/2022\/04\/20\/fbac-promove-exposicao-de-arte-computacional-e-novos-media\/","og_locale":"pt_PT","og_type":"article","og_title":"FBAC promove exposi\u00e7\u00e3o de arte computacional e novos media","og_description":"Pela primeira vez o Museu Bienal de Cerveira vai apresentar uma exposi\u00e7\u00e3o inteiramente dedicada \u00e0 arte computacional e aos novos media.","og_url":"https:\/\/www.altominho.tv\/site\/2022\/04\/20\/fbac-promove-exposicao-de-arte-computacional-e-novos-media\/","og_site_name":"Altominho.tv","article_publisher":"https:\/\/www.facebook.com\/altominhotv","article_published_time":"2022-04-20T10:21:31+00:00","article_modified_time":"2022-04-20T10:23:44+00:00","og_image":[{"width":2560,"height":1707,"url":"https:\/\/www.altominho.tv\/site\/wp-content\/uploads\/2022\/04\/Mariana-Vilanova-scaled.jpg","type":"image\/jpeg"}],"author":"Andreia Cunha","twitter_card":"summary_large_image","twitter_creator":"@altominhoTV","twitter_site":"@altominhoTV","twitter_misc":{"Escrito por":"Andreia Cunha","Tempo estimado de leitura":"3 minutos"},"schema":{"@context":"https:\/\/schema.org","@graph":[{"@type":"Article","@id":"https:\/\/www.altominho.tv\/site\/2022\/04\/20\/fbac-promove-exposicao-de-arte-computacional-e-novos-media\/#article","isPartOf":{"@id":"https:\/\/www.altominho.tv\/site\/2022\/04\/20\/fbac-promove-exposicao-de-arte-computacional-e-novos-media\/"},"author":{"name":"Andreia Cunha","@id":"https:\/\/www.altominho.tv\/site\/#\/schema\/person\/a0e4ef6d041f98ca284393d8f1d97153"},"headline":"FBAC promove exposi\u00e7\u00e3o de arte computacional e novos media","datePublished":"2022-04-20T10:21:31+00:00","dateModified":"2022-04-20T10:23:44+00:00","mainEntityOfPage":{"@id":"https:\/\/www.altominho.tv\/site\/2022\/04\/20\/fbac-promove-exposicao-de-arte-computacional-e-novos-media\/"},"wordCount":490,"image":{"@id":"https:\/\/www.altominho.tv\/site\/2022\/04\/20\/fbac-promove-exposicao-de-arte-computacional-e-novos-media\/#primaryimage"},"thumbnailUrl":"https:\/\/www.altominho.tv\/site\/wp-content\/uploads\/2022\/04\/Mariana-Vilanova-scaled.jpg","keywords":["Cultura","Sociedade"],"articleSection":["Vila Nova de Cerveira"],"inLanguage":"pt-PT","copyrightYear":"2022","copyrightHolder":{"@id":"https:\/\/www.altominho.tv\/site\/#organization"}},{"@type":"WebPage","@id":"https:\/\/www.altominho.tv\/site\/2022\/04\/20\/fbac-promove-exposicao-de-arte-computacional-e-novos-media\/","url":"https:\/\/www.altominho.tv\/site\/2022\/04\/20\/fbac-promove-exposicao-de-arte-computacional-e-novos-media\/","name":"FBAC promove exposi\u00e7\u00e3o de arte computacional e novos media","isPartOf":{"@id":"https:\/\/www.altominho.tv\/site\/#website"},"primaryImageOfPage":{"@id":"https:\/\/www.altominho.tv\/site\/2022\/04\/20\/fbac-promove-exposicao-de-arte-computacional-e-novos-media\/#primaryimage"},"image":{"@id":"https:\/\/www.altominho.tv\/site\/2022\/04\/20\/fbac-promove-exposicao-de-arte-computacional-e-novos-media\/#primaryimage"},"thumbnailUrl":"https:\/\/www.altominho.tv\/site\/wp-content\/uploads\/2022\/04\/Mariana-Vilanova-scaled.jpg","datePublished":"2022-04-20T10:21:31+00:00","dateModified":"2022-04-20T10:23:44+00:00","author":{"@id":"https:\/\/www.altominho.tv\/site\/#\/schema\/person\/a0e4ef6d041f98ca284393d8f1d97153"},"description":"Pela primeira vez o Museu Bienal de Cerveira vai apresentar uma exposi\u00e7\u00e3o inteiramente dedicada \u00e0 arte computacional e aos novos media.","breadcrumb":{"@id":"https:\/\/www.altominho.tv\/site\/2022\/04\/20\/fbac-promove-exposicao-de-arte-computacional-e-novos-media\/#breadcrumb"},"inLanguage":"pt-PT","potentialAction":[{"@type":"ReadAction","target":["https:\/\/www.altominho.tv\/site\/2022\/04\/20\/fbac-promove-exposicao-de-arte-computacional-e-novos-media\/"]}]},{"@type":"ImageObject","inLanguage":"pt-PT","@id":"https:\/\/www.altominho.tv\/site\/2022\/04\/20\/fbac-promove-exposicao-de-arte-computacional-e-novos-media\/#primaryimage","url":"https:\/\/www.altominho.tv\/site\/wp-content\/uploads\/2022\/04\/Mariana-Vilanova-scaled.jpg","contentUrl":"https:\/\/www.altominho.tv\/site\/wp-content\/uploads\/2022\/04\/Mariana-Vilanova-scaled.jpg","width":2560,"height":1707},{"@type":"BreadcrumbList","@id":"https:\/\/www.altominho.tv\/site\/2022\/04\/20\/fbac-promove-exposicao-de-arte-computacional-e-novos-media\/#breadcrumb","itemListElement":[{"@type":"ListItem","position":1,"name":"In\u00edcio","item":"https:\/\/www.altominho.tv\/site\/"},{"@type":"ListItem","position":2,"name":"FBAC promove exposi\u00e7\u00e3o de arte computacional e novos media"}]},{"@type":"WebSite","@id":"https:\/\/www.altominho.tv\/site\/#website","url":"https:\/\/www.altominho.tv\/site\/","name":"Altominho.tv","description":"A sua regi\u00e3o \u00e0 dist\u00e2ncia de um clique...","potentialAction":[{"@type":"SearchAction","target":{"@type":"EntryPoint","urlTemplate":"https:\/\/www.altominho.tv\/site\/?s={search_term_string}"},"query-input":{"@type":"PropertyValueSpecification","valueRequired":true,"valueName":"search_term_string"}}],"inLanguage":"pt-PT"},{"@type":"Person","@id":"https:\/\/www.altominho.tv\/site\/#\/schema\/person\/a0e4ef6d041f98ca284393d8f1d97153","name":"Andreia Cunha","image":{"@type":"ImageObject","inLanguage":"pt-PT","@id":"https:\/\/www.altominho.tv\/site\/wp-content\/uploads\/2017\/11\/Andreia_Cunha-1-150x150.jpg","url":"https:\/\/www.altominho.tv\/site\/wp-content\/uploads\/2017\/11\/Andreia_Cunha-1-150x150.jpg","contentUrl":"https:\/\/www.altominho.tv\/site\/wp-content\/uploads\/2017\/11\/Andreia_Cunha-1-150x150.jpg","caption":"Andreia Cunha"},"url":"https:\/\/www.altominho.tv\/site\/author\/andreiacunha\/"}]}},"_links":{"self":[{"href":"https:\/\/www.altominho.tv\/site\/wp-json\/wp\/v2\/posts\/79104","targetHints":{"allow":["GET"]}}],"collection":[{"href":"https:\/\/www.altominho.tv\/site\/wp-json\/wp\/v2\/posts"}],"about":[{"href":"https:\/\/www.altominho.tv\/site\/wp-json\/wp\/v2\/types\/post"}],"author":[{"embeddable":true,"href":"https:\/\/www.altominho.tv\/site\/wp-json\/wp\/v2\/users\/7"}],"replies":[{"embeddable":true,"href":"https:\/\/www.altominho.tv\/site\/wp-json\/wp\/v2\/comments?post=79104"}],"version-history":[{"count":0,"href":"https:\/\/www.altominho.tv\/site\/wp-json\/wp\/v2\/posts\/79104\/revisions"}],"wp:featuredmedia":[{"embeddable":true,"href":"https:\/\/www.altominho.tv\/site\/wp-json\/wp\/v2\/media\/79105"}],"wp:attachment":[{"href":"https:\/\/www.altominho.tv\/site\/wp-json\/wp\/v2\/media?parent=79104"}],"wp:term":[{"taxonomy":"category","embeddable":true,"href":"https:\/\/www.altominho.tv\/site\/wp-json\/wp\/v2\/categories?post=79104"},{"taxonomy":"post_tag","embeddable":true,"href":"https:\/\/www.altominho.tv\/site\/wp-json\/wp\/v2\/tags?post=79104"}],"curies":[{"name":"wp","href":"https:\/\/api.w.org\/{rel}","templated":true}]}}