{"id":79081,"date":"2022-04-19T18:17:38","date_gmt":"2022-04-19T17:17:38","guid":{"rendered":"https:\/\/www.altominho.tv\/site\/?p=79081"},"modified":"2022-04-19T18:17:43","modified_gmt":"2022-04-19T17:17:43","slug":"concerto-e-espetaculo-de-fogo-de-artificio-assinalam-25-de-abril-em-cerveira","status":"publish","type":"post","link":"https:\/\/www.altominho.tv\/site\/2022\/04\/19\/concerto-e-espetaculo-de-fogo-de-artificio-assinalam-25-de-abril-em-cerveira\/","title":{"rendered":"Concerto e espet\u00e1culo de fogo-de-artif\u00edcio assinalam 25 de abril em Cerveira"},"content":{"rendered":"<p>Vila Nova de Cerveira assinala, nos dias 24 e 25 de abril, o 48.\u00ba anivers\u00e1rio da \u2018Revolu\u00e7\u00e3o dos Cravos\u2019, com um concerto tem\u00e1tico e um espet\u00e1culo de fogo-de-artif\u00edcio. O programa contempla ainda a cerim\u00f3nia protocolar de hastear de bandeiras e sess\u00e3o solene.<\/p>\n<p>O programa comemorativo da C\u00e2mara Municipal de Vila Nova de Cerveira tem in\u00edcio na noite de domingo, 24 de abril, pelas 22h00, com a realiza\u00e7\u00e3o de um concerto de m\u00fasicas de abril, protagonizado pela Academia de M\u00fasica Fernandes F\u00e3o, no Cineteatro de Cerveira \u2013 Marreca Gon\u00e7alves.<\/p>\n<p>As comemora\u00e7\u00f5es continuam \u00e0 meia-noite com um espet\u00e1culo de fogo-de-artif\u00edcio que assinala a entrada no dia 25 de abril.<\/p>\n<p>J\u00e1 na segunda-feira, est\u00e1 prevista a cerim\u00f3nia de hastear de bandeiras, nos Pa\u00e7os do Concelho, pelas 09h30, ao som do Hino Nacional, interpretado pela Academia de M\u00fasica Fernandes F\u00e3o, seguindo-se uma sess\u00e3o solene no sal\u00e3o nobre da C\u00e2mara Municipal, na qual v\u00e3o discursar o presidente da C\u00e2mara Municipal, Rui Teixeira, e o presidente da Assembleia Municipal, Ant\u00f3nio Quintas.<\/p>\n","protected":false},"excerpt":{"rendered":"<p>Vila Nova de Cerveira assinala, nos dias 24 e 25 de abril, o 48.\u00ba anivers\u00e1rio da \u2018Revolu\u00e7\u00e3o dos Cravos\u2019, com um concerto tem\u00e1tico e um espet\u00e1culo de fogo-de-artif\u00edcio. O programa contempla ainda a cerim\u00f3nia protocolar de hastear de bandeiras e sess\u00e3o solene. O programa comemorativo da C\u00e2mara Municipal de Vila Nova de Cerveira tem in\u00edcio [&hellip;]<\/p>\n","protected":false},"author":12,"featured_media":79082,"comment_status":"closed","ping_status":"closed","sticky":false,"template":"","format":"standard","meta":{"_exactmetrics_skip_tracking":false,"_exactmetrics_sitenote_active":false,"_exactmetrics_sitenote_note":"","_exactmetrics_sitenote_category":0,"footnotes":""},"categories":[15],"tags":[19,27],"class_list":["post-79081","post","type-post","status-publish","format-standard","has-post-thumbnail","hentry","category-vila-nova-de-cerveira","tag-cultura","tag-sociedade"],"yoast_head":"<!-- This site is optimized with the Yoast SEO Premium plugin v27.5 (Yoast SEO v27.5) - https:\/\/yoast.com\/product\/yoast-seo-premium-wordpress\/ -->\n<title>Concerto e espet\u00e1culo de fogo-de-artif\u00edcio assinalam 25 de abril em Cerveira<\/title>\n<meta name=\"description\" content=\"Vila Nova de Cerveira assinala o 48.\u00ba anivers\u00e1rio da \u2018Revolu\u00e7\u00e3o dos Cravos\u2019, com um concerto tem\u00e1tico e um espet\u00e1culo de fogo-de-artif\u00edcio.\" \/>\n<meta name=\"robots\" content=\"index, follow, max-snippet:-1, max-image-preview:large, max-video-preview:-1\" \/>\n<link rel=\"canonical\" href=\"https:\/\/www.altominho.tv\/site\/2022\/04\/19\/concerto-e-espetaculo-de-fogo-de-artificio-assinalam-25-de-abril-em-cerveira\/\" \/>\n<meta property=\"og:locale\" content=\"pt_PT\" \/>\n<meta property=\"og:type\" content=\"article\" \/>\n<meta property=\"og:title\" content=\"Concerto e espet\u00e1culo de fogo-de-artif\u00edcio assinalam 25 de abril em Cerveira\" \/>\n<meta property=\"og:description\" content=\"Vila Nova de Cerveira assinala o 48.\u00ba anivers\u00e1rio da \u2018Revolu\u00e7\u00e3o dos Cravos\u2019, com um concerto tem\u00e1tico e um espet\u00e1culo de fogo-de-artif\u00edcio.\" \/>\n<meta property=\"og:url\" content=\"https:\/\/www.altominho.tv\/site\/2022\/04\/19\/concerto-e-espetaculo-de-fogo-de-artificio-assinalam-25-de-abril-em-cerveira\/\" \/>\n<meta property=\"og:site_name\" content=\"Altominho.tv\" \/>\n<meta property=\"article:publisher\" content=\"https:\/\/www.facebook.com\/altominhotv\" \/>\n<meta property=\"article:published_time\" content=\"2022-04-19T17:17:38+00:00\" \/>\n<meta property=\"article:modified_time\" content=\"2022-04-19T17:17:43+00:00\" \/>\n<meta property=\"og:image\" content=\"https:\/\/www.altominho.tv\/site\/wp-content\/uploads\/2022\/04\/25-de-abril-cerveira.jpg\" \/>\n\t<meta property=\"og:image:width\" content=\"720\" \/>\n\t<meta property=\"og:image:height\" content=\"405\" \/>\n\t<meta property=\"og:image:type\" content=\"image\/jpeg\" \/>\n<meta name=\"author\" content=\"Andreia Ferreira\" \/>\n<meta name=\"twitter:card\" content=\"summary_large_image\" \/>\n<meta name=\"twitter:creator\" content=\"@altominhoTV\" \/>\n<meta name=\"twitter:site\" content=\"@altominhoTV\" \/>\n<meta name=\"twitter:label1\" content=\"Escrito por\" \/>\n\t<meta name=\"twitter:data1\" content=\"Andreia Ferreira\" \/>\n\t<meta name=\"twitter:label2\" content=\"Tempo estimado de leitura\" \/>\n\t<meta name=\"twitter:data2\" content=\"1 minuto\" \/>\n<script type=\"application\/ld+json\" class=\"yoast-schema-graph\">{\"@context\":\"https:\\\/\\\/schema.org\",\"@graph\":[{\"@type\":\"Article\",\"@id\":\"https:\\\/\\\/www.altominho.tv\\\/site\\\/2022\\\/04\\\/19\\\/concerto-e-espetaculo-de-fogo-de-artificio-assinalam-25-de-abril-em-cerveira\\\/#article\",\"isPartOf\":{\"@id\":\"https:\\\/\\\/www.altominho.tv\\\/site\\\/2022\\\/04\\\/19\\\/concerto-e-espetaculo-de-fogo-de-artificio-assinalam-25-de-abril-em-cerveira\\\/\"},\"author\":{\"name\":\"Andreia Ferreira\",\"@id\":\"https:\\\/\\\/www.altominho.tv\\\/site\\\/#\\\/schema\\\/person\\\/d9be4265364723f14ea8e0d56a1d38cd\"},\"headline\":\"Concerto e espet\u00e1culo de fogo-de-artif\u00edcio assinalam 25 de abril em Cerveira\",\"datePublished\":\"2022-04-19T17:17:38+00:00\",\"dateModified\":\"2022-04-19T17:17:43+00:00\",\"mainEntityOfPage\":{\"@id\":\"https:\\\/\\\/www.altominho.tv\\\/site\\\/2022\\\/04\\\/19\\\/concerto-e-espetaculo-de-fogo-de-artificio-assinalam-25-de-abril-em-cerveira\\\/\"},\"wordCount\":197,\"image\":{\"@id\":\"https:\\\/\\\/www.altominho.tv\\\/site\\\/2022\\\/04\\\/19\\\/concerto-e-espetaculo-de-fogo-de-artificio-assinalam-25-de-abril-em-cerveira\\\/#primaryimage\"},\"thumbnailUrl\":\"https:\\\/\\\/www.altominho.tv\\\/site\\\/wp-content\\\/uploads\\\/2022\\\/04\\\/25-de-abril-cerveira.jpg\",\"keywords\":[\"Cultura\",\"Sociedade\"],\"articleSection\":[\"Vila Nova de Cerveira\"],\"inLanguage\":\"pt-PT\",\"copyrightYear\":\"2022\",\"copyrightHolder\":{\"@id\":\"https:\\\/\\\/www.altominho.tv\\\/site\\\/#organization\"}},{\"@type\":\"WebPage\",\"@id\":\"https:\\\/\\\/www.altominho.tv\\\/site\\\/2022\\\/04\\\/19\\\/concerto-e-espetaculo-de-fogo-de-artificio-assinalam-25-de-abril-em-cerveira\\\/\",\"url\":\"https:\\\/\\\/www.altominho.tv\\\/site\\\/2022\\\/04\\\/19\\\/concerto-e-espetaculo-de-fogo-de-artificio-assinalam-25-de-abril-em-cerveira\\\/\",\"name\":\"Concerto e espet\u00e1culo de fogo-de-artif\u00edcio assinalam 25 de abril em Cerveira\",\"isPartOf\":{\"@id\":\"https:\\\/\\\/www.altominho.tv\\\/site\\\/#website\"},\"primaryImageOfPage\":{\"@id\":\"https:\\\/\\\/www.altominho.tv\\\/site\\\/2022\\\/04\\\/19\\\/concerto-e-espetaculo-de-fogo-de-artificio-assinalam-25-de-abril-em-cerveira\\\/#primaryimage\"},\"image\":{\"@id\":\"https:\\\/\\\/www.altominho.tv\\\/site\\\/2022\\\/04\\\/19\\\/concerto-e-espetaculo-de-fogo-de-artificio-assinalam-25-de-abril-em-cerveira\\\/#primaryimage\"},\"thumbnailUrl\":\"https:\\\/\\\/www.altominho.tv\\\/site\\\/wp-content\\\/uploads\\\/2022\\\/04\\\/25-de-abril-cerveira.jpg\",\"datePublished\":\"2022-04-19T17:17:38+00:00\",\"dateModified\":\"2022-04-19T17:17:43+00:00\",\"author\":{\"@id\":\"https:\\\/\\\/www.altominho.tv\\\/site\\\/#\\\/schema\\\/person\\\/d9be4265364723f14ea8e0d56a1d38cd\"},\"description\":\"Vila Nova de Cerveira assinala o 48.\u00ba anivers\u00e1rio da \u2018Revolu\u00e7\u00e3o dos Cravos\u2019, com um concerto tem\u00e1tico e um espet\u00e1culo de fogo-de-artif\u00edcio.\",\"breadcrumb\":{\"@id\":\"https:\\\/\\\/www.altominho.tv\\\/site\\\/2022\\\/04\\\/19\\\/concerto-e-espetaculo-de-fogo-de-artificio-assinalam-25-de-abril-em-cerveira\\\/#breadcrumb\"},\"inLanguage\":\"pt-PT\",\"potentialAction\":[{\"@type\":\"ReadAction\",\"target\":[\"https:\\\/\\\/www.altominho.tv\\\/site\\\/2022\\\/04\\\/19\\\/concerto-e-espetaculo-de-fogo-de-artificio-assinalam-25-de-abril-em-cerveira\\\/\"]}]},{\"@type\":\"ImageObject\",\"inLanguage\":\"pt-PT\",\"@id\":\"https:\\\/\\\/www.altominho.tv\\\/site\\\/2022\\\/04\\\/19\\\/concerto-e-espetaculo-de-fogo-de-artificio-assinalam-25-de-abril-em-cerveira\\\/#primaryimage\",\"url\":\"https:\\\/\\\/www.altominho.tv\\\/site\\\/wp-content\\\/uploads\\\/2022\\\/04\\\/25-de-abril-cerveira.jpg\",\"contentUrl\":\"https:\\\/\\\/www.altominho.tv\\\/site\\\/wp-content\\\/uploads\\\/2022\\\/04\\\/25-de-abril-cerveira.jpg\",\"width\":720,\"height\":405},{\"@type\":\"BreadcrumbList\",\"@id\":\"https:\\\/\\\/www.altominho.tv\\\/site\\\/2022\\\/04\\\/19\\\/concerto-e-espetaculo-de-fogo-de-artificio-assinalam-25-de-abril-em-cerveira\\\/#breadcrumb\",\"itemListElement\":[{\"@type\":\"ListItem\",\"position\":1,\"name\":\"In\u00edcio\",\"item\":\"https:\\\/\\\/www.altominho.tv\\\/site\\\/\"},{\"@type\":\"ListItem\",\"position\":2,\"name\":\"Concerto e espet\u00e1culo de fogo-de-artif\u00edcio assinalam 25 de abril em Cerveira\"}]},{\"@type\":\"WebSite\",\"@id\":\"https:\\\/\\\/www.altominho.tv\\\/site\\\/#website\",\"url\":\"https:\\\/\\\/www.altominho.tv\\\/site\\\/\",\"name\":\"Altominho.tv\",\"description\":\"A sua regi\u00e3o \u00e0 dist\u00e2ncia de um clique...\",\"potentialAction\":[{\"@type\":\"SearchAction\",\"target\":{\"@type\":\"EntryPoint\",\"urlTemplate\":\"https:\\\/\\\/www.altominho.tv\\\/site\\\/?s={search_term_string}\"},\"query-input\":{\"@type\":\"PropertyValueSpecification\",\"valueRequired\":true,\"valueName\":\"search_term_string\"}}],\"inLanguage\":\"pt-PT\"},{\"@type\":\"Person\",\"@id\":\"https:\\\/\\\/www.altominho.tv\\\/site\\\/#\\\/schema\\\/person\\\/d9be4265364723f14ea8e0d56a1d38cd\",\"name\":\"Andreia Ferreira\",\"image\":{\"@type\":\"ImageObject\",\"inLanguage\":\"pt-PT\",\"@id\":\"https:\\\/\\\/www.altominho.tv\\\/site\\\/wp-content\\\/uploads\\\/2021\\\/01\\\/AndreiaFerreira-150x150.jpg\",\"url\":\"https:\\\/\\\/www.altominho.tv\\\/site\\\/wp-content\\\/uploads\\\/2021\\\/01\\\/AndreiaFerreira-150x150.jpg\",\"contentUrl\":\"https:\\\/\\\/www.altominho.tv\\\/site\\\/wp-content\\\/uploads\\\/2021\\\/01\\\/AndreiaFerreira-150x150.jpg\",\"caption\":\"Andreia Ferreira\"},\"url\":\"https:\\\/\\\/www.altominho.tv\\\/site\\\/author\\\/andreiaferreira\\\/\"}]}<\/script>\n<!-- \/ Yoast SEO Premium plugin. -->","yoast_head_json":{"title":"Concerto e espet\u00e1culo de fogo-de-artif\u00edcio assinalam 25 de abril em Cerveira","description":"Vila Nova de Cerveira assinala o 48.\u00ba anivers\u00e1rio da \u2018Revolu\u00e7\u00e3o dos Cravos\u2019, com um concerto tem\u00e1tico e um espet\u00e1culo de fogo-de-artif\u00edcio.","robots":{"index":"index","follow":"follow","max-snippet":"max-snippet:-1","max-image-preview":"max-image-preview:large","max-video-preview":"max-video-preview:-1"},"canonical":"https:\/\/www.altominho.tv\/site\/2022\/04\/19\/concerto-e-espetaculo-de-fogo-de-artificio-assinalam-25-de-abril-em-cerveira\/","og_locale":"pt_PT","og_type":"article","og_title":"Concerto e espet\u00e1culo de fogo-de-artif\u00edcio assinalam 25 de abril em Cerveira","og_description":"Vila Nova de Cerveira assinala o 48.\u00ba anivers\u00e1rio da \u2018Revolu\u00e7\u00e3o dos Cravos\u2019, com um concerto tem\u00e1tico e um espet\u00e1culo de fogo-de-artif\u00edcio.","og_url":"https:\/\/www.altominho.tv\/site\/2022\/04\/19\/concerto-e-espetaculo-de-fogo-de-artificio-assinalam-25-de-abril-em-cerveira\/","og_site_name":"Altominho.tv","article_publisher":"https:\/\/www.facebook.com\/altominhotv","article_published_time":"2022-04-19T17:17:38+00:00","article_modified_time":"2022-04-19T17:17:43+00:00","og_image":[{"width":720,"height":405,"url":"https:\/\/www.altominho.tv\/site\/wp-content\/uploads\/2022\/04\/25-de-abril-cerveira.jpg","type":"image\/jpeg"}],"author":"Andreia Ferreira","twitter_card":"summary_large_image","twitter_creator":"@altominhoTV","twitter_site":"@altominhoTV","twitter_misc":{"Escrito por":"Andreia Ferreira","Tempo estimado de leitura":"1 minuto"},"schema":{"@context":"https:\/\/schema.org","@graph":[{"@type":"Article","@id":"https:\/\/www.altominho.tv\/site\/2022\/04\/19\/concerto-e-espetaculo-de-fogo-de-artificio-assinalam-25-de-abril-em-cerveira\/#article","isPartOf":{"@id":"https:\/\/www.altominho.tv\/site\/2022\/04\/19\/concerto-e-espetaculo-de-fogo-de-artificio-assinalam-25-de-abril-em-cerveira\/"},"author":{"name":"Andreia Ferreira","@id":"https:\/\/www.altominho.tv\/site\/#\/schema\/person\/d9be4265364723f14ea8e0d56a1d38cd"},"headline":"Concerto e espet\u00e1culo de fogo-de-artif\u00edcio assinalam 25 de abril em Cerveira","datePublished":"2022-04-19T17:17:38+00:00","dateModified":"2022-04-19T17:17:43+00:00","mainEntityOfPage":{"@id":"https:\/\/www.altominho.tv\/site\/2022\/04\/19\/concerto-e-espetaculo-de-fogo-de-artificio-assinalam-25-de-abril-em-cerveira\/"},"wordCount":197,"image":{"@id":"https:\/\/www.altominho.tv\/site\/2022\/04\/19\/concerto-e-espetaculo-de-fogo-de-artificio-assinalam-25-de-abril-em-cerveira\/#primaryimage"},"thumbnailUrl":"https:\/\/www.altominho.tv\/site\/wp-content\/uploads\/2022\/04\/25-de-abril-cerveira.jpg","keywords":["Cultura","Sociedade"],"articleSection":["Vila Nova de Cerveira"],"inLanguage":"pt-PT","copyrightYear":"2022","copyrightHolder":{"@id":"https:\/\/www.altominho.tv\/site\/#organization"}},{"@type":"WebPage","@id":"https:\/\/www.altominho.tv\/site\/2022\/04\/19\/concerto-e-espetaculo-de-fogo-de-artificio-assinalam-25-de-abril-em-cerveira\/","url":"https:\/\/www.altominho.tv\/site\/2022\/04\/19\/concerto-e-espetaculo-de-fogo-de-artificio-assinalam-25-de-abril-em-cerveira\/","name":"Concerto e espet\u00e1culo de fogo-de-artif\u00edcio assinalam 25 de abril em Cerveira","isPartOf":{"@id":"https:\/\/www.altominho.tv\/site\/#website"},"primaryImageOfPage":{"@id":"https:\/\/www.altominho.tv\/site\/2022\/04\/19\/concerto-e-espetaculo-de-fogo-de-artificio-assinalam-25-de-abril-em-cerveira\/#primaryimage"},"image":{"@id":"https:\/\/www.altominho.tv\/site\/2022\/04\/19\/concerto-e-espetaculo-de-fogo-de-artificio-assinalam-25-de-abril-em-cerveira\/#primaryimage"},"thumbnailUrl":"https:\/\/www.altominho.tv\/site\/wp-content\/uploads\/2022\/04\/25-de-abril-cerveira.jpg","datePublished":"2022-04-19T17:17:38+00:00","dateModified":"2022-04-19T17:17:43+00:00","author":{"@id":"https:\/\/www.altominho.tv\/site\/#\/schema\/person\/d9be4265364723f14ea8e0d56a1d38cd"},"description":"Vila Nova de Cerveira assinala o 48.\u00ba anivers\u00e1rio da \u2018Revolu\u00e7\u00e3o dos Cravos\u2019, com um concerto tem\u00e1tico e um espet\u00e1culo de fogo-de-artif\u00edcio.","breadcrumb":{"@id":"https:\/\/www.altominho.tv\/site\/2022\/04\/19\/concerto-e-espetaculo-de-fogo-de-artificio-assinalam-25-de-abril-em-cerveira\/#breadcrumb"},"inLanguage":"pt-PT","potentialAction":[{"@type":"ReadAction","target":["https:\/\/www.altominho.tv\/site\/2022\/04\/19\/concerto-e-espetaculo-de-fogo-de-artificio-assinalam-25-de-abril-em-cerveira\/"]}]},{"@type":"ImageObject","inLanguage":"pt-PT","@id":"https:\/\/www.altominho.tv\/site\/2022\/04\/19\/concerto-e-espetaculo-de-fogo-de-artificio-assinalam-25-de-abril-em-cerveira\/#primaryimage","url":"https:\/\/www.altominho.tv\/site\/wp-content\/uploads\/2022\/04\/25-de-abril-cerveira.jpg","contentUrl":"https:\/\/www.altominho.tv\/site\/wp-content\/uploads\/2022\/04\/25-de-abril-cerveira.jpg","width":720,"height":405},{"@type":"BreadcrumbList","@id":"https:\/\/www.altominho.tv\/site\/2022\/04\/19\/concerto-e-espetaculo-de-fogo-de-artificio-assinalam-25-de-abril-em-cerveira\/#breadcrumb","itemListElement":[{"@type":"ListItem","position":1,"name":"In\u00edcio","item":"https:\/\/www.altominho.tv\/site\/"},{"@type":"ListItem","position":2,"name":"Concerto e espet\u00e1culo de fogo-de-artif\u00edcio assinalam 25 de abril em Cerveira"}]},{"@type":"WebSite","@id":"https:\/\/www.altominho.tv\/site\/#website","url":"https:\/\/www.altominho.tv\/site\/","name":"Altominho.tv","description":"A sua regi\u00e3o \u00e0 dist\u00e2ncia de um clique...","potentialAction":[{"@type":"SearchAction","target":{"@type":"EntryPoint","urlTemplate":"https:\/\/www.altominho.tv\/site\/?s={search_term_string}"},"query-input":{"@type":"PropertyValueSpecification","valueRequired":true,"valueName":"search_term_string"}}],"inLanguage":"pt-PT"},{"@type":"Person","@id":"https:\/\/www.altominho.tv\/site\/#\/schema\/person\/d9be4265364723f14ea8e0d56a1d38cd","name":"Andreia Ferreira","image":{"@type":"ImageObject","inLanguage":"pt-PT","@id":"https:\/\/www.altominho.tv\/site\/wp-content\/uploads\/2021\/01\/AndreiaFerreira-150x150.jpg","url":"https:\/\/www.altominho.tv\/site\/wp-content\/uploads\/2021\/01\/AndreiaFerreira-150x150.jpg","contentUrl":"https:\/\/www.altominho.tv\/site\/wp-content\/uploads\/2021\/01\/AndreiaFerreira-150x150.jpg","caption":"Andreia Ferreira"},"url":"https:\/\/www.altominho.tv\/site\/author\/andreiaferreira\/"}]}},"_links":{"self":[{"href":"https:\/\/www.altominho.tv\/site\/wp-json\/wp\/v2\/posts\/79081","targetHints":{"allow":["GET"]}}],"collection":[{"href":"https:\/\/www.altominho.tv\/site\/wp-json\/wp\/v2\/posts"}],"about":[{"href":"https:\/\/www.altominho.tv\/site\/wp-json\/wp\/v2\/types\/post"}],"author":[{"embeddable":true,"href":"https:\/\/www.altominho.tv\/site\/wp-json\/wp\/v2\/users\/12"}],"replies":[{"embeddable":true,"href":"https:\/\/www.altominho.tv\/site\/wp-json\/wp\/v2\/comments?post=79081"}],"version-history":[{"count":0,"href":"https:\/\/www.altominho.tv\/site\/wp-json\/wp\/v2\/posts\/79081\/revisions"}],"wp:featuredmedia":[{"embeddable":true,"href":"https:\/\/www.altominho.tv\/site\/wp-json\/wp\/v2\/media\/79082"}],"wp:attachment":[{"href":"https:\/\/www.altominho.tv\/site\/wp-json\/wp\/v2\/media?parent=79081"}],"wp:term":[{"taxonomy":"category","embeddable":true,"href":"https:\/\/www.altominho.tv\/site\/wp-json\/wp\/v2\/categories?post=79081"},{"taxonomy":"post_tag","embeddable":true,"href":"https:\/\/www.altominho.tv\/site\/wp-json\/wp\/v2\/tags?post=79081"}],"curies":[{"name":"wp","href":"https:\/\/api.w.org\/{rel}","templated":true}]}}