{"id":78992,"date":"2022-04-14T20:57:34","date_gmt":"2022-04-14T19:57:34","guid":{"rendered":"https:\/\/www.altominho.tv\/site\/?p=78992"},"modified":"2022-04-14T20:57:39","modified_gmt":"2022-04-14T19:57:39","slug":"valenca-regista-enchente-de-visitantes-na-pascoa-apos-dois-anos-de-interregno","status":"publish","type":"post","link":"https:\/\/www.altominho.tv\/site\/2022\/04\/14\/valenca-regista-enchente-de-visitantes-na-pascoa-apos-dois-anos-de-interregno\/","title":{"rendered":"Valen\u00e7a regista \u201cenchente\u201d de visitantes na P\u00e1scoa ap\u00f3s dois anos de interregno"},"content":{"rendered":"<p>A C\u00e2mara de Valen\u00e7a informou hoje que est\u00e1 a \u201cregistar, por estes dias, enchentes de turistas e peregrinos desta \u00e9poca da Semana Santa, ap\u00f3s dois anos de pandemia de covid-19.<\/p>\n<p>\u201cVer as ruas da zona urbana do concelho com tanta din\u00e2mica e fluxo de visitantes e os estabelecimentos comerciais, de restaura\u00e7\u00e3o e hotelaria repletos, ap\u00f3s dois anos de crise ditados pela pandemia, d\u00e1 um alento acrescido e renovadas esperan\u00e7as na retoma da atividade destes setores fundamentais para o tecido socioecon\u00f3mico de Valen\u00e7a\u201d, afirmou o presidente da C\u00e2mara, Jos\u00e9 Manuel Carpinteira, citado numa nota enviada \u00e0s reda\u00e7\u00f5es.<\/p>\n<p>O socialista adiantou \u201ca autarquia est\u00e1 a trabalhar empenhadamente na dinamiza\u00e7\u00e3o tur\u00edstica, cultural e social, assumindo um papel impulsionador da atividade econ\u00f3mica do nosso concelho\u201d.<\/p>\n<p>Jos\u00e9 Manuel Carpinteira referiu ainda \u201cque a recupera\u00e7\u00e3o, nos \u00faltimos meses, do n\u00famero de peregrinos que chegam a Valen\u00e7a, pelo Caminho Portugu\u00eas Central e pelo Caminho Portugu\u00eas da Costa,\u00a0 \u00e9 tamb\u00e9m, um bom indicador\u201d.<\/p>\n<p>No comunicado, o munic\u00edpio referiu que \u201cas ruas repletas, o movimento no com\u00e9rcio, na restaura\u00e7\u00e3o e na hotelaria s\u00e3o um uma lufada de ar fresco para Valen\u00e7a e para a revitaliza\u00e7\u00e3o de setores t\u00e3o afetados pela pandemia de covid-19\u201d.<\/p>\n<p>\u201cA C\u00e2mara Municipal est\u00e1 empenhada em alavancar este regresso \u00e0 normalidade, na atratividade e embelezamento da cidade, bem como na sua dinamiza\u00e7\u00e3o cultural e social\u201d, adianta a nota.<\/p>\n<p>A \u201cprograma\u00e7\u00e3o da P\u00e1scoa 2022 na semana passada com o Via Cr\u00facis, inclui as celebra\u00e7\u00f5es da Semana Santa, pelas par\u00f3quias do concelho e, na segunda-feira de P\u00e1scoa, \u201co regresso do emblem\u00e1tico Lan\u00e7o da Cruz, em Cristelo Covo, nas festas em honra de Nossa Senhora da Cabe\u00e7a\u201d.<\/p>\n<div id='gallery-1' class='gallery galleryid-78992 gallery-columns-3 gallery-size-gridlove-single'><figure class='gallery-item'>\n\t\t\t<div class='gallery-icon landscape'>\n\t\t\t\t<a class=\"gridlove-popup\" href='https:\/\/www.altominho.tv\/site\/wp-content\/uploads\/2022\/04\/Ruas_Valenc\u0327a_4.jpg'><img loading=\"lazy\" decoding=\"async\" width=\"740\" height=\"493\" src=\"https:\/\/www.altominho.tv\/site\/wp-content\/uploads\/2022\/04\/Ruas_Valenc\u0327a_4-740x493.jpg\" class=\"attachment-gridlove-single size-gridlove-single\" alt=\"\" srcset=\"https:\/\/www.altominho.tv\/site\/wp-content\/uploads\/2022\/04\/Ruas_Valenc\u0327a_4-740x493.jpg 740w, https:\/\/www.altominho.tv\/site\/wp-content\/uploads\/2022\/04\/Ruas_Valenc\u0327a_4-650x433.jpg 650w, https:\/\/www.altominho.tv\/site\/wp-content\/uploads\/2022\/04\/Ruas_Valenc\u0327a_4-1024x683.jpg 1024w, https:\/\/www.altominho.tv\/site\/wp-content\/uploads\/2022\/04\/Ruas_Valenc\u0327a_4-768x512.jpg 768w, https:\/\/www.altominho.tv\/site\/wp-content\/uploads\/2022\/04\/Ruas_Valenc\u0327a_4-1536x1024.jpg 1536w, https:\/\/www.altominho.tv\/site\/wp-content\/uploads\/2022\/04\/Ruas_Valenc\u0327a_4-370x247.jpg 370w, https:\/\/www.altominho.tv\/site\/wp-content\/uploads\/2022\/04\/Ruas_Valenc\u0327a_4-270x180.jpg 270w, https:\/\/www.altominho.tv\/site\/wp-content\/uploads\/2022\/04\/Ruas_Valenc\u0327a_4-570x380.jpg 570w, https:\/\/www.altominho.tv\/site\/wp-content\/uploads\/2022\/04\/Ruas_Valenc\u0327a_4.jpg 2048w\" sizes=\"auto, (max-width: 740px) 100vw, 740px\" \/><\/a>\n\t\t\t<\/div><\/figure><figure class='gallery-item'>\n\t\t\t<div class='gallery-icon portrait'>\n\t\t\t\t<a class=\"gridlove-popup\" href='https:\/\/www.altominho.tv\/site\/wp-content\/uploads\/2022\/04\/Ruas_Valenc\u0327a_3.jpg'><img loading=\"lazy\" decoding=\"async\" width=\"740\" height=\"987\" src=\"https:\/\/www.altominho.tv\/site\/wp-content\/uploads\/2022\/04\/Ruas_Valenc\u0327a_3-740x987.jpg\" class=\"attachment-gridlove-single size-gridlove-single\" alt=\"\" srcset=\"https:\/\/www.altominho.tv\/site\/wp-content\/uploads\/2022\/04\/Ruas_Valenc\u0327a_3-740x987.jpg 740w, https:\/\/www.altominho.tv\/site\/wp-content\/uploads\/2022\/04\/Ruas_Valenc\u0327a_3-325x433.jpg 325w, https:\/\/www.altominho.tv\/site\/wp-content\/uploads\/2022\/04\/Ruas_Valenc\u0327a_3-768x1024.jpg 768w, https:\/\/www.altominho.tv\/site\/wp-content\/uploads\/2022\/04\/Ruas_Valenc\u0327a_3-1152x1536.jpg 1152w, https:\/\/www.altominho.tv\/site\/wp-content\/uploads\/2022\/04\/Ruas_Valenc\u0327a_3-370x493.jpg 370w, https:\/\/www.altominho.tv\/site\/wp-content\/uploads\/2022\/04\/Ruas_Valenc\u0327a_3-270x360.jpg 270w, https:\/\/www.altominho.tv\/site\/wp-content\/uploads\/2022\/04\/Ruas_Valenc\u0327a_3-570x760.jpg 570w, https:\/\/www.altominho.tv\/site\/wp-content\/uploads\/2022\/04\/Ruas_Valenc\u0327a_3.jpg 1536w\" sizes=\"auto, (max-width: 740px) 100vw, 740px\" \/><\/a>\n\t\t\t<\/div><\/figure><figure class='gallery-item'>\n\t\t\t<div class='gallery-icon portrait'>\n\t\t\t\t<a class=\"gridlove-popup\" href='https:\/\/www.altominho.tv\/site\/wp-content\/uploads\/2022\/04\/Ruas_Valenc\u0327a_1.jpg'><img loading=\"lazy\" decoding=\"async\" width=\"740\" height=\"987\" src=\"https:\/\/www.altominho.tv\/site\/wp-content\/uploads\/2022\/04\/Ruas_Valenc\u0327a_1-740x987.jpg\" class=\"attachment-gridlove-single size-gridlove-single\" alt=\"\" srcset=\"https:\/\/www.altominho.tv\/site\/wp-content\/uploads\/2022\/04\/Ruas_Valenc\u0327a_1-740x987.jpg 740w, https:\/\/www.altominho.tv\/site\/wp-content\/uploads\/2022\/04\/Ruas_Valenc\u0327a_1-325x433.jpg 325w, https:\/\/www.altominho.tv\/site\/wp-content\/uploads\/2022\/04\/Ruas_Valenc\u0327a_1-768x1024.jpg 768w, https:\/\/www.altominho.tv\/site\/wp-content\/uploads\/2022\/04\/Ruas_Valenc\u0327a_1-1152x1536.jpg 1152w, https:\/\/www.altominho.tv\/site\/wp-content\/uploads\/2022\/04\/Ruas_Valenc\u0327a_1-370x493.jpg 370w, https:\/\/www.altominho.tv\/site\/wp-content\/uploads\/2022\/04\/Ruas_Valenc\u0327a_1-270x360.jpg 270w, https:\/\/www.altominho.tv\/site\/wp-content\/uploads\/2022\/04\/Ruas_Valenc\u0327a_1-570x760.jpg 570w, https:\/\/www.altominho.tv\/site\/wp-content\/uploads\/2022\/04\/Ruas_Valenc\u0327a_1.jpg 1536w\" sizes=\"auto, (max-width: 740px) 100vw, 740px\" \/><\/a>\n\t\t\t<\/div><\/figure><figure class='gallery-item'>\n\t\t\t<div class='gallery-icon landscape'>\n\t\t\t\t<a class=\"gridlove-popup\" href='https:\/\/www.altominho.tv\/site\/wp-content\/uploads\/2022\/04\/Ruas_Valenc\u0327a_2.jpg'><img loading=\"lazy\" decoding=\"async\" width=\"740\" height=\"555\" src=\"https:\/\/www.altominho.tv\/site\/wp-content\/uploads\/2022\/04\/Ruas_Valenc\u0327a_2-740x555.jpg\" class=\"attachment-gridlove-single size-gridlove-single\" alt=\"\" srcset=\"https:\/\/www.altominho.tv\/site\/wp-content\/uploads\/2022\/04\/Ruas_Valenc\u0327a_2-740x555.jpg 740w, https:\/\/www.altominho.tv\/site\/wp-content\/uploads\/2022\/04\/Ruas_Valenc\u0327a_2-577x433.jpg 577w, https:\/\/www.altominho.tv\/site\/wp-content\/uploads\/2022\/04\/Ruas_Valenc\u0327a_2-1024x768.jpg 1024w, https:\/\/www.altominho.tv\/site\/wp-content\/uploads\/2022\/04\/Ruas_Valenc\u0327a_2-768x576.jpg 768w, https:\/\/www.altominho.tv\/site\/wp-content\/uploads\/2022\/04\/Ruas_Valenc\u0327a_2-1536x1152.jpg 1536w, https:\/\/www.altominho.tv\/site\/wp-content\/uploads\/2022\/04\/Ruas_Valenc\u0327a_2-370x278.jpg 370w, https:\/\/www.altominho.tv\/site\/wp-content\/uploads\/2022\/04\/Ruas_Valenc\u0327a_2-270x203.jpg 270w, https:\/\/www.altominho.tv\/site\/wp-content\/uploads\/2022\/04\/Ruas_Valenc\u0327a_2-570x428.jpg 570w, https:\/\/www.altominho.tv\/site\/wp-content\/uploads\/2022\/04\/Ruas_Valenc\u0327a_2-80x60.jpg 80w, https:\/\/www.altominho.tv\/site\/wp-content\/uploads\/2022\/04\/Ruas_Valenc\u0327a_2.jpg 2048w\" sizes=\"auto, (max-width: 740px) 100vw, 740px\" \/><\/a>\n\t\t\t<\/div><\/figure>\n\t\t<\/div>\n\n","protected":false},"excerpt":{"rendered":"<p>A C\u00e2mara de Valen\u00e7a informou hoje que est\u00e1 a \u201cregistar, por estes dias, enchentes de turistas e peregrinos desta \u00e9poca da Semana Santa, ap\u00f3s dois anos de pandemia de covid-19. \u201cVer as ruas da zona urbana do concelho com tanta din\u00e2mica e fluxo de visitantes e os estabelecimentos comerciais, de restaura\u00e7\u00e3o e hotelaria repletos, ap\u00f3s [&hellip;]<\/p>\n","protected":false},"author":13,"featured_media":78993,"comment_status":"closed","ping_status":"closed","sticky":false,"template":"","format":"standard","meta":{"_exactmetrics_skip_tracking":false,"_exactmetrics_sitenote_active":false,"_exactmetrics_sitenote_note":"","_exactmetrics_sitenote_category":0,"footnotes":""},"categories":[13],"tags":[27],"class_list":["post-78992","post","type-post","status-publish","format-standard","has-post-thumbnail","hentry","category-valenca","tag-sociedade"],"yoast_head":"<!-- This site is optimized with the Yoast SEO Premium plugin v27.5 (Yoast SEO v27.5) - https:\/\/yoast.com\/product\/yoast-seo-premium-wordpress\/ -->\n<title>Valen\u00e7a regista \u201cenchente\u201d de visitantes na P\u00e1scoa ap\u00f3s dois anos de interregno<\/title>\n<meta name=\"robots\" content=\"index, follow, max-snippet:-1, max-image-preview:large, max-video-preview:-1\" \/>\n<link rel=\"canonical\" href=\"https:\/\/www.altominho.tv\/site\/2022\/04\/14\/valenca-regista-enchente-de-visitantes-na-pascoa-apos-dois-anos-de-interregno\/\" \/>\n<meta property=\"og:locale\" content=\"pt_PT\" \/>\n<meta property=\"og:type\" content=\"article\" \/>\n<meta property=\"og:title\" content=\"Valen\u00e7a regista \u201cenchente\u201d de visitantes na P\u00e1scoa ap\u00f3s dois anos de interregno\" \/>\n<meta property=\"og:description\" content=\"A C\u00e2mara de Valen\u00e7a informou hoje que est\u00e1 a \u201cregistar, por estes dias, enchentes de turistas e peregrinos desta \u00e9poca da Semana Santa, ap\u00f3s dois anos de pandemia de covid-19. \u201cVer as ruas da zona urbana do concelho com tanta din\u00e2mica e fluxo de visitantes e os estabelecimentos comerciais, de restaura\u00e7\u00e3o e hotelaria repletos, ap\u00f3s [&hellip;]\" \/>\n<meta property=\"og:url\" content=\"https:\/\/www.altominho.tv\/site\/2022\/04\/14\/valenca-regista-enchente-de-visitantes-na-pascoa-apos-dois-anos-de-interregno\/\" \/>\n<meta property=\"og:site_name\" content=\"Altominho.tv\" \/>\n<meta property=\"article:publisher\" content=\"https:\/\/www.facebook.com\/altominhotv\" \/>\n<meta property=\"article:published_time\" content=\"2022-04-14T19:57:34+00:00\" \/>\n<meta property=\"article:modified_time\" content=\"2022-04-14T19:57:39+00:00\" \/>\n<meta property=\"og:image\" content=\"https:\/\/www.altominho.tv\/site\/wp-content\/uploads\/2022\/04\/Enchente_Ruas_Valenca.jpg\" \/>\n\t<meta property=\"og:image:width\" content=\"2048\" \/>\n\t<meta property=\"og:image:height\" content=\"1365\" \/>\n\t<meta property=\"og:image:type\" content=\"image\/jpeg\" \/>\n<meta name=\"author\" content=\"Lusa\" \/>\n<meta name=\"twitter:card\" content=\"summary_large_image\" \/>\n<meta name=\"twitter:creator\" content=\"@altominhoTV\" \/>\n<meta name=\"twitter:site\" content=\"@altominhoTV\" \/>\n<meta name=\"twitter:label1\" content=\"Escrito por\" \/>\n\t<meta name=\"twitter:data1\" content=\"Lusa\" \/>\n\t<meta name=\"twitter:label2\" content=\"Tempo estimado de leitura\" \/>\n\t<meta name=\"twitter:data2\" content=\"3 minutos\" \/>\n<script type=\"application\/ld+json\" class=\"yoast-schema-graph\">{\"@context\":\"https:\\\/\\\/schema.org\",\"@graph\":[{\"@type\":\"Article\",\"@id\":\"https:\\\/\\\/www.altominho.tv\\\/site\\\/2022\\\/04\\\/14\\\/valenca-regista-enchente-de-visitantes-na-pascoa-apos-dois-anos-de-interregno\\\/#article\",\"isPartOf\":{\"@id\":\"https:\\\/\\\/www.altominho.tv\\\/site\\\/2022\\\/04\\\/14\\\/valenca-regista-enchente-de-visitantes-na-pascoa-apos-dois-anos-de-interregno\\\/\"},\"author\":{\"name\":\"Lusa\",\"@id\":\"https:\\\/\\\/www.altominho.tv\\\/site\\\/#\\\/schema\\\/person\\\/63f693da3e1899361cbe955c46f3232e\"},\"headline\":\"Valen\u00e7a regista \u201cenchente\u201d de visitantes na P\u00e1scoa ap\u00f3s dois anos de interregno\",\"datePublished\":\"2022-04-14T19:57:34+00:00\",\"dateModified\":\"2022-04-14T19:57:39+00:00\",\"mainEntityOfPage\":{\"@id\":\"https:\\\/\\\/www.altominho.tv\\\/site\\\/2022\\\/04\\\/14\\\/valenca-regista-enchente-de-visitantes-na-pascoa-apos-dois-anos-de-interregno\\\/\"},\"wordCount\":318,\"image\":{\"@id\":\"https:\\\/\\\/www.altominho.tv\\\/site\\\/2022\\\/04\\\/14\\\/valenca-regista-enchente-de-visitantes-na-pascoa-apos-dois-anos-de-interregno\\\/#primaryimage\"},\"thumbnailUrl\":\"https:\\\/\\\/www.altominho.tv\\\/site\\\/wp-content\\\/uploads\\\/2022\\\/04\\\/Enchente_Ruas_Valenca.jpg\",\"keywords\":[\"Sociedade\"],\"articleSection\":[\"Valen\u00e7a\"],\"inLanguage\":\"pt-PT\",\"copyrightYear\":\"2022\",\"copyrightHolder\":{\"@id\":\"https:\\\/\\\/www.altominho.tv\\\/site\\\/#organization\"}},{\"@type\":\"WebPage\",\"@id\":\"https:\\\/\\\/www.altominho.tv\\\/site\\\/2022\\\/04\\\/14\\\/valenca-regista-enchente-de-visitantes-na-pascoa-apos-dois-anos-de-interregno\\\/\",\"url\":\"https:\\\/\\\/www.altominho.tv\\\/site\\\/2022\\\/04\\\/14\\\/valenca-regista-enchente-de-visitantes-na-pascoa-apos-dois-anos-de-interregno\\\/\",\"name\":\"Valen\u00e7a regista \u201cenchente\u201d de visitantes na P\u00e1scoa ap\u00f3s dois anos de interregno\",\"isPartOf\":{\"@id\":\"https:\\\/\\\/www.altominho.tv\\\/site\\\/#website\"},\"primaryImageOfPage\":{\"@id\":\"https:\\\/\\\/www.altominho.tv\\\/site\\\/2022\\\/04\\\/14\\\/valenca-regista-enchente-de-visitantes-na-pascoa-apos-dois-anos-de-interregno\\\/#primaryimage\"},\"image\":{\"@id\":\"https:\\\/\\\/www.altominho.tv\\\/site\\\/2022\\\/04\\\/14\\\/valenca-regista-enchente-de-visitantes-na-pascoa-apos-dois-anos-de-interregno\\\/#primaryimage\"},\"thumbnailUrl\":\"https:\\\/\\\/www.altominho.tv\\\/site\\\/wp-content\\\/uploads\\\/2022\\\/04\\\/Enchente_Ruas_Valenca.jpg\",\"datePublished\":\"2022-04-14T19:57:34+00:00\",\"dateModified\":\"2022-04-14T19:57:39+00:00\",\"author\":{\"@id\":\"https:\\\/\\\/www.altominho.tv\\\/site\\\/#\\\/schema\\\/person\\\/63f693da3e1899361cbe955c46f3232e\"},\"breadcrumb\":{\"@id\":\"https:\\\/\\\/www.altominho.tv\\\/site\\\/2022\\\/04\\\/14\\\/valenca-regista-enchente-de-visitantes-na-pascoa-apos-dois-anos-de-interregno\\\/#breadcrumb\"},\"inLanguage\":\"pt-PT\",\"potentialAction\":[{\"@type\":\"ReadAction\",\"target\":[\"https:\\\/\\\/www.altominho.tv\\\/site\\\/2022\\\/04\\\/14\\\/valenca-regista-enchente-de-visitantes-na-pascoa-apos-dois-anos-de-interregno\\\/\"]}]},{\"@type\":\"ImageObject\",\"inLanguage\":\"pt-PT\",\"@id\":\"https:\\\/\\\/www.altominho.tv\\\/site\\\/2022\\\/04\\\/14\\\/valenca-regista-enchente-de-visitantes-na-pascoa-apos-dois-anos-de-interregno\\\/#primaryimage\",\"url\":\"https:\\\/\\\/www.altominho.tv\\\/site\\\/wp-content\\\/uploads\\\/2022\\\/04\\\/Enchente_Ruas_Valenca.jpg\",\"contentUrl\":\"https:\\\/\\\/www.altominho.tv\\\/site\\\/wp-content\\\/uploads\\\/2022\\\/04\\\/Enchente_Ruas_Valenca.jpg\",\"width\":2048,\"height\":1365},{\"@type\":\"BreadcrumbList\",\"@id\":\"https:\\\/\\\/www.altominho.tv\\\/site\\\/2022\\\/04\\\/14\\\/valenca-regista-enchente-de-visitantes-na-pascoa-apos-dois-anos-de-interregno\\\/#breadcrumb\",\"itemListElement\":[{\"@type\":\"ListItem\",\"position\":1,\"name\":\"In\u00edcio\",\"item\":\"https:\\\/\\\/www.altominho.tv\\\/site\\\/\"},{\"@type\":\"ListItem\",\"position\":2,\"name\":\"Valen\u00e7a regista \u201cenchente\u201d de visitantes na P\u00e1scoa ap\u00f3s dois anos de interregno\"}]},{\"@type\":\"WebSite\",\"@id\":\"https:\\\/\\\/www.altominho.tv\\\/site\\\/#website\",\"url\":\"https:\\\/\\\/www.altominho.tv\\\/site\\\/\",\"name\":\"Altominho.tv\",\"description\":\"A sua regi\u00e3o \u00e0 dist\u00e2ncia de um clique...\",\"potentialAction\":[{\"@type\":\"SearchAction\",\"target\":{\"@type\":\"EntryPoint\",\"urlTemplate\":\"https:\\\/\\\/www.altominho.tv\\\/site\\\/?s={search_term_string}\"},\"query-input\":{\"@type\":\"PropertyValueSpecification\",\"valueRequired\":true,\"valueName\":\"search_term_string\"}}],\"inLanguage\":\"pt-PT\"},{\"@type\":\"Person\",\"@id\":\"https:\\\/\\\/www.altominho.tv\\\/site\\\/#\\\/schema\\\/person\\\/63f693da3e1899361cbe955c46f3232e\",\"name\":\"Lusa\",\"image\":{\"@type\":\"ImageObject\",\"inLanguage\":\"pt-PT\",\"@id\":\"https:\\\/\\\/www.altominho.tv\\\/site\\\/wp-content\\\/uploads\\\/2019\\\/08\\\/LUSA_Logo.gif\",\"url\":\"https:\\\/\\\/www.altominho.tv\\\/site\\\/wp-content\\\/uploads\\\/2019\\\/08\\\/LUSA_Logo.gif\",\"contentUrl\":\"https:\\\/\\\/www.altominho.tv\\\/site\\\/wp-content\\\/uploads\\\/2019\\\/08\\\/LUSA_Logo.gif\",\"caption\":\"Lusa\"},\"sameAs\":[\"http:\\\/\\\/\\\/\\\/www.altominho.tv\\\/site\"],\"url\":\"https:\\\/\\\/www.altominho.tv\\\/site\\\/author\\\/lusa\\\/\"}]}<\/script>\n<!-- \/ Yoast SEO Premium plugin. -->","yoast_head_json":{"title":"Valen\u00e7a regista \u201cenchente\u201d de visitantes na P\u00e1scoa ap\u00f3s dois anos de interregno","robots":{"index":"index","follow":"follow","max-snippet":"max-snippet:-1","max-image-preview":"max-image-preview:large","max-video-preview":"max-video-preview:-1"},"canonical":"https:\/\/www.altominho.tv\/site\/2022\/04\/14\/valenca-regista-enchente-de-visitantes-na-pascoa-apos-dois-anos-de-interregno\/","og_locale":"pt_PT","og_type":"article","og_title":"Valen\u00e7a regista \u201cenchente\u201d de visitantes na P\u00e1scoa ap\u00f3s dois anos de interregno","og_description":"A C\u00e2mara de Valen\u00e7a informou hoje que est\u00e1 a \u201cregistar, por estes dias, enchentes de turistas e peregrinos desta \u00e9poca da Semana Santa, ap\u00f3s dois anos de pandemia de covid-19. \u201cVer as ruas da zona urbana do concelho com tanta din\u00e2mica e fluxo de visitantes e os estabelecimentos comerciais, de restaura\u00e7\u00e3o e hotelaria repletos, ap\u00f3s [&hellip;]","og_url":"https:\/\/www.altominho.tv\/site\/2022\/04\/14\/valenca-regista-enchente-de-visitantes-na-pascoa-apos-dois-anos-de-interregno\/","og_site_name":"Altominho.tv","article_publisher":"https:\/\/www.facebook.com\/altominhotv","article_published_time":"2022-04-14T19:57:34+00:00","article_modified_time":"2022-04-14T19:57:39+00:00","og_image":[{"width":2048,"height":1365,"url":"https:\/\/www.altominho.tv\/site\/wp-content\/uploads\/2022\/04\/Enchente_Ruas_Valenca.jpg","type":"image\/jpeg"}],"author":"Lusa","twitter_card":"summary_large_image","twitter_creator":"@altominhoTV","twitter_site":"@altominhoTV","twitter_misc":{"Escrito por":"Lusa","Tempo estimado de leitura":"3 minutos"},"schema":{"@context":"https:\/\/schema.org","@graph":[{"@type":"Article","@id":"https:\/\/www.altominho.tv\/site\/2022\/04\/14\/valenca-regista-enchente-de-visitantes-na-pascoa-apos-dois-anos-de-interregno\/#article","isPartOf":{"@id":"https:\/\/www.altominho.tv\/site\/2022\/04\/14\/valenca-regista-enchente-de-visitantes-na-pascoa-apos-dois-anos-de-interregno\/"},"author":{"name":"Lusa","@id":"https:\/\/www.altominho.tv\/site\/#\/schema\/person\/63f693da3e1899361cbe955c46f3232e"},"headline":"Valen\u00e7a regista \u201cenchente\u201d de visitantes na P\u00e1scoa ap\u00f3s dois anos de interregno","datePublished":"2022-04-14T19:57:34+00:00","dateModified":"2022-04-14T19:57:39+00:00","mainEntityOfPage":{"@id":"https:\/\/www.altominho.tv\/site\/2022\/04\/14\/valenca-regista-enchente-de-visitantes-na-pascoa-apos-dois-anos-de-interregno\/"},"wordCount":318,"image":{"@id":"https:\/\/www.altominho.tv\/site\/2022\/04\/14\/valenca-regista-enchente-de-visitantes-na-pascoa-apos-dois-anos-de-interregno\/#primaryimage"},"thumbnailUrl":"https:\/\/www.altominho.tv\/site\/wp-content\/uploads\/2022\/04\/Enchente_Ruas_Valenca.jpg","keywords":["Sociedade"],"articleSection":["Valen\u00e7a"],"inLanguage":"pt-PT","copyrightYear":"2022","copyrightHolder":{"@id":"https:\/\/www.altominho.tv\/site\/#organization"}},{"@type":"WebPage","@id":"https:\/\/www.altominho.tv\/site\/2022\/04\/14\/valenca-regista-enchente-de-visitantes-na-pascoa-apos-dois-anos-de-interregno\/","url":"https:\/\/www.altominho.tv\/site\/2022\/04\/14\/valenca-regista-enchente-de-visitantes-na-pascoa-apos-dois-anos-de-interregno\/","name":"Valen\u00e7a regista \u201cenchente\u201d de visitantes na P\u00e1scoa ap\u00f3s dois anos de interregno","isPartOf":{"@id":"https:\/\/www.altominho.tv\/site\/#website"},"primaryImageOfPage":{"@id":"https:\/\/www.altominho.tv\/site\/2022\/04\/14\/valenca-regista-enchente-de-visitantes-na-pascoa-apos-dois-anos-de-interregno\/#primaryimage"},"image":{"@id":"https:\/\/www.altominho.tv\/site\/2022\/04\/14\/valenca-regista-enchente-de-visitantes-na-pascoa-apos-dois-anos-de-interregno\/#primaryimage"},"thumbnailUrl":"https:\/\/www.altominho.tv\/site\/wp-content\/uploads\/2022\/04\/Enchente_Ruas_Valenca.jpg","datePublished":"2022-04-14T19:57:34+00:00","dateModified":"2022-04-14T19:57:39+00:00","author":{"@id":"https:\/\/www.altominho.tv\/site\/#\/schema\/person\/63f693da3e1899361cbe955c46f3232e"},"breadcrumb":{"@id":"https:\/\/www.altominho.tv\/site\/2022\/04\/14\/valenca-regista-enchente-de-visitantes-na-pascoa-apos-dois-anos-de-interregno\/#breadcrumb"},"inLanguage":"pt-PT","potentialAction":[{"@type":"ReadAction","target":["https:\/\/www.altominho.tv\/site\/2022\/04\/14\/valenca-regista-enchente-de-visitantes-na-pascoa-apos-dois-anos-de-interregno\/"]}]},{"@type":"ImageObject","inLanguage":"pt-PT","@id":"https:\/\/www.altominho.tv\/site\/2022\/04\/14\/valenca-regista-enchente-de-visitantes-na-pascoa-apos-dois-anos-de-interregno\/#primaryimage","url":"https:\/\/www.altominho.tv\/site\/wp-content\/uploads\/2022\/04\/Enchente_Ruas_Valenca.jpg","contentUrl":"https:\/\/www.altominho.tv\/site\/wp-content\/uploads\/2022\/04\/Enchente_Ruas_Valenca.jpg","width":2048,"height":1365},{"@type":"BreadcrumbList","@id":"https:\/\/www.altominho.tv\/site\/2022\/04\/14\/valenca-regista-enchente-de-visitantes-na-pascoa-apos-dois-anos-de-interregno\/#breadcrumb","itemListElement":[{"@type":"ListItem","position":1,"name":"In\u00edcio","item":"https:\/\/www.altominho.tv\/site\/"},{"@type":"ListItem","position":2,"name":"Valen\u00e7a regista \u201cenchente\u201d de visitantes na P\u00e1scoa ap\u00f3s dois anos de interregno"}]},{"@type":"WebSite","@id":"https:\/\/www.altominho.tv\/site\/#website","url":"https:\/\/www.altominho.tv\/site\/","name":"Altominho.tv","description":"A sua regi\u00e3o \u00e0 dist\u00e2ncia de um clique...","potentialAction":[{"@type":"SearchAction","target":{"@type":"EntryPoint","urlTemplate":"https:\/\/www.altominho.tv\/site\/?s={search_term_string}"},"query-input":{"@type":"PropertyValueSpecification","valueRequired":true,"valueName":"search_term_string"}}],"inLanguage":"pt-PT"},{"@type":"Person","@id":"https:\/\/www.altominho.tv\/site\/#\/schema\/person\/63f693da3e1899361cbe955c46f3232e","name":"Lusa","image":{"@type":"ImageObject","inLanguage":"pt-PT","@id":"https:\/\/www.altominho.tv\/site\/wp-content\/uploads\/2019\/08\/LUSA_Logo.gif","url":"https:\/\/www.altominho.tv\/site\/wp-content\/uploads\/2019\/08\/LUSA_Logo.gif","contentUrl":"https:\/\/www.altominho.tv\/site\/wp-content\/uploads\/2019\/08\/LUSA_Logo.gif","caption":"Lusa"},"sameAs":["http:\/\/\/\/www.altominho.tv\/site"],"url":"https:\/\/www.altominho.tv\/site\/author\/lusa\/"}]}},"_links":{"self":[{"href":"https:\/\/www.altominho.tv\/site\/wp-json\/wp\/v2\/posts\/78992","targetHints":{"allow":["GET"]}}],"collection":[{"href":"https:\/\/www.altominho.tv\/site\/wp-json\/wp\/v2\/posts"}],"about":[{"href":"https:\/\/www.altominho.tv\/site\/wp-json\/wp\/v2\/types\/post"}],"author":[{"embeddable":true,"href":"https:\/\/www.altominho.tv\/site\/wp-json\/wp\/v2\/users\/13"}],"replies":[{"embeddable":true,"href":"https:\/\/www.altominho.tv\/site\/wp-json\/wp\/v2\/comments?post=78992"}],"version-history":[{"count":0,"href":"https:\/\/www.altominho.tv\/site\/wp-json\/wp\/v2\/posts\/78992\/revisions"}],"wp:featuredmedia":[{"embeddable":true,"href":"https:\/\/www.altominho.tv\/site\/wp-json\/wp\/v2\/media\/78993"}],"wp:attachment":[{"href":"https:\/\/www.altominho.tv\/site\/wp-json\/wp\/v2\/media?parent=78992"}],"wp:term":[{"taxonomy":"category","embeddable":true,"href":"https:\/\/www.altominho.tv\/site\/wp-json\/wp\/v2\/categories?post=78992"},{"taxonomy":"post_tag","embeddable":true,"href":"https:\/\/www.altominho.tv\/site\/wp-json\/wp\/v2\/tags?post=78992"}],"curies":[{"name":"wp","href":"https:\/\/api.w.org\/{rel}","templated":true}]}}