{"id":78905,"date":"2022-04-13T14:33:01","date_gmt":"2022-04-13T13:33:01","guid":{"rendered":"https:\/\/www.altominho.tv\/site\/?p=78905"},"modified":"2022-04-13T14:33:06","modified_gmt":"2022-04-13T13:33:06","slug":"bombeiros-de-valenca-reforcados-com-nova-equipa-de-intervencao-permanente","status":"publish","type":"post","link":"https:\/\/www.altominho.tv\/site\/2022\/04\/13\/bombeiros-de-valenca-reforcados-com-nova-equipa-de-intervencao-permanente\/","title":{"rendered":"Bombeiros de Valen\u00e7a refor\u00e7ados com nova equipa de interven\u00e7\u00e3o permanente"},"content":{"rendered":"<p>Valen\u00e7a vai ter uma nova\u00a0Equipa de Interven\u00e7\u00e3o Permanente (EIP) nos Bombeiros Volunt\u00e1rios, passando o concelho a contar com duas equipas, num investimento global de 68.800 euros por ano.<\/p>\n<p>Em comunicado enviado \u00e0 imprensa, a autarquia explicou que a EIP atual \u201cimplica um investimento anual de 34.400 euros, que corresponde a 50% dos encargos\u201d, e com esta nova EIP, o munic\u00edpio vai duplicar o valor a atribuir \u00e0 Associa\u00e7\u00e3o Humanit\u00e1ria dos Bombeiros Volunt\u00e1rios de Valen\u00e7a\u201d no que concerne ao funcionamento destas estruturas.<\/p>\n<p>Segundo a autarquia, \u201co protocolo que permitir\u00e1 o avan\u00e7o desta nova equipa j\u00e1 foi assinado entre a c\u00e2mara municipal, a Associa\u00e7\u00e3o Humanit\u00e1ria dos Bombeiros Volunt\u00e1rios e a Autoridade Nacional de Emerg\u00eancia e Prote\u00e7\u00e3o Civil (ANEPC)\u201d.<\/p>\n<figure id=\"attachment_78907\" aria-describedby=\"caption-attachment-78907\" style=\"width: 770px\" class=\"wp-caption alignnone\"><img loading=\"lazy\" decoding=\"async\" class=\"size-large wp-image-78907\" src=\"https:\/\/www.altominho.tv\/site\/wp-content\/uploads\/2022\/04\/Bombeiros-Valenca-EIP-1024x576.jpg\" alt=\"\" width=\"770\" height=\"433\" srcset=\"https:\/\/www.altominho.tv\/site\/wp-content\/uploads\/2022\/04\/Bombeiros-Valenca-EIP-1024x576.jpg 1024w, https:\/\/www.altominho.tv\/site\/wp-content\/uploads\/2022\/04\/Bombeiros-Valenca-EIP-770x433.jpg 770w, https:\/\/www.altominho.tv\/site\/wp-content\/uploads\/2022\/04\/Bombeiros-Valenca-EIP-768x432.jpg 768w, https:\/\/www.altominho.tv\/site\/wp-content\/uploads\/2022\/04\/Bombeiros-Valenca-EIP-1536x864.jpg 1536w, https:\/\/www.altominho.tv\/site\/wp-content\/uploads\/2022\/04\/Bombeiros-Valenca-EIP-2048x1152.jpg 2048w, https:\/\/www.altominho.tv\/site\/wp-content\/uploads\/2022\/04\/Bombeiros-Valenca-EIP-370x208.jpg 370w, https:\/\/www.altominho.tv\/site\/wp-content\/uploads\/2022\/04\/Bombeiros-Valenca-EIP-270x152.jpg 270w, https:\/\/www.altominho.tv\/site\/wp-content\/uploads\/2022\/04\/Bombeiros-Valenca-EIP-570x321.jpg 570w, https:\/\/www.altominho.tv\/site\/wp-content\/uploads\/2022\/04\/Bombeiros-Valenca-EIP-740x416.jpg 740w\" sizes=\"auto, (max-width: 770px) 100vw, 770px\" \/><figcaption id=\"caption-attachment-78907\" class=\"wp-caption-text\">MUNIC\u00cdPIO DE VALEN\u00c7A<\/figcaption><\/figure>\n<p>As \u201cEIP s\u00e3o constitu\u00eddas por um chefe de equipa e por quatro bombeiros\u201d, sendo que estes \u201coperacionais profissionais atuam no \u00e2mbito do sistema de prote\u00e7\u00e3o civil e desempenham as miss\u00f5es atribu\u00eddas aos corpos de bombeiros\u201d.<\/p>\n<p>\u201cTratam-se de profissionais com um elevado grau de especializa\u00e7\u00e3o e com compet\u00eancias em val\u00eancias diferenciadas para atuarem em diferentes cen\u00e1rios. Com esta nova equipa, Valen\u00e7a espera ter uma resposta refor\u00e7ada no sistema de prote\u00e7\u00e3o e socorro a pessoas e bens\u201d, adianta a nota.<\/p>\n<p>A cria\u00e7\u00e3o das Equipas de Interven\u00e7\u00e3o Permanente depende da manifesta\u00e7\u00e3o de interesse das Associa\u00e7\u00f5es Humanit\u00e1rias e da concord\u00e2ncia da c\u00e2mara municipal que dever\u00e1 assegurar parte do financiamento das mesmas.<\/p>\n<p>No conjunto de todo o pa\u00eds, registaram-se 160 candidaturas para a cria\u00e7\u00e3o destas equipas, tendo sido aprovadas 100 e rejeitadas 60. No distrito de Viana do Castelo, foi aprovada a constitui\u00e7\u00e3o de 10 EIP.<\/p>\n","protected":false},"excerpt":{"rendered":"<p>Valen\u00e7a vai ter uma nova\u00a0Equipa de Interven\u00e7\u00e3o Permanente (EIP) nos Bombeiros Volunt\u00e1rios, passando o concelho a contar com duas equipas, num investimento global de 68.800 euros por ano. Em comunicado enviado \u00e0 imprensa, a autarquia explicou que a EIP atual \u201cimplica um investimento anual de 34.400 euros, que corresponde a 50% dos encargos\u201d, e com [&hellip;]<\/p>\n","protected":false},"author":12,"featured_media":78906,"comment_status":"closed","ping_status":"closed","sticky":false,"template":"","format":"standard","meta":{"_exactmetrics_skip_tracking":false,"footnotes":""},"categories":[13],"tags":[27],"class_list":["post-78905","post","type-post","status-publish","format-standard","has-post-thumbnail","hentry","category-valenca","tag-sociedade"],"yoast_head":"<!-- This site is optimized with the Yoast SEO Premium plugin v28.3 (Yoast SEO v28.3) - https:\/\/yoast.com\/product\/yoast-seo-premium-wordpress\/ -->\n<title>Bombeiros de Valen\u00e7a refor\u00e7ados com nova equipa de interven\u00e7\u00e3o permanente<\/title>\n<meta name=\"description\" content=\"Valen\u00e7a vai ter uma nova Equipa de Interven\u00e7\u00e3o Permanente nos Bombeiros Volunt\u00e1rios, num investimento global de 68.800 euros por ano.\" \/>\n<meta name=\"robots\" content=\"index, follow, max-snippet:-1, max-image-preview:large, max-video-preview:-1\" \/>\n<link rel=\"canonical\" href=\"https:\/\/www.altominho.tv\/site\/2022\/04\/13\/bombeiros-de-valenca-reforcados-com-nova-equipa-de-intervencao-permanente\/\" \/>\n<meta property=\"og:locale\" content=\"pt_PT\" \/>\n<meta property=\"og:type\" content=\"article\" \/>\n<meta property=\"og:title\" content=\"Bombeiros de Valen\u00e7a refor\u00e7ados com nova equipa de interven\u00e7\u00e3o permanente\" \/>\n<meta property=\"og:description\" content=\"Valen\u00e7a vai ter uma nova Equipa de Interven\u00e7\u00e3o Permanente nos Bombeiros Volunt\u00e1rios, num investimento global de 68.800 euros por ano.\" \/>\n<meta property=\"og:url\" content=\"https:\/\/www.altominho.tv\/site\/2022\/04\/13\/bombeiros-de-valenca-reforcados-com-nova-equipa-de-intervencao-permanente\/\" \/>\n<meta property=\"og:site_name\" content=\"Altominho.tv\" \/>\n<meta property=\"article:publisher\" content=\"https:\/\/www.facebook.com\/altominhotv\" \/>\n<meta property=\"article:published_time\" content=\"2022-04-13T13:33:01+00:00\" \/>\n<meta property=\"article:modified_time\" content=\"2022-04-13T13:33:06+00:00\" \/>\n<meta property=\"og:image\" content=\"https:\/\/www.altominho.tv\/site\/wp-content\/uploads\/2022\/04\/Bombeiros-Valenca.jpg\" \/>\n\t<meta property=\"og:image:width\" content=\"2048\" \/>\n\t<meta property=\"og:image:height\" content=\"1152\" \/>\n\t<meta property=\"og:image:type\" content=\"image\/jpeg\" \/>\n<meta name=\"author\" content=\"Andreia Ferreira\" \/>\n<meta name=\"twitter:card\" content=\"summary_large_image\" \/>\n<meta name=\"twitter:creator\" content=\"@altominhoTV\" \/>\n<meta name=\"twitter:site\" content=\"@altominhoTV\" \/>\n<meta name=\"twitter:label1\" content=\"Escrito por\" \/>\n\t<meta name=\"twitter:data1\" content=\"Andreia Ferreira\" \/>\n\t<meta name=\"twitter:label2\" content=\"Tempo estimado de leitura\" \/>\n\t<meta name=\"twitter:data2\" content=\"2 minutos\" \/>\n<script type=\"application\/ld+json\" class=\"yoast-schema-graph\">{\"@context\":\"https:\\\/\\\/schema.org\",\"@graph\":[{\"@type\":\"Article\",\"@id\":\"https:\\\/\\\/www.altominho.tv\\\/site\\\/2022\\\/04\\\/13\\\/bombeiros-de-valenca-reforcados-com-nova-equipa-de-intervencao-permanente\\\/#article\",\"isPartOf\":{\"@id\":\"https:\\\/\\\/www.altominho.tv\\\/site\\\/2022\\\/04\\\/13\\\/bombeiros-de-valenca-reforcados-com-nova-equipa-de-intervencao-permanente\\\/\"},\"author\":{\"name\":\"Andreia Ferreira\",\"@id\":\"https:\\\/\\\/www.altominho.tv\\\/site\\\/#\\\/schema\\\/person\\\/d9be4265364723f14ea8e0d56a1d38cd\"},\"headline\":\"Bombeiros de Valen\u00e7a refor\u00e7ados com nova equipa de interven\u00e7\u00e3o permanente\",\"datePublished\":\"2022-04-13T13:33:01+00:00\",\"dateModified\":\"2022-04-13T13:33:06+00:00\",\"mainEntityOfPage\":{\"@id\":\"https:\\\/\\\/www.altominho.tv\\\/site\\\/2022\\\/04\\\/13\\\/bombeiros-de-valenca-reforcados-com-nova-equipa-de-intervencao-permanente\\\/\"},\"wordCount\":311,\"image\":{\"@id\":\"https:\\\/\\\/www.altominho.tv\\\/site\\\/2022\\\/04\\\/13\\\/bombeiros-de-valenca-reforcados-com-nova-equipa-de-intervencao-permanente\\\/#primaryimage\"},\"thumbnailUrl\":\"https:\\\/\\\/www.altominho.tv\\\/site\\\/wp-content\\\/uploads\\\/2022\\\/04\\\/Bombeiros-Valenca.jpg\",\"keywords\":[\"Sociedade\"],\"articleSection\":[\"Valen\u00e7a\"],\"inLanguage\":\"pt-PT\",\"copyrightYear\":\"2022\",\"copyrightHolder\":{\"@id\":\"https:\\\/\\\/www.altominho.tv\\\/site\\\/#organization\"}},{\"@type\":\"WebPage\",\"@id\":\"https:\\\/\\\/www.altominho.tv\\\/site\\\/2022\\\/04\\\/13\\\/bombeiros-de-valenca-reforcados-com-nova-equipa-de-intervencao-permanente\\\/\",\"url\":\"https:\\\/\\\/www.altominho.tv\\\/site\\\/2022\\\/04\\\/13\\\/bombeiros-de-valenca-reforcados-com-nova-equipa-de-intervencao-permanente\\\/\",\"name\":\"Bombeiros de Valen\u00e7a refor\u00e7ados com nova equipa de interven\u00e7\u00e3o permanente\",\"isPartOf\":{\"@id\":\"https:\\\/\\\/www.altominho.tv\\\/site\\\/#website\"},\"primaryImageOfPage\":{\"@id\":\"https:\\\/\\\/www.altominho.tv\\\/site\\\/2022\\\/04\\\/13\\\/bombeiros-de-valenca-reforcados-com-nova-equipa-de-intervencao-permanente\\\/#primaryimage\"},\"image\":{\"@id\":\"https:\\\/\\\/www.altominho.tv\\\/site\\\/2022\\\/04\\\/13\\\/bombeiros-de-valenca-reforcados-com-nova-equipa-de-intervencao-permanente\\\/#primaryimage\"},\"thumbnailUrl\":\"https:\\\/\\\/www.altominho.tv\\\/site\\\/wp-content\\\/uploads\\\/2022\\\/04\\\/Bombeiros-Valenca.jpg\",\"datePublished\":\"2022-04-13T13:33:01+00:00\",\"dateModified\":\"2022-04-13T13:33:06+00:00\",\"author\":{\"@id\":\"https:\\\/\\\/www.altominho.tv\\\/site\\\/#\\\/schema\\\/person\\\/d9be4265364723f14ea8e0d56a1d38cd\"},\"description\":\"Valen\u00e7a vai ter uma nova Equipa de Interven\u00e7\u00e3o Permanente nos Bombeiros Volunt\u00e1rios, num investimento global de 68.800 euros por ano.\",\"breadcrumb\":{\"@id\":\"https:\\\/\\\/www.altominho.tv\\\/site\\\/2022\\\/04\\\/13\\\/bombeiros-de-valenca-reforcados-com-nova-equipa-de-intervencao-permanente\\\/#breadcrumb\"},\"inLanguage\":\"pt-PT\",\"potentialAction\":[{\"@type\":\"ReadAction\",\"target\":[\"https:\\\/\\\/www.altominho.tv\\\/site\\\/2022\\\/04\\\/13\\\/bombeiros-de-valenca-reforcados-com-nova-equipa-de-intervencao-permanente\\\/\"]}]},{\"@type\":\"ImageObject\",\"inLanguage\":\"pt-PT\",\"@id\":\"https:\\\/\\\/www.altominho.tv\\\/site\\\/2022\\\/04\\\/13\\\/bombeiros-de-valenca-reforcados-com-nova-equipa-de-intervencao-permanente\\\/#primaryimage\",\"url\":\"https:\\\/\\\/www.altominho.tv\\\/site\\\/wp-content\\\/uploads\\\/2022\\\/04\\\/Bombeiros-Valenca.jpg\",\"contentUrl\":\"https:\\\/\\\/www.altominho.tv\\\/site\\\/wp-content\\\/uploads\\\/2022\\\/04\\\/Bombeiros-Valenca.jpg\",\"width\":2048,\"height\":1152},{\"@type\":\"BreadcrumbList\",\"@id\":\"https:\\\/\\\/www.altominho.tv\\\/site\\\/2022\\\/04\\\/13\\\/bombeiros-de-valenca-reforcados-com-nova-equipa-de-intervencao-permanente\\\/#breadcrumb\",\"itemListElement\":[{\"@type\":\"ListItem\",\"position\":1,\"name\":\"In\u00edcio\",\"item\":\"https:\\\/\\\/www.altominho.tv\\\/site\\\/\"},{\"@type\":\"ListItem\",\"position\":2,\"name\":\"Bombeiros de Valen\u00e7a refor\u00e7ados com nova equipa de interven\u00e7\u00e3o permanente\"}]},{\"@type\":\"WebSite\",\"@id\":\"https:\\\/\\\/www.altominho.tv\\\/site\\\/#website\",\"url\":\"https:\\\/\\\/www.altominho.tv\\\/site\\\/\",\"name\":\"Altominho.tv\",\"description\":\"A sua regi\u00e3o \u00e0 dist\u00e2ncia de um clique...\",\"potentialAction\":[{\"@type\":\"SearchAction\",\"target\":{\"@type\":\"EntryPoint\",\"urlTemplate\":\"https:\\\/\\\/www.altominho.tv\\\/site\\\/?s={search_term_string}\"},\"query-input\":{\"@type\":\"PropertyValueSpecification\",\"valueRequired\":true,\"valueName\":\"search_term_string\"}}],\"inLanguage\":\"pt-PT\"},{\"@type\":\"Person\",\"@id\":\"https:\\\/\\\/www.altominho.tv\\\/site\\\/#\\\/schema\\\/person\\\/d9be4265364723f14ea8e0d56a1d38cd\",\"name\":\"Andreia Ferreira\",\"image\":{\"@type\":\"ImageObject\",\"inLanguage\":\"pt-PT\",\"@id\":\"https:\\\/\\\/www.altominho.tv\\\/site\\\/wp-content\\\/uploads\\\/2021\\\/01\\\/AndreiaFerreira-150x150.jpg\",\"url\":\"https:\\\/\\\/www.altominho.tv\\\/site\\\/wp-content\\\/uploads\\\/2021\\\/01\\\/AndreiaFerreira-150x150.jpg\",\"contentUrl\":\"https:\\\/\\\/www.altominho.tv\\\/site\\\/wp-content\\\/uploads\\\/2021\\\/01\\\/AndreiaFerreira-150x150.jpg\",\"caption\":\"Andreia Ferreira\"},\"url\":\"https:\\\/\\\/www.altominho.tv\\\/site\\\/author\\\/andreiaferreira\\\/\"}]}<\/script>\n<!-- \/ Yoast SEO Premium plugin. -->","yoast_head_json":{"title":"Bombeiros de Valen\u00e7a refor\u00e7ados com nova equipa de interven\u00e7\u00e3o permanente","description":"Valen\u00e7a vai ter uma nova Equipa de Interven\u00e7\u00e3o Permanente nos Bombeiros Volunt\u00e1rios, num investimento global de 68.800 euros por ano.","robots":{"index":"index","follow":"follow","max-snippet":"max-snippet:-1","max-image-preview":"max-image-preview:large","max-video-preview":"max-video-preview:-1"},"canonical":"https:\/\/www.altominho.tv\/site\/2022\/04\/13\/bombeiros-de-valenca-reforcados-com-nova-equipa-de-intervencao-permanente\/","og_locale":"pt_PT","og_type":"article","og_title":"Bombeiros de Valen\u00e7a refor\u00e7ados com nova equipa de interven\u00e7\u00e3o permanente","og_description":"Valen\u00e7a vai ter uma nova Equipa de Interven\u00e7\u00e3o Permanente nos Bombeiros Volunt\u00e1rios, num investimento global de 68.800 euros por ano.","og_url":"https:\/\/www.altominho.tv\/site\/2022\/04\/13\/bombeiros-de-valenca-reforcados-com-nova-equipa-de-intervencao-permanente\/","og_site_name":"Altominho.tv","article_publisher":"https:\/\/www.facebook.com\/altominhotv","article_published_time":"2022-04-13T13:33:01+00:00","article_modified_time":"2022-04-13T13:33:06+00:00","og_image":[{"width":2048,"height":1152,"url":"https:\/\/www.altominho.tv\/site\/wp-content\/uploads\/2022\/04\/Bombeiros-Valenca.jpg","type":"image\/jpeg"}],"author":"Andreia Ferreira","twitter_card":"summary_large_image","twitter_creator":"@altominhoTV","twitter_site":"@altominhoTV","twitter_misc":{"Escrito por":"Andreia Ferreira","Tempo estimado de leitura":"2 minutos"},"schema":{"@context":"https:\/\/schema.org","@graph":[{"@type":"Article","@id":"https:\/\/www.altominho.tv\/site\/2022\/04\/13\/bombeiros-de-valenca-reforcados-com-nova-equipa-de-intervencao-permanente\/#article","isPartOf":{"@id":"https:\/\/www.altominho.tv\/site\/2022\/04\/13\/bombeiros-de-valenca-reforcados-com-nova-equipa-de-intervencao-permanente\/"},"author":{"name":"Andreia Ferreira","@id":"https:\/\/www.altominho.tv\/site\/#\/schema\/person\/d9be4265364723f14ea8e0d56a1d38cd"},"headline":"Bombeiros de Valen\u00e7a refor\u00e7ados com nova equipa de interven\u00e7\u00e3o permanente","datePublished":"2022-04-13T13:33:01+00:00","dateModified":"2022-04-13T13:33:06+00:00","mainEntityOfPage":{"@id":"https:\/\/www.altominho.tv\/site\/2022\/04\/13\/bombeiros-de-valenca-reforcados-com-nova-equipa-de-intervencao-permanente\/"},"wordCount":311,"image":{"@id":"https:\/\/www.altominho.tv\/site\/2022\/04\/13\/bombeiros-de-valenca-reforcados-com-nova-equipa-de-intervencao-permanente\/#primaryimage"},"thumbnailUrl":"https:\/\/www.altominho.tv\/site\/wp-content\/uploads\/2022\/04\/Bombeiros-Valenca.jpg","keywords":["Sociedade"],"articleSection":["Valen\u00e7a"],"inLanguage":"pt-PT","copyrightYear":"2022","copyrightHolder":{"@id":"https:\/\/www.altominho.tv\/site\/#organization"}},{"@type":"WebPage","@id":"https:\/\/www.altominho.tv\/site\/2022\/04\/13\/bombeiros-de-valenca-reforcados-com-nova-equipa-de-intervencao-permanente\/","url":"https:\/\/www.altominho.tv\/site\/2022\/04\/13\/bombeiros-de-valenca-reforcados-com-nova-equipa-de-intervencao-permanente\/","name":"Bombeiros de Valen\u00e7a refor\u00e7ados com nova equipa de interven\u00e7\u00e3o permanente","isPartOf":{"@id":"https:\/\/www.altominho.tv\/site\/#website"},"primaryImageOfPage":{"@id":"https:\/\/www.altominho.tv\/site\/2022\/04\/13\/bombeiros-de-valenca-reforcados-com-nova-equipa-de-intervencao-permanente\/#primaryimage"},"image":{"@id":"https:\/\/www.altominho.tv\/site\/2022\/04\/13\/bombeiros-de-valenca-reforcados-com-nova-equipa-de-intervencao-permanente\/#primaryimage"},"thumbnailUrl":"https:\/\/www.altominho.tv\/site\/wp-content\/uploads\/2022\/04\/Bombeiros-Valenca.jpg","datePublished":"2022-04-13T13:33:01+00:00","dateModified":"2022-04-13T13:33:06+00:00","author":{"@id":"https:\/\/www.altominho.tv\/site\/#\/schema\/person\/d9be4265364723f14ea8e0d56a1d38cd"},"description":"Valen\u00e7a vai ter uma nova Equipa de Interven\u00e7\u00e3o Permanente nos Bombeiros Volunt\u00e1rios, num investimento global de 68.800 euros por ano.","breadcrumb":{"@id":"https:\/\/www.altominho.tv\/site\/2022\/04\/13\/bombeiros-de-valenca-reforcados-com-nova-equipa-de-intervencao-permanente\/#breadcrumb"},"inLanguage":"pt-PT","potentialAction":[{"@type":"ReadAction","target":["https:\/\/www.altominho.tv\/site\/2022\/04\/13\/bombeiros-de-valenca-reforcados-com-nova-equipa-de-intervencao-permanente\/"]}]},{"@type":"ImageObject","inLanguage":"pt-PT","@id":"https:\/\/www.altominho.tv\/site\/2022\/04\/13\/bombeiros-de-valenca-reforcados-com-nova-equipa-de-intervencao-permanente\/#primaryimage","url":"https:\/\/www.altominho.tv\/site\/wp-content\/uploads\/2022\/04\/Bombeiros-Valenca.jpg","contentUrl":"https:\/\/www.altominho.tv\/site\/wp-content\/uploads\/2022\/04\/Bombeiros-Valenca.jpg","width":2048,"height":1152},{"@type":"BreadcrumbList","@id":"https:\/\/www.altominho.tv\/site\/2022\/04\/13\/bombeiros-de-valenca-reforcados-com-nova-equipa-de-intervencao-permanente\/#breadcrumb","itemListElement":[{"@type":"ListItem","position":1,"name":"In\u00edcio","item":"https:\/\/www.altominho.tv\/site\/"},{"@type":"ListItem","position":2,"name":"Bombeiros de Valen\u00e7a refor\u00e7ados com nova equipa de interven\u00e7\u00e3o permanente"}]},{"@type":"WebSite","@id":"https:\/\/www.altominho.tv\/site\/#website","url":"https:\/\/www.altominho.tv\/site\/","name":"Altominho.tv","description":"A sua regi\u00e3o \u00e0 dist\u00e2ncia de um clique...","potentialAction":[{"@type":"SearchAction","target":{"@type":"EntryPoint","urlTemplate":"https:\/\/www.altominho.tv\/site\/?s={search_term_string}"},"query-input":{"@type":"PropertyValueSpecification","valueRequired":true,"valueName":"search_term_string"}}],"inLanguage":"pt-PT"},{"@type":"Person","@id":"https:\/\/www.altominho.tv\/site\/#\/schema\/person\/d9be4265364723f14ea8e0d56a1d38cd","name":"Andreia Ferreira","image":{"@type":"ImageObject","inLanguage":"pt-PT","@id":"https:\/\/www.altominho.tv\/site\/wp-content\/uploads\/2021\/01\/AndreiaFerreira-150x150.jpg","url":"https:\/\/www.altominho.tv\/site\/wp-content\/uploads\/2021\/01\/AndreiaFerreira-150x150.jpg","contentUrl":"https:\/\/www.altominho.tv\/site\/wp-content\/uploads\/2021\/01\/AndreiaFerreira-150x150.jpg","caption":"Andreia Ferreira"},"url":"https:\/\/www.altominho.tv\/site\/author\/andreiaferreira\/"}]}},"_links":{"self":[{"href":"https:\/\/www.altominho.tv\/site\/wp-json\/wp\/v2\/posts\/78905","targetHints":{"allow":["GET"]}}],"collection":[{"href":"https:\/\/www.altominho.tv\/site\/wp-json\/wp\/v2\/posts"}],"about":[{"href":"https:\/\/www.altominho.tv\/site\/wp-json\/wp\/v2\/types\/post"}],"author":[{"embeddable":true,"href":"https:\/\/www.altominho.tv\/site\/wp-json\/wp\/v2\/users\/12"}],"replies":[{"embeddable":true,"href":"https:\/\/www.altominho.tv\/site\/wp-json\/wp\/v2\/comments?post=78905"}],"version-history":[{"count":0,"href":"https:\/\/www.altominho.tv\/site\/wp-json\/wp\/v2\/posts\/78905\/revisions"}],"wp:featuredmedia":[{"embeddable":true,"href":"https:\/\/www.altominho.tv\/site\/wp-json\/wp\/v2\/media\/78906"}],"wp:attachment":[{"href":"https:\/\/www.altominho.tv\/site\/wp-json\/wp\/v2\/media?parent=78905"}],"wp:term":[{"taxonomy":"category","embeddable":true,"href":"https:\/\/www.altominho.tv\/site\/wp-json\/wp\/v2\/categories?post=78905"},{"taxonomy":"post_tag","embeddable":true,"href":"https:\/\/www.altominho.tv\/site\/wp-json\/wp\/v2\/tags?post=78905"}],"curies":[{"name":"wp","href":"https:\/\/api.w.org\/{rel}","templated":true}]}}