{"id":78889,"date":"2022-04-13T10:52:47","date_gmt":"2022-04-13T09:52:47","guid":{"rendered":"https:\/\/www.altominho.tv\/site\/?p=78889"},"modified":"2022-04-13T10:52:52","modified_gmt":"2022-04-13T09:52:52","slug":"valenca-e-tui-promovem-nove-caminhadas","status":"publish","type":"post","link":"https:\/\/www.altominho.tv\/site\/2022\/04\/13\/valenca-e-tui-promovem-nove-caminhadas\/","title":{"rendered":"Valen\u00e7a e Tui promovem nove caminhadas"},"content":{"rendered":"<p>A eurocidade Tui-Valen\u00e7a lan\u00e7ou o \u00a0calend\u00e1rio de trilhos para 2022, que inclui nove propostas entre as duas cidades vizinhas.<\/p>\n<p>Em comunicado, o munic\u00edpio de Valen\u00e7a explica que as caminhadas organizadas no \u00e2mbito da Rede de Trilhos da Eurocidade pretendem &#8220;proporcionar novas experi\u00eancias de viv\u00eancia do territ\u00f3rio e de descoberta dos seus encantos e potencialidades&#8221;.<\/p>\n<p>O ciclo de nove caminhadas tem\u00e1ticas arranca no dia 24 de abril, com a Andaina de San Telmo, que ter\u00e1 uma extens\u00e3o de sete quil\u00f3metros.<\/p>\n<p>At\u00e9 ao final do ano, est\u00e3o ainda previstos o Trilho de Mosteir\u00f3, a 1 de maio, com uma extens\u00e3o de 12km, a Andaina Balc\u00f3ns do Aloia, no dia 5 de junho, com 8km, o Trilho da \u00cdnsua do Crasto, a 3 de julho, tamb\u00e9m com 8km, a Andaina Hist\u00f3rica de Tui, a 6 de agosto, com 7km, a Andaina da Pedra Santa, a 4 de setembro, tamb\u00e9m com 7km, o Trilho da Veiga da Mira, no dia 9 de outubro, com 8km, a Andaina por Malvas e Pexegueiro, a 5 de novembro, com 7km, e o Trilho das Pedras Escritas, no dia 4 de dezembro, com 6km.<\/p>\n<p>Ainda no \u00e2mbito do projeto de dinamiza\u00e7\u00e3o da Rede de Trilhos da Eurocidade, vai decorrer uma caminhada no Caminho Portugu\u00eas da Costa, entre o Porto e a eurocidade Tui-Valen\u00e7a. Os 133 quil\u00f3metros do Caminho da Costa, em Portugal, ser\u00e3o percorridos entre as duas cidades, em cinco etapas, com in\u00edcio a 21 de maio e fim a 9 de julho.<\/p>\n<p>Os interessados em participar nas caminhadas devem efetuar <a href=\"https:\/\/docs.google.com\/forms\/d\/e\/1FAIpQLSddo2y-x0y_NqFDE8r8pzXhWyWiWR2WfLA1q799I-CqQ1ZQVQ\/viewform\" target=\"_blank\" rel=\"noopener\">inscri\u00e7\u00e3o<\/a>.\u00a0<\/p>\n\n\n<p><\/p>\n","protected":false},"excerpt":{"rendered":"<p>A eurocidade Tui-Valen\u00e7a lan\u00e7ou o \u00a0calend\u00e1rio de trilhos para 2022, que inclui nove propostas entre as duas cidades vizinhas. Em comunicado, o munic\u00edpio de Valen\u00e7a explica que as caminhadas organizadas no \u00e2mbito da Rede de Trilhos da Eurocidade pretendem &#8220;proporcionar novas experi\u00eancias de viv\u00eancia do territ\u00f3rio e de descoberta dos seus encantos e potencialidades&#8221;. O [&hellip;]<\/p>\n","protected":false},"author":12,"featured_media":19694,"comment_status":"closed","ping_status":"closed","sticky":false,"template":"","format":"standard","meta":{"_exactmetrics_skip_tracking":false,"_exactmetrics_sitenote_active":false,"_exactmetrics_sitenote_note":"","_exactmetrics_sitenote_category":0,"footnotes":""},"categories":[13],"tags":[24],"class_list":["post-78889","post","type-post","status-publish","format-standard","has-post-thumbnail","hentry","category-valenca","tag-lazer"],"yoast_head":"<!-- This site is optimized with the Yoast SEO Premium plugin v27.5 (Yoast SEO v27.5) - https:\/\/yoast.com\/product\/yoast-seo-premium-wordpress\/ -->\n<title>Valen\u00e7a e Tui promovem nove caminhadas<\/title>\n<meta name=\"description\" content=\"O ciclo de nove caminhadas tem\u00e1ticas promovido por Valen\u00e7a e Tui arranca no dia 24 de abril e prolonga-se at\u00e9 ao fim do ano.\" \/>\n<meta name=\"robots\" content=\"index, follow, max-snippet:-1, max-image-preview:large, max-video-preview:-1\" \/>\n<link rel=\"canonical\" href=\"https:\/\/www.altominho.tv\/site\/2022\/04\/13\/valenca-e-tui-promovem-nove-caminhadas\/\" \/>\n<meta property=\"og:locale\" content=\"pt_PT\" \/>\n<meta property=\"og:type\" content=\"article\" \/>\n<meta property=\"og:title\" content=\"Valen\u00e7a e Tui promovem nove caminhadas\" \/>\n<meta property=\"og:description\" content=\"O ciclo de nove caminhadas tem\u00e1ticas promovido por Valen\u00e7a e Tui arranca no dia 24 de abril e prolonga-se at\u00e9 ao fim do ano.\" \/>\n<meta property=\"og:url\" content=\"https:\/\/www.altominho.tv\/site\/2022\/04\/13\/valenca-e-tui-promovem-nove-caminhadas\/\" \/>\n<meta property=\"og:site_name\" content=\"Altominho.tv\" \/>\n<meta property=\"article:publisher\" content=\"https:\/\/www.facebook.com\/altominhotv\" \/>\n<meta property=\"article:published_time\" content=\"2022-04-13T09:52:47+00:00\" \/>\n<meta property=\"article:modified_time\" content=\"2022-04-13T09:52:52+00:00\" \/>\n<meta property=\"og:image\" content=\"https:\/\/www.altominho.tv\/site\/wp-content\/uploads\/2018\/10\/caminhada.png\" \/>\n\t<meta property=\"og:image:width\" content=\"764\" \/>\n\t<meta property=\"og:image:height\" content=\"400\" \/>\n\t<meta property=\"og:image:type\" content=\"image\/png\" \/>\n<meta name=\"author\" content=\"Andreia Ferreira\" \/>\n<meta name=\"twitter:card\" content=\"summary_large_image\" \/>\n<meta name=\"twitter:creator\" content=\"@altominhoTV\" \/>\n<meta name=\"twitter:site\" content=\"@altominhoTV\" \/>\n<meta name=\"twitter:label1\" content=\"Escrito por\" \/>\n\t<meta name=\"twitter:data1\" content=\"Andreia Ferreira\" \/>\n\t<meta name=\"twitter:label2\" content=\"Tempo estimado de leitura\" \/>\n\t<meta name=\"twitter:data2\" content=\"2 minutos\" \/>\n<script type=\"application\/ld+json\" class=\"yoast-schema-graph\">{\"@context\":\"https:\\\/\\\/schema.org\",\"@graph\":[{\"@type\":\"Article\",\"@id\":\"https:\\\/\\\/www.altominho.tv\\\/site\\\/2022\\\/04\\\/13\\\/valenca-e-tui-promovem-nove-caminhadas\\\/#article\",\"isPartOf\":{\"@id\":\"https:\\\/\\\/www.altominho.tv\\\/site\\\/2022\\\/04\\\/13\\\/valenca-e-tui-promovem-nove-caminhadas\\\/\"},\"author\":{\"name\":\"Andreia Ferreira\",\"@id\":\"https:\\\/\\\/www.altominho.tv\\\/site\\\/#\\\/schema\\\/person\\\/d9be4265364723f14ea8e0d56a1d38cd\"},\"headline\":\"Valen\u00e7a e Tui promovem nove caminhadas\",\"datePublished\":\"2022-04-13T09:52:47+00:00\",\"dateModified\":\"2022-04-13T09:52:52+00:00\",\"mainEntityOfPage\":{\"@id\":\"https:\\\/\\\/www.altominho.tv\\\/site\\\/2022\\\/04\\\/13\\\/valenca-e-tui-promovem-nove-caminhadas\\\/\"},\"wordCount\":272,\"image\":{\"@id\":\"https:\\\/\\\/www.altominho.tv\\\/site\\\/2022\\\/04\\\/13\\\/valenca-e-tui-promovem-nove-caminhadas\\\/#primaryimage\"},\"thumbnailUrl\":\"https:\\\/\\\/www.altominho.tv\\\/site\\\/wp-content\\\/uploads\\\/2018\\\/10\\\/caminhada.png\",\"keywords\":[\"Lazer\"],\"articleSection\":[\"Valen\u00e7a\"],\"inLanguage\":\"pt-PT\",\"copyrightYear\":\"2022\",\"copyrightHolder\":{\"@id\":\"https:\\\/\\\/www.altominho.tv\\\/site\\\/#organization\"}},{\"@type\":\"WebPage\",\"@id\":\"https:\\\/\\\/www.altominho.tv\\\/site\\\/2022\\\/04\\\/13\\\/valenca-e-tui-promovem-nove-caminhadas\\\/\",\"url\":\"https:\\\/\\\/www.altominho.tv\\\/site\\\/2022\\\/04\\\/13\\\/valenca-e-tui-promovem-nove-caminhadas\\\/\",\"name\":\"Valen\u00e7a e Tui promovem nove caminhadas\",\"isPartOf\":{\"@id\":\"https:\\\/\\\/www.altominho.tv\\\/site\\\/#website\"},\"primaryImageOfPage\":{\"@id\":\"https:\\\/\\\/www.altominho.tv\\\/site\\\/2022\\\/04\\\/13\\\/valenca-e-tui-promovem-nove-caminhadas\\\/#primaryimage\"},\"image\":{\"@id\":\"https:\\\/\\\/www.altominho.tv\\\/site\\\/2022\\\/04\\\/13\\\/valenca-e-tui-promovem-nove-caminhadas\\\/#primaryimage\"},\"thumbnailUrl\":\"https:\\\/\\\/www.altominho.tv\\\/site\\\/wp-content\\\/uploads\\\/2018\\\/10\\\/caminhada.png\",\"datePublished\":\"2022-04-13T09:52:47+00:00\",\"dateModified\":\"2022-04-13T09:52:52+00:00\",\"author\":{\"@id\":\"https:\\\/\\\/www.altominho.tv\\\/site\\\/#\\\/schema\\\/person\\\/d9be4265364723f14ea8e0d56a1d38cd\"},\"description\":\"O ciclo de nove caminhadas tem\u00e1ticas promovido por Valen\u00e7a e Tui arranca no dia 24 de abril e prolonga-se at\u00e9 ao fim do ano.\",\"breadcrumb\":{\"@id\":\"https:\\\/\\\/www.altominho.tv\\\/site\\\/2022\\\/04\\\/13\\\/valenca-e-tui-promovem-nove-caminhadas\\\/#breadcrumb\"},\"inLanguage\":\"pt-PT\",\"potentialAction\":[{\"@type\":\"ReadAction\",\"target\":[\"https:\\\/\\\/www.altominho.tv\\\/site\\\/2022\\\/04\\\/13\\\/valenca-e-tui-promovem-nove-caminhadas\\\/\"]}]},{\"@type\":\"ImageObject\",\"inLanguage\":\"pt-PT\",\"@id\":\"https:\\\/\\\/www.altominho.tv\\\/site\\\/2022\\\/04\\\/13\\\/valenca-e-tui-promovem-nove-caminhadas\\\/#primaryimage\",\"url\":\"https:\\\/\\\/www.altominho.tv\\\/site\\\/wp-content\\\/uploads\\\/2018\\\/10\\\/caminhada.png\",\"contentUrl\":\"https:\\\/\\\/www.altominho.tv\\\/site\\\/wp-content\\\/uploads\\\/2018\\\/10\\\/caminhada.png\",\"width\":764,\"height\":400},{\"@type\":\"BreadcrumbList\",\"@id\":\"https:\\\/\\\/www.altominho.tv\\\/site\\\/2022\\\/04\\\/13\\\/valenca-e-tui-promovem-nove-caminhadas\\\/#breadcrumb\",\"itemListElement\":[{\"@type\":\"ListItem\",\"position\":1,\"name\":\"In\u00edcio\",\"item\":\"https:\\\/\\\/www.altominho.tv\\\/site\\\/\"},{\"@type\":\"ListItem\",\"position\":2,\"name\":\"Valen\u00e7a e Tui promovem nove caminhadas\"}]},{\"@type\":\"WebSite\",\"@id\":\"https:\\\/\\\/www.altominho.tv\\\/site\\\/#website\",\"url\":\"https:\\\/\\\/www.altominho.tv\\\/site\\\/\",\"name\":\"Altominho.tv\",\"description\":\"A sua regi\u00e3o \u00e0 dist\u00e2ncia de um clique...\",\"potentialAction\":[{\"@type\":\"SearchAction\",\"target\":{\"@type\":\"EntryPoint\",\"urlTemplate\":\"https:\\\/\\\/www.altominho.tv\\\/site\\\/?s={search_term_string}\"},\"query-input\":{\"@type\":\"PropertyValueSpecification\",\"valueRequired\":true,\"valueName\":\"search_term_string\"}}],\"inLanguage\":\"pt-PT\"},{\"@type\":\"Person\",\"@id\":\"https:\\\/\\\/www.altominho.tv\\\/site\\\/#\\\/schema\\\/person\\\/d9be4265364723f14ea8e0d56a1d38cd\",\"name\":\"Andreia Ferreira\",\"image\":{\"@type\":\"ImageObject\",\"inLanguage\":\"pt-PT\",\"@id\":\"https:\\\/\\\/www.altominho.tv\\\/site\\\/wp-content\\\/uploads\\\/2021\\\/01\\\/AndreiaFerreira-150x150.jpg\",\"url\":\"https:\\\/\\\/www.altominho.tv\\\/site\\\/wp-content\\\/uploads\\\/2021\\\/01\\\/AndreiaFerreira-150x150.jpg\",\"contentUrl\":\"https:\\\/\\\/www.altominho.tv\\\/site\\\/wp-content\\\/uploads\\\/2021\\\/01\\\/AndreiaFerreira-150x150.jpg\",\"caption\":\"Andreia Ferreira\"},\"url\":\"https:\\\/\\\/www.altominho.tv\\\/site\\\/author\\\/andreiaferreira\\\/\"}]}<\/script>\n<!-- \/ Yoast SEO Premium plugin. -->","yoast_head_json":{"title":"Valen\u00e7a e Tui promovem nove caminhadas","description":"O ciclo de nove caminhadas tem\u00e1ticas promovido por Valen\u00e7a e Tui arranca no dia 24 de abril e prolonga-se at\u00e9 ao fim do ano.","robots":{"index":"index","follow":"follow","max-snippet":"max-snippet:-1","max-image-preview":"max-image-preview:large","max-video-preview":"max-video-preview:-1"},"canonical":"https:\/\/www.altominho.tv\/site\/2022\/04\/13\/valenca-e-tui-promovem-nove-caminhadas\/","og_locale":"pt_PT","og_type":"article","og_title":"Valen\u00e7a e Tui promovem nove caminhadas","og_description":"O ciclo de nove caminhadas tem\u00e1ticas promovido por Valen\u00e7a e Tui arranca no dia 24 de abril e prolonga-se at\u00e9 ao fim do ano.","og_url":"https:\/\/www.altominho.tv\/site\/2022\/04\/13\/valenca-e-tui-promovem-nove-caminhadas\/","og_site_name":"Altominho.tv","article_publisher":"https:\/\/www.facebook.com\/altominhotv","article_published_time":"2022-04-13T09:52:47+00:00","article_modified_time":"2022-04-13T09:52:52+00:00","og_image":[{"width":764,"height":400,"url":"https:\/\/www.altominho.tv\/site\/wp-content\/uploads\/2018\/10\/caminhada.png","type":"image\/png"}],"author":"Andreia Ferreira","twitter_card":"summary_large_image","twitter_creator":"@altominhoTV","twitter_site":"@altominhoTV","twitter_misc":{"Escrito por":"Andreia Ferreira","Tempo estimado de leitura":"2 minutos"},"schema":{"@context":"https:\/\/schema.org","@graph":[{"@type":"Article","@id":"https:\/\/www.altominho.tv\/site\/2022\/04\/13\/valenca-e-tui-promovem-nove-caminhadas\/#article","isPartOf":{"@id":"https:\/\/www.altominho.tv\/site\/2022\/04\/13\/valenca-e-tui-promovem-nove-caminhadas\/"},"author":{"name":"Andreia Ferreira","@id":"https:\/\/www.altominho.tv\/site\/#\/schema\/person\/d9be4265364723f14ea8e0d56a1d38cd"},"headline":"Valen\u00e7a e Tui promovem nove caminhadas","datePublished":"2022-04-13T09:52:47+00:00","dateModified":"2022-04-13T09:52:52+00:00","mainEntityOfPage":{"@id":"https:\/\/www.altominho.tv\/site\/2022\/04\/13\/valenca-e-tui-promovem-nove-caminhadas\/"},"wordCount":272,"image":{"@id":"https:\/\/www.altominho.tv\/site\/2022\/04\/13\/valenca-e-tui-promovem-nove-caminhadas\/#primaryimage"},"thumbnailUrl":"https:\/\/www.altominho.tv\/site\/wp-content\/uploads\/2018\/10\/caminhada.png","keywords":["Lazer"],"articleSection":["Valen\u00e7a"],"inLanguage":"pt-PT","copyrightYear":"2022","copyrightHolder":{"@id":"https:\/\/www.altominho.tv\/site\/#organization"}},{"@type":"WebPage","@id":"https:\/\/www.altominho.tv\/site\/2022\/04\/13\/valenca-e-tui-promovem-nove-caminhadas\/","url":"https:\/\/www.altominho.tv\/site\/2022\/04\/13\/valenca-e-tui-promovem-nove-caminhadas\/","name":"Valen\u00e7a e Tui promovem nove caminhadas","isPartOf":{"@id":"https:\/\/www.altominho.tv\/site\/#website"},"primaryImageOfPage":{"@id":"https:\/\/www.altominho.tv\/site\/2022\/04\/13\/valenca-e-tui-promovem-nove-caminhadas\/#primaryimage"},"image":{"@id":"https:\/\/www.altominho.tv\/site\/2022\/04\/13\/valenca-e-tui-promovem-nove-caminhadas\/#primaryimage"},"thumbnailUrl":"https:\/\/www.altominho.tv\/site\/wp-content\/uploads\/2018\/10\/caminhada.png","datePublished":"2022-04-13T09:52:47+00:00","dateModified":"2022-04-13T09:52:52+00:00","author":{"@id":"https:\/\/www.altominho.tv\/site\/#\/schema\/person\/d9be4265364723f14ea8e0d56a1d38cd"},"description":"O ciclo de nove caminhadas tem\u00e1ticas promovido por Valen\u00e7a e Tui arranca no dia 24 de abril e prolonga-se at\u00e9 ao fim do ano.","breadcrumb":{"@id":"https:\/\/www.altominho.tv\/site\/2022\/04\/13\/valenca-e-tui-promovem-nove-caminhadas\/#breadcrumb"},"inLanguage":"pt-PT","potentialAction":[{"@type":"ReadAction","target":["https:\/\/www.altominho.tv\/site\/2022\/04\/13\/valenca-e-tui-promovem-nove-caminhadas\/"]}]},{"@type":"ImageObject","inLanguage":"pt-PT","@id":"https:\/\/www.altominho.tv\/site\/2022\/04\/13\/valenca-e-tui-promovem-nove-caminhadas\/#primaryimage","url":"https:\/\/www.altominho.tv\/site\/wp-content\/uploads\/2018\/10\/caminhada.png","contentUrl":"https:\/\/www.altominho.tv\/site\/wp-content\/uploads\/2018\/10\/caminhada.png","width":764,"height":400},{"@type":"BreadcrumbList","@id":"https:\/\/www.altominho.tv\/site\/2022\/04\/13\/valenca-e-tui-promovem-nove-caminhadas\/#breadcrumb","itemListElement":[{"@type":"ListItem","position":1,"name":"In\u00edcio","item":"https:\/\/www.altominho.tv\/site\/"},{"@type":"ListItem","position":2,"name":"Valen\u00e7a e Tui promovem nove caminhadas"}]},{"@type":"WebSite","@id":"https:\/\/www.altominho.tv\/site\/#website","url":"https:\/\/www.altominho.tv\/site\/","name":"Altominho.tv","description":"A sua regi\u00e3o \u00e0 dist\u00e2ncia de um clique...","potentialAction":[{"@type":"SearchAction","target":{"@type":"EntryPoint","urlTemplate":"https:\/\/www.altominho.tv\/site\/?s={search_term_string}"},"query-input":{"@type":"PropertyValueSpecification","valueRequired":true,"valueName":"search_term_string"}}],"inLanguage":"pt-PT"},{"@type":"Person","@id":"https:\/\/www.altominho.tv\/site\/#\/schema\/person\/d9be4265364723f14ea8e0d56a1d38cd","name":"Andreia Ferreira","image":{"@type":"ImageObject","inLanguage":"pt-PT","@id":"https:\/\/www.altominho.tv\/site\/wp-content\/uploads\/2021\/01\/AndreiaFerreira-150x150.jpg","url":"https:\/\/www.altominho.tv\/site\/wp-content\/uploads\/2021\/01\/AndreiaFerreira-150x150.jpg","contentUrl":"https:\/\/www.altominho.tv\/site\/wp-content\/uploads\/2021\/01\/AndreiaFerreira-150x150.jpg","caption":"Andreia Ferreira"},"url":"https:\/\/www.altominho.tv\/site\/author\/andreiaferreira\/"}]}},"_links":{"self":[{"href":"https:\/\/www.altominho.tv\/site\/wp-json\/wp\/v2\/posts\/78889","targetHints":{"allow":["GET"]}}],"collection":[{"href":"https:\/\/www.altominho.tv\/site\/wp-json\/wp\/v2\/posts"}],"about":[{"href":"https:\/\/www.altominho.tv\/site\/wp-json\/wp\/v2\/types\/post"}],"author":[{"embeddable":true,"href":"https:\/\/www.altominho.tv\/site\/wp-json\/wp\/v2\/users\/12"}],"replies":[{"embeddable":true,"href":"https:\/\/www.altominho.tv\/site\/wp-json\/wp\/v2\/comments?post=78889"}],"version-history":[{"count":0,"href":"https:\/\/www.altominho.tv\/site\/wp-json\/wp\/v2\/posts\/78889\/revisions"}],"wp:featuredmedia":[{"embeddable":true,"href":"https:\/\/www.altominho.tv\/site\/wp-json\/wp\/v2\/media\/19694"}],"wp:attachment":[{"href":"https:\/\/www.altominho.tv\/site\/wp-json\/wp\/v2\/media?parent=78889"}],"wp:term":[{"taxonomy":"category","embeddable":true,"href":"https:\/\/www.altominho.tv\/site\/wp-json\/wp\/v2\/categories?post=78889"},{"taxonomy":"post_tag","embeddable":true,"href":"https:\/\/www.altominho.tv\/site\/wp-json\/wp\/v2\/tags?post=78889"}],"curies":[{"name":"wp","href":"https:\/\/api.w.org\/{rel}","templated":true}]}}