{"id":78855,"date":"2022-04-12T15:24:24","date_gmt":"2022-04-12T14:24:24","guid":{"rendered":"https:\/\/www.altominho.tv\/site\/?p=78855"},"modified":"2022-04-12T17:04:44","modified_gmt":"2022-04-12T16:04:44","slug":"padres-de-valenca-e-tui-retomam-tradicao-pascal-secular-interrompida-por-pandemia","status":"publish","type":"post","link":"https:\/\/www.altominho.tv\/site\/2022\/04\/12\/padres-de-valenca-e-tui-retomam-tradicao-pascal-secular-interrompida-por-pandemia\/","title":{"rendered":"Padres de Valen\u00e7a e Tui retomam tradi\u00e7\u00e3o pascal secular interrompida por pandemia"},"content":{"rendered":"<p>Os padres de Cristelo C\u00f4vo, Valen\u00e7a, Alto Minho, e Sobrado, Galiza, retomam segunda-feira uma tradi\u00e7\u00e3o pascal secular que os leva a cruzarem o rio Minho, de barco, para dar a beijar a cruz, interrompida pela pandemia de covid-19.<\/p>\n<p>\u201cFelizmente. J\u00e1 havia saudade disto tudo. Na primeira prociss\u00e3o que fiz em outubro notou-se muito essa saudade. S\u00f3 faltou ver as pessoas a chorar de alegria. Depois de tanto tempo afastados de tudo e de todos agora \u00e9 uma alegria ver a satisfa\u00e7\u00e3o espelhada no rosto das pessoas com o retomar das suas vidas\u201d, afirmou hoje o p\u00e1roco Eug\u00e9nio Silva.<\/p>\n<p>Depois de dois anos interregno, por causa da pandemia-19, a tradi\u00e7\u00e3o, conhecida como \u201cLan\u00e7o da Cruz\u201d, vai cumprir-se na pr\u00f3xima segunda-feira, \u00e0s 17h00.<\/p>\n<p>\u201cN\u00e3o se vai dar a cruz a beijar, mas toda a celebra\u00e7\u00e3o faz-se na mesma. Vou entrar no barco para levar a cruz a beijar \u00e0s popula\u00e7\u00f5es do outro lado do rio Minho e o p\u00e1roco de Sobrado faz o mesmo. No meio do rio costum\u00e1vamos trocar as cruzes. Este ano, ainda por precau\u00e7\u00e3o n\u00e3o vamos trocar as cruzes porque n\u00e3o se podem dar a beijar e para n\u00e3o haver os contactos de risco. Paramos os barcos, fazemos as sauda\u00e7\u00f5es, mas n\u00e3o trocamos as cruzes\u201d, explicou o padre Eug\u00e9nio Silva.<\/p>\n<p>Popularmente conhecida como &#8220;Lan\u00e7o da Cruz&#8221;, aquele ritual \u00e9 um dos pontos altos dos festejos em honra de Nossa Senhora da Cabe\u00e7a &#8211; que decorrem naquela localidade minhota -, e que juntam milhares de peregrinos dos dois pa\u00edses durante o per\u00edodo da P\u00e1scoa.<\/p>\n<p>S\u00edmbolo do bom relacionamento transfronteiri\u00e7o, a travessia do compasso pascal cumpre-se sempre \u00e0s 17h00, depois de o p\u00e1roco Eug\u00e9nio Silva dar a cruz a beijar na par\u00f3quia onde foi colocado em 2012.<\/p>\n<p>A inten\u00e7\u00e3o da C\u00e2mara de Valen\u00e7a \u00e9 candidatar a tradi\u00e7\u00e3o pascal do &#8220;Lan\u00e7o da Cruz&#8221; \u00e0 lista nacional de Patrim\u00f3nio Cultural Imaterial.<\/p>\n<p>A tradi\u00e7\u00e3o &#8220;perde-se nos tempos&#8221; e pouco tem mudado, mandando que, &#8220;a meio do rio, se lancem as redes para apanhar peixe&#8221;, enquanto &#8220;estouram foguetes e se ouve o ribombar dos grupos de bombos&#8221;, contou.<\/p>\n<p>Mais recente \u00e9 a visita do p\u00e1roco de Sobrado, na Galiza, a Cristelo C\u00f4vo, que acontece desde meados dos anos noventa.<\/p>\n<p>Manda a tradi\u00e7\u00e3o que o rio se encha de pequenas embarca\u00e7\u00f5es e, durante o tempo em que a cruz \u00e9 dada a beijar, os pescadores locais lancem as redes, devidamente benzidas. Mas o produto da pescaria reverte para o p\u00e1roco de Cristelo C\u00f4vo como antigamente.<br \/>\nO pescado, sobretudo lampreia, \u00e9 utilizado para uma confraterniza\u00e7\u00e3o da comiss\u00e3o de festas, uns dias depois da P\u00e1scoa.<\/p>\n<p>\u00c0 noite realiza-se a prociss\u00e3o de velas, que sai da igreja paroquial para o parque de Nossa Senhora da Cabe\u00e7a e, na ter\u00e7a-feira, \u00e0s 10:30, realiza-se nova prociss\u00e3o com o mesmo itiner\u00e1rio, mas este ano com menos figurantes.<\/p>\n<p>\u201cO brilhantismo da prociss\u00e3o, com os anjinhos, n\u00e3o ser\u00e1 t\u00e3o significativo, porque as crian\u00e7as que faziam de figurantes j\u00e1 est\u00e3o em aulas\u201d, explicou.<\/p>\n<p>Do programa da festa, merece ainda refer\u00eancia, na ter\u00e7a-feira, \u201cuma grande eucaristia\u201d celebrada para peregrinos portugueses e espanh\u00f3is.<\/p>\n<p>Habitualmente, a primeira missa era celebrada em galego pelo p\u00e1roco de Sobrado, na Capela de Nossa Senhora da Cabe\u00e7a, e, uma hora mais tarde, outra missa, mas desta vez em portugu\u00eas, pelo p\u00e1roco de Cristelo C\u00f4vo.<\/p>\n<p>\u201cEste ano n\u00e3o haver\u00e1 missa com o padre galego, nomeado, recentemente, ap\u00f3s a morte do anterior sacerdote, que ainda n\u00e3o est\u00e1 bem dentro do ritual\u201d, especificou.<\/p>\n<p>Depois das missas, os peregrinos comem as suas merendas nas sombras do parque de Nossa Senhora da Cabe\u00e7a, mandando a tradi\u00e7\u00e3o que o farnel seja constitu\u00eddo sobretudo pelo que sobrou do carneiro da P\u00e1scoa.<\/p>\n<p>Na romaria n\u00e3o v\u00e3o faltar feirantes e empresas itinerantes de divers\u00e3o e restaura\u00e7\u00e3o.<br \/>\nNo parque da Senhora da Cabe\u00e7a, adiantou o p\u00e1roco, \u201cos lugares para essas atividades est\u00e3o todos tomados\u201d.<\/p>\n","protected":false},"excerpt":{"rendered":"<p>Os padres de Cristelo C\u00f4vo, Valen\u00e7a, Alto Minho, e Sobrado, Galiza, retomam segunda-feira uma tradi\u00e7\u00e3o pascal secular que os leva a cruzarem o rio Minho, de barco, para dar a beijar a cruz, interrompida pela pandemia de covid-19. \u201cFelizmente. J\u00e1 havia saudade disto tudo. Na primeira prociss\u00e3o que fiz em outubro notou-se muito essa saudade. [&hellip;]<\/p>\n","protected":false},"author":13,"featured_media":78858,"comment_status":"closed","ping_status":"closed","sticky":false,"template":"","format":"standard","meta":{"_exactmetrics_skip_tracking":false,"_exactmetrics_sitenote_active":false,"_exactmetrics_sitenote_note":"","_exactmetrics_sitenote_category":0,"footnotes":""},"categories":[13],"tags":[19],"class_list":["post-78855","post","type-post","status-publish","format-standard","has-post-thumbnail","hentry","category-valenca","tag-cultura"],"yoast_head":"<!-- This site is optimized with the Yoast SEO Premium plugin v27.5 (Yoast SEO v27.5) - https:\/\/yoast.com\/product\/yoast-seo-premium-wordpress\/ -->\n<title>Padres de Valen\u00e7a e Tui retomam tradi\u00e7\u00e3o pascal secular interrompida por pandemia<\/title>\n<meta name=\"description\" content=\"Depois de dois anos interregno, a tradi\u00e7\u00e3o, conhecida como \u201cLan\u00e7o da Cruz\u201d, vai cumprir-se na pr\u00f3xima segunda-feira, \u00e0s 17:00.\" \/>\n<meta name=\"robots\" content=\"index, follow, max-snippet:-1, max-image-preview:large, max-video-preview:-1\" \/>\n<link rel=\"canonical\" href=\"https:\/\/www.altominho.tv\/site\/2022\/04\/12\/padres-de-valenca-e-tui-retomam-tradicao-pascal-secular-interrompida-por-pandemia\/\" \/>\n<meta property=\"og:locale\" content=\"pt_PT\" \/>\n<meta property=\"og:type\" content=\"article\" \/>\n<meta property=\"og:title\" content=\"Padres de Valen\u00e7a e Tui retomam tradi\u00e7\u00e3o pascal secular interrompida por pandemia\" \/>\n<meta property=\"og:description\" content=\"Depois de dois anos interregno, a tradi\u00e7\u00e3o, conhecida como \u201cLan\u00e7o da Cruz\u201d, vai cumprir-se na pr\u00f3xima segunda-feira, \u00e0s 17:00.\" \/>\n<meta property=\"og:url\" content=\"https:\/\/www.altominho.tv\/site\/2022\/04\/12\/padres-de-valenca-e-tui-retomam-tradicao-pascal-secular-interrompida-por-pandemia\/\" \/>\n<meta property=\"og:site_name\" content=\"Altominho.tv\" \/>\n<meta property=\"article:publisher\" content=\"https:\/\/www.facebook.com\/altominhotv\" \/>\n<meta property=\"article:published_time\" content=\"2022-04-12T14:24:24+00:00\" \/>\n<meta property=\"article:modified_time\" content=\"2022-04-12T16:04:44+00:00\" \/>\n<meta property=\"og:image\" content=\"https:\/\/www.altominho.tv\/site\/wp-content\/uploads\/2022\/04\/Lanco-da-cruz-.jpg\" \/>\n\t<meta property=\"og:image:width\" content=\"1962\" \/>\n\t<meta property=\"og:image:height\" content=\"994\" \/>\n\t<meta property=\"og:image:type\" content=\"image\/jpeg\" \/>\n<meta name=\"author\" content=\"Lusa\" \/>\n<meta name=\"twitter:card\" content=\"summary_large_image\" \/>\n<meta name=\"twitter:creator\" content=\"@altominhoTV\" \/>\n<meta name=\"twitter:site\" content=\"@altominhoTV\" \/>\n<meta name=\"twitter:label1\" content=\"Escrito por\" \/>\n\t<meta name=\"twitter:data1\" content=\"Lusa\" \/>\n\t<meta name=\"twitter:label2\" content=\"Tempo estimado de leitura\" \/>\n\t<meta name=\"twitter:data2\" content=\"4 minutos\" \/>\n<script type=\"application\/ld+json\" class=\"yoast-schema-graph\">{\"@context\":\"https:\\\/\\\/schema.org\",\"@graph\":[{\"@type\":\"Article\",\"@id\":\"https:\\\/\\\/www.altominho.tv\\\/site\\\/2022\\\/04\\\/12\\\/padres-de-valenca-e-tui-retomam-tradicao-pascal-secular-interrompida-por-pandemia\\\/#article\",\"isPartOf\":{\"@id\":\"https:\\\/\\\/www.altominho.tv\\\/site\\\/2022\\\/04\\\/12\\\/padres-de-valenca-e-tui-retomam-tradicao-pascal-secular-interrompida-por-pandemia\\\/\"},\"author\":{\"name\":\"Lusa\",\"@id\":\"https:\\\/\\\/www.altominho.tv\\\/site\\\/#\\\/schema\\\/person\\\/63f693da3e1899361cbe955c46f3232e\"},\"headline\":\"Padres de Valen\u00e7a e Tui retomam tradi\u00e7\u00e3o pascal secular interrompida por pandemia\",\"datePublished\":\"2022-04-12T14:24:24+00:00\",\"dateModified\":\"2022-04-12T16:04:44+00:00\",\"mainEntityOfPage\":{\"@id\":\"https:\\\/\\\/www.altominho.tv\\\/site\\\/2022\\\/04\\\/12\\\/padres-de-valenca-e-tui-retomam-tradicao-pascal-secular-interrompida-por-pandemia\\\/\"},\"wordCount\":716,\"image\":{\"@id\":\"https:\\\/\\\/www.altominho.tv\\\/site\\\/2022\\\/04\\\/12\\\/padres-de-valenca-e-tui-retomam-tradicao-pascal-secular-interrompida-por-pandemia\\\/#primaryimage\"},\"thumbnailUrl\":\"https:\\\/\\\/www.altominho.tv\\\/site\\\/wp-content\\\/uploads\\\/2022\\\/04\\\/Lanco-da-cruz-.jpg\",\"keywords\":[\"Cultura\"],\"articleSection\":[\"Valen\u00e7a\"],\"inLanguage\":\"pt-PT\",\"copyrightYear\":\"2022\",\"copyrightHolder\":{\"@id\":\"https:\\\/\\\/www.altominho.tv\\\/site\\\/#organization\"}},{\"@type\":\"WebPage\",\"@id\":\"https:\\\/\\\/www.altominho.tv\\\/site\\\/2022\\\/04\\\/12\\\/padres-de-valenca-e-tui-retomam-tradicao-pascal-secular-interrompida-por-pandemia\\\/\",\"url\":\"https:\\\/\\\/www.altominho.tv\\\/site\\\/2022\\\/04\\\/12\\\/padres-de-valenca-e-tui-retomam-tradicao-pascal-secular-interrompida-por-pandemia\\\/\",\"name\":\"Padres de Valen\u00e7a e Tui retomam tradi\u00e7\u00e3o pascal secular interrompida por pandemia\",\"isPartOf\":{\"@id\":\"https:\\\/\\\/www.altominho.tv\\\/site\\\/#website\"},\"primaryImageOfPage\":{\"@id\":\"https:\\\/\\\/www.altominho.tv\\\/site\\\/2022\\\/04\\\/12\\\/padres-de-valenca-e-tui-retomam-tradicao-pascal-secular-interrompida-por-pandemia\\\/#primaryimage\"},\"image\":{\"@id\":\"https:\\\/\\\/www.altominho.tv\\\/site\\\/2022\\\/04\\\/12\\\/padres-de-valenca-e-tui-retomam-tradicao-pascal-secular-interrompida-por-pandemia\\\/#primaryimage\"},\"thumbnailUrl\":\"https:\\\/\\\/www.altominho.tv\\\/site\\\/wp-content\\\/uploads\\\/2022\\\/04\\\/Lanco-da-cruz-.jpg\",\"datePublished\":\"2022-04-12T14:24:24+00:00\",\"dateModified\":\"2022-04-12T16:04:44+00:00\",\"author\":{\"@id\":\"https:\\\/\\\/www.altominho.tv\\\/site\\\/#\\\/schema\\\/person\\\/63f693da3e1899361cbe955c46f3232e\"},\"description\":\"Depois de dois anos interregno, a tradi\u00e7\u00e3o, conhecida como \u201cLan\u00e7o da Cruz\u201d, vai cumprir-se na pr\u00f3xima segunda-feira, \u00e0s 17:00.\",\"breadcrumb\":{\"@id\":\"https:\\\/\\\/www.altominho.tv\\\/site\\\/2022\\\/04\\\/12\\\/padres-de-valenca-e-tui-retomam-tradicao-pascal-secular-interrompida-por-pandemia\\\/#breadcrumb\"},\"inLanguage\":\"pt-PT\",\"potentialAction\":[{\"@type\":\"ReadAction\",\"target\":[\"https:\\\/\\\/www.altominho.tv\\\/site\\\/2022\\\/04\\\/12\\\/padres-de-valenca-e-tui-retomam-tradicao-pascal-secular-interrompida-por-pandemia\\\/\"]}]},{\"@type\":\"ImageObject\",\"inLanguage\":\"pt-PT\",\"@id\":\"https:\\\/\\\/www.altominho.tv\\\/site\\\/2022\\\/04\\\/12\\\/padres-de-valenca-e-tui-retomam-tradicao-pascal-secular-interrompida-por-pandemia\\\/#primaryimage\",\"url\":\"https:\\\/\\\/www.altominho.tv\\\/site\\\/wp-content\\\/uploads\\\/2022\\\/04\\\/Lanco-da-cruz-.jpg\",\"contentUrl\":\"https:\\\/\\\/www.altominho.tv\\\/site\\\/wp-content\\\/uploads\\\/2022\\\/04\\\/Lanco-da-cruz-.jpg\",\"width\":1962,\"height\":994},{\"@type\":\"BreadcrumbList\",\"@id\":\"https:\\\/\\\/www.altominho.tv\\\/site\\\/2022\\\/04\\\/12\\\/padres-de-valenca-e-tui-retomam-tradicao-pascal-secular-interrompida-por-pandemia\\\/#breadcrumb\",\"itemListElement\":[{\"@type\":\"ListItem\",\"position\":1,\"name\":\"In\u00edcio\",\"item\":\"https:\\\/\\\/www.altominho.tv\\\/site\\\/\"},{\"@type\":\"ListItem\",\"position\":2,\"name\":\"Padres de Valen\u00e7a e Tui retomam tradi\u00e7\u00e3o pascal secular interrompida por pandemia\"}]},{\"@type\":\"WebSite\",\"@id\":\"https:\\\/\\\/www.altominho.tv\\\/site\\\/#website\",\"url\":\"https:\\\/\\\/www.altominho.tv\\\/site\\\/\",\"name\":\"Altominho.tv\",\"description\":\"A sua regi\u00e3o \u00e0 dist\u00e2ncia de um clique...\",\"potentialAction\":[{\"@type\":\"SearchAction\",\"target\":{\"@type\":\"EntryPoint\",\"urlTemplate\":\"https:\\\/\\\/www.altominho.tv\\\/site\\\/?s={search_term_string}\"},\"query-input\":{\"@type\":\"PropertyValueSpecification\",\"valueRequired\":true,\"valueName\":\"search_term_string\"}}],\"inLanguage\":\"pt-PT\"},{\"@type\":\"Person\",\"@id\":\"https:\\\/\\\/www.altominho.tv\\\/site\\\/#\\\/schema\\\/person\\\/63f693da3e1899361cbe955c46f3232e\",\"name\":\"Lusa\",\"image\":{\"@type\":\"ImageObject\",\"inLanguage\":\"pt-PT\",\"@id\":\"https:\\\/\\\/www.altominho.tv\\\/site\\\/wp-content\\\/uploads\\\/2019\\\/08\\\/LUSA_Logo.gif\",\"url\":\"https:\\\/\\\/www.altominho.tv\\\/site\\\/wp-content\\\/uploads\\\/2019\\\/08\\\/LUSA_Logo.gif\",\"contentUrl\":\"https:\\\/\\\/www.altominho.tv\\\/site\\\/wp-content\\\/uploads\\\/2019\\\/08\\\/LUSA_Logo.gif\",\"caption\":\"Lusa\"},\"sameAs\":[\"http:\\\/\\\/\\\/\\\/www.altominho.tv\\\/site\"],\"url\":\"https:\\\/\\\/www.altominho.tv\\\/site\\\/author\\\/lusa\\\/\"}]}<\/script>\n<!-- \/ Yoast SEO Premium plugin. -->","yoast_head_json":{"title":"Padres de Valen\u00e7a e Tui retomam tradi\u00e7\u00e3o pascal secular interrompida por pandemia","description":"Depois de dois anos interregno, a tradi\u00e7\u00e3o, conhecida como \u201cLan\u00e7o da Cruz\u201d, vai cumprir-se na pr\u00f3xima segunda-feira, \u00e0s 17:00.","robots":{"index":"index","follow":"follow","max-snippet":"max-snippet:-1","max-image-preview":"max-image-preview:large","max-video-preview":"max-video-preview:-1"},"canonical":"https:\/\/www.altominho.tv\/site\/2022\/04\/12\/padres-de-valenca-e-tui-retomam-tradicao-pascal-secular-interrompida-por-pandemia\/","og_locale":"pt_PT","og_type":"article","og_title":"Padres de Valen\u00e7a e Tui retomam tradi\u00e7\u00e3o pascal secular interrompida por pandemia","og_description":"Depois de dois anos interregno, a tradi\u00e7\u00e3o, conhecida como \u201cLan\u00e7o da Cruz\u201d, vai cumprir-se na pr\u00f3xima segunda-feira, \u00e0s 17:00.","og_url":"https:\/\/www.altominho.tv\/site\/2022\/04\/12\/padres-de-valenca-e-tui-retomam-tradicao-pascal-secular-interrompida-por-pandemia\/","og_site_name":"Altominho.tv","article_publisher":"https:\/\/www.facebook.com\/altominhotv","article_published_time":"2022-04-12T14:24:24+00:00","article_modified_time":"2022-04-12T16:04:44+00:00","og_image":[{"width":1962,"height":994,"url":"https:\/\/www.altominho.tv\/site\/wp-content\/uploads\/2022\/04\/Lanco-da-cruz-.jpg","type":"image\/jpeg"}],"author":"Lusa","twitter_card":"summary_large_image","twitter_creator":"@altominhoTV","twitter_site":"@altominhoTV","twitter_misc":{"Escrito por":"Lusa","Tempo estimado de leitura":"4 minutos"},"schema":{"@context":"https:\/\/schema.org","@graph":[{"@type":"Article","@id":"https:\/\/www.altominho.tv\/site\/2022\/04\/12\/padres-de-valenca-e-tui-retomam-tradicao-pascal-secular-interrompida-por-pandemia\/#article","isPartOf":{"@id":"https:\/\/www.altominho.tv\/site\/2022\/04\/12\/padres-de-valenca-e-tui-retomam-tradicao-pascal-secular-interrompida-por-pandemia\/"},"author":{"name":"Lusa","@id":"https:\/\/www.altominho.tv\/site\/#\/schema\/person\/63f693da3e1899361cbe955c46f3232e"},"headline":"Padres de Valen\u00e7a e Tui retomam tradi\u00e7\u00e3o pascal secular interrompida por pandemia","datePublished":"2022-04-12T14:24:24+00:00","dateModified":"2022-04-12T16:04:44+00:00","mainEntityOfPage":{"@id":"https:\/\/www.altominho.tv\/site\/2022\/04\/12\/padres-de-valenca-e-tui-retomam-tradicao-pascal-secular-interrompida-por-pandemia\/"},"wordCount":716,"image":{"@id":"https:\/\/www.altominho.tv\/site\/2022\/04\/12\/padres-de-valenca-e-tui-retomam-tradicao-pascal-secular-interrompida-por-pandemia\/#primaryimage"},"thumbnailUrl":"https:\/\/www.altominho.tv\/site\/wp-content\/uploads\/2022\/04\/Lanco-da-cruz-.jpg","keywords":["Cultura"],"articleSection":["Valen\u00e7a"],"inLanguage":"pt-PT","copyrightYear":"2022","copyrightHolder":{"@id":"https:\/\/www.altominho.tv\/site\/#organization"}},{"@type":"WebPage","@id":"https:\/\/www.altominho.tv\/site\/2022\/04\/12\/padres-de-valenca-e-tui-retomam-tradicao-pascal-secular-interrompida-por-pandemia\/","url":"https:\/\/www.altominho.tv\/site\/2022\/04\/12\/padres-de-valenca-e-tui-retomam-tradicao-pascal-secular-interrompida-por-pandemia\/","name":"Padres de Valen\u00e7a e Tui retomam tradi\u00e7\u00e3o pascal secular interrompida por pandemia","isPartOf":{"@id":"https:\/\/www.altominho.tv\/site\/#website"},"primaryImageOfPage":{"@id":"https:\/\/www.altominho.tv\/site\/2022\/04\/12\/padres-de-valenca-e-tui-retomam-tradicao-pascal-secular-interrompida-por-pandemia\/#primaryimage"},"image":{"@id":"https:\/\/www.altominho.tv\/site\/2022\/04\/12\/padres-de-valenca-e-tui-retomam-tradicao-pascal-secular-interrompida-por-pandemia\/#primaryimage"},"thumbnailUrl":"https:\/\/www.altominho.tv\/site\/wp-content\/uploads\/2022\/04\/Lanco-da-cruz-.jpg","datePublished":"2022-04-12T14:24:24+00:00","dateModified":"2022-04-12T16:04:44+00:00","author":{"@id":"https:\/\/www.altominho.tv\/site\/#\/schema\/person\/63f693da3e1899361cbe955c46f3232e"},"description":"Depois de dois anos interregno, a tradi\u00e7\u00e3o, conhecida como \u201cLan\u00e7o da Cruz\u201d, vai cumprir-se na pr\u00f3xima segunda-feira, \u00e0s 17:00.","breadcrumb":{"@id":"https:\/\/www.altominho.tv\/site\/2022\/04\/12\/padres-de-valenca-e-tui-retomam-tradicao-pascal-secular-interrompida-por-pandemia\/#breadcrumb"},"inLanguage":"pt-PT","potentialAction":[{"@type":"ReadAction","target":["https:\/\/www.altominho.tv\/site\/2022\/04\/12\/padres-de-valenca-e-tui-retomam-tradicao-pascal-secular-interrompida-por-pandemia\/"]}]},{"@type":"ImageObject","inLanguage":"pt-PT","@id":"https:\/\/www.altominho.tv\/site\/2022\/04\/12\/padres-de-valenca-e-tui-retomam-tradicao-pascal-secular-interrompida-por-pandemia\/#primaryimage","url":"https:\/\/www.altominho.tv\/site\/wp-content\/uploads\/2022\/04\/Lanco-da-cruz-.jpg","contentUrl":"https:\/\/www.altominho.tv\/site\/wp-content\/uploads\/2022\/04\/Lanco-da-cruz-.jpg","width":1962,"height":994},{"@type":"BreadcrumbList","@id":"https:\/\/www.altominho.tv\/site\/2022\/04\/12\/padres-de-valenca-e-tui-retomam-tradicao-pascal-secular-interrompida-por-pandemia\/#breadcrumb","itemListElement":[{"@type":"ListItem","position":1,"name":"In\u00edcio","item":"https:\/\/www.altominho.tv\/site\/"},{"@type":"ListItem","position":2,"name":"Padres de Valen\u00e7a e Tui retomam tradi\u00e7\u00e3o pascal secular interrompida por pandemia"}]},{"@type":"WebSite","@id":"https:\/\/www.altominho.tv\/site\/#website","url":"https:\/\/www.altominho.tv\/site\/","name":"Altominho.tv","description":"A sua regi\u00e3o \u00e0 dist\u00e2ncia de um clique...","potentialAction":[{"@type":"SearchAction","target":{"@type":"EntryPoint","urlTemplate":"https:\/\/www.altominho.tv\/site\/?s={search_term_string}"},"query-input":{"@type":"PropertyValueSpecification","valueRequired":true,"valueName":"search_term_string"}}],"inLanguage":"pt-PT"},{"@type":"Person","@id":"https:\/\/www.altominho.tv\/site\/#\/schema\/person\/63f693da3e1899361cbe955c46f3232e","name":"Lusa","image":{"@type":"ImageObject","inLanguage":"pt-PT","@id":"https:\/\/www.altominho.tv\/site\/wp-content\/uploads\/2019\/08\/LUSA_Logo.gif","url":"https:\/\/www.altominho.tv\/site\/wp-content\/uploads\/2019\/08\/LUSA_Logo.gif","contentUrl":"https:\/\/www.altominho.tv\/site\/wp-content\/uploads\/2019\/08\/LUSA_Logo.gif","caption":"Lusa"},"sameAs":["http:\/\/\/\/www.altominho.tv\/site"],"url":"https:\/\/www.altominho.tv\/site\/author\/lusa\/"}]}},"_links":{"self":[{"href":"https:\/\/www.altominho.tv\/site\/wp-json\/wp\/v2\/posts\/78855","targetHints":{"allow":["GET"]}}],"collection":[{"href":"https:\/\/www.altominho.tv\/site\/wp-json\/wp\/v2\/posts"}],"about":[{"href":"https:\/\/www.altominho.tv\/site\/wp-json\/wp\/v2\/types\/post"}],"author":[{"embeddable":true,"href":"https:\/\/www.altominho.tv\/site\/wp-json\/wp\/v2\/users\/13"}],"replies":[{"embeddable":true,"href":"https:\/\/www.altominho.tv\/site\/wp-json\/wp\/v2\/comments?post=78855"}],"version-history":[{"count":0,"href":"https:\/\/www.altominho.tv\/site\/wp-json\/wp\/v2\/posts\/78855\/revisions"}],"wp:featuredmedia":[{"embeddable":true,"href":"https:\/\/www.altominho.tv\/site\/wp-json\/wp\/v2\/media\/78858"}],"wp:attachment":[{"href":"https:\/\/www.altominho.tv\/site\/wp-json\/wp\/v2\/media?parent=78855"}],"wp:term":[{"taxonomy":"category","embeddable":true,"href":"https:\/\/www.altominho.tv\/site\/wp-json\/wp\/v2\/categories?post=78855"},{"taxonomy":"post_tag","embeddable":true,"href":"https:\/\/www.altominho.tv\/site\/wp-json\/wp\/v2\/tags?post=78855"}],"curies":[{"name":"wp","href":"https:\/\/api.w.org\/{rel}","templated":true}]}}