{"id":78689,"date":"2022-04-07T12:41:58","date_gmt":"2022-04-07T11:41:58","guid":{"rendered":"https:\/\/www.altominho.tv\/site\/?p=78689"},"modified":"2022-04-07T12:42:02","modified_gmt":"2022-04-07T11:42:02","slug":"bienal-internacional-de-arte-de-cerveira-procura-intervencoes-artisticas","status":"publish","type":"post","link":"https:\/\/www.altominho.tv\/site\/2022\/04\/07\/bienal-internacional-de-arte-de-cerveira-procura-intervencoes-artisticas\/","title":{"rendered":"Bienal Internacional de Arte de Cerveira procura interven\u00e7\u00f5es art\u00edsticas"},"content":{"rendered":"<p>A Funda\u00e7\u00e3o Bienal de Arte de Cerveira (FBAC) desafia artistas nacionais e estrangeiros a enviarem propostas de interven\u00e7\u00e3o no \u00e2mbito do programa complementar da XXII Bienal Internacional de Arte de Cerveira, que vai decorrer de 16 de julho a 31 de dezembro.<\/p>\n<p>A edi\u00e7\u00e3o 2022 do Concurso de Interven\u00e7\u00f5es Art\u00edsticas tem candidaturas abertas at\u00e9 8 de maio e tem como objetivo &#8220;a promo\u00e7\u00e3o das artes e da cultura contempor\u00e2nea&#8221;.<\/p>\n<p>&#8220;Procuram-se projetos inovadores e transversais a todas as \u00e1reas art\u00edsticas para integrar a programa\u00e7\u00e3o complementar da bienal de arte mais antiga do pa\u00eds e da Pen\u00ednsula Ib\u00e9rica&#8221;, explica a FBAC em comunicado.<\/p>\n<p>As interven\u00e7\u00f5es art\u00edsticas selecionadas v\u00e3o decorrer entre 21 de julho e 25 de setembro e poder\u00e3o contemplar os formatos de &#8220;Site specific&#8221;, resultante do processo de resid\u00eancia art\u00edstica em qualquer uma das freguesias de Vila Nova de Cerveira e n\u00e3o, exclusivamente, na \u00e1rea mais urbana; de interven\u00e7\u00e3o art\u00edstica, com projeto pr\u00e9-existente, num dos espa\u00e7os do F\u00f3rum Cultural de Cerveira e, em particular, no contexto do Audit\u00f3rio Jos\u00e9 Manuel Carpinteira; e de proposta de <em>workshop<\/em>\/atelier, a enquadrar na estrat\u00e9gia de educa\u00e7\u00e3o e media\u00e7\u00e3o cultural do evento, destinada a um p\u00fablico-alvo espec\u00edfico e\/ou para grupos fechados.<\/p>\n<p>Segundo a funda\u00e7\u00e3o, &#8220;ser\u00e3o eleg\u00edveis candidaturas, nacionais ou internacionais, de indiv\u00edduos ou coletivos de artistas e privilegiados projetos de desmaterializa\u00e7\u00e3o da obra de arte, ou seja, a performance, o <em>happening<\/em> e outras pr\u00e1ticas art\u00edsticas de car\u00e1ter ef\u00e9mero e com enfoque na a\u00e7\u00e3o&#8221;.<\/p>\n<p>\u201cAs interven\u00e7\u00f5es art\u00edsticas inserem-se no ritmo da a\u00e7\u00e3o r\u00e1pida e ativista do tempo de mudar o mundo, de agir e de colocar a Arte no centro de tudo, como alavanca para a constru\u00e7\u00e3o de um presente e futuro melhores\u201d, explica a diretora art\u00edstica do evento, Helena Mendes Pereira.<\/p>\n<p>Al\u00e9m do apoio \u00e0 produ\u00e7\u00e3o, divulga\u00e7\u00e3o e apresenta\u00e7\u00e3o dos projetos, a Funda\u00e7\u00e3o Bienal de Arte de Cerveira responsabiliza-se pelo apoio \u00e0 alimenta\u00e7\u00e3o e alojamento durante o per\u00edodo de tempo de produ\u00e7\u00e3o e apresenta\u00e7\u00e3o.<\/p>\n<p>As candidaturas ser\u00e3o selecionadas pela dire\u00e7\u00e3o art\u00edstica da XXII Bienal Internacional de Arte de Cerveira, composta por Helena Mendes Pereira e Ant\u00f3nio Cabral Pinto, e pela curadora convidada, a artista visual e docente Mafalda Santos.<\/p>\n<p>A Bienal Internacional de Arte de Cerveira assinala 44 anos sob o tema \u201cWE MUST TAKE ACTION\/DEVEMOS AGIR\u201d. O evento integra a candidatura \u201cFunda\u00e7\u00e3o Bienal de Arte de Cerveira: a Arte Contempor\u00e2nea integrada na sociedade e no mundo\u201d (2020 \u2013 2021 \u2013 Apoio Sustentado \u2013 Artes Visuais), que conta com o apoio da Rep\u00fablica Portuguesa \u2013 Cultura\/Dire\u00e7\u00e3o-Geral das Artes.<\/p>\n","protected":false},"excerpt":{"rendered":"<p>A Funda\u00e7\u00e3o Bienal de Arte de Cerveira (FBAC) desafia artistas nacionais e estrangeiros a enviarem propostas de interven\u00e7\u00e3o no \u00e2mbito do programa complementar da XXII Bienal Internacional de Arte de Cerveira, que vai decorrer de 16 de julho a 31 de dezembro. A edi\u00e7\u00e3o 2022 do Concurso de Interven\u00e7\u00f5es Art\u00edsticas tem candidaturas abertas at\u00e9 8 [&hellip;]<\/p>\n","protected":false},"author":12,"featured_media":78697,"comment_status":"closed","ping_status":"closed","sticky":false,"template":"","format":"standard","meta":{"_exactmetrics_skip_tracking":false,"_exactmetrics_sitenote_active":false,"_exactmetrics_sitenote_note":"","_exactmetrics_sitenote_category":0,"footnotes":""},"categories":[15],"tags":[19],"class_list":["post-78689","post","type-post","status-publish","format-standard","has-post-thumbnail","hentry","category-vila-nova-de-cerveira","tag-cultura"],"yoast_head":"<!-- This site is optimized with the Yoast SEO Premium plugin v27.4 (Yoast SEO v27.4) - https:\/\/yoast.com\/product\/yoast-seo-premium-wordpress\/ -->\n<title>Bienal Internacional de Arte de Cerveira procura interven\u00e7\u00f5es art\u00edsticas<\/title>\n<meta name=\"description\" content=\"A Funda\u00e7\u00e3o Bienal de Arte de Cerveira desafia artistas nacionais e estrangeiros a enviarem propostas para XXII Bienal Internacional de Arte.\" \/>\n<meta name=\"robots\" content=\"index, follow, max-snippet:-1, max-image-preview:large, max-video-preview:-1\" \/>\n<link rel=\"canonical\" href=\"https:\/\/www.altominho.tv\/site\/2022\/04\/07\/bienal-internacional-de-arte-de-cerveira-procura-intervencoes-artisticas\/\" \/>\n<meta property=\"og:locale\" content=\"pt_PT\" \/>\n<meta property=\"og:type\" content=\"article\" \/>\n<meta property=\"og:title\" content=\"Bienal Internacional de Arte de Cerveira procura interven\u00e7\u00f5es art\u00edsticas\" \/>\n<meta property=\"og:description\" content=\"A Funda\u00e7\u00e3o Bienal de Arte de Cerveira desafia artistas nacionais e estrangeiros a enviarem propostas para XXII Bienal Internacional de Arte.\" \/>\n<meta property=\"og:url\" content=\"https:\/\/www.altominho.tv\/site\/2022\/04\/07\/bienal-internacional-de-arte-de-cerveira-procura-intervencoes-artisticas\/\" \/>\n<meta property=\"og:site_name\" content=\"Altominho.tv\" \/>\n<meta property=\"article:publisher\" content=\"https:\/\/www.facebook.com\/altominhotv\" \/>\n<meta property=\"article:published_time\" content=\"2022-04-07T11:41:58+00:00\" \/>\n<meta property=\"article:modified_time\" content=\"2022-04-07T11:42:02+00:00\" \/>\n<meta property=\"og:image\" content=\"https:\/\/www.altominho.tv\/site\/wp-content\/uploads\/2022\/04\/Bienal-Cerveira.jpg\" \/>\n\t<meta property=\"og:image:width\" content=\"1351\" \/>\n\t<meta property=\"og:image:height\" content=\"760\" \/>\n\t<meta property=\"og:image:type\" content=\"image\/jpeg\" \/>\n<meta name=\"author\" content=\"Andreia Ferreira\" \/>\n<meta name=\"twitter:card\" content=\"summary_large_image\" \/>\n<meta name=\"twitter:creator\" content=\"@altominhoTV\" \/>\n<meta name=\"twitter:site\" content=\"@altominhoTV\" \/>\n<meta name=\"twitter:label1\" content=\"Escrito por\" \/>\n\t<meta name=\"twitter:data1\" content=\"Andreia Ferreira\" \/>\n\t<meta name=\"twitter:label2\" content=\"Tempo estimado de leitura\" \/>\n\t<meta name=\"twitter:data2\" content=\"3 minutos\" \/>\n<script type=\"application\/ld+json\" class=\"yoast-schema-graph\">{\"@context\":\"https:\\\/\\\/schema.org\",\"@graph\":[{\"@type\":\"Article\",\"@id\":\"https:\\\/\\\/www.altominho.tv\\\/site\\\/2022\\\/04\\\/07\\\/bienal-internacional-de-arte-de-cerveira-procura-intervencoes-artisticas\\\/#article\",\"isPartOf\":{\"@id\":\"https:\\\/\\\/www.altominho.tv\\\/site\\\/2022\\\/04\\\/07\\\/bienal-internacional-de-arte-de-cerveira-procura-intervencoes-artisticas\\\/\"},\"author\":{\"name\":\"Andreia Ferreira\",\"@id\":\"https:\\\/\\\/www.altominho.tv\\\/site\\\/#\\\/schema\\\/person\\\/d9be4265364723f14ea8e0d56a1d38cd\"},\"headline\":\"Bienal Internacional de Arte de Cerveira procura interven\u00e7\u00f5es art\u00edsticas\",\"datePublished\":\"2022-04-07T11:41:58+00:00\",\"dateModified\":\"2022-04-07T11:42:02+00:00\",\"mainEntityOfPage\":{\"@id\":\"https:\\\/\\\/www.altominho.tv\\\/site\\\/2022\\\/04\\\/07\\\/bienal-internacional-de-arte-de-cerveira-procura-intervencoes-artisticas\\\/\"},\"wordCount\":475,\"image\":{\"@id\":\"https:\\\/\\\/www.altominho.tv\\\/site\\\/2022\\\/04\\\/07\\\/bienal-internacional-de-arte-de-cerveira-procura-intervencoes-artisticas\\\/#primaryimage\"},\"thumbnailUrl\":\"https:\\\/\\\/www.altominho.tv\\\/site\\\/wp-content\\\/uploads\\\/2022\\\/04\\\/Bienal-Cerveira.jpg\",\"keywords\":[\"Cultura\"],\"articleSection\":[\"Vila Nova de Cerveira\"],\"inLanguage\":\"pt-PT\",\"copyrightYear\":\"2022\",\"copyrightHolder\":{\"@id\":\"https:\\\/\\\/www.altominho.tv\\\/site\\\/#organization\"}},{\"@type\":\"WebPage\",\"@id\":\"https:\\\/\\\/www.altominho.tv\\\/site\\\/2022\\\/04\\\/07\\\/bienal-internacional-de-arte-de-cerveira-procura-intervencoes-artisticas\\\/\",\"url\":\"https:\\\/\\\/www.altominho.tv\\\/site\\\/2022\\\/04\\\/07\\\/bienal-internacional-de-arte-de-cerveira-procura-intervencoes-artisticas\\\/\",\"name\":\"Bienal Internacional de Arte de Cerveira procura interven\u00e7\u00f5es art\u00edsticas\",\"isPartOf\":{\"@id\":\"https:\\\/\\\/www.altominho.tv\\\/site\\\/#website\"},\"primaryImageOfPage\":{\"@id\":\"https:\\\/\\\/www.altominho.tv\\\/site\\\/2022\\\/04\\\/07\\\/bienal-internacional-de-arte-de-cerveira-procura-intervencoes-artisticas\\\/#primaryimage\"},\"image\":{\"@id\":\"https:\\\/\\\/www.altominho.tv\\\/site\\\/2022\\\/04\\\/07\\\/bienal-internacional-de-arte-de-cerveira-procura-intervencoes-artisticas\\\/#primaryimage\"},\"thumbnailUrl\":\"https:\\\/\\\/www.altominho.tv\\\/site\\\/wp-content\\\/uploads\\\/2022\\\/04\\\/Bienal-Cerveira.jpg\",\"datePublished\":\"2022-04-07T11:41:58+00:00\",\"dateModified\":\"2022-04-07T11:42:02+00:00\",\"author\":{\"@id\":\"https:\\\/\\\/www.altominho.tv\\\/site\\\/#\\\/schema\\\/person\\\/d9be4265364723f14ea8e0d56a1d38cd\"},\"description\":\"A Funda\u00e7\u00e3o Bienal de Arte de Cerveira desafia artistas nacionais e estrangeiros a enviarem propostas para XXII Bienal Internacional de Arte.\",\"breadcrumb\":{\"@id\":\"https:\\\/\\\/www.altominho.tv\\\/site\\\/2022\\\/04\\\/07\\\/bienal-internacional-de-arte-de-cerveira-procura-intervencoes-artisticas\\\/#breadcrumb\"},\"inLanguage\":\"pt-PT\",\"potentialAction\":[{\"@type\":\"ReadAction\",\"target\":[\"https:\\\/\\\/www.altominho.tv\\\/site\\\/2022\\\/04\\\/07\\\/bienal-internacional-de-arte-de-cerveira-procura-intervencoes-artisticas\\\/\"]}]},{\"@type\":\"ImageObject\",\"inLanguage\":\"pt-PT\",\"@id\":\"https:\\\/\\\/www.altominho.tv\\\/site\\\/2022\\\/04\\\/07\\\/bienal-internacional-de-arte-de-cerveira-procura-intervencoes-artisticas\\\/#primaryimage\",\"url\":\"https:\\\/\\\/www.altominho.tv\\\/site\\\/wp-content\\\/uploads\\\/2022\\\/04\\\/Bienal-Cerveira.jpg\",\"contentUrl\":\"https:\\\/\\\/www.altominho.tv\\\/site\\\/wp-content\\\/uploads\\\/2022\\\/04\\\/Bienal-Cerveira.jpg\",\"width\":1351,\"height\":760},{\"@type\":\"BreadcrumbList\",\"@id\":\"https:\\\/\\\/www.altominho.tv\\\/site\\\/2022\\\/04\\\/07\\\/bienal-internacional-de-arte-de-cerveira-procura-intervencoes-artisticas\\\/#breadcrumb\",\"itemListElement\":[{\"@type\":\"ListItem\",\"position\":1,\"name\":\"In\u00edcio\",\"item\":\"https:\\\/\\\/www.altominho.tv\\\/site\\\/\"},{\"@type\":\"ListItem\",\"position\":2,\"name\":\"Bienal Internacional de Arte de Cerveira procura interven\u00e7\u00f5es art\u00edsticas\"}]},{\"@type\":\"WebSite\",\"@id\":\"https:\\\/\\\/www.altominho.tv\\\/site\\\/#website\",\"url\":\"https:\\\/\\\/www.altominho.tv\\\/site\\\/\",\"name\":\"Altominho.tv\",\"description\":\"A sua regi\u00e3o \u00e0 dist\u00e2ncia de um clique...\",\"potentialAction\":[{\"@type\":\"SearchAction\",\"target\":{\"@type\":\"EntryPoint\",\"urlTemplate\":\"https:\\\/\\\/www.altominho.tv\\\/site\\\/?s={search_term_string}\"},\"query-input\":{\"@type\":\"PropertyValueSpecification\",\"valueRequired\":true,\"valueName\":\"search_term_string\"}}],\"inLanguage\":\"pt-PT\"},{\"@type\":\"Person\",\"@id\":\"https:\\\/\\\/www.altominho.tv\\\/site\\\/#\\\/schema\\\/person\\\/d9be4265364723f14ea8e0d56a1d38cd\",\"name\":\"Andreia Ferreira\",\"image\":{\"@type\":\"ImageObject\",\"inLanguage\":\"pt-PT\",\"@id\":\"https:\\\/\\\/www.altominho.tv\\\/site\\\/wp-content\\\/uploads\\\/2021\\\/01\\\/AndreiaFerreira-150x150.jpg\",\"url\":\"https:\\\/\\\/www.altominho.tv\\\/site\\\/wp-content\\\/uploads\\\/2021\\\/01\\\/AndreiaFerreira-150x150.jpg\",\"contentUrl\":\"https:\\\/\\\/www.altominho.tv\\\/site\\\/wp-content\\\/uploads\\\/2021\\\/01\\\/AndreiaFerreira-150x150.jpg\",\"caption\":\"Andreia Ferreira\"},\"url\":\"https:\\\/\\\/www.altominho.tv\\\/site\\\/author\\\/andreiaferreira\\\/\"}]}<\/script>\n<!-- \/ Yoast SEO Premium plugin. -->","yoast_head_json":{"title":"Bienal Internacional de Arte de Cerveira procura interven\u00e7\u00f5es art\u00edsticas","description":"A Funda\u00e7\u00e3o Bienal de Arte de Cerveira desafia artistas nacionais e estrangeiros a enviarem propostas para XXII Bienal Internacional de Arte.","robots":{"index":"index","follow":"follow","max-snippet":"max-snippet:-1","max-image-preview":"max-image-preview:large","max-video-preview":"max-video-preview:-1"},"canonical":"https:\/\/www.altominho.tv\/site\/2022\/04\/07\/bienal-internacional-de-arte-de-cerveira-procura-intervencoes-artisticas\/","og_locale":"pt_PT","og_type":"article","og_title":"Bienal Internacional de Arte de Cerveira procura interven\u00e7\u00f5es art\u00edsticas","og_description":"A Funda\u00e7\u00e3o Bienal de Arte de Cerveira desafia artistas nacionais e estrangeiros a enviarem propostas para XXII Bienal Internacional de Arte.","og_url":"https:\/\/www.altominho.tv\/site\/2022\/04\/07\/bienal-internacional-de-arte-de-cerveira-procura-intervencoes-artisticas\/","og_site_name":"Altominho.tv","article_publisher":"https:\/\/www.facebook.com\/altominhotv","article_published_time":"2022-04-07T11:41:58+00:00","article_modified_time":"2022-04-07T11:42:02+00:00","og_image":[{"width":1351,"height":760,"url":"https:\/\/www.altominho.tv\/site\/wp-content\/uploads\/2022\/04\/Bienal-Cerveira.jpg","type":"image\/jpeg"}],"author":"Andreia Ferreira","twitter_card":"summary_large_image","twitter_creator":"@altominhoTV","twitter_site":"@altominhoTV","twitter_misc":{"Escrito por":"Andreia Ferreira","Tempo estimado de leitura":"3 minutos"},"schema":{"@context":"https:\/\/schema.org","@graph":[{"@type":"Article","@id":"https:\/\/www.altominho.tv\/site\/2022\/04\/07\/bienal-internacional-de-arte-de-cerveira-procura-intervencoes-artisticas\/#article","isPartOf":{"@id":"https:\/\/www.altominho.tv\/site\/2022\/04\/07\/bienal-internacional-de-arte-de-cerveira-procura-intervencoes-artisticas\/"},"author":{"name":"Andreia Ferreira","@id":"https:\/\/www.altominho.tv\/site\/#\/schema\/person\/d9be4265364723f14ea8e0d56a1d38cd"},"headline":"Bienal Internacional de Arte de Cerveira procura interven\u00e7\u00f5es art\u00edsticas","datePublished":"2022-04-07T11:41:58+00:00","dateModified":"2022-04-07T11:42:02+00:00","mainEntityOfPage":{"@id":"https:\/\/www.altominho.tv\/site\/2022\/04\/07\/bienal-internacional-de-arte-de-cerveira-procura-intervencoes-artisticas\/"},"wordCount":475,"image":{"@id":"https:\/\/www.altominho.tv\/site\/2022\/04\/07\/bienal-internacional-de-arte-de-cerveira-procura-intervencoes-artisticas\/#primaryimage"},"thumbnailUrl":"https:\/\/www.altominho.tv\/site\/wp-content\/uploads\/2022\/04\/Bienal-Cerveira.jpg","keywords":["Cultura"],"articleSection":["Vila Nova de Cerveira"],"inLanguage":"pt-PT","copyrightYear":"2022","copyrightHolder":{"@id":"https:\/\/www.altominho.tv\/site\/#organization"}},{"@type":"WebPage","@id":"https:\/\/www.altominho.tv\/site\/2022\/04\/07\/bienal-internacional-de-arte-de-cerveira-procura-intervencoes-artisticas\/","url":"https:\/\/www.altominho.tv\/site\/2022\/04\/07\/bienal-internacional-de-arte-de-cerveira-procura-intervencoes-artisticas\/","name":"Bienal Internacional de Arte de Cerveira procura interven\u00e7\u00f5es art\u00edsticas","isPartOf":{"@id":"https:\/\/www.altominho.tv\/site\/#website"},"primaryImageOfPage":{"@id":"https:\/\/www.altominho.tv\/site\/2022\/04\/07\/bienal-internacional-de-arte-de-cerveira-procura-intervencoes-artisticas\/#primaryimage"},"image":{"@id":"https:\/\/www.altominho.tv\/site\/2022\/04\/07\/bienal-internacional-de-arte-de-cerveira-procura-intervencoes-artisticas\/#primaryimage"},"thumbnailUrl":"https:\/\/www.altominho.tv\/site\/wp-content\/uploads\/2022\/04\/Bienal-Cerveira.jpg","datePublished":"2022-04-07T11:41:58+00:00","dateModified":"2022-04-07T11:42:02+00:00","author":{"@id":"https:\/\/www.altominho.tv\/site\/#\/schema\/person\/d9be4265364723f14ea8e0d56a1d38cd"},"description":"A Funda\u00e7\u00e3o Bienal de Arte de Cerveira desafia artistas nacionais e estrangeiros a enviarem propostas para XXII Bienal Internacional de Arte.","breadcrumb":{"@id":"https:\/\/www.altominho.tv\/site\/2022\/04\/07\/bienal-internacional-de-arte-de-cerveira-procura-intervencoes-artisticas\/#breadcrumb"},"inLanguage":"pt-PT","potentialAction":[{"@type":"ReadAction","target":["https:\/\/www.altominho.tv\/site\/2022\/04\/07\/bienal-internacional-de-arte-de-cerveira-procura-intervencoes-artisticas\/"]}]},{"@type":"ImageObject","inLanguage":"pt-PT","@id":"https:\/\/www.altominho.tv\/site\/2022\/04\/07\/bienal-internacional-de-arte-de-cerveira-procura-intervencoes-artisticas\/#primaryimage","url":"https:\/\/www.altominho.tv\/site\/wp-content\/uploads\/2022\/04\/Bienal-Cerveira.jpg","contentUrl":"https:\/\/www.altominho.tv\/site\/wp-content\/uploads\/2022\/04\/Bienal-Cerveira.jpg","width":1351,"height":760},{"@type":"BreadcrumbList","@id":"https:\/\/www.altominho.tv\/site\/2022\/04\/07\/bienal-internacional-de-arte-de-cerveira-procura-intervencoes-artisticas\/#breadcrumb","itemListElement":[{"@type":"ListItem","position":1,"name":"In\u00edcio","item":"https:\/\/www.altominho.tv\/site\/"},{"@type":"ListItem","position":2,"name":"Bienal Internacional de Arte de Cerveira procura interven\u00e7\u00f5es art\u00edsticas"}]},{"@type":"WebSite","@id":"https:\/\/www.altominho.tv\/site\/#website","url":"https:\/\/www.altominho.tv\/site\/","name":"Altominho.tv","description":"A sua regi\u00e3o \u00e0 dist\u00e2ncia de um clique...","potentialAction":[{"@type":"SearchAction","target":{"@type":"EntryPoint","urlTemplate":"https:\/\/www.altominho.tv\/site\/?s={search_term_string}"},"query-input":{"@type":"PropertyValueSpecification","valueRequired":true,"valueName":"search_term_string"}}],"inLanguage":"pt-PT"},{"@type":"Person","@id":"https:\/\/www.altominho.tv\/site\/#\/schema\/person\/d9be4265364723f14ea8e0d56a1d38cd","name":"Andreia Ferreira","image":{"@type":"ImageObject","inLanguage":"pt-PT","@id":"https:\/\/www.altominho.tv\/site\/wp-content\/uploads\/2021\/01\/AndreiaFerreira-150x150.jpg","url":"https:\/\/www.altominho.tv\/site\/wp-content\/uploads\/2021\/01\/AndreiaFerreira-150x150.jpg","contentUrl":"https:\/\/www.altominho.tv\/site\/wp-content\/uploads\/2021\/01\/AndreiaFerreira-150x150.jpg","caption":"Andreia Ferreira"},"url":"https:\/\/www.altominho.tv\/site\/author\/andreiaferreira\/"}]}},"_links":{"self":[{"href":"https:\/\/www.altominho.tv\/site\/wp-json\/wp\/v2\/posts\/78689","targetHints":{"allow":["GET"]}}],"collection":[{"href":"https:\/\/www.altominho.tv\/site\/wp-json\/wp\/v2\/posts"}],"about":[{"href":"https:\/\/www.altominho.tv\/site\/wp-json\/wp\/v2\/types\/post"}],"author":[{"embeddable":true,"href":"https:\/\/www.altominho.tv\/site\/wp-json\/wp\/v2\/users\/12"}],"replies":[{"embeddable":true,"href":"https:\/\/www.altominho.tv\/site\/wp-json\/wp\/v2\/comments?post=78689"}],"version-history":[{"count":0,"href":"https:\/\/www.altominho.tv\/site\/wp-json\/wp\/v2\/posts\/78689\/revisions"}],"wp:featuredmedia":[{"embeddable":true,"href":"https:\/\/www.altominho.tv\/site\/wp-json\/wp\/v2\/media\/78697"}],"wp:attachment":[{"href":"https:\/\/www.altominho.tv\/site\/wp-json\/wp\/v2\/media?parent=78689"}],"wp:term":[{"taxonomy":"category","embeddable":true,"href":"https:\/\/www.altominho.tv\/site\/wp-json\/wp\/v2\/categories?post=78689"},{"taxonomy":"post_tag","embeddable":true,"href":"https:\/\/www.altominho.tv\/site\/wp-json\/wp\/v2\/tags?post=78689"}],"curies":[{"name":"wp","href":"https:\/\/api.w.org\/{rel}","templated":true}]}}