{"id":78675,"date":"2022-04-06T17:21:42","date_gmt":"2022-04-06T16:21:42","guid":{"rendered":"https:\/\/www.altominho.tv\/site\/?p=78675"},"modified":"2022-04-06T17:21:46","modified_gmt":"2022-04-06T16:21:46","slug":"moncao-celebra-dia-mundial-da-saude-com-entrega-de-kits-de-boccia-as-ipsss-do-concelho","status":"publish","type":"post","link":"https:\/\/www.altominho.tv\/site\/2022\/04\/06\/moncao-celebra-dia-mundial-da-saude-com-entrega-de-kits-de-boccia-as-ipsss-do-concelho\/","title":{"rendered":"Mon\u00e7\u00e3o celebra Dia Mundial da Sa\u00fade com entrega de kits de boccia \u00e0s IPSS&#8217;s do concelho"},"content":{"rendered":"\n<p class=\"wp-block-paragraph\">O Dia Mundial da Sa\u00fade \u00e9 celebrado amanh\u00e3, 7 de abril, tendo a comemora\u00e7\u00e3o sido iniciada em 1950, ap\u00f3s proposta da Organiza\u00e7\u00e3o Mundial de Sa\u00fade, dois anos antes, na primeira assembleia geral daquele organismo. Este ano, o tema central \u00e9: \u201cNosso Planeta, Nossa Sa\u00fade\u201d.<\/p>\n\n\n\n<p class=\"wp-block-paragraph\">Al\u00e9m de desenvolver um conjunto de atividades destinadas ao bem- estar das pessoas e \u00e0 promo\u00e7\u00e3o de h\u00e1bitos de vida saud\u00e1veis, o Dia Mundial da Sa\u00fade constitui uma oportunidade \u00edmpar para chamar a aten\u00e7\u00e3o dos decisores pol\u00edticos e da popula\u00e7\u00e3o em geral para quest\u00f5es importantes que afetam a humanidade.<\/p>\n\n\n\n<p class=\"wp-block-paragraph\">Para assinalar a data, a C\u00e2mara Municipal de Mon\u00e7\u00e3o vai oferecer um kit de Boccia \u00e0s IPSS`s do concelho. Com esta a\u00e7\u00e3o, pretende-se dinamizar a diversificar a atividade f\u00edsica dos utentes institucionalizados, promovendo a sua sa\u00fade e bem-estar.<\/p>\n\n\n\n<p class=\"wp-block-paragraph\">O Boccia \u00e9 um jogo de lan\u00e7amento de bolas, inspirado numa atividade f\u00edsica praticada na antiga Gr\u00e9cia. Originalmente concebido para ser jogado por pessoas com paralisia cerebral, o Boccia tornou-se t\u00e3o popular que, hoje em dia, \u00e9 praticado por muitas pessoas, nomeadamente, em idade s\u00e9nior.<\/p>\n\n\n\n<p class=\"wp-block-paragraph\">Sendo o exerc\u00edcio f\u00edsico fundamental na valoriza\u00e7\u00e3o da sa\u00fade e promo\u00e7\u00e3o da qualidade de vida das pessoas, aconselhamos a popula\u00e7\u00e3o local a praticar desporto de forma cuidada e regular, adotando uma atitude preventiva e proativa no dia a dia.<\/p>\n\n\n\n<p class=\"wp-block-paragraph\">Nesse sentido, convidamos os mon\u00e7anenses a usufru\u00edrem da nossa rede municipal de percursos pedestres, ecopistas, ecovias e passadi\u00e7os, a qual oferece paisagens belas e fascinantes, repletas de momentos agrad\u00e1veis, que deixam, no cora\u00e7\u00e3o da gente, uma marca forte e resistente ao tempo.<\/p>\n","protected":false},"excerpt":{"rendered":"<p>O Dia Mundial da Sa\u00fade \u00e9 celebrado amanh\u00e3, 7 de abril, tendo a comemora\u00e7\u00e3o sido iniciada em 1950, ap\u00f3s proposta da Organiza\u00e7\u00e3o Mundial de Sa\u00fade, dois anos antes, na primeira assembleia geral daquele organismo. Este ano, o tema central \u00e9: \u201cNosso Planeta, Nossa Sa\u00fade\u201d. Al\u00e9m de desenvolver um conjunto de atividades destinadas ao bem- estar [&hellip;]<\/p>\n","protected":false},"author":1,"featured_media":78678,"comment_status":"closed","ping_status":"closed","sticky":false,"template":"","format":"standard","meta":{"_exactmetrics_skip_tracking":false,"footnotes":""},"categories":[9],"tags":[26],"class_list":["post-78675","post","type-post","status-publish","format-standard","has-post-thumbnail","hentry","category-moncao","tag-saude"],"yoast_head":"<!-- This site is optimized with the Yoast SEO Premium plugin v28.3 (Yoast SEO v28.3) - https:\/\/yoast.com\/product\/yoast-seo-premium-wordpress\/ -->\n<title>Mon\u00e7\u00e3o celebra Dia Mundial da Sa\u00fade com entrega de kits de boccia \u00e0s IPSS&#039;s do concelho<\/title>\n<meta name=\"description\" content=\"O Dia Mundial da Sa\u00fade \u00e9 celebrado amanh\u00e3, 7 de abril, tendo a comemora\u00e7\u00e3o sido iniciada em 1950, ap\u00f3s proposta da Organiza\u00e7\u00e3o Mundial de Sa\u00fade, dois anos antes, na primeira assembleia geral daquele organismo.\" \/>\n<meta name=\"robots\" content=\"index, follow, max-snippet:-1, max-image-preview:large, max-video-preview:-1\" \/>\n<link rel=\"canonical\" href=\"https:\/\/www.altominho.tv\/site\/2022\/04\/06\/moncao-celebra-dia-mundial-da-saude-com-entrega-de-kits-de-boccia-as-ipsss-do-concelho\/\" \/>\n<meta property=\"og:locale\" content=\"pt_PT\" \/>\n<meta property=\"og:type\" content=\"article\" \/>\n<meta property=\"og:title\" content=\"Mon\u00e7\u00e3o celebra Dia Mundial da Sa\u00fade com entrega de kits de boccia \u00e0s IPSS&#039;s do concelho\" \/>\n<meta property=\"og:description\" content=\"O Dia Mundial da Sa\u00fade \u00e9 celebrado amanh\u00e3, 7 de abril, tendo a comemora\u00e7\u00e3o sido iniciada em 1950, ap\u00f3s proposta da Organiza\u00e7\u00e3o Mundial de Sa\u00fade, dois anos antes, na primeira assembleia geral daquele organismo.\" \/>\n<meta property=\"og:url\" content=\"https:\/\/www.altominho.tv\/site\/2022\/04\/06\/moncao-celebra-dia-mundial-da-saude-com-entrega-de-kits-de-boccia-as-ipsss-do-concelho\/\" \/>\n<meta property=\"og:site_name\" content=\"Altominho.tv\" \/>\n<meta property=\"article:publisher\" content=\"https:\/\/www.facebook.com\/altominhotv\" \/>\n<meta property=\"article:published_time\" content=\"2022-04-06T16:21:42+00:00\" \/>\n<meta property=\"article:modified_time\" content=\"2022-04-06T16:21:46+00:00\" \/>\n<meta property=\"og:image\" content=\"https:\/\/www.altominho.tv\/site\/wp-content\/uploads\/2022\/04\/boccia-e1649261943362.jpeg\" \/>\n\t<meta property=\"og:image:width\" content=\"600\" \/>\n\t<meta property=\"og:image:height\" content=\"331\" \/>\n\t<meta property=\"og:image:type\" content=\"image\/jpeg\" \/>\n<meta name=\"author\" content=\"Altominho.tv\" \/>\n<meta name=\"twitter:card\" content=\"summary_large_image\" \/>\n<meta name=\"twitter:creator\" content=\"@altominhoTV\" \/>\n<meta name=\"twitter:site\" content=\"@altominhoTV\" \/>\n<meta name=\"twitter:label1\" content=\"Escrito por\" \/>\n\t<meta name=\"twitter:data1\" content=\"Altominho.tv\" \/>\n\t<meta name=\"twitter:label2\" content=\"Tempo estimado de leitura\" \/>\n\t<meta name=\"twitter:data2\" content=\"2 minutos\" \/>\n<script type=\"application\/ld+json\" class=\"yoast-schema-graph\">{\"@context\":\"https:\\\/\\\/schema.org\",\"@graph\":[{\"@type\":\"Article\",\"@id\":\"https:\\\/\\\/www.altominho.tv\\\/site\\\/2022\\\/04\\\/06\\\/moncao-celebra-dia-mundial-da-saude-com-entrega-de-kits-de-boccia-as-ipsss-do-concelho\\\/#article\",\"isPartOf\":{\"@id\":\"https:\\\/\\\/www.altominho.tv\\\/site\\\/2022\\\/04\\\/06\\\/moncao-celebra-dia-mundial-da-saude-com-entrega-de-kits-de-boccia-as-ipsss-do-concelho\\\/\"},\"author\":{\"name\":\"Altominho.tv\",\"@id\":\"https:\\\/\\\/www.altominho.tv\\\/site\\\/#\\\/schema\\\/person\\\/4e536851627d7914baf3dac752b6af22\"},\"headline\":\"Mon\u00e7\u00e3o celebra Dia Mundial da Sa\u00fade com entrega de kits de boccia \u00e0s IPSS&#8217;s do concelho\",\"datePublished\":\"2022-04-06T16:21:42+00:00\",\"dateModified\":\"2022-04-06T16:21:46+00:00\",\"mainEntityOfPage\":{\"@id\":\"https:\\\/\\\/www.altominho.tv\\\/site\\\/2022\\\/04\\\/06\\\/moncao-celebra-dia-mundial-da-saude-com-entrega-de-kits-de-boccia-as-ipsss-do-concelho\\\/\"},\"wordCount\":305,\"image\":{\"@id\":\"https:\\\/\\\/www.altominho.tv\\\/site\\\/2022\\\/04\\\/06\\\/moncao-celebra-dia-mundial-da-saude-com-entrega-de-kits-de-boccia-as-ipsss-do-concelho\\\/#primaryimage\"},\"thumbnailUrl\":\"https:\\\/\\\/www.altominho.tv\\\/site\\\/wp-content\\\/uploads\\\/2022\\\/04\\\/boccia-e1649261943362.jpeg\",\"keywords\":[\"Sa\u00fade\"],\"articleSection\":[\"Mon\u00e7\u00e3o\"],\"inLanguage\":\"pt-PT\",\"copyrightYear\":\"2022\",\"copyrightHolder\":{\"@id\":\"https:\\\/\\\/www.altominho.tv\\\/site\\\/#organization\"}},{\"@type\":\"WebPage\",\"@id\":\"https:\\\/\\\/www.altominho.tv\\\/site\\\/2022\\\/04\\\/06\\\/moncao-celebra-dia-mundial-da-saude-com-entrega-de-kits-de-boccia-as-ipsss-do-concelho\\\/\",\"url\":\"https:\\\/\\\/www.altominho.tv\\\/site\\\/2022\\\/04\\\/06\\\/moncao-celebra-dia-mundial-da-saude-com-entrega-de-kits-de-boccia-as-ipsss-do-concelho\\\/\",\"name\":\"Mon\u00e7\u00e3o celebra Dia Mundial da Sa\u00fade com entrega de kits de boccia \u00e0s IPSS's do concelho\",\"isPartOf\":{\"@id\":\"https:\\\/\\\/www.altominho.tv\\\/site\\\/#website\"},\"primaryImageOfPage\":{\"@id\":\"https:\\\/\\\/www.altominho.tv\\\/site\\\/2022\\\/04\\\/06\\\/moncao-celebra-dia-mundial-da-saude-com-entrega-de-kits-de-boccia-as-ipsss-do-concelho\\\/#primaryimage\"},\"image\":{\"@id\":\"https:\\\/\\\/www.altominho.tv\\\/site\\\/2022\\\/04\\\/06\\\/moncao-celebra-dia-mundial-da-saude-com-entrega-de-kits-de-boccia-as-ipsss-do-concelho\\\/#primaryimage\"},\"thumbnailUrl\":\"https:\\\/\\\/www.altominho.tv\\\/site\\\/wp-content\\\/uploads\\\/2022\\\/04\\\/boccia-e1649261943362.jpeg\",\"datePublished\":\"2022-04-06T16:21:42+00:00\",\"dateModified\":\"2022-04-06T16:21:46+00:00\",\"author\":{\"@id\":\"https:\\\/\\\/www.altominho.tv\\\/site\\\/#\\\/schema\\\/person\\\/4e536851627d7914baf3dac752b6af22\"},\"description\":\"O Dia Mundial da Sa\u00fade \u00e9 celebrado amanh\u00e3, 7 de abril, tendo a comemora\u00e7\u00e3o sido iniciada em 1950, ap\u00f3s proposta da Organiza\u00e7\u00e3o Mundial de Sa\u00fade, dois anos antes, na primeira assembleia geral daquele organismo.\",\"breadcrumb\":{\"@id\":\"https:\\\/\\\/www.altominho.tv\\\/site\\\/2022\\\/04\\\/06\\\/moncao-celebra-dia-mundial-da-saude-com-entrega-de-kits-de-boccia-as-ipsss-do-concelho\\\/#breadcrumb\"},\"inLanguage\":\"pt-PT\",\"potentialAction\":[{\"@type\":\"ReadAction\",\"target\":[\"https:\\\/\\\/www.altominho.tv\\\/site\\\/2022\\\/04\\\/06\\\/moncao-celebra-dia-mundial-da-saude-com-entrega-de-kits-de-boccia-as-ipsss-do-concelho\\\/\"]}]},{\"@type\":\"ImageObject\",\"inLanguage\":\"pt-PT\",\"@id\":\"https:\\\/\\\/www.altominho.tv\\\/site\\\/2022\\\/04\\\/06\\\/moncao-celebra-dia-mundial-da-saude-com-entrega-de-kits-de-boccia-as-ipsss-do-concelho\\\/#primaryimage\",\"url\":\"https:\\\/\\\/www.altominho.tv\\\/site\\\/wp-content\\\/uploads\\\/2022\\\/04\\\/boccia-e1649261943362.jpeg\",\"contentUrl\":\"https:\\\/\\\/www.altominho.tv\\\/site\\\/wp-content\\\/uploads\\\/2022\\\/04\\\/boccia-e1649261943362.jpeg\",\"width\":600,\"height\":331},{\"@type\":\"BreadcrumbList\",\"@id\":\"https:\\\/\\\/www.altominho.tv\\\/site\\\/2022\\\/04\\\/06\\\/moncao-celebra-dia-mundial-da-saude-com-entrega-de-kits-de-boccia-as-ipsss-do-concelho\\\/#breadcrumb\",\"itemListElement\":[{\"@type\":\"ListItem\",\"position\":1,\"name\":\"In\u00edcio\",\"item\":\"https:\\\/\\\/www.altominho.tv\\\/site\\\/\"},{\"@type\":\"ListItem\",\"position\":2,\"name\":\"Mon\u00e7\u00e3o celebra Dia Mundial da Sa\u00fade com entrega de kits de boccia \u00e0s IPSS&#8217;s do concelho\"}]},{\"@type\":\"WebSite\",\"@id\":\"https:\\\/\\\/www.altominho.tv\\\/site\\\/#website\",\"url\":\"https:\\\/\\\/www.altominho.tv\\\/site\\\/\",\"name\":\"Altominho.tv\",\"description\":\"A sua regi\u00e3o \u00e0 dist\u00e2ncia de um clique...\",\"potentialAction\":[{\"@type\":\"SearchAction\",\"target\":{\"@type\":\"EntryPoint\",\"urlTemplate\":\"https:\\\/\\\/www.altominho.tv\\\/site\\\/?s={search_term_string}\"},\"query-input\":{\"@type\":\"PropertyValueSpecification\",\"valueRequired\":true,\"valueName\":\"search_term_string\"}}],\"inLanguage\":\"pt-PT\"},{\"@type\":\"Person\",\"@id\":\"https:\\\/\\\/www.altominho.tv\\\/site\\\/#\\\/schema\\\/person\\\/4e536851627d7914baf3dac752b6af22\",\"name\":\"Altominho.tv\",\"image\":{\"@type\":\"ImageObject\",\"inLanguage\":\"pt-PT\",\"@id\":\"https:\\\/\\\/www.altominho.tv\\\/site\\\/wp-content\\\/uploads\\\/2019\\\/11\\\/Logo_Avatar_2-150x150.jpg\",\"url\":\"https:\\\/\\\/www.altominho.tv\\\/site\\\/wp-content\\\/uploads\\\/2019\\\/11\\\/Logo_Avatar_2-150x150.jpg\",\"contentUrl\":\"https:\\\/\\\/www.altominho.tv\\\/site\\\/wp-content\\\/uploads\\\/2019\\\/11\\\/Logo_Avatar_2-150x150.jpg\",\"caption\":\"Altominho.tv\"},\"url\":\"https:\\\/\\\/www.altominho.tv\\\/site\\\/author\\\/altominhotv-tecnico\\\/\"}]}<\/script>\n<!-- \/ Yoast SEO Premium plugin. -->","yoast_head_json":{"title":"Mon\u00e7\u00e3o celebra Dia Mundial da Sa\u00fade com entrega de kits de boccia \u00e0s IPSS's do concelho","description":"O Dia Mundial da Sa\u00fade \u00e9 celebrado amanh\u00e3, 7 de abril, tendo a comemora\u00e7\u00e3o sido iniciada em 1950, ap\u00f3s proposta da Organiza\u00e7\u00e3o Mundial de Sa\u00fade, dois anos antes, na primeira assembleia geral daquele organismo.","robots":{"index":"index","follow":"follow","max-snippet":"max-snippet:-1","max-image-preview":"max-image-preview:large","max-video-preview":"max-video-preview:-1"},"canonical":"https:\/\/www.altominho.tv\/site\/2022\/04\/06\/moncao-celebra-dia-mundial-da-saude-com-entrega-de-kits-de-boccia-as-ipsss-do-concelho\/","og_locale":"pt_PT","og_type":"article","og_title":"Mon\u00e7\u00e3o celebra Dia Mundial da Sa\u00fade com entrega de kits de boccia \u00e0s IPSS's do concelho","og_description":"O Dia Mundial da Sa\u00fade \u00e9 celebrado amanh\u00e3, 7 de abril, tendo a comemora\u00e7\u00e3o sido iniciada em 1950, ap\u00f3s proposta da Organiza\u00e7\u00e3o Mundial de Sa\u00fade, dois anos antes, na primeira assembleia geral daquele organismo.","og_url":"https:\/\/www.altominho.tv\/site\/2022\/04\/06\/moncao-celebra-dia-mundial-da-saude-com-entrega-de-kits-de-boccia-as-ipsss-do-concelho\/","og_site_name":"Altominho.tv","article_publisher":"https:\/\/www.facebook.com\/altominhotv","article_published_time":"2022-04-06T16:21:42+00:00","article_modified_time":"2022-04-06T16:21:46+00:00","og_image":[{"width":600,"height":331,"url":"https:\/\/www.altominho.tv\/site\/wp-content\/uploads\/2022\/04\/boccia-e1649261943362.jpeg","type":"image\/jpeg"}],"author":"Altominho.tv","twitter_card":"summary_large_image","twitter_creator":"@altominhoTV","twitter_site":"@altominhoTV","twitter_misc":{"Escrito por":"Altominho.tv","Tempo estimado de leitura":"2 minutos"},"schema":{"@context":"https:\/\/schema.org","@graph":[{"@type":"Article","@id":"https:\/\/www.altominho.tv\/site\/2022\/04\/06\/moncao-celebra-dia-mundial-da-saude-com-entrega-de-kits-de-boccia-as-ipsss-do-concelho\/#article","isPartOf":{"@id":"https:\/\/www.altominho.tv\/site\/2022\/04\/06\/moncao-celebra-dia-mundial-da-saude-com-entrega-de-kits-de-boccia-as-ipsss-do-concelho\/"},"author":{"name":"Altominho.tv","@id":"https:\/\/www.altominho.tv\/site\/#\/schema\/person\/4e536851627d7914baf3dac752b6af22"},"headline":"Mon\u00e7\u00e3o celebra Dia Mundial da Sa\u00fade com entrega de kits de boccia \u00e0s IPSS&#8217;s do concelho","datePublished":"2022-04-06T16:21:42+00:00","dateModified":"2022-04-06T16:21:46+00:00","mainEntityOfPage":{"@id":"https:\/\/www.altominho.tv\/site\/2022\/04\/06\/moncao-celebra-dia-mundial-da-saude-com-entrega-de-kits-de-boccia-as-ipsss-do-concelho\/"},"wordCount":305,"image":{"@id":"https:\/\/www.altominho.tv\/site\/2022\/04\/06\/moncao-celebra-dia-mundial-da-saude-com-entrega-de-kits-de-boccia-as-ipsss-do-concelho\/#primaryimage"},"thumbnailUrl":"https:\/\/www.altominho.tv\/site\/wp-content\/uploads\/2022\/04\/boccia-e1649261943362.jpeg","keywords":["Sa\u00fade"],"articleSection":["Mon\u00e7\u00e3o"],"inLanguage":"pt-PT","copyrightYear":"2022","copyrightHolder":{"@id":"https:\/\/www.altominho.tv\/site\/#organization"}},{"@type":"WebPage","@id":"https:\/\/www.altominho.tv\/site\/2022\/04\/06\/moncao-celebra-dia-mundial-da-saude-com-entrega-de-kits-de-boccia-as-ipsss-do-concelho\/","url":"https:\/\/www.altominho.tv\/site\/2022\/04\/06\/moncao-celebra-dia-mundial-da-saude-com-entrega-de-kits-de-boccia-as-ipsss-do-concelho\/","name":"Mon\u00e7\u00e3o celebra Dia Mundial da Sa\u00fade com entrega de kits de boccia \u00e0s IPSS's do concelho","isPartOf":{"@id":"https:\/\/www.altominho.tv\/site\/#website"},"primaryImageOfPage":{"@id":"https:\/\/www.altominho.tv\/site\/2022\/04\/06\/moncao-celebra-dia-mundial-da-saude-com-entrega-de-kits-de-boccia-as-ipsss-do-concelho\/#primaryimage"},"image":{"@id":"https:\/\/www.altominho.tv\/site\/2022\/04\/06\/moncao-celebra-dia-mundial-da-saude-com-entrega-de-kits-de-boccia-as-ipsss-do-concelho\/#primaryimage"},"thumbnailUrl":"https:\/\/www.altominho.tv\/site\/wp-content\/uploads\/2022\/04\/boccia-e1649261943362.jpeg","datePublished":"2022-04-06T16:21:42+00:00","dateModified":"2022-04-06T16:21:46+00:00","author":{"@id":"https:\/\/www.altominho.tv\/site\/#\/schema\/person\/4e536851627d7914baf3dac752b6af22"},"description":"O Dia Mundial da Sa\u00fade \u00e9 celebrado amanh\u00e3, 7 de abril, tendo a comemora\u00e7\u00e3o sido iniciada em 1950, ap\u00f3s proposta da Organiza\u00e7\u00e3o Mundial de Sa\u00fade, dois anos antes, na primeira assembleia geral daquele organismo.","breadcrumb":{"@id":"https:\/\/www.altominho.tv\/site\/2022\/04\/06\/moncao-celebra-dia-mundial-da-saude-com-entrega-de-kits-de-boccia-as-ipsss-do-concelho\/#breadcrumb"},"inLanguage":"pt-PT","potentialAction":[{"@type":"ReadAction","target":["https:\/\/www.altominho.tv\/site\/2022\/04\/06\/moncao-celebra-dia-mundial-da-saude-com-entrega-de-kits-de-boccia-as-ipsss-do-concelho\/"]}]},{"@type":"ImageObject","inLanguage":"pt-PT","@id":"https:\/\/www.altominho.tv\/site\/2022\/04\/06\/moncao-celebra-dia-mundial-da-saude-com-entrega-de-kits-de-boccia-as-ipsss-do-concelho\/#primaryimage","url":"https:\/\/www.altominho.tv\/site\/wp-content\/uploads\/2022\/04\/boccia-e1649261943362.jpeg","contentUrl":"https:\/\/www.altominho.tv\/site\/wp-content\/uploads\/2022\/04\/boccia-e1649261943362.jpeg","width":600,"height":331},{"@type":"BreadcrumbList","@id":"https:\/\/www.altominho.tv\/site\/2022\/04\/06\/moncao-celebra-dia-mundial-da-saude-com-entrega-de-kits-de-boccia-as-ipsss-do-concelho\/#breadcrumb","itemListElement":[{"@type":"ListItem","position":1,"name":"In\u00edcio","item":"https:\/\/www.altominho.tv\/site\/"},{"@type":"ListItem","position":2,"name":"Mon\u00e7\u00e3o celebra Dia Mundial da Sa\u00fade com entrega de kits de boccia \u00e0s IPSS&#8217;s do concelho"}]},{"@type":"WebSite","@id":"https:\/\/www.altominho.tv\/site\/#website","url":"https:\/\/www.altominho.tv\/site\/","name":"Altominho.tv","description":"A sua regi\u00e3o \u00e0 dist\u00e2ncia de um clique...","potentialAction":[{"@type":"SearchAction","target":{"@type":"EntryPoint","urlTemplate":"https:\/\/www.altominho.tv\/site\/?s={search_term_string}"},"query-input":{"@type":"PropertyValueSpecification","valueRequired":true,"valueName":"search_term_string"}}],"inLanguage":"pt-PT"},{"@type":"Person","@id":"https:\/\/www.altominho.tv\/site\/#\/schema\/person\/4e536851627d7914baf3dac752b6af22","name":"Altominho.tv","image":{"@type":"ImageObject","inLanguage":"pt-PT","@id":"https:\/\/www.altominho.tv\/site\/wp-content\/uploads\/2019\/11\/Logo_Avatar_2-150x150.jpg","url":"https:\/\/www.altominho.tv\/site\/wp-content\/uploads\/2019\/11\/Logo_Avatar_2-150x150.jpg","contentUrl":"https:\/\/www.altominho.tv\/site\/wp-content\/uploads\/2019\/11\/Logo_Avatar_2-150x150.jpg","caption":"Altominho.tv"},"url":"https:\/\/www.altominho.tv\/site\/author\/altominhotv-tecnico\/"}]}},"_links":{"self":[{"href":"https:\/\/www.altominho.tv\/site\/wp-json\/wp\/v2\/posts\/78675","targetHints":{"allow":["GET"]}}],"collection":[{"href":"https:\/\/www.altominho.tv\/site\/wp-json\/wp\/v2\/posts"}],"about":[{"href":"https:\/\/www.altominho.tv\/site\/wp-json\/wp\/v2\/types\/post"}],"author":[{"embeddable":true,"href":"https:\/\/www.altominho.tv\/site\/wp-json\/wp\/v2\/users\/1"}],"replies":[{"embeddable":true,"href":"https:\/\/www.altominho.tv\/site\/wp-json\/wp\/v2\/comments?post=78675"}],"version-history":[{"count":0,"href":"https:\/\/www.altominho.tv\/site\/wp-json\/wp\/v2\/posts\/78675\/revisions"}],"wp:featuredmedia":[{"embeddable":true,"href":"https:\/\/www.altominho.tv\/site\/wp-json\/wp\/v2\/media\/78678"}],"wp:attachment":[{"href":"https:\/\/www.altominho.tv\/site\/wp-json\/wp\/v2\/media?parent=78675"}],"wp:term":[{"taxonomy":"category","embeddable":true,"href":"https:\/\/www.altominho.tv\/site\/wp-json\/wp\/v2\/categories?post=78675"},{"taxonomy":"post_tag","embeddable":true,"href":"https:\/\/www.altominho.tv\/site\/wp-json\/wp\/v2\/tags?post=78675"}],"curies":[{"name":"wp","href":"https:\/\/api.w.org\/{rel}","templated":true}]}}